{"id":3135,"date":"2025-06-12T14:28:20","date_gmt":"2025-06-12T17:28:20","guid":{"rendered":"https:\/\/diariodelsurdigital.com.ar\/?p=3135"},"modified":"2025-06-12T14:28:21","modified_gmt":"2025-06-12T17:28:21","slug":"el-consejo-nacional-del-pj-se-reunira-hoy-para-definir-el-plan-de-accion-de-cara-a-la-detencion-de-cristina-kirchner","status":"publish","type":"post","link":"https:\/\/diariodelsurdigital.com.ar\/?p=3135","title":{"rendered":"El Consejo Nacional del PJ se reunir\u00e1 hoy para definir el plan de acci\u00f3n de cara a la detenci\u00f3n de Cristina Kirchner"},"content":{"rendered":"\n<p>El fallo de la Corte Suprema que confirm\u00f3 la condena contra Cristina Kirchner oblig\u00f3 al peronismo a reorganizarse, sobre todo en el marco de un a\u00f1o electoral. Ante este escenario, este jueves a las 16 habr\u00e1 una reuni\u00f3n del Consejo Nacional del Partido Justicialista para definir los pasos a seguir de cara al mi\u00e9rcoles que viene, d\u00eda previsto para que la ex presidenta se presente en Comodoro Py para efectivizar su detenci\u00f3n. En principio, la titular del PJ no participar\u00e1 del encuentro.<\/p>\n\n\n\n<p>Adem\u00e1s, buscar\u00e1n sostener el liderazgo de la exmandataria como jefa del peronismo a nivel nacional luego de la confirmaci\u00f3n de su condena de parte del m\u00e1ximo tribunal de justicia del pa\u00eds.<\/p>\n\n\n\n<p>En este marco, el vicepresidente del Consejo Nacional del PJ y jefe del bloque de diputados nacionales de Uni\u00f3n por la Patria adelant\u00f3 a \u00c1mbito que \u201ca menos que llegue una intimaci\u00f3n judicial, Cristina va a seguir presidiendo el partido\u201d.<\/p>\n\n\n\n<p>Este mi\u00e9rcoles, apenas 24 horas despu\u00e9s de la decisi\u00f3n judicial, los referentes del PJ se reunieron en la sede del partido para definir los pasos a seguir ante este cambio de panorama.<\/p>\n\n\n\n<p>Seg\u00fan pudo saber este medio, del encuentro participaron Jos\u00e9 Mayans, Paco Manrique, Juliana Di Tullio, Germ\u00e1n Mart\u00ednez, Mayra Mendoza, Mariel Fern\u00e1ndez, Anabel Fern\u00e1ndez Sagasti, Tere Garc\u00eda, Oscar Parrilli, Leo Grosso, Gustavo Arrieta, Vanesa Siley, Facundo Tignanelli, Emmanuel Santalla, Itahi Hagman, entre otros.<\/p>\n\n\n\n<p>Tambi\u00e9n est\u00e1n en la Ciudad de Buenos Aires el gobernador de La Rioja, Ricardo Quintela, y el ex gobernador de Chaco, Jorge Capitanich, quienes participaron de reuniones en la sede nacional del PJ esta semana junto a Axel Kicillof.<\/p>\n\n\n\n<p>El gobernador de la provincia de Buenos Aires, que hoy cancel\u00f3 su agenda institucional, se comunic\u00f3 con los gobernadores peronistas para coordinar acciones tambi\u00e9n en las provincias en defensa de Cristina.<\/p>\n\n\n\n<p>Cristina Kirchner pidi\u00f3 unidad dentro del peronismo<\/p>\n\n\n\n<p>En los d\u00edas previas antes de la confirmaci\u00f3n de la condena, la expresidenta hizo hincapi\u00e9 en la importancia de generar acuerdos puertas adentro. \u00abNo importa el nombre, importa la unidad\u00bb, dijo este lunes en un discurso en la sede del PJ durante el acto el D\u00eda de la Resistencia Peronista. En esa misma intervenci\u00f3n enfatiz\u00f3: \u00abEl peronismo debe estar atento, escuchar lo que est\u00e1 pasando porque esto finalmente va a terminar en una gran crisis. No hay posibilidades de final feliz. Nos exige prepararnos para ser una alternativa\u00bb.<\/p>\n\n\n\n<p>Durante el acto, el gobernador de la provincia de Buenos Aires, Axel Kicillof, estuvo presente escuchando en primera fila y volvi\u00f3 a mostrarse p\u00fablicamente con la titular del PJ luego de meses de discusiones internas, public\u00f3 \u00c1mbito.<\/p>\n\n\n\n<p>Luego de la condena, dej\u00f3 en claro su apoyo a la ex mandataria y cancel\u00f3 su agenda este mi\u00e9rcoles para estar cerca suyo ante cualquier necesidad. Catalog\u00f3 el fallo de la Corte Suprema como un \u00abnuevo cap\u00edtulo en la larga historia de ataques al peronismo y a quienes, como ella -Cristina Kirchner- se atrevieron a transformar la Argentina en favor de las mayor\u00edas\u00bb.<\/p>\n","protected":false},"excerpt":{"rendered":"<p>El fallo de la Corte Suprema que confirm\u00f3 la condena contra Cristina Kirchner oblig\u00f3 al peronismo a reorganizarse, sobre todo en el marco de un a\u00f1o electoral. Ante este escenario, este jueves a las 16 habr\u00e1 una reuni\u00f3n del Consejo Nacional del Partido Justicialista para definir los pasos a seguir de cara al mi\u00e9rcoles que [&hellip;]<\/p>\n","protected":false},"author":4,"featured_media":3136,"comment_status":"open","ping_status":"open","sticky":false,"template":"","format":"standard","meta":{"footnotes":""},"categories":[18,22],"tags":[],"class_list":{"0":"post-3135","1":"post","2":"type-post","3":"status-publish","4":"format-standard","5":"has-post-thumbnail","7":"category-nacionales","8":"category-politica"},"yoast_head":"<!-- This site is optimized with the Yoast SEO plugin v27.4 - https:\/\/yoast.com\/product\/yoast-seo-wordpress\/ -->\n<title>El Consejo Nacional del PJ se reunir\u00e1 hoy para definir el plan de acci\u00f3n de cara a la detenci\u00f3n de Cristina Kirchner - Diario del Sur<\/title>\n<meta name=\"robots\" content=\"index, follow, max-snippet:-1, max-image-preview:large, max-video-preview:-1\" \/>\n<link rel=\"canonical\" href=\"https:\/\/diariodelsurdigital.com.ar\/?p=3135\" \/>\n<meta property=\"og:locale\" content=\"es_ES\" \/>\n<meta property=\"og:type\" content=\"article\" \/>\n<meta property=\"og:title\" content=\"El Consejo Nacional del PJ se reunir\u00e1 hoy para definir el plan de acci\u00f3n de cara a la detenci\u00f3n de Cristina Kirchner - Diario del Sur\" \/>\n<meta property=\"og:description\" content=\"El fallo de la Corte Suprema que confirm\u00f3 la condena contra Cristina Kirchner oblig\u00f3 al peronismo a reorganizarse, sobre todo en el marco de un a\u00f1o electoral. Ante este escenario, este jueves a las 16 habr\u00e1 una reuni\u00f3n del Consejo Nacional del Partido Justicialista para definir los pasos a seguir de cara al mi\u00e9rcoles que [&hellip;]\" \/>\n<meta property=\"og:url\" content=\"https:\/\/diariodelsurdigital.com.ar\/?p=3135\" \/>\n<meta property=\"og:site_name\" content=\"Diario del Sur\" \/>\n<meta property=\"article:published_time\" content=\"2025-06-12T17:28:20+00:00\" \/>\n<meta property=\"article:modified_time\" content=\"2025-06-12T17:28:21+00:00\" \/>\n<meta property=\"og:image\" content=\"https:\/\/diariodelsurdigital.com.ar\/wp-content\/uploads\/2025\/06\/md-2-4.webp\" \/>\n\t<meta property=\"og:image:width\" content=\"992\" \/>\n\t<meta property=\"og:image:height\" content=\"557\" \/>\n\t<meta property=\"og:image:type\" content=\"image\/webp\" \/>\n<meta name=\"author\" content=\"Diario del Sur Digital\" \/>\n<meta name=\"twitter:card\" content=\"summary_large_image\" \/>\n<meta name=\"twitter:label1\" content=\"Escrito por\" \/>\n\t<meta name=\"twitter:data1\" content=\"Diario del Sur Digital\" \/>\n\t<meta name=\"twitter:label2\" content=\"Tiempo de lectura\" \/>\n\t<meta name=\"twitter:data2\" content=\"3 minutos\" \/>\n<script type=\"application\/ld+json\" class=\"yoast-schema-graph\">{\"@context\":\"https:\\\/\\\/schema.org\",\"@graph\":[{\"@type\":\"Article\",\"@id\":\"https:\\\/\\\/diariodelsurdigital.com.ar\\\/?p=3135#article\",\"isPartOf\":{\"@id\":\"https:\\\/\\\/diariodelsurdigital.com.ar\\\/?p=3135\"},\"author\":{\"name\":\"Diario del Sur Digital\",\"@id\":\"https:\\\/\\\/diariodelsurdigital.com.ar\\\/#\\\/schema\\\/person\\\/1a4992532ed62965c968031b49195c81\"},\"headline\":\"El Consejo Nacional del PJ se reunir\u00e1 hoy para definir el plan de acci\u00f3n de cara a la detenci\u00f3n de Cristina Kirchner\",\"datePublished\":\"2025-06-12T17:28:20+00:00\",\"dateModified\":\"2025-06-12T17:28:21+00:00\",\"mainEntityOfPage\":{\"@id\":\"https:\\\/\\\/diariodelsurdigital.com.ar\\\/?p=3135\"},\"wordCount\":546,\"commentCount\":0,\"image\":{\"@id\":\"https:\\\/\\\/diariodelsurdigital.com.ar\\\/?p=3135#primaryimage\"},\"thumbnailUrl\":\"https:\\\/\\\/diariodelsurdigital.com.ar\\\/wp-content\\\/uploads\\\/2025\\\/06\\\/md-2-4.webp\",\"articleSection\":[\"Nacionales\",\"Pol\u00edtica\"],\"inLanguage\":\"es\",\"potentialAction\":[{\"@type\":\"CommentAction\",\"name\":\"Comment\",\"target\":[\"https:\\\/\\\/diariodelsurdigital.com.ar\\\/?p=3135#respond\"]}]},{\"@type\":\"WebPage\",\"@id\":\"https:\\\/\\\/diariodelsurdigital.com.ar\\\/?p=3135\",\"url\":\"https:\\\/\\\/diariodelsurdigital.com.ar\\\/?p=3135\",\"name\":\"El Consejo Nacional del PJ se reunir\u00e1 hoy para definir el plan de acci\u00f3n de cara a la detenci\u00f3n de Cristina Kirchner - Diario del Sur\",\"isPartOf\":{\"@id\":\"https:\\\/\\\/diariodelsurdigital.com.ar\\\/#website\"},\"primaryImageOfPage\":{\"@id\":\"https:\\\/\\\/diariodelsurdigital.com.ar\\\/?p=3135#primaryimage\"},\"image\":{\"@id\":\"https:\\\/\\\/diariodelsurdigital.com.ar\\\/?p=3135#primaryimage\"},\"thumbnailUrl\":\"https:\\\/\\\/diariodelsurdigital.com.ar\\\/wp-content\\\/uploads\\\/2025\\\/06\\\/md-2-4.webp\",\"datePublished\":\"2025-06-12T17:28:20+00:00\",\"dateModified\":\"2025-06-12T17:28:21+00:00\",\"author\":{\"@id\":\"https:\\\/\\\/diariodelsurdigital.com.ar\\\/#\\\/schema\\\/person\\\/1a4992532ed62965c968031b49195c81\"},\"breadcrumb\":{\"@id\":\"https:\\\/\\\/diariodelsurdigital.com.ar\\\/?p=3135#breadcrumb\"},\"inLanguage\":\"es\",\"potentialAction\":[{\"@type\":\"ReadAction\",\"target\":[\"https:\\\/\\\/diariodelsurdigital.com.ar\\\/?p=3135\"]}]},{\"@type\":\"ImageObject\",\"inLanguage\":\"es\",\"@id\":\"https:\\\/\\\/diariodelsurdigital.com.ar\\\/?p=3135#primaryimage\",\"url\":\"https:\\\/\\\/diariodelsurdigital.com.ar\\\/wp-content\\\/uploads\\\/2025\\\/06\\\/md-2-4.webp\",\"contentUrl\":\"https:\\\/\\\/diariodelsurdigital.com.ar\\\/wp-content\\\/uploads\\\/2025\\\/06\\\/md-2-4.webp\",\"width\":992,\"height\":557},{\"@type\":\"BreadcrumbList\",\"@id\":\"https:\\\/\\\/diariodelsurdigital.com.ar\\\/?p=3135#breadcrumb\",\"itemListElement\":[{\"@type\":\"ListItem\",\"position\":1,\"name\":\"Portada\",\"item\":\"https:\\\/\\\/diariodelsurdigital.com.ar\\\/\"},{\"@type\":\"ListItem\",\"position\":2,\"name\":\"El Consejo Nacional del PJ se reunir\u00e1 hoy para definir el plan de acci\u00f3n de cara a la detenci\u00f3n de Cristina Kirchner\"}]},{\"@type\":\"WebSite\",\"@id\":\"https:\\\/\\\/diariodelsurdigital.com.ar\\\/#website\",\"url\":\"https:\\\/\\\/diariodelsurdigital.com.ar\\\/\",\"name\":\"Diario del Sur\",\"description\":\"Digital\",\"potentialAction\":[{\"@type\":\"SearchAction\",\"target\":{\"@type\":\"EntryPoint\",\"urlTemplate\":\"https:\\\/\\\/diariodelsurdigital.com.ar\\\/?s={search_term_string}\"},\"query-input\":{\"@type\":\"PropertyValueSpecification\",\"valueRequired\":true,\"valueName\":\"search_term_string\"}}],\"inLanguage\":\"es\"},{\"@type\":\"Person\",\"@id\":\"https:\\\/\\\/diariodelsurdigital.com.ar\\\/#\\\/schema\\\/person\\\/1a4992532ed62965c968031b49195c81\",\"name\":\"Diario del Sur Digital\",\"image\":{\"@type\":\"ImageObject\",\"inLanguage\":\"es\",\"@id\":\"https:\\\/\\\/secure.gravatar.com\\\/avatar\\\/f0c7c47fc7146d19828273b9b8eda651c9c7ab583767e6338d3d3bee825adf76?s=96&d=mm&r=g\",\"url\":\"https:\\\/\\\/secure.gravatar.com\\\/avatar\\\/f0c7c47fc7146d19828273b9b8eda651c9c7ab583767e6338d3d3bee825adf76?s=96&d=mm&r=g\",\"contentUrl\":\"https:\\\/\\\/secure.gravatar.com\\\/avatar\\\/f0c7c47fc7146d19828273b9b8eda651c9c7ab583767e6338d3d3bee825adf76?s=96&d=mm&r=g\",\"caption\":\"Diario del Sur Digital\"},\"url\":\"https:\\\/\\\/diariodelsurdigital.com.ar\\\/?author=4\"}]}<\/script>\n<!-- \/ Yoast SEO plugin. -->","yoast_head_json":{"title":"El Consejo Nacional del PJ se reunir\u00e1 hoy para definir el plan de acci\u00f3n de cara a la detenci\u00f3n de Cristina Kirchner - Diario del Sur","robots":{"index":"index","follow":"follow","max-snippet":"max-snippet:-1","max-image-preview":"max-image-preview:large","max-video-preview":"max-video-preview:-1"},"canonical":"https:\/\/diariodelsurdigital.com.ar\/?p=3135","og_locale":"es_ES","og_type":"article","og_title":"El Consejo Nacional del PJ se reunir\u00e1 hoy para definir el plan de acci\u00f3n de cara a la detenci\u00f3n de Cristina Kirchner - Diario del Sur","og_description":"El fallo de la Corte Suprema que confirm\u00f3 la condena contra Cristina Kirchner oblig\u00f3 al peronismo a reorganizarse, sobre todo en el marco de un a\u00f1o electoral. Ante este escenario, este jueves a las 16 habr\u00e1 una reuni\u00f3n del Consejo Nacional del Partido Justicialista para definir los pasos a seguir de cara al mi\u00e9rcoles que [&hellip;]","og_url":"https:\/\/diariodelsurdigital.com.ar\/?p=3135","og_site_name":"Diario del Sur","article_published_time":"2025-06-12T17:28:20+00:00","article_modified_time":"2025-06-12T17:28:21+00:00","og_image":[{"width":992,"height":557,"url":"https:\/\/diariodelsurdigital.com.ar\/wp-content\/uploads\/2025\/06\/md-2-4.webp","type":"image\/webp"}],"author":"Diario del Sur Digital","twitter_card":"summary_large_image","twitter_misc":{"Escrito por":"Diario del Sur Digital","Tiempo de lectura":"3 minutos"},"schema":{"@context":"https:\/\/schema.org","@graph":[{"@type":"Article","@id":"https:\/\/diariodelsurdigital.com.ar\/?p=3135#article","isPartOf":{"@id":"https:\/\/diariodelsurdigital.com.ar\/?p=3135"},"author":{"name":"Diario del Sur Digital","@id":"https:\/\/diariodelsurdigital.com.ar\/#\/schema\/person\/1a4992532ed62965c968031b49195c81"},"headline":"El Consejo Nacional del PJ se reunir\u00e1 hoy para definir el plan de acci\u00f3n de cara a la detenci\u00f3n de Cristina Kirchner","datePublished":"2025-06-12T17:28:20+00:00","dateModified":"2025-06-12T17:28:21+00:00","mainEntityOfPage":{"@id":"https:\/\/diariodelsurdigital.com.ar\/?p=3135"},"wordCount":546,"commentCount":0,"image":{"@id":"https:\/\/diariodelsurdigital.com.ar\/?p=3135#primaryimage"},"thumbnailUrl":"https:\/\/diariodelsurdigital.com.ar\/wp-content\/uploads\/2025\/06\/md-2-4.webp","articleSection":["Nacionales","Pol\u00edtica"],"inLanguage":"es","potentialAction":[{"@type":"CommentAction","name":"Comment","target":["https:\/\/diariodelsurdigital.com.ar\/?p=3135#respond"]}]},{"@type":"WebPage","@id":"https:\/\/diariodelsurdigital.com.ar\/?p=3135","url":"https:\/\/diariodelsurdigital.com.ar\/?p=3135","name":"El Consejo Nacional del PJ se reunir\u00e1 hoy para definir el plan de acci\u00f3n de cara a la detenci\u00f3n de Cristina Kirchner - Diario del Sur","isPartOf":{"@id":"https:\/\/diariodelsurdigital.com.ar\/#website"},"primaryImageOfPage":{"@id":"https:\/\/diariodelsurdigital.com.ar\/?p=3135#primaryimage"},"image":{"@id":"https:\/\/diariodelsurdigital.com.ar\/?p=3135#primaryimage"},"thumbnailUrl":"https:\/\/diariodelsurdigital.com.ar\/wp-content\/uploads\/2025\/06\/md-2-4.webp","datePublished":"2025-06-12T17:28:20+00:00","dateModified":"2025-06-12T17:28:21+00:00","author":{"@id":"https:\/\/diariodelsurdigital.com.ar\/#\/schema\/person\/1a4992532ed62965c968031b49195c81"},"breadcrumb":{"@id":"https:\/\/diariodelsurdigital.com.ar\/?p=3135#breadcrumb"},"inLanguage":"es","potentialAction":[{"@type":"ReadAction","target":["https:\/\/diariodelsurdigital.com.ar\/?p=3135"]}]},{"@type":"ImageObject","inLanguage":"es","@id":"https:\/\/diariodelsurdigital.com.ar\/?p=3135#primaryimage","url":"https:\/\/diariodelsurdigital.com.ar\/wp-content\/uploads\/2025\/06\/md-2-4.webp","contentUrl":"https:\/\/diariodelsurdigital.com.ar\/wp-content\/uploads\/2025\/06\/md-2-4.webp","width":992,"height":557},{"@type":"BreadcrumbList","@id":"https:\/\/diariodelsurdigital.com.ar\/?p=3135#breadcrumb","itemListElement":[{"@type":"ListItem","position":1,"name":"Portada","item":"https:\/\/diariodelsurdigital.com.ar\/"},{"@type":"ListItem","position":2,"name":"El Consejo Nacional del PJ se reunir\u00e1 hoy para definir el plan de acci\u00f3n de cara a la detenci\u00f3n de Cristina Kirchner"}]},{"@type":"WebSite","@id":"https:\/\/diariodelsurdigital.com.ar\/#website","url":"https:\/\/diariodelsurdigital.com.ar\/","name":"Diario del Sur","description":"Digital","potentialAction":[{"@type":"SearchAction","target":{"@type":"EntryPoint","urlTemplate":"https:\/\/diariodelsurdigital.com.ar\/?s={search_term_string}"},"query-input":{"@type":"PropertyValueSpecification","valueRequired":true,"valueName":"search_term_string"}}],"inLanguage":"es"},{"@type":"Person","@id":"https:\/\/diariodelsurdigital.com.ar\/#\/schema\/person\/1a4992532ed62965c968031b49195c81","name":"Diario del Sur Digital","image":{"@type":"ImageObject","inLanguage":"es","@id":"https:\/\/secure.gravatar.com\/avatar\/f0c7c47fc7146d19828273b9b8eda651c9c7ab583767e6338d3d3bee825adf76?s=96&d=mm&r=g","url":"https:\/\/secure.gravatar.com\/avatar\/f0c7c47fc7146d19828273b9b8eda651c9c7ab583767e6338d3d3bee825adf76?s=96&d=mm&r=g","contentUrl":"https:\/\/secure.gravatar.com\/avatar\/f0c7c47fc7146d19828273b9b8eda651c9c7ab583767e6338d3d3bee825adf76?s=96&d=mm&r=g","caption":"Diario del Sur Digital"},"url":"https:\/\/diariodelsurdigital.com.ar\/?author=4"}]}},"_links":{"self":[{"href":"https:\/\/diariodelsurdigital.com.ar\/index.php?rest_route=\/wp\/v2\/posts\/3135","targetHints":{"allow":["GET"]}}],"collection":[{"href":"https:\/\/diariodelsurdigital.com.ar\/index.php?rest_route=\/wp\/v2\/posts"}],"about":[{"href":"https:\/\/diariodelsurdigital.com.ar\/index.php?rest_route=\/wp\/v2\/types\/post"}],"author":[{"embeddable":true,"href":"https:\/\/diariodelsurdigital.com.ar\/index.php?rest_route=\/wp\/v2\/users\/4"}],"replies":[{"embeddable":true,"href":"https:\/\/diariodelsurdigital.com.ar\/index.php?rest_route=%2Fwp%2Fv2%2Fcomments&post=3135"}],"version-history":[{"count":1,"href":"https:\/\/diariodelsurdigital.com.ar\/index.php?rest_route=\/wp\/v2\/posts\/3135\/revisions"}],"predecessor-version":[{"id":3137,"href":"https:\/\/diariodelsurdigital.com.ar\/index.php?rest_route=\/wp\/v2\/posts\/3135\/revisions\/3137"}],"wp:featuredmedia":[{"embeddable":true,"href":"https:\/\/diariodelsurdigital.com.ar\/index.php?rest_route=\/wp\/v2\/media\/3136"}],"wp:attachment":[{"href":"https:\/\/diariodelsurdigital.com.ar\/index.php?rest_route=%2Fwp%2Fv2%2Fmedia&parent=3135"}],"wp:term":[{"taxonomy":"category","embeddable":true,"href":"https:\/\/diariodelsurdigital.com.ar\/index.php?rest_route=%2Fwp%2Fv2%2Fcategories&post=3135"},{"taxonomy":"post_tag","embeddable":true,"href":"https:\/\/diariodelsurdigital.com.ar\/index.php?rest_route=%2Fwp%2Fv2%2Ftags&post=3135"}],"curies":[{"name":"wp","href":"https:\/\/api.w.org\/{rel}","templated":true}]}}