{"id":3141,"date":"2025-06-12T22:47:13","date_gmt":"2025-06-13T01:47:13","guid":{"rendered":"https:\/\/diariodelsurdigital.com.ar\/?p=3141"},"modified":"2025-06-12T22:53:35","modified_gmt":"2025-06-13T01:53:35","slug":"la-runfla-avanza-el-pj-oficializo-la-lista-de-bahl-y-mitchel","status":"publish","type":"post","link":"https:\/\/diariodelsurdigital.com.ar\/?p=3141","title":{"rendered":"LA RUNFLA AVANZA: El PJ oficializ\u00f3 la lista de Bahl y Mitchel"},"content":{"rendered":"\n<h4 class=\"wp-block-heading\" id=\"nota-title\"> En una resoluci\u00f3n a la que accedi\u00f3 <em>An\u00e1lisis Digital<\/em>, desde la Junta Electoral del PJ se record\u00f3 que se presentaron cinco listas para participar de las elecciones internas y abiertas del 6 de julio. Pero \u201cluego de avocarse a revisarlas para verificar el cumplimiento de los requisitos legales\u201d se constat\u00f3 que Desaf\u00edo Peronista era la \u00fanica que cumplimentaba las exigencias formales.<a href=\"https:\/\/www.elentrerios.com\/uid-214984\"><\/a><\/h4>\n\n\n\n<p><a href=\"https:\/\/www.elentrerios.com\/uid-214984\"> <\/a>\u201cPor tanto, corresponde su oficializaci\u00f3n por parte de esta Junta Electoral, notificarla y, en tiempo y forma, comunicarla al Juzgado Federal de Paran\u00e1\u201d, se indic\u00f3 desde el \u00f3rgano partidario, antes de mencionar que las impugnaciones y apelaciones presentadas fueron resueltas.<\/p>\n\n\n\n<figure class=\"wp-block-image\" id=\"embed-222202\"><a class=\"big-img open-popup-link\" href=\"https:\/\/www.elentrerios.com\/actualidad\/fin-de-la-polmica-el-pj-oficializ-la-lista-de-bahl-y-michel.htm#embed-222202-popup\"><img decoding=\"async\" src=\"https:\/\/media.elentrerios.com\/fotos-emb\/2025\/06\/12\/o_1749768444.jpg\" alt=\"\"\/><\/a><\/figure>\n\n\n\n<p><strong>Fuente:<\/strong>&nbsp;An\u00e1lisis<\/p>\n","protected":false},"excerpt":{"rendered":"<p>En una resoluci\u00f3n a la que accedi\u00f3 An\u00e1lisis Digital, desde la Junta Electoral del PJ se record\u00f3 que se presentaron cinco listas para participar de las elecciones internas y abiertas del 6 de julio. Pero \u201cluego de avocarse a revisarlas para verificar el cumplimiento de los requisitos legales\u201d se constat\u00f3 que Desaf\u00edo Peronista era la [&hellip;]<\/p>\n","protected":false},"author":2,"featured_media":3142,"comment_status":"open","ping_status":"open","sticky":false,"template":"","format":"standard","meta":{"footnotes":""},"categories":[17,1],"tags":[],"class_list":{"0":"post-3141","1":"post","2":"type-post","3":"status-publish","4":"format-standard","5":"has-post-thumbnail","7":"category-provinciales","8":"category-uncategorized"},"yoast_head":"<!-- This site is optimized with the Yoast SEO plugin v27.4 - https:\/\/yoast.com\/product\/yoast-seo-wordpress\/ -->\n<title>LA RUNFLA AVANZA: El PJ oficializ\u00f3 la lista de Bahl y Mitchel - Diario del Sur<\/title>\n<meta name=\"robots\" content=\"index, follow, max-snippet:-1, max-image-preview:large, max-video-preview:-1\" \/>\n<link rel=\"canonical\" href=\"https:\/\/diariodelsurdigital.com.ar\/?p=3141\" \/>\n<meta property=\"og:locale\" content=\"es_ES\" \/>\n<meta property=\"og:type\" content=\"article\" \/>\n<meta property=\"og:title\" content=\"LA RUNFLA AVANZA: El PJ oficializ\u00f3 la lista de Bahl y Mitchel - Diario del Sur\" \/>\n<meta property=\"og:description\" content=\"En una resoluci\u00f3n a la que accedi\u00f3 An\u00e1lisis Digital, desde la Junta Electoral del PJ se record\u00f3 que se presentaron cinco listas para participar de las elecciones internas y abiertas del 6 de julio. Pero \u201cluego de avocarse a revisarlas para verificar el cumplimiento de los requisitos legales\u201d se constat\u00f3 que Desaf\u00edo Peronista era la [&hellip;]\" \/>\n<meta property=\"og:url\" content=\"https:\/\/diariodelsurdigital.com.ar\/?p=3141\" \/>\n<meta property=\"og:site_name\" content=\"Diario del Sur\" \/>\n<meta property=\"article:published_time\" content=\"2025-06-13T01:47:13+00:00\" \/>\n<meta property=\"article:modified_time\" content=\"2025-06-13T01:53:35+00:00\" \/>\n<meta property=\"og:image\" content=\"https:\/\/diariodelsurdigital.com.ar\/wp-content\/uploads\/2025\/06\/Bahl-Michel.jpg\" \/>\n\t<meta property=\"og:image:width\" content=\"558\" \/>\n\t<meta property=\"og:image:height\" content=\"334\" \/>\n\t<meta property=\"og:image:type\" content=\"image\/jpeg\" \/>\n<meta name=\"author\" content=\"Diario del Sur Digital\" \/>\n<meta name=\"twitter:card\" content=\"summary_large_image\" \/>\n<meta name=\"twitter:label1\" content=\"Escrito por\" \/>\n\t<meta name=\"twitter:data1\" content=\"Diario del Sur Digital\" \/>\n\t<meta name=\"twitter:label2\" content=\"Tiempo de lectura\" \/>\n\t<meta name=\"twitter:data2\" content=\"1 minuto\" \/>\n<script type=\"application\/ld+json\" class=\"yoast-schema-graph\">{\"@context\":\"https:\\\/\\\/schema.org\",\"@graph\":[{\"@type\":\"Article\",\"@id\":\"https:\\\/\\\/diariodelsurdigital.com.ar\\\/?p=3141#article\",\"isPartOf\":{\"@id\":\"https:\\\/\\\/diariodelsurdigital.com.ar\\\/?p=3141\"},\"author\":{\"name\":\"Diario del Sur Digital\",\"@id\":\"https:\\\/\\\/diariodelsurdigital.com.ar\\\/#\\\/schema\\\/person\\\/6136a32571657f7dba980b88b04c5465\"},\"headline\":\"LA RUNFLA AVANZA: El PJ oficializ\u00f3 la lista de Bahl y Mitchel\",\"datePublished\":\"2025-06-13T01:47:13+00:00\",\"dateModified\":\"2025-06-13T01:53:35+00:00\",\"mainEntityOfPage\":{\"@id\":\"https:\\\/\\\/diariodelsurdigital.com.ar\\\/?p=3141\"},\"wordCount\":120,\"commentCount\":0,\"image\":{\"@id\":\"https:\\\/\\\/diariodelsurdigital.com.ar\\\/?p=3141#primaryimage\"},\"thumbnailUrl\":\"https:\\\/\\\/diariodelsurdigital.com.ar\\\/wp-content\\\/uploads\\\/2025\\\/06\\\/Bahl-Michel.jpg\",\"articleSection\":[\"Provinciales\",\"Uncategorized\"],\"inLanguage\":\"es\",\"potentialAction\":[{\"@type\":\"CommentAction\",\"name\":\"Comment\",\"target\":[\"https:\\\/\\\/diariodelsurdigital.com.ar\\\/?p=3141#respond\"]}]},{\"@type\":\"WebPage\",\"@id\":\"https:\\\/\\\/diariodelsurdigital.com.ar\\\/?p=3141\",\"url\":\"https:\\\/\\\/diariodelsurdigital.com.ar\\\/?p=3141\",\"name\":\"LA RUNFLA AVANZA: El PJ oficializ\u00f3 la lista de Bahl y Mitchel - Diario del Sur\",\"isPartOf\":{\"@id\":\"https:\\\/\\\/diariodelsurdigital.com.ar\\\/#website\"},\"primaryImageOfPage\":{\"@id\":\"https:\\\/\\\/diariodelsurdigital.com.ar\\\/?p=3141#primaryimage\"},\"image\":{\"@id\":\"https:\\\/\\\/diariodelsurdigital.com.ar\\\/?p=3141#primaryimage\"},\"thumbnailUrl\":\"https:\\\/\\\/diariodelsurdigital.com.ar\\\/wp-content\\\/uploads\\\/2025\\\/06\\\/Bahl-Michel.jpg\",\"datePublished\":\"2025-06-13T01:47:13+00:00\",\"dateModified\":\"2025-06-13T01:53:35+00:00\",\"author\":{\"@id\":\"https:\\\/\\\/diariodelsurdigital.com.ar\\\/#\\\/schema\\\/person\\\/6136a32571657f7dba980b88b04c5465\"},\"breadcrumb\":{\"@id\":\"https:\\\/\\\/diariodelsurdigital.com.ar\\\/?p=3141#breadcrumb\"},\"inLanguage\":\"es\",\"potentialAction\":[{\"@type\":\"ReadAction\",\"target\":[\"https:\\\/\\\/diariodelsurdigital.com.ar\\\/?p=3141\"]}]},{\"@type\":\"ImageObject\",\"inLanguage\":\"es\",\"@id\":\"https:\\\/\\\/diariodelsurdigital.com.ar\\\/?p=3141#primaryimage\",\"url\":\"https:\\\/\\\/diariodelsurdigital.com.ar\\\/wp-content\\\/uploads\\\/2025\\\/06\\\/Bahl-Michel.jpg\",\"contentUrl\":\"https:\\\/\\\/diariodelsurdigital.com.ar\\\/wp-content\\\/uploads\\\/2025\\\/06\\\/Bahl-Michel.jpg\",\"width\":558,\"height\":334,\"caption\":\"T\u00edtulo - 1\"},{\"@type\":\"BreadcrumbList\",\"@id\":\"https:\\\/\\\/diariodelsurdigital.com.ar\\\/?p=3141#breadcrumb\",\"itemListElement\":[{\"@type\":\"ListItem\",\"position\":1,\"name\":\"Portada\",\"item\":\"https:\\\/\\\/diariodelsurdigital.com.ar\\\/\"},{\"@type\":\"ListItem\",\"position\":2,\"name\":\"LA RUNFLA AVANZA: El PJ oficializ\u00f3 la lista de Bahl y Mitchel\"}]},{\"@type\":\"WebSite\",\"@id\":\"https:\\\/\\\/diariodelsurdigital.com.ar\\\/#website\",\"url\":\"https:\\\/\\\/diariodelsurdigital.com.ar\\\/\",\"name\":\"Diario del Sur\",\"description\":\"Digital\",\"potentialAction\":[{\"@type\":\"SearchAction\",\"target\":{\"@type\":\"EntryPoint\",\"urlTemplate\":\"https:\\\/\\\/diariodelsurdigital.com.ar\\\/?s={search_term_string}\"},\"query-input\":{\"@type\":\"PropertyValueSpecification\",\"valueRequired\":true,\"valueName\":\"search_term_string\"}}],\"inLanguage\":\"es\"},{\"@type\":\"Person\",\"@id\":\"https:\\\/\\\/diariodelsurdigital.com.ar\\\/#\\\/schema\\\/person\\\/6136a32571657f7dba980b88b04c5465\",\"name\":\"Diario del Sur Digital\",\"image\":{\"@type\":\"ImageObject\",\"inLanguage\":\"es\",\"@id\":\"https:\\\/\\\/secure.gravatar.com\\\/avatar\\\/4c29ceac98541dd42460b2474aaa5dd37594d6ce6cb3cf2c101d09b48ee287ba?s=96&d=mm&r=g\",\"url\":\"https:\\\/\\\/secure.gravatar.com\\\/avatar\\\/4c29ceac98541dd42460b2474aaa5dd37594d6ce6cb3cf2c101d09b48ee287ba?s=96&d=mm&r=g\",\"contentUrl\":\"https:\\\/\\\/secure.gravatar.com\\\/avatar\\\/4c29ceac98541dd42460b2474aaa5dd37594d6ce6cb3cf2c101d09b48ee287ba?s=96&d=mm&r=g\",\"caption\":\"Diario del Sur Digital\"},\"url\":\"https:\\\/\\\/diariodelsurdigital.com.ar\\\/?author=2\"}]}<\/script>\n<!-- \/ Yoast SEO plugin. -->","yoast_head_json":{"title":"LA RUNFLA AVANZA: El PJ oficializ\u00f3 la lista de Bahl y Mitchel - Diario del Sur","robots":{"index":"index","follow":"follow","max-snippet":"max-snippet:-1","max-image-preview":"max-image-preview:large","max-video-preview":"max-video-preview:-1"},"canonical":"https:\/\/diariodelsurdigital.com.ar\/?p=3141","og_locale":"es_ES","og_type":"article","og_title":"LA RUNFLA AVANZA: El PJ oficializ\u00f3 la lista de Bahl y Mitchel - Diario del Sur","og_description":"En una resoluci\u00f3n a la que accedi\u00f3 An\u00e1lisis Digital, desde la Junta Electoral del PJ se record\u00f3 que se presentaron cinco listas para participar de las elecciones internas y abiertas del 6 de julio. Pero \u201cluego de avocarse a revisarlas para verificar el cumplimiento de los requisitos legales\u201d se constat\u00f3 que Desaf\u00edo Peronista era la [&hellip;]","og_url":"https:\/\/diariodelsurdigital.com.ar\/?p=3141","og_site_name":"Diario del Sur","article_published_time":"2025-06-13T01:47:13+00:00","article_modified_time":"2025-06-13T01:53:35+00:00","og_image":[{"width":558,"height":334,"url":"https:\/\/diariodelsurdigital.com.ar\/wp-content\/uploads\/2025\/06\/Bahl-Michel.jpg","type":"image\/jpeg"}],"author":"Diario del Sur Digital","twitter_card":"summary_large_image","twitter_misc":{"Escrito por":"Diario del Sur Digital","Tiempo de lectura":"1 minuto"},"schema":{"@context":"https:\/\/schema.org","@graph":[{"@type":"Article","@id":"https:\/\/diariodelsurdigital.com.ar\/?p=3141#article","isPartOf":{"@id":"https:\/\/diariodelsurdigital.com.ar\/?p=3141"},"author":{"name":"Diario del Sur Digital","@id":"https:\/\/diariodelsurdigital.com.ar\/#\/schema\/person\/6136a32571657f7dba980b88b04c5465"},"headline":"LA RUNFLA AVANZA: El PJ oficializ\u00f3 la lista de Bahl y Mitchel","datePublished":"2025-06-13T01:47:13+00:00","dateModified":"2025-06-13T01:53:35+00:00","mainEntityOfPage":{"@id":"https:\/\/diariodelsurdigital.com.ar\/?p=3141"},"wordCount":120,"commentCount":0,"image":{"@id":"https:\/\/diariodelsurdigital.com.ar\/?p=3141#primaryimage"},"thumbnailUrl":"https:\/\/diariodelsurdigital.com.ar\/wp-content\/uploads\/2025\/06\/Bahl-Michel.jpg","articleSection":["Provinciales","Uncategorized"],"inLanguage":"es","potentialAction":[{"@type":"CommentAction","name":"Comment","target":["https:\/\/diariodelsurdigital.com.ar\/?p=3141#respond"]}]},{"@type":"WebPage","@id":"https:\/\/diariodelsurdigital.com.ar\/?p=3141","url":"https:\/\/diariodelsurdigital.com.ar\/?p=3141","name":"LA RUNFLA AVANZA: El PJ oficializ\u00f3 la lista de Bahl y Mitchel - Diario del Sur","isPartOf":{"@id":"https:\/\/diariodelsurdigital.com.ar\/#website"},"primaryImageOfPage":{"@id":"https:\/\/diariodelsurdigital.com.ar\/?p=3141#primaryimage"},"image":{"@id":"https:\/\/diariodelsurdigital.com.ar\/?p=3141#primaryimage"},"thumbnailUrl":"https:\/\/diariodelsurdigital.com.ar\/wp-content\/uploads\/2025\/06\/Bahl-Michel.jpg","datePublished":"2025-06-13T01:47:13+00:00","dateModified":"2025-06-13T01:53:35+00:00","author":{"@id":"https:\/\/diariodelsurdigital.com.ar\/#\/schema\/person\/6136a32571657f7dba980b88b04c5465"},"breadcrumb":{"@id":"https:\/\/diariodelsurdigital.com.ar\/?p=3141#breadcrumb"},"inLanguage":"es","potentialAction":[{"@type":"ReadAction","target":["https:\/\/diariodelsurdigital.com.ar\/?p=3141"]}]},{"@type":"ImageObject","inLanguage":"es","@id":"https:\/\/diariodelsurdigital.com.ar\/?p=3141#primaryimage","url":"https:\/\/diariodelsurdigital.com.ar\/wp-content\/uploads\/2025\/06\/Bahl-Michel.jpg","contentUrl":"https:\/\/diariodelsurdigital.com.ar\/wp-content\/uploads\/2025\/06\/Bahl-Michel.jpg","width":558,"height":334,"caption":"T\u00edtulo - 1"},{"@type":"BreadcrumbList","@id":"https:\/\/diariodelsurdigital.com.ar\/?p=3141#breadcrumb","itemListElement":[{"@type":"ListItem","position":1,"name":"Portada","item":"https:\/\/diariodelsurdigital.com.ar\/"},{"@type":"ListItem","position":2,"name":"LA RUNFLA AVANZA: El PJ oficializ\u00f3 la lista de Bahl y Mitchel"}]},{"@type":"WebSite","@id":"https:\/\/diariodelsurdigital.com.ar\/#website","url":"https:\/\/diariodelsurdigital.com.ar\/","name":"Diario del Sur","description":"Digital","potentialAction":[{"@type":"SearchAction","target":{"@type":"EntryPoint","urlTemplate":"https:\/\/diariodelsurdigital.com.ar\/?s={search_term_string}"},"query-input":{"@type":"PropertyValueSpecification","valueRequired":true,"valueName":"search_term_string"}}],"inLanguage":"es"},{"@type":"Person","@id":"https:\/\/diariodelsurdigital.com.ar\/#\/schema\/person\/6136a32571657f7dba980b88b04c5465","name":"Diario del Sur Digital","image":{"@type":"ImageObject","inLanguage":"es","@id":"https:\/\/secure.gravatar.com\/avatar\/4c29ceac98541dd42460b2474aaa5dd37594d6ce6cb3cf2c101d09b48ee287ba?s=96&d=mm&r=g","url":"https:\/\/secure.gravatar.com\/avatar\/4c29ceac98541dd42460b2474aaa5dd37594d6ce6cb3cf2c101d09b48ee287ba?s=96&d=mm&r=g","contentUrl":"https:\/\/secure.gravatar.com\/avatar\/4c29ceac98541dd42460b2474aaa5dd37594d6ce6cb3cf2c101d09b48ee287ba?s=96&d=mm&r=g","caption":"Diario del Sur Digital"},"url":"https:\/\/diariodelsurdigital.com.ar\/?author=2"}]}},"_links":{"self":[{"href":"https:\/\/diariodelsurdigital.com.ar\/index.php?rest_route=\/wp\/v2\/posts\/3141","targetHints":{"allow":["GET"]}}],"collection":[{"href":"https:\/\/diariodelsurdigital.com.ar\/index.php?rest_route=\/wp\/v2\/posts"}],"about":[{"href":"https:\/\/diariodelsurdigital.com.ar\/index.php?rest_route=\/wp\/v2\/types\/post"}],"author":[{"embeddable":true,"href":"https:\/\/diariodelsurdigital.com.ar\/index.php?rest_route=\/wp\/v2\/users\/2"}],"replies":[{"embeddable":true,"href":"https:\/\/diariodelsurdigital.com.ar\/index.php?rest_route=%2Fwp%2Fv2%2Fcomments&post=3141"}],"version-history":[{"count":2,"href":"https:\/\/diariodelsurdigital.com.ar\/index.php?rest_route=\/wp\/v2\/posts\/3141\/revisions"}],"predecessor-version":[{"id":3144,"href":"https:\/\/diariodelsurdigital.com.ar\/index.php?rest_route=\/wp\/v2\/posts\/3141\/revisions\/3144"}],"wp:featuredmedia":[{"embeddable":true,"href":"https:\/\/diariodelsurdigital.com.ar\/index.php?rest_route=\/wp\/v2\/media\/3142"}],"wp:attachment":[{"href":"https:\/\/diariodelsurdigital.com.ar\/index.php?rest_route=%2Fwp%2Fv2%2Fmedia&parent=3141"}],"wp:term":[{"taxonomy":"category","embeddable":true,"href":"https:\/\/diariodelsurdigital.com.ar\/index.php?rest_route=%2Fwp%2Fv2%2Fcategories&post=3141"},{"taxonomy":"post_tag","embeddable":true,"href":"https:\/\/diariodelsurdigital.com.ar\/index.php?rest_route=%2Fwp%2Fv2%2Ftags&post=3141"}],"curies":[{"name":"wp","href":"https:\/\/api.w.org\/{rel}","templated":true}]}}