{"id":3146,"date":"2025-06-13T11:09:21","date_gmt":"2025-06-13T14:09:21","guid":{"rendered":"https:\/\/diariodelsurdigital.com.ar\/?p=3146"},"modified":"2025-06-13T11:09:22","modified_gmt":"2025-06-13T14:09:22","slug":"demoran-a-personas-que-realizaban-pintadas-a-favor-de-cristina-fernandez-en-parana","status":"publish","type":"post","link":"https:\/\/diariodelsurdigital.com.ar\/?p=3146","title":{"rendered":"Demoran a personas que realizaban pintadas a favor de Cristina Fern\u00e1ndez en Paran\u00e1"},"content":{"rendered":"\n<p>Cinco personas fueron demoradas en la capital entrerriana tras ser sorprendidas in fraganti realizando pintadas de apoyo a Cristina Fern\u00e1ndez de Kirchner. Lo que comenz\u00f3 como un llamado al 911 por un acto de vandalismo menor, deriv\u00f3 en un operativo que incluy\u00f3 el rastreo del veh\u00edculo por videovigilancia, la demora de cinco j\u00f3venes y una requisa vehicular ordenada por la fiscal\u00eda, generando interrogantes sobre la proporcionalidad del accionar policial frente a la infracci\u00f3n cometida.<\/p>\n\n\n\n<p>Fuentes policiales indicaron que recibieron un llamado al 911 informando que en Rondeau y Alte. Brown, un grupo de personas descendi\u00f3 de un veh\u00edculo Toyota Corolla color bord\u00f3 y realiz\u00f3 pintadas en un cartel publicitario relacionado con el caso de Cristina Fern\u00e1ndez de Kirchner.<\/p>\n\n\n\n<p>Personal de videovigilancia logr\u00f3 visualizar el veh\u00edculo mientras se desplazabapor Alte. Brown y D\u00edaz V\u00e9lez en direcci\u00f3n a Av. Ram\u00edrez, donde se le pierde el rastro.Inmediatamente un m\u00f3vil de Comisaria Cuarta demora el veh\u00edculo rastreado e  identifica a sus ocupantes: las personas todas mayores de edad de 34 a\u00f1os (conductor) y cuatro ocupantes  entre 20 a 30 a\u00f1os.Detienen en Santa fe a un un puntero peronista por amenazas contra el Presidente de la Corte Suprema, Horacio Rosatti<\/p>\n\n\n\n<p>Luego la c\u00e1mara de videovigilancia confirma la participaci\u00f3n del veh\u00edculo en las \u201cacciones vand\u00e1licas\u201d y el fiscal, Dr. Giunta ordena la correcta identificaci\u00f3n de las personas involucradas y autoriza una requisa vehicular tras la \u201caprehensi\u00f3n en flagrancia por da\u00f1os en bienes del Estado\u201d.<\/p>\n\n\n\n<p>\u201cLa requisa arroja resultados positivos\u201d, se se\u00f1al\u00f3 y se detall\u00f3 que se encontraron cinco latas de aerosol.En ese marco, efectivos policiales recibieron la orden de secuestrar el veh\u00edculo que fue utilizado para cometer \u201cel delito\u201d.<\/p>\n","protected":false},"excerpt":{"rendered":"<p>Cinco personas fueron demoradas en la capital entrerriana tras ser sorprendidas in fraganti realizando pintadas de apoyo a Cristina Fern\u00e1ndez de Kirchner. Lo que comenz\u00f3 como un llamado al 911 por un acto de vandalismo menor, deriv\u00f3 en un operativo que incluy\u00f3 el rastreo del veh\u00edculo por videovigilancia, la demora de cinco j\u00f3venes y una [&hellip;]<\/p>\n","protected":false},"author":4,"featured_media":3147,"comment_status":"open","ping_status":"open","sticky":false,"template":"","format":"standard","meta":{"footnotes":""},"categories":[17],"tags":[],"class_list":{"0":"post-3146","1":"post","2":"type-post","3":"status-publish","4":"format-standard","5":"has-post-thumbnail","7":"category-provinciales"},"yoast_head":"<!-- This site is optimized with the Yoast SEO plugin v27.4 - https:\/\/yoast.com\/product\/yoast-seo-wordpress\/ -->\n<title>Demoran a personas que realizaban pintadas a favor de Cristina Fern\u00e1ndez en Paran\u00e1 - Diario del Sur<\/title>\n<meta name=\"robots\" content=\"index, follow, max-snippet:-1, max-image-preview:large, max-video-preview:-1\" \/>\n<link rel=\"canonical\" href=\"https:\/\/diariodelsurdigital.com.ar\/?p=3146\" \/>\n<meta property=\"og:locale\" content=\"es_ES\" \/>\n<meta property=\"og:type\" content=\"article\" \/>\n<meta property=\"og:title\" content=\"Demoran a personas que realizaban pintadas a favor de Cristina Fern\u00e1ndez en Paran\u00e1 - Diario del Sur\" \/>\n<meta property=\"og:description\" content=\"Cinco personas fueron demoradas en la capital entrerriana tras ser sorprendidas in fraganti realizando pintadas de apoyo a Cristina Fern\u00e1ndez de Kirchner. Lo que comenz\u00f3 como un llamado al 911 por un acto de vandalismo menor, deriv\u00f3 en un operativo que incluy\u00f3 el rastreo del veh\u00edculo por videovigilancia, la demora de cinco j\u00f3venes y una [&hellip;]\" \/>\n<meta property=\"og:url\" content=\"https:\/\/diariodelsurdigital.com.ar\/?p=3146\" \/>\n<meta property=\"og:site_name\" content=\"Diario del Sur\" \/>\n<meta property=\"article:published_time\" content=\"2025-06-13T14:09:21+00:00\" \/>\n<meta property=\"article:modified_time\" content=\"2025-06-13T14:09:22+00:00\" \/>\n<meta property=\"og:image\" content=\"https:\/\/diariodelsurdigital.com.ar\/wp-content\/uploads\/2025\/06\/md-4-3.webp\" \/>\n\t<meta property=\"og:image:width\" content=\"992\" \/>\n\t<meta property=\"og:image:height\" content=\"631\" \/>\n\t<meta property=\"og:image:type\" content=\"image\/webp\" \/>\n<meta name=\"author\" content=\"Diario del Sur Digital\" \/>\n<meta name=\"twitter:card\" content=\"summary_large_image\" \/>\n<meta name=\"twitter:label1\" content=\"Escrito por\" \/>\n\t<meta name=\"twitter:data1\" content=\"Diario del Sur Digital\" \/>\n\t<meta name=\"twitter:label2\" content=\"Tiempo de lectura\" \/>\n\t<meta name=\"twitter:data2\" content=\"2 minutos\" \/>\n<script type=\"application\/ld+json\" class=\"yoast-schema-graph\">{\"@context\":\"https:\\\/\\\/schema.org\",\"@graph\":[{\"@type\":\"Article\",\"@id\":\"https:\\\/\\\/diariodelsurdigital.com.ar\\\/?p=3146#article\",\"isPartOf\":{\"@id\":\"https:\\\/\\\/diariodelsurdigital.com.ar\\\/?p=3146\"},\"author\":{\"name\":\"Diario del Sur Digital\",\"@id\":\"https:\\\/\\\/diariodelsurdigital.com.ar\\\/#\\\/schema\\\/person\\\/1a4992532ed62965c968031b49195c81\"},\"headline\":\"Demoran a personas que realizaban pintadas a favor de Cristina Fern\u00e1ndez en Paran\u00e1\",\"datePublished\":\"2025-06-13T14:09:21+00:00\",\"dateModified\":\"2025-06-13T14:09:22+00:00\",\"mainEntityOfPage\":{\"@id\":\"https:\\\/\\\/diariodelsurdigital.com.ar\\\/?p=3146\"},\"wordCount\":310,\"commentCount\":0,\"image\":{\"@id\":\"https:\\\/\\\/diariodelsurdigital.com.ar\\\/?p=3146#primaryimage\"},\"thumbnailUrl\":\"https:\\\/\\\/diariodelsurdigital.com.ar\\\/wp-content\\\/uploads\\\/2025\\\/06\\\/md-4-3.webp\",\"articleSection\":[\"Provinciales\"],\"inLanguage\":\"es\",\"potentialAction\":[{\"@type\":\"CommentAction\",\"name\":\"Comment\",\"target\":[\"https:\\\/\\\/diariodelsurdigital.com.ar\\\/?p=3146#respond\"]}]},{\"@type\":\"WebPage\",\"@id\":\"https:\\\/\\\/diariodelsurdigital.com.ar\\\/?p=3146\",\"url\":\"https:\\\/\\\/diariodelsurdigital.com.ar\\\/?p=3146\",\"name\":\"Demoran a personas que realizaban pintadas a favor de Cristina Fern\u00e1ndez en Paran\u00e1 - Diario del Sur\",\"isPartOf\":{\"@id\":\"https:\\\/\\\/diariodelsurdigital.com.ar\\\/#website\"},\"primaryImageOfPage\":{\"@id\":\"https:\\\/\\\/diariodelsurdigital.com.ar\\\/?p=3146#primaryimage\"},\"image\":{\"@id\":\"https:\\\/\\\/diariodelsurdigital.com.ar\\\/?p=3146#primaryimage\"},\"thumbnailUrl\":\"https:\\\/\\\/diariodelsurdigital.com.ar\\\/wp-content\\\/uploads\\\/2025\\\/06\\\/md-4-3.webp\",\"datePublished\":\"2025-06-13T14:09:21+00:00\",\"dateModified\":\"2025-06-13T14:09:22+00:00\",\"author\":{\"@id\":\"https:\\\/\\\/diariodelsurdigital.com.ar\\\/#\\\/schema\\\/person\\\/1a4992532ed62965c968031b49195c81\"},\"breadcrumb\":{\"@id\":\"https:\\\/\\\/diariodelsurdigital.com.ar\\\/?p=3146#breadcrumb\"},\"inLanguage\":\"es\",\"potentialAction\":[{\"@type\":\"ReadAction\",\"target\":[\"https:\\\/\\\/diariodelsurdigital.com.ar\\\/?p=3146\"]}]},{\"@type\":\"ImageObject\",\"inLanguage\":\"es\",\"@id\":\"https:\\\/\\\/diariodelsurdigital.com.ar\\\/?p=3146#primaryimage\",\"url\":\"https:\\\/\\\/diariodelsurdigital.com.ar\\\/wp-content\\\/uploads\\\/2025\\\/06\\\/md-4-3.webp\",\"contentUrl\":\"https:\\\/\\\/diariodelsurdigital.com.ar\\\/wp-content\\\/uploads\\\/2025\\\/06\\\/md-4-3.webp\",\"width\":992,\"height\":631},{\"@type\":\"BreadcrumbList\",\"@id\":\"https:\\\/\\\/diariodelsurdigital.com.ar\\\/?p=3146#breadcrumb\",\"itemListElement\":[{\"@type\":\"ListItem\",\"position\":1,\"name\":\"Portada\",\"item\":\"https:\\\/\\\/diariodelsurdigital.com.ar\\\/\"},{\"@type\":\"ListItem\",\"position\":2,\"name\":\"Demoran a personas que realizaban pintadas a favor de Cristina Fern\u00e1ndez en Paran\u00e1\"}]},{\"@type\":\"WebSite\",\"@id\":\"https:\\\/\\\/diariodelsurdigital.com.ar\\\/#website\",\"url\":\"https:\\\/\\\/diariodelsurdigital.com.ar\\\/\",\"name\":\"Diario del Sur\",\"description\":\"Digital\",\"potentialAction\":[{\"@type\":\"SearchAction\",\"target\":{\"@type\":\"EntryPoint\",\"urlTemplate\":\"https:\\\/\\\/diariodelsurdigital.com.ar\\\/?s={search_term_string}\"},\"query-input\":{\"@type\":\"PropertyValueSpecification\",\"valueRequired\":true,\"valueName\":\"search_term_string\"}}],\"inLanguage\":\"es\"},{\"@type\":\"Person\",\"@id\":\"https:\\\/\\\/diariodelsurdigital.com.ar\\\/#\\\/schema\\\/person\\\/1a4992532ed62965c968031b49195c81\",\"name\":\"Diario del Sur Digital\",\"image\":{\"@type\":\"ImageObject\",\"inLanguage\":\"es\",\"@id\":\"https:\\\/\\\/secure.gravatar.com\\\/avatar\\\/f0c7c47fc7146d19828273b9b8eda651c9c7ab583767e6338d3d3bee825adf76?s=96&d=mm&r=g\",\"url\":\"https:\\\/\\\/secure.gravatar.com\\\/avatar\\\/f0c7c47fc7146d19828273b9b8eda651c9c7ab583767e6338d3d3bee825adf76?s=96&d=mm&r=g\",\"contentUrl\":\"https:\\\/\\\/secure.gravatar.com\\\/avatar\\\/f0c7c47fc7146d19828273b9b8eda651c9c7ab583767e6338d3d3bee825adf76?s=96&d=mm&r=g\",\"caption\":\"Diario del Sur Digital\"},\"url\":\"https:\\\/\\\/diariodelsurdigital.com.ar\\\/?author=4\"}]}<\/script>\n<!-- \/ Yoast SEO plugin. -->","yoast_head_json":{"title":"Demoran a personas que realizaban pintadas a favor de Cristina Fern\u00e1ndez en Paran\u00e1 - Diario del Sur","robots":{"index":"index","follow":"follow","max-snippet":"max-snippet:-1","max-image-preview":"max-image-preview:large","max-video-preview":"max-video-preview:-1"},"canonical":"https:\/\/diariodelsurdigital.com.ar\/?p=3146","og_locale":"es_ES","og_type":"article","og_title":"Demoran a personas que realizaban pintadas a favor de Cristina Fern\u00e1ndez en Paran\u00e1 - Diario del Sur","og_description":"Cinco personas fueron demoradas en la capital entrerriana tras ser sorprendidas in fraganti realizando pintadas de apoyo a Cristina Fern\u00e1ndez de Kirchner. Lo que comenz\u00f3 como un llamado al 911 por un acto de vandalismo menor, deriv\u00f3 en un operativo que incluy\u00f3 el rastreo del veh\u00edculo por videovigilancia, la demora de cinco j\u00f3venes y una [&hellip;]","og_url":"https:\/\/diariodelsurdigital.com.ar\/?p=3146","og_site_name":"Diario del Sur","article_published_time":"2025-06-13T14:09:21+00:00","article_modified_time":"2025-06-13T14:09:22+00:00","og_image":[{"width":992,"height":631,"url":"https:\/\/diariodelsurdigital.com.ar\/wp-content\/uploads\/2025\/06\/md-4-3.webp","type":"image\/webp"}],"author":"Diario del Sur Digital","twitter_card":"summary_large_image","twitter_misc":{"Escrito por":"Diario del Sur Digital","Tiempo de lectura":"2 minutos"},"schema":{"@context":"https:\/\/schema.org","@graph":[{"@type":"Article","@id":"https:\/\/diariodelsurdigital.com.ar\/?p=3146#article","isPartOf":{"@id":"https:\/\/diariodelsurdigital.com.ar\/?p=3146"},"author":{"name":"Diario del Sur Digital","@id":"https:\/\/diariodelsurdigital.com.ar\/#\/schema\/person\/1a4992532ed62965c968031b49195c81"},"headline":"Demoran a personas que realizaban pintadas a favor de Cristina Fern\u00e1ndez en Paran\u00e1","datePublished":"2025-06-13T14:09:21+00:00","dateModified":"2025-06-13T14:09:22+00:00","mainEntityOfPage":{"@id":"https:\/\/diariodelsurdigital.com.ar\/?p=3146"},"wordCount":310,"commentCount":0,"image":{"@id":"https:\/\/diariodelsurdigital.com.ar\/?p=3146#primaryimage"},"thumbnailUrl":"https:\/\/diariodelsurdigital.com.ar\/wp-content\/uploads\/2025\/06\/md-4-3.webp","articleSection":["Provinciales"],"inLanguage":"es","potentialAction":[{"@type":"CommentAction","name":"Comment","target":["https:\/\/diariodelsurdigital.com.ar\/?p=3146#respond"]}]},{"@type":"WebPage","@id":"https:\/\/diariodelsurdigital.com.ar\/?p=3146","url":"https:\/\/diariodelsurdigital.com.ar\/?p=3146","name":"Demoran a personas que realizaban pintadas a favor de Cristina Fern\u00e1ndez en Paran\u00e1 - Diario del Sur","isPartOf":{"@id":"https:\/\/diariodelsurdigital.com.ar\/#website"},"primaryImageOfPage":{"@id":"https:\/\/diariodelsurdigital.com.ar\/?p=3146#primaryimage"},"image":{"@id":"https:\/\/diariodelsurdigital.com.ar\/?p=3146#primaryimage"},"thumbnailUrl":"https:\/\/diariodelsurdigital.com.ar\/wp-content\/uploads\/2025\/06\/md-4-3.webp","datePublished":"2025-06-13T14:09:21+00:00","dateModified":"2025-06-13T14:09:22+00:00","author":{"@id":"https:\/\/diariodelsurdigital.com.ar\/#\/schema\/person\/1a4992532ed62965c968031b49195c81"},"breadcrumb":{"@id":"https:\/\/diariodelsurdigital.com.ar\/?p=3146#breadcrumb"},"inLanguage":"es","potentialAction":[{"@type":"ReadAction","target":["https:\/\/diariodelsurdigital.com.ar\/?p=3146"]}]},{"@type":"ImageObject","inLanguage":"es","@id":"https:\/\/diariodelsurdigital.com.ar\/?p=3146#primaryimage","url":"https:\/\/diariodelsurdigital.com.ar\/wp-content\/uploads\/2025\/06\/md-4-3.webp","contentUrl":"https:\/\/diariodelsurdigital.com.ar\/wp-content\/uploads\/2025\/06\/md-4-3.webp","width":992,"height":631},{"@type":"BreadcrumbList","@id":"https:\/\/diariodelsurdigital.com.ar\/?p=3146#breadcrumb","itemListElement":[{"@type":"ListItem","position":1,"name":"Portada","item":"https:\/\/diariodelsurdigital.com.ar\/"},{"@type":"ListItem","position":2,"name":"Demoran a personas que realizaban pintadas a favor de Cristina Fern\u00e1ndez en Paran\u00e1"}]},{"@type":"WebSite","@id":"https:\/\/diariodelsurdigital.com.ar\/#website","url":"https:\/\/diariodelsurdigital.com.ar\/","name":"Diario del Sur","description":"Digital","potentialAction":[{"@type":"SearchAction","target":{"@type":"EntryPoint","urlTemplate":"https:\/\/diariodelsurdigital.com.ar\/?s={search_term_string}"},"query-input":{"@type":"PropertyValueSpecification","valueRequired":true,"valueName":"search_term_string"}}],"inLanguage":"es"},{"@type":"Person","@id":"https:\/\/diariodelsurdigital.com.ar\/#\/schema\/person\/1a4992532ed62965c968031b49195c81","name":"Diario del Sur Digital","image":{"@type":"ImageObject","inLanguage":"es","@id":"https:\/\/secure.gravatar.com\/avatar\/f0c7c47fc7146d19828273b9b8eda651c9c7ab583767e6338d3d3bee825adf76?s=96&d=mm&r=g","url":"https:\/\/secure.gravatar.com\/avatar\/f0c7c47fc7146d19828273b9b8eda651c9c7ab583767e6338d3d3bee825adf76?s=96&d=mm&r=g","contentUrl":"https:\/\/secure.gravatar.com\/avatar\/f0c7c47fc7146d19828273b9b8eda651c9c7ab583767e6338d3d3bee825adf76?s=96&d=mm&r=g","caption":"Diario del Sur Digital"},"url":"https:\/\/diariodelsurdigital.com.ar\/?author=4"}]}},"_links":{"self":[{"href":"https:\/\/diariodelsurdigital.com.ar\/index.php?rest_route=\/wp\/v2\/posts\/3146","targetHints":{"allow":["GET"]}}],"collection":[{"href":"https:\/\/diariodelsurdigital.com.ar\/index.php?rest_route=\/wp\/v2\/posts"}],"about":[{"href":"https:\/\/diariodelsurdigital.com.ar\/index.php?rest_route=\/wp\/v2\/types\/post"}],"author":[{"embeddable":true,"href":"https:\/\/diariodelsurdigital.com.ar\/index.php?rest_route=\/wp\/v2\/users\/4"}],"replies":[{"embeddable":true,"href":"https:\/\/diariodelsurdigital.com.ar\/index.php?rest_route=%2Fwp%2Fv2%2Fcomments&post=3146"}],"version-history":[{"count":1,"href":"https:\/\/diariodelsurdigital.com.ar\/index.php?rest_route=\/wp\/v2\/posts\/3146\/revisions"}],"predecessor-version":[{"id":3148,"href":"https:\/\/diariodelsurdigital.com.ar\/index.php?rest_route=\/wp\/v2\/posts\/3146\/revisions\/3148"}],"wp:featuredmedia":[{"embeddable":true,"href":"https:\/\/diariodelsurdigital.com.ar\/index.php?rest_route=\/wp\/v2\/media\/3147"}],"wp:attachment":[{"href":"https:\/\/diariodelsurdigital.com.ar\/index.php?rest_route=%2Fwp%2Fv2%2Fmedia&parent=3146"}],"wp:term":[{"taxonomy":"category","embeddable":true,"href":"https:\/\/diariodelsurdigital.com.ar\/index.php?rest_route=%2Fwp%2Fv2%2Fcategories&post=3146"},{"taxonomy":"post_tag","embeddable":true,"href":"https:\/\/diariodelsurdigital.com.ar\/index.php?rest_route=%2Fwp%2Fv2%2Ftags&post=3146"}],"curies":[{"name":"wp","href":"https:\/\/api.w.org\/{rel}","templated":true}]}}