{"id":3156,"date":"2025-06-13T11:17:04","date_gmt":"2025-06-13T14:17:04","guid":{"rendered":"https:\/\/diariodelsurdigital.com.ar\/?p=3156"},"modified":"2025-06-13T11:17:05","modified_gmt":"2025-06-13T14:17:05","slug":"apyme-advirtio-que-politicas-similares-a-las-que-hoy-se-aplican-llevaron-a-las-peores-crisis-del-pais","status":"publish","type":"post","link":"https:\/\/diariodelsurdigital.com.ar\/?p=3156","title":{"rendered":"Apyme advirti\u00f3 que \u201cpol\u00edticas similares a las que hoy se aplican llevaron a las peores crisis del pa\u00eds\u201d"},"content":{"rendered":"\n<p>Fue mediante una nota al ministro de Desregulaci\u00f3n y Transformaci\u00f3n del Estado, Adolfo Sturzenegger. Autoridades de la Asamblea de Peque\u00f1os y Medianos Empresarios (Apyme), que nuclea empresarias y empresarios de diversos rubros en todo el pa\u00eds, expresaron la preocupaci\u00f3n del sector por la \u201cmanifiesta intenci\u00f3n\u201d del Gobierno Nacional de quitar su car\u00e1cter de organismo descentralizado al Instituto de Tecnolog\u00eda Industrial (INTI).<\/p>\n\n\n\n<p>Desde la Asamblea de Peque\u00f1os y Medianos Empresarios (Apyme), se envi\u00f3 una nota al ministro de Desregulaci\u00f3n y Transformaci\u00f3n del Estado, Adolfo Sturzenegger, en la que se cuestion\u00f3 que la \u201cdecisi\u00f3n emanar\u00eda desde el Ministerio de Desregulaci\u00f3n y Transformaci\u00f3n del Estado, tal como fuera por usted manifestado recientemente y abarcar\u00eda a otros organismos como el Instituto de Tecnolog\u00eda Agropecuaria (INTA)\u201d.<\/p>\n\n\n\n<p>Apyme reafirm\u00f3 \u201cla vital importancia del INTI para aspirar al desarrollo de la industria nacional, mediante una articulaci\u00f3n virtuosa entre el Estado, en todos sus niveles, y las demandas de diversos sectores tanto en el \u00e1mbito privado como en el p\u00fablico\u201d.<\/p>\n\n\n\n<p>Consecuencias<\/p>\n\n\n\n<p>Apyme record\u00f3 a las autoridades competentes que \u201cpol\u00edticas similares a las que hoy se aplican llevaron a las peores crisis de nuestro pa\u00eds. Por supuesto, las consecuencias no las pagan quienes las \u2018hacen\u2019 sino las Pymes, la producci\u00f3n, el trabajo, jubilados y jubiladas y los sectores m\u00e1s vulnerables de la ciudadan\u00eda en todo el territorio nacional\u201d.<\/p>\n\n\n\n<p>Afectaci\u00f3n grave<\/p>\n\n\n\n<p>Apyme entendi\u00f3 que \u201cdebe considerarse adem\u00e1s que alrededor de un 80% de los servicios que ofrece est\u00e1n destinados a las Pymes argentinas, incluyendo a cooperativas y emprendimientos autogestionados. Por estos motivos Apyme adhiere a las expresiones de las trabajadoras y trabajadores del INTI y de entidades como la C\u00e1mara Argentina de Industrias Electr\u00f3nicas, Electromec\u00e1nicas y Luminot\u00e9cnicas (Cadieel), quienes explicaron que una eventual descentralizaci\u00f3n y p\u00e9rdida de autonom\u00eda del INTI \u2018afectar\u00eda gravemente la continuidad de servicios cr\u00edticos para la innovaci\u00f3n, la calidad y la seguridad industrial, adem\u00e1s de debilitar la trama cient\u00edfico-tecnol\u00f3gica nacional\u2019\u201d.<\/p>\n\n\n\n<p>La Asamblea sostuvo que \u201cla amenaza que se cierne sobre el INTI se da en el marco de un lamentable proceso de desfinanciaci\u00f3n y desguace de la Ciencia, la T\u00e9cnica y la Educaci\u00f3n en nuestro pa\u00eds que nada tiene que ver con una leg\u00edtima aspiraci\u00f3n a la eficiencia y las mejoras de gesti\u00f3n, sino con un ciclo de endeudamiento y ajuste sin precedentes en democracia\u201d.<\/p>\n\n\n\n<p>Se a\u00f1adi\u00f3 que \u201ccomo agravante de la \u2018avalancha exportadora\u2019 que propicia el Gobierno, se ha dispuesto la renuncia expl\u00edcita al control y verificaci\u00f3n sobre lo que se ingresa desde otros pa\u00edses, poniendo en riesgo al conjunto de la poblaci\u00f3n\u201d.<\/p>\n","protected":false},"excerpt":{"rendered":"<p>Fue mediante una nota al ministro de Desregulaci\u00f3n y Transformaci\u00f3n del Estado, Adolfo Sturzenegger. Autoridades de la Asamblea de Peque\u00f1os y Medianos Empresarios (Apyme), que nuclea empresarias y empresarios de diversos rubros en todo el pa\u00eds, expresaron la preocupaci\u00f3n del sector por la \u201cmanifiesta intenci\u00f3n\u201d del Gobierno Nacional de quitar su car\u00e1cter de organismo descentralizado [&hellip;]<\/p>\n","protected":false},"author":4,"featured_media":3157,"comment_status":"open","ping_status":"open","sticky":false,"template":"","format":"standard","meta":{"footnotes":""},"categories":[19,18],"tags":[],"class_list":{"0":"post-3156","1":"post","2":"type-post","3":"status-publish","4":"format-standard","5":"has-post-thumbnail","7":"category-interes-general","8":"category-nacionales"},"yoast_head":"<!-- This site is optimized with the Yoast SEO plugin v27.4 - https:\/\/yoast.com\/product\/yoast-seo-wordpress\/ -->\n<title>Apyme advirti\u00f3 que \u201cpol\u00edticas similares a las que hoy se aplican llevaron a las peores crisis del pa\u00eds\u201d - Diario del Sur<\/title>\n<meta name=\"robots\" content=\"index, follow, max-snippet:-1, max-image-preview:large, max-video-preview:-1\" \/>\n<link rel=\"canonical\" href=\"https:\/\/diariodelsurdigital.com.ar\/?p=3156\" \/>\n<meta property=\"og:locale\" content=\"es_ES\" \/>\n<meta property=\"og:type\" content=\"article\" \/>\n<meta property=\"og:title\" content=\"Apyme advirti\u00f3 que \u201cpol\u00edticas similares a las que hoy se aplican llevaron a las peores crisis del pa\u00eds\u201d - Diario del Sur\" \/>\n<meta property=\"og:description\" content=\"Fue mediante una nota al ministro de Desregulaci\u00f3n y Transformaci\u00f3n del Estado, Adolfo Sturzenegger. Autoridades de la Asamblea de Peque\u00f1os y Medianos Empresarios (Apyme), que nuclea empresarias y empresarios de diversos rubros en todo el pa\u00eds, expresaron la preocupaci\u00f3n del sector por la \u201cmanifiesta intenci\u00f3n\u201d del Gobierno Nacional de quitar su car\u00e1cter de organismo descentralizado [&hellip;]\" \/>\n<meta property=\"og:url\" content=\"https:\/\/diariodelsurdigital.com.ar\/?p=3156\" \/>\n<meta property=\"og:site_name\" content=\"Diario del Sur\" \/>\n<meta property=\"article:published_time\" content=\"2025-06-13T14:17:04+00:00\" \/>\n<meta property=\"article:modified_time\" content=\"2025-06-13T14:17:05+00:00\" \/>\n<meta property=\"og:image\" content=\"https:\/\/diariodelsurdigital.com.ar\/wp-content\/uploads\/2025\/06\/md-7-2.webp\" \/>\n\t<meta property=\"og:image:width\" content=\"992\" \/>\n\t<meta property=\"og:image:height\" content=\"489\" \/>\n\t<meta property=\"og:image:type\" content=\"image\/webp\" \/>\n<meta name=\"author\" content=\"Diario del Sur Digital\" \/>\n<meta name=\"twitter:card\" content=\"summary_large_image\" \/>\n<meta name=\"twitter:label1\" content=\"Escrito por\" \/>\n\t<meta name=\"twitter:data1\" content=\"Diario del Sur Digital\" \/>\n\t<meta name=\"twitter:label2\" content=\"Tiempo de lectura\" \/>\n\t<meta name=\"twitter:data2\" content=\"3 minutos\" \/>\n<script type=\"application\/ld+json\" class=\"yoast-schema-graph\">{\"@context\":\"https:\\\/\\\/schema.org\",\"@graph\":[{\"@type\":\"Article\",\"@id\":\"https:\\\/\\\/diariodelsurdigital.com.ar\\\/?p=3156#article\",\"isPartOf\":{\"@id\":\"https:\\\/\\\/diariodelsurdigital.com.ar\\\/?p=3156\"},\"author\":{\"name\":\"Diario del Sur Digital\",\"@id\":\"https:\\\/\\\/diariodelsurdigital.com.ar\\\/#\\\/schema\\\/person\\\/1a4992532ed62965c968031b49195c81\"},\"headline\":\"Apyme advirti\u00f3 que \u201cpol\u00edticas similares a las que hoy se aplican llevaron a las peores crisis del pa\u00eds\u201d\",\"datePublished\":\"2025-06-13T14:17:04+00:00\",\"dateModified\":\"2025-06-13T14:17:05+00:00\",\"mainEntityOfPage\":{\"@id\":\"https:\\\/\\\/diariodelsurdigital.com.ar\\\/?p=3156\"},\"wordCount\":488,\"commentCount\":0,\"image\":{\"@id\":\"https:\\\/\\\/diariodelsurdigital.com.ar\\\/?p=3156#primaryimage\"},\"thumbnailUrl\":\"https:\\\/\\\/diariodelsurdigital.com.ar\\\/wp-content\\\/uploads\\\/2025\\\/06\\\/md-7-2.webp\",\"articleSection\":[\"Inter\u00e9s General\",\"Nacionales\"],\"inLanguage\":\"es\",\"potentialAction\":[{\"@type\":\"CommentAction\",\"name\":\"Comment\",\"target\":[\"https:\\\/\\\/diariodelsurdigital.com.ar\\\/?p=3156#respond\"]}]},{\"@type\":\"WebPage\",\"@id\":\"https:\\\/\\\/diariodelsurdigital.com.ar\\\/?p=3156\",\"url\":\"https:\\\/\\\/diariodelsurdigital.com.ar\\\/?p=3156\",\"name\":\"Apyme advirti\u00f3 que \u201cpol\u00edticas similares a las que hoy se aplican llevaron a las peores crisis del pa\u00eds\u201d - Diario del Sur\",\"isPartOf\":{\"@id\":\"https:\\\/\\\/diariodelsurdigital.com.ar\\\/#website\"},\"primaryImageOfPage\":{\"@id\":\"https:\\\/\\\/diariodelsurdigital.com.ar\\\/?p=3156#primaryimage\"},\"image\":{\"@id\":\"https:\\\/\\\/diariodelsurdigital.com.ar\\\/?p=3156#primaryimage\"},\"thumbnailUrl\":\"https:\\\/\\\/diariodelsurdigital.com.ar\\\/wp-content\\\/uploads\\\/2025\\\/06\\\/md-7-2.webp\",\"datePublished\":\"2025-06-13T14:17:04+00:00\",\"dateModified\":\"2025-06-13T14:17:05+00:00\",\"author\":{\"@id\":\"https:\\\/\\\/diariodelsurdigital.com.ar\\\/#\\\/schema\\\/person\\\/1a4992532ed62965c968031b49195c81\"},\"breadcrumb\":{\"@id\":\"https:\\\/\\\/diariodelsurdigital.com.ar\\\/?p=3156#breadcrumb\"},\"inLanguage\":\"es\",\"potentialAction\":[{\"@type\":\"ReadAction\",\"target\":[\"https:\\\/\\\/diariodelsurdigital.com.ar\\\/?p=3156\"]}]},{\"@type\":\"ImageObject\",\"inLanguage\":\"es\",\"@id\":\"https:\\\/\\\/diariodelsurdigital.com.ar\\\/?p=3156#primaryimage\",\"url\":\"https:\\\/\\\/diariodelsurdigital.com.ar\\\/wp-content\\\/uploads\\\/2025\\\/06\\\/md-7-2.webp\",\"contentUrl\":\"https:\\\/\\\/diariodelsurdigital.com.ar\\\/wp-content\\\/uploads\\\/2025\\\/06\\\/md-7-2.webp\",\"width\":992,\"height\":489},{\"@type\":\"BreadcrumbList\",\"@id\":\"https:\\\/\\\/diariodelsurdigital.com.ar\\\/?p=3156#breadcrumb\",\"itemListElement\":[{\"@type\":\"ListItem\",\"position\":1,\"name\":\"Portada\",\"item\":\"https:\\\/\\\/diariodelsurdigital.com.ar\\\/\"},{\"@type\":\"ListItem\",\"position\":2,\"name\":\"Apyme advirti\u00f3 que \u201cpol\u00edticas similares a las que hoy se aplican llevaron a las peores crisis del pa\u00eds\u201d\"}]},{\"@type\":\"WebSite\",\"@id\":\"https:\\\/\\\/diariodelsurdigital.com.ar\\\/#website\",\"url\":\"https:\\\/\\\/diariodelsurdigital.com.ar\\\/\",\"name\":\"Diario del Sur\",\"description\":\"Digital\",\"potentialAction\":[{\"@type\":\"SearchAction\",\"target\":{\"@type\":\"EntryPoint\",\"urlTemplate\":\"https:\\\/\\\/diariodelsurdigital.com.ar\\\/?s={search_term_string}\"},\"query-input\":{\"@type\":\"PropertyValueSpecification\",\"valueRequired\":true,\"valueName\":\"search_term_string\"}}],\"inLanguage\":\"es\"},{\"@type\":\"Person\",\"@id\":\"https:\\\/\\\/diariodelsurdigital.com.ar\\\/#\\\/schema\\\/person\\\/1a4992532ed62965c968031b49195c81\",\"name\":\"Diario del Sur Digital\",\"image\":{\"@type\":\"ImageObject\",\"inLanguage\":\"es\",\"@id\":\"https:\\\/\\\/secure.gravatar.com\\\/avatar\\\/f0c7c47fc7146d19828273b9b8eda651c9c7ab583767e6338d3d3bee825adf76?s=96&d=mm&r=g\",\"url\":\"https:\\\/\\\/secure.gravatar.com\\\/avatar\\\/f0c7c47fc7146d19828273b9b8eda651c9c7ab583767e6338d3d3bee825adf76?s=96&d=mm&r=g\",\"contentUrl\":\"https:\\\/\\\/secure.gravatar.com\\\/avatar\\\/f0c7c47fc7146d19828273b9b8eda651c9c7ab583767e6338d3d3bee825adf76?s=96&d=mm&r=g\",\"caption\":\"Diario del Sur Digital\"},\"url\":\"https:\\\/\\\/diariodelsurdigital.com.ar\\\/?author=4\"}]}<\/script>\n<!-- \/ Yoast SEO plugin. -->","yoast_head_json":{"title":"Apyme advirti\u00f3 que \u201cpol\u00edticas similares a las que hoy se aplican llevaron a las peores crisis del pa\u00eds\u201d - Diario del Sur","robots":{"index":"index","follow":"follow","max-snippet":"max-snippet:-1","max-image-preview":"max-image-preview:large","max-video-preview":"max-video-preview:-1"},"canonical":"https:\/\/diariodelsurdigital.com.ar\/?p=3156","og_locale":"es_ES","og_type":"article","og_title":"Apyme advirti\u00f3 que \u201cpol\u00edticas similares a las que hoy se aplican llevaron a las peores crisis del pa\u00eds\u201d - Diario del Sur","og_description":"Fue mediante una nota al ministro de Desregulaci\u00f3n y Transformaci\u00f3n del Estado, Adolfo Sturzenegger. Autoridades de la Asamblea de Peque\u00f1os y Medianos Empresarios (Apyme), que nuclea empresarias y empresarios de diversos rubros en todo el pa\u00eds, expresaron la preocupaci\u00f3n del sector por la \u201cmanifiesta intenci\u00f3n\u201d del Gobierno Nacional de quitar su car\u00e1cter de organismo descentralizado [&hellip;]","og_url":"https:\/\/diariodelsurdigital.com.ar\/?p=3156","og_site_name":"Diario del Sur","article_published_time":"2025-06-13T14:17:04+00:00","article_modified_time":"2025-06-13T14:17:05+00:00","og_image":[{"width":992,"height":489,"url":"https:\/\/diariodelsurdigital.com.ar\/wp-content\/uploads\/2025\/06\/md-7-2.webp","type":"image\/webp"}],"author":"Diario del Sur Digital","twitter_card":"summary_large_image","twitter_misc":{"Escrito por":"Diario del Sur Digital","Tiempo de lectura":"3 minutos"},"schema":{"@context":"https:\/\/schema.org","@graph":[{"@type":"Article","@id":"https:\/\/diariodelsurdigital.com.ar\/?p=3156#article","isPartOf":{"@id":"https:\/\/diariodelsurdigital.com.ar\/?p=3156"},"author":{"name":"Diario del Sur Digital","@id":"https:\/\/diariodelsurdigital.com.ar\/#\/schema\/person\/1a4992532ed62965c968031b49195c81"},"headline":"Apyme advirti\u00f3 que \u201cpol\u00edticas similares a las que hoy se aplican llevaron a las peores crisis del pa\u00eds\u201d","datePublished":"2025-06-13T14:17:04+00:00","dateModified":"2025-06-13T14:17:05+00:00","mainEntityOfPage":{"@id":"https:\/\/diariodelsurdigital.com.ar\/?p=3156"},"wordCount":488,"commentCount":0,"image":{"@id":"https:\/\/diariodelsurdigital.com.ar\/?p=3156#primaryimage"},"thumbnailUrl":"https:\/\/diariodelsurdigital.com.ar\/wp-content\/uploads\/2025\/06\/md-7-2.webp","articleSection":["Inter\u00e9s General","Nacionales"],"inLanguage":"es","potentialAction":[{"@type":"CommentAction","name":"Comment","target":["https:\/\/diariodelsurdigital.com.ar\/?p=3156#respond"]}]},{"@type":"WebPage","@id":"https:\/\/diariodelsurdigital.com.ar\/?p=3156","url":"https:\/\/diariodelsurdigital.com.ar\/?p=3156","name":"Apyme advirti\u00f3 que \u201cpol\u00edticas similares a las que hoy se aplican llevaron a las peores crisis del pa\u00eds\u201d - Diario del Sur","isPartOf":{"@id":"https:\/\/diariodelsurdigital.com.ar\/#website"},"primaryImageOfPage":{"@id":"https:\/\/diariodelsurdigital.com.ar\/?p=3156#primaryimage"},"image":{"@id":"https:\/\/diariodelsurdigital.com.ar\/?p=3156#primaryimage"},"thumbnailUrl":"https:\/\/diariodelsurdigital.com.ar\/wp-content\/uploads\/2025\/06\/md-7-2.webp","datePublished":"2025-06-13T14:17:04+00:00","dateModified":"2025-06-13T14:17:05+00:00","author":{"@id":"https:\/\/diariodelsurdigital.com.ar\/#\/schema\/person\/1a4992532ed62965c968031b49195c81"},"breadcrumb":{"@id":"https:\/\/diariodelsurdigital.com.ar\/?p=3156#breadcrumb"},"inLanguage":"es","potentialAction":[{"@type":"ReadAction","target":["https:\/\/diariodelsurdigital.com.ar\/?p=3156"]}]},{"@type":"ImageObject","inLanguage":"es","@id":"https:\/\/diariodelsurdigital.com.ar\/?p=3156#primaryimage","url":"https:\/\/diariodelsurdigital.com.ar\/wp-content\/uploads\/2025\/06\/md-7-2.webp","contentUrl":"https:\/\/diariodelsurdigital.com.ar\/wp-content\/uploads\/2025\/06\/md-7-2.webp","width":992,"height":489},{"@type":"BreadcrumbList","@id":"https:\/\/diariodelsurdigital.com.ar\/?p=3156#breadcrumb","itemListElement":[{"@type":"ListItem","position":1,"name":"Portada","item":"https:\/\/diariodelsurdigital.com.ar\/"},{"@type":"ListItem","position":2,"name":"Apyme advirti\u00f3 que \u201cpol\u00edticas similares a las que hoy se aplican llevaron a las peores crisis del pa\u00eds\u201d"}]},{"@type":"WebSite","@id":"https:\/\/diariodelsurdigital.com.ar\/#website","url":"https:\/\/diariodelsurdigital.com.ar\/","name":"Diario del Sur","description":"Digital","potentialAction":[{"@type":"SearchAction","target":{"@type":"EntryPoint","urlTemplate":"https:\/\/diariodelsurdigital.com.ar\/?s={search_term_string}"},"query-input":{"@type":"PropertyValueSpecification","valueRequired":true,"valueName":"search_term_string"}}],"inLanguage":"es"},{"@type":"Person","@id":"https:\/\/diariodelsurdigital.com.ar\/#\/schema\/person\/1a4992532ed62965c968031b49195c81","name":"Diario del Sur Digital","image":{"@type":"ImageObject","inLanguage":"es","@id":"https:\/\/secure.gravatar.com\/avatar\/f0c7c47fc7146d19828273b9b8eda651c9c7ab583767e6338d3d3bee825adf76?s=96&d=mm&r=g","url":"https:\/\/secure.gravatar.com\/avatar\/f0c7c47fc7146d19828273b9b8eda651c9c7ab583767e6338d3d3bee825adf76?s=96&d=mm&r=g","contentUrl":"https:\/\/secure.gravatar.com\/avatar\/f0c7c47fc7146d19828273b9b8eda651c9c7ab583767e6338d3d3bee825adf76?s=96&d=mm&r=g","caption":"Diario del Sur Digital"},"url":"https:\/\/diariodelsurdigital.com.ar\/?author=4"}]}},"_links":{"self":[{"href":"https:\/\/diariodelsurdigital.com.ar\/index.php?rest_route=\/wp\/v2\/posts\/3156","targetHints":{"allow":["GET"]}}],"collection":[{"href":"https:\/\/diariodelsurdigital.com.ar\/index.php?rest_route=\/wp\/v2\/posts"}],"about":[{"href":"https:\/\/diariodelsurdigital.com.ar\/index.php?rest_route=\/wp\/v2\/types\/post"}],"author":[{"embeddable":true,"href":"https:\/\/diariodelsurdigital.com.ar\/index.php?rest_route=\/wp\/v2\/users\/4"}],"replies":[{"embeddable":true,"href":"https:\/\/diariodelsurdigital.com.ar\/index.php?rest_route=%2Fwp%2Fv2%2Fcomments&post=3156"}],"version-history":[{"count":1,"href":"https:\/\/diariodelsurdigital.com.ar\/index.php?rest_route=\/wp\/v2\/posts\/3156\/revisions"}],"predecessor-version":[{"id":3158,"href":"https:\/\/diariodelsurdigital.com.ar\/index.php?rest_route=\/wp\/v2\/posts\/3156\/revisions\/3158"}],"wp:featuredmedia":[{"embeddable":true,"href":"https:\/\/diariodelsurdigital.com.ar\/index.php?rest_route=\/wp\/v2\/media\/3157"}],"wp:attachment":[{"href":"https:\/\/diariodelsurdigital.com.ar\/index.php?rest_route=%2Fwp%2Fv2%2Fmedia&parent=3156"}],"wp:term":[{"taxonomy":"category","embeddable":true,"href":"https:\/\/diariodelsurdigital.com.ar\/index.php?rest_route=%2Fwp%2Fv2%2Fcategories&post=3156"},{"taxonomy":"post_tag","embeddable":true,"href":"https:\/\/diariodelsurdigital.com.ar\/index.php?rest_route=%2Fwp%2Fv2%2Ftags&post=3156"}],"curies":[{"name":"wp","href":"https:\/\/api.w.org\/{rel}","templated":true}]}}