{"id":3167,"date":"2025-06-15T21:11:58","date_gmt":"2025-06-16T00:11:58","guid":{"rendered":"https:\/\/diariodelsurdigital.com.ar\/?p=3167"},"modified":"2025-06-15T21:11:58","modified_gmt":"2025-06-16T00:11:58","slug":"otro-homicidio-en-entre-rios-la-victima-murio-en-el-hospital-y-su-victimario-esta-preso","status":"publish","type":"post","link":"https:\/\/diariodelsurdigital.com.ar\/?p=3167","title":{"rendered":"Otro homicidio en Entre R\u00edos: la v\u00edctima muri\u00f3 en el hospital y su victimario est\u00e1 preso"},"content":{"rendered":"\n<figure class=\"wp-block-image\"><img decoding=\"async\" src=\"https:\/\/media.elentrerios.com\/fotos-v2\/2022\/06\/28\/l_1656421018.jpg\" alt=\"La victima estaba internada desde hace 9 d\u00edas.\" title=\"La victima estaba internada desde hace 9 d\u00edas.\"\/><\/figure>\n\n\n\n<p>Se produjo un nuevo homicidio en Entre R\u00edos. Este domingo a las 11:45, se confirm\u00f3 el fallecimiento de Gonzalo Ezequiel Chiriran, que permanec\u00eda internado en la Unidad de Terapia Intensiva del hospital \u201cDelicia Concepci\u00f3n Masvernat\u201d de Concordia.<\/p>\n\n\n\n<p>Hab\u00eda ingresado al nosocomio concordiense, de manera particular, a las 21:10 del viernes 6 de junio, con una grave herida de arma blanca. Concretamente, hab\u00eda recibido una pu\u00f1alada en el abdomen.<\/p>\n\n\n\n<h3 class=\"wp-block-heading\"><strong>Agresi\u00f3n mortal<\/strong><\/h3>\n\n\n\n<p>De acuerdo al testimonio de un testigo ocular, el hecho ocurri\u00f3 en inmediaciones de calles Diamante y Teniente Ib\u00e1\u00f1ez, en Concordia, cuando la v\u00edctima se encontraba en la vereda de un vecino.<\/p>\n\n\n\n<p>All\u00ed se le habr\u00eda acercado un sujeto, con el que manten\u00eda conflictos anteriores. Sin mediar mayores palabras, lo habr\u00eda atacado con un cuchillo y luego escap\u00f3 corriendo del lugar.<\/p>\n\n\n\n<p>Poco despu\u00e9s, alrededor de las 22:30, el personal de la Divisi\u00f3n Investigaciones logr\u00f3 aprehenderlo en la esquina de Villaguay y Teniente Ib\u00e1\u00f1ez. Fue identificado como Diego Osvaldo Ross de 37 a\u00f1os, que actualmente se encuentra detenido.<\/p>\n\n\n\n<h3 class=\"wp-block-heading\"><strong>Chirian estaba grave<\/strong><\/h3>\n\n\n\n<p>El \u00faltimo parte m\u00e9dico daba cuenta del estado cr\u00edtico de Chiriran. Permanec\u00eda en la Unidad de Terapia Intensiva bajo asistencia respiratoria mec\u00e1nica, con sedoanalgesia derivada de una laparotom\u00eda exploradora por hemoperitoneo masivo y lesi\u00f3n del ped\u00edculo renal, entre otras complicaciones.<\/p>\n\n\n\n<p>Fuente: El Entre Rios<\/p>\n","protected":false},"excerpt":{"rendered":"<p>Se produjo un nuevo homicidio en Entre R\u00edos. Este domingo a las 11:45, se confirm\u00f3 el fallecimiento de Gonzalo Ezequiel Chiriran, que permanec\u00eda internado en la Unidad de Terapia Intensiva del hospital \u201cDelicia Concepci\u00f3n Masvernat\u201d de Concordia. Hab\u00eda ingresado al nosocomio concordiense, de manera particular, a las 21:10 del viernes 6 de junio, con una [&hellip;]<\/p>\n","protected":false},"author":3,"featured_media":3168,"comment_status":"open","ping_status":"open","sticky":false,"template":"","format":"standard","meta":{"footnotes":""},"categories":[16,21],"tags":[],"class_list":{"0":"post-3167","1":"post","2":"type-post","3":"status-publish","4":"format-standard","5":"has-post-thumbnail","7":"category-locales","8":"category-policiales"},"yoast_head":"<!-- This site is optimized with the Yoast SEO plugin v27.4 - https:\/\/yoast.com\/product\/yoast-seo-wordpress\/ -->\n<title>Otro homicidio en Entre R\u00edos: la v\u00edctima muri\u00f3 en el hospital y su victimario est\u00e1 preso - Diario del Sur<\/title>\n<meta name=\"robots\" content=\"index, follow, max-snippet:-1, max-image-preview:large, max-video-preview:-1\" \/>\n<link rel=\"canonical\" href=\"https:\/\/diariodelsurdigital.com.ar\/?p=3167\" \/>\n<meta property=\"og:locale\" content=\"es_ES\" \/>\n<meta property=\"og:type\" content=\"article\" \/>\n<meta property=\"og:title\" content=\"Otro homicidio en Entre R\u00edos: la v\u00edctima muri\u00f3 en el hospital y su victimario est\u00e1 preso - Diario del Sur\" \/>\n<meta property=\"og:description\" content=\"Se produjo un nuevo homicidio en Entre R\u00edos. Este domingo a las 11:45, se confirm\u00f3 el fallecimiento de Gonzalo Ezequiel Chiriran, que permanec\u00eda internado en la Unidad de Terapia Intensiva del hospital \u201cDelicia Concepci\u00f3n Masvernat\u201d de Concordia. Hab\u00eda ingresado al nosocomio concordiense, de manera particular, a las 21:10 del viernes 6 de junio, con una [&hellip;]\" \/>\n<meta property=\"og:url\" content=\"https:\/\/diariodelsurdigital.com.ar\/?p=3167\" \/>\n<meta property=\"og:site_name\" content=\"Diario del Sur\" \/>\n<meta property=\"article:published_time\" content=\"2025-06-16T00:11:58+00:00\" \/>\n<meta property=\"og:image\" content=\"https:\/\/diariodelsurdigital.com.ar\/wp-content\/uploads\/2025\/06\/l_1656421018.jpg\" \/>\n\t<meta property=\"og:image:width\" content=\"870\" \/>\n\t<meta property=\"og:image:height\" content=\"580\" \/>\n\t<meta property=\"og:image:type\" content=\"image\/jpeg\" \/>\n<meta name=\"author\" content=\"Diario del Sur Digital\" \/>\n<meta name=\"twitter:card\" content=\"summary_large_image\" \/>\n<meta name=\"twitter:label1\" content=\"Escrito por\" \/>\n\t<meta name=\"twitter:data1\" content=\"Diario del Sur Digital\" \/>\n\t<meta name=\"twitter:label2\" content=\"Tiempo de lectura\" \/>\n\t<meta name=\"twitter:data2\" content=\"2 minutos\" \/>\n<script type=\"application\/ld+json\" class=\"yoast-schema-graph\">{\"@context\":\"https:\\\/\\\/schema.org\",\"@graph\":[{\"@type\":\"Article\",\"@id\":\"https:\\\/\\\/diariodelsurdigital.com.ar\\\/?p=3167#article\",\"isPartOf\":{\"@id\":\"https:\\\/\\\/diariodelsurdigital.com.ar\\\/?p=3167\"},\"author\":{\"name\":\"Diario del Sur Digital\",\"@id\":\"https:\\\/\\\/diariodelsurdigital.com.ar\\\/#\\\/schema\\\/person\\\/d794acb23337e88c6e4004a39c32be62\"},\"headline\":\"Otro homicidio en Entre R\u00edos: la v\u00edctima muri\u00f3 en el hospital y su victimario est\u00e1 preso\",\"datePublished\":\"2025-06-16T00:11:58+00:00\",\"mainEntityOfPage\":{\"@id\":\"https:\\\/\\\/diariodelsurdigital.com.ar\\\/?p=3167\"},\"wordCount\":250,\"commentCount\":0,\"image\":{\"@id\":\"https:\\\/\\\/diariodelsurdigital.com.ar\\\/?p=3167#primaryimage\"},\"thumbnailUrl\":\"https:\\\/\\\/diariodelsurdigital.com.ar\\\/wp-content\\\/uploads\\\/2025\\\/06\\\/l_1656421018.jpg\",\"articleSection\":[\"Locales\",\"Policiales\"],\"inLanguage\":\"es\",\"potentialAction\":[{\"@type\":\"CommentAction\",\"name\":\"Comment\",\"target\":[\"https:\\\/\\\/diariodelsurdigital.com.ar\\\/?p=3167#respond\"]}]},{\"@type\":\"WebPage\",\"@id\":\"https:\\\/\\\/diariodelsurdigital.com.ar\\\/?p=3167\",\"url\":\"https:\\\/\\\/diariodelsurdigital.com.ar\\\/?p=3167\",\"name\":\"Otro homicidio en Entre R\u00edos: la v\u00edctima muri\u00f3 en el hospital y su victimario est\u00e1 preso - Diario del Sur\",\"isPartOf\":{\"@id\":\"https:\\\/\\\/diariodelsurdigital.com.ar\\\/#website\"},\"primaryImageOfPage\":{\"@id\":\"https:\\\/\\\/diariodelsurdigital.com.ar\\\/?p=3167#primaryimage\"},\"image\":{\"@id\":\"https:\\\/\\\/diariodelsurdigital.com.ar\\\/?p=3167#primaryimage\"},\"thumbnailUrl\":\"https:\\\/\\\/diariodelsurdigital.com.ar\\\/wp-content\\\/uploads\\\/2025\\\/06\\\/l_1656421018.jpg\",\"datePublished\":\"2025-06-16T00:11:58+00:00\",\"author\":{\"@id\":\"https:\\\/\\\/diariodelsurdigital.com.ar\\\/#\\\/schema\\\/person\\\/d794acb23337e88c6e4004a39c32be62\"},\"breadcrumb\":{\"@id\":\"https:\\\/\\\/diariodelsurdigital.com.ar\\\/?p=3167#breadcrumb\"},\"inLanguage\":\"es\",\"potentialAction\":[{\"@type\":\"ReadAction\",\"target\":[\"https:\\\/\\\/diariodelsurdigital.com.ar\\\/?p=3167\"]}]},{\"@type\":\"ImageObject\",\"inLanguage\":\"es\",\"@id\":\"https:\\\/\\\/diariodelsurdigital.com.ar\\\/?p=3167#primaryimage\",\"url\":\"https:\\\/\\\/diariodelsurdigital.com.ar\\\/wp-content\\\/uploads\\\/2025\\\/06\\\/l_1656421018.jpg\",\"contentUrl\":\"https:\\\/\\\/diariodelsurdigital.com.ar\\\/wp-content\\\/uploads\\\/2025\\\/06\\\/l_1656421018.jpg\",\"width\":870,\"height\":580},{\"@type\":\"BreadcrumbList\",\"@id\":\"https:\\\/\\\/diariodelsurdigital.com.ar\\\/?p=3167#breadcrumb\",\"itemListElement\":[{\"@type\":\"ListItem\",\"position\":1,\"name\":\"Portada\",\"item\":\"https:\\\/\\\/diariodelsurdigital.com.ar\\\/\"},{\"@type\":\"ListItem\",\"position\":2,\"name\":\"Otro homicidio en Entre R\u00edos: la v\u00edctima muri\u00f3 en el hospital y su victimario est\u00e1 preso\"}]},{\"@type\":\"WebSite\",\"@id\":\"https:\\\/\\\/diariodelsurdigital.com.ar\\\/#website\",\"url\":\"https:\\\/\\\/diariodelsurdigital.com.ar\\\/\",\"name\":\"Diario del Sur\",\"description\":\"Digital\",\"potentialAction\":[{\"@type\":\"SearchAction\",\"target\":{\"@type\":\"EntryPoint\",\"urlTemplate\":\"https:\\\/\\\/diariodelsurdigital.com.ar\\\/?s={search_term_string}\"},\"query-input\":{\"@type\":\"PropertyValueSpecification\",\"valueRequired\":true,\"valueName\":\"search_term_string\"}}],\"inLanguage\":\"es\"},{\"@type\":\"Person\",\"@id\":\"https:\\\/\\\/diariodelsurdigital.com.ar\\\/#\\\/schema\\\/person\\\/d794acb23337e88c6e4004a39c32be62\",\"name\":\"Diario del Sur Digital\",\"image\":{\"@type\":\"ImageObject\",\"inLanguage\":\"es\",\"@id\":\"https:\\\/\\\/secure.gravatar.com\\\/avatar\\\/47679bcfa15734cfdefc176b6ad58adeeccac22b2e03e095ada6c622af2b463a?s=96&d=mm&r=g\",\"url\":\"https:\\\/\\\/secure.gravatar.com\\\/avatar\\\/47679bcfa15734cfdefc176b6ad58adeeccac22b2e03e095ada6c622af2b463a?s=96&d=mm&r=g\",\"contentUrl\":\"https:\\\/\\\/secure.gravatar.com\\\/avatar\\\/47679bcfa15734cfdefc176b6ad58adeeccac22b2e03e095ada6c622af2b463a?s=96&d=mm&r=g\",\"caption\":\"Diario del Sur Digital\"},\"url\":\"https:\\\/\\\/diariodelsurdigital.com.ar\\\/?author=3\"}]}<\/script>\n<!-- \/ Yoast SEO plugin. -->","yoast_head_json":{"title":"Otro homicidio en Entre R\u00edos: la v\u00edctima muri\u00f3 en el hospital y su victimario est\u00e1 preso - Diario del Sur","robots":{"index":"index","follow":"follow","max-snippet":"max-snippet:-1","max-image-preview":"max-image-preview:large","max-video-preview":"max-video-preview:-1"},"canonical":"https:\/\/diariodelsurdigital.com.ar\/?p=3167","og_locale":"es_ES","og_type":"article","og_title":"Otro homicidio en Entre R\u00edos: la v\u00edctima muri\u00f3 en el hospital y su victimario est\u00e1 preso - Diario del Sur","og_description":"Se produjo un nuevo homicidio en Entre R\u00edos. Este domingo a las 11:45, se confirm\u00f3 el fallecimiento de Gonzalo Ezequiel Chiriran, que permanec\u00eda internado en la Unidad de Terapia Intensiva del hospital \u201cDelicia Concepci\u00f3n Masvernat\u201d de Concordia. Hab\u00eda ingresado al nosocomio concordiense, de manera particular, a las 21:10 del viernes 6 de junio, con una [&hellip;]","og_url":"https:\/\/diariodelsurdigital.com.ar\/?p=3167","og_site_name":"Diario del Sur","article_published_time":"2025-06-16T00:11:58+00:00","og_image":[{"width":870,"height":580,"url":"https:\/\/diariodelsurdigital.com.ar\/wp-content\/uploads\/2025\/06\/l_1656421018.jpg","type":"image\/jpeg"}],"author":"Diario del Sur Digital","twitter_card":"summary_large_image","twitter_misc":{"Escrito por":"Diario del Sur Digital","Tiempo de lectura":"2 minutos"},"schema":{"@context":"https:\/\/schema.org","@graph":[{"@type":"Article","@id":"https:\/\/diariodelsurdigital.com.ar\/?p=3167#article","isPartOf":{"@id":"https:\/\/diariodelsurdigital.com.ar\/?p=3167"},"author":{"name":"Diario del Sur Digital","@id":"https:\/\/diariodelsurdigital.com.ar\/#\/schema\/person\/d794acb23337e88c6e4004a39c32be62"},"headline":"Otro homicidio en Entre R\u00edos: la v\u00edctima muri\u00f3 en el hospital y su victimario est\u00e1 preso","datePublished":"2025-06-16T00:11:58+00:00","mainEntityOfPage":{"@id":"https:\/\/diariodelsurdigital.com.ar\/?p=3167"},"wordCount":250,"commentCount":0,"image":{"@id":"https:\/\/diariodelsurdigital.com.ar\/?p=3167#primaryimage"},"thumbnailUrl":"https:\/\/diariodelsurdigital.com.ar\/wp-content\/uploads\/2025\/06\/l_1656421018.jpg","articleSection":["Locales","Policiales"],"inLanguage":"es","potentialAction":[{"@type":"CommentAction","name":"Comment","target":["https:\/\/diariodelsurdigital.com.ar\/?p=3167#respond"]}]},{"@type":"WebPage","@id":"https:\/\/diariodelsurdigital.com.ar\/?p=3167","url":"https:\/\/diariodelsurdigital.com.ar\/?p=3167","name":"Otro homicidio en Entre R\u00edos: la v\u00edctima muri\u00f3 en el hospital y su victimario est\u00e1 preso - Diario del Sur","isPartOf":{"@id":"https:\/\/diariodelsurdigital.com.ar\/#website"},"primaryImageOfPage":{"@id":"https:\/\/diariodelsurdigital.com.ar\/?p=3167#primaryimage"},"image":{"@id":"https:\/\/diariodelsurdigital.com.ar\/?p=3167#primaryimage"},"thumbnailUrl":"https:\/\/diariodelsurdigital.com.ar\/wp-content\/uploads\/2025\/06\/l_1656421018.jpg","datePublished":"2025-06-16T00:11:58+00:00","author":{"@id":"https:\/\/diariodelsurdigital.com.ar\/#\/schema\/person\/d794acb23337e88c6e4004a39c32be62"},"breadcrumb":{"@id":"https:\/\/diariodelsurdigital.com.ar\/?p=3167#breadcrumb"},"inLanguage":"es","potentialAction":[{"@type":"ReadAction","target":["https:\/\/diariodelsurdigital.com.ar\/?p=3167"]}]},{"@type":"ImageObject","inLanguage":"es","@id":"https:\/\/diariodelsurdigital.com.ar\/?p=3167#primaryimage","url":"https:\/\/diariodelsurdigital.com.ar\/wp-content\/uploads\/2025\/06\/l_1656421018.jpg","contentUrl":"https:\/\/diariodelsurdigital.com.ar\/wp-content\/uploads\/2025\/06\/l_1656421018.jpg","width":870,"height":580},{"@type":"BreadcrumbList","@id":"https:\/\/diariodelsurdigital.com.ar\/?p=3167#breadcrumb","itemListElement":[{"@type":"ListItem","position":1,"name":"Portada","item":"https:\/\/diariodelsurdigital.com.ar\/"},{"@type":"ListItem","position":2,"name":"Otro homicidio en Entre R\u00edos: la v\u00edctima muri\u00f3 en el hospital y su victimario est\u00e1 preso"}]},{"@type":"WebSite","@id":"https:\/\/diariodelsurdigital.com.ar\/#website","url":"https:\/\/diariodelsurdigital.com.ar\/","name":"Diario del Sur","description":"Digital","potentialAction":[{"@type":"SearchAction","target":{"@type":"EntryPoint","urlTemplate":"https:\/\/diariodelsurdigital.com.ar\/?s={search_term_string}"},"query-input":{"@type":"PropertyValueSpecification","valueRequired":true,"valueName":"search_term_string"}}],"inLanguage":"es"},{"@type":"Person","@id":"https:\/\/diariodelsurdigital.com.ar\/#\/schema\/person\/d794acb23337e88c6e4004a39c32be62","name":"Diario del Sur Digital","image":{"@type":"ImageObject","inLanguage":"es","@id":"https:\/\/secure.gravatar.com\/avatar\/47679bcfa15734cfdefc176b6ad58adeeccac22b2e03e095ada6c622af2b463a?s=96&d=mm&r=g","url":"https:\/\/secure.gravatar.com\/avatar\/47679bcfa15734cfdefc176b6ad58adeeccac22b2e03e095ada6c622af2b463a?s=96&d=mm&r=g","contentUrl":"https:\/\/secure.gravatar.com\/avatar\/47679bcfa15734cfdefc176b6ad58adeeccac22b2e03e095ada6c622af2b463a?s=96&d=mm&r=g","caption":"Diario del Sur Digital"},"url":"https:\/\/diariodelsurdigital.com.ar\/?author=3"}]}},"_links":{"self":[{"href":"https:\/\/diariodelsurdigital.com.ar\/index.php?rest_route=\/wp\/v2\/posts\/3167","targetHints":{"allow":["GET"]}}],"collection":[{"href":"https:\/\/diariodelsurdigital.com.ar\/index.php?rest_route=\/wp\/v2\/posts"}],"about":[{"href":"https:\/\/diariodelsurdigital.com.ar\/index.php?rest_route=\/wp\/v2\/types\/post"}],"author":[{"embeddable":true,"href":"https:\/\/diariodelsurdigital.com.ar\/index.php?rest_route=\/wp\/v2\/users\/3"}],"replies":[{"embeddable":true,"href":"https:\/\/diariodelsurdigital.com.ar\/index.php?rest_route=%2Fwp%2Fv2%2Fcomments&post=3167"}],"version-history":[{"count":1,"href":"https:\/\/diariodelsurdigital.com.ar\/index.php?rest_route=\/wp\/v2\/posts\/3167\/revisions"}],"predecessor-version":[{"id":3169,"href":"https:\/\/diariodelsurdigital.com.ar\/index.php?rest_route=\/wp\/v2\/posts\/3167\/revisions\/3169"}],"wp:featuredmedia":[{"embeddable":true,"href":"https:\/\/diariodelsurdigital.com.ar\/index.php?rest_route=\/wp\/v2\/media\/3168"}],"wp:attachment":[{"href":"https:\/\/diariodelsurdigital.com.ar\/index.php?rest_route=%2Fwp%2Fv2%2Fmedia&parent=3167"}],"wp:term":[{"taxonomy":"category","embeddable":true,"href":"https:\/\/diariodelsurdigital.com.ar\/index.php?rest_route=%2Fwp%2Fv2%2Fcategories&post=3167"},{"taxonomy":"post_tag","embeddable":true,"href":"https:\/\/diariodelsurdigital.com.ar\/index.php?rest_route=%2Fwp%2Fv2%2Ftags&post=3167"}],"curies":[{"name":"wp","href":"https:\/\/api.w.org\/{rel}","templated":true}]}}