{"id":3174,"date":"2025-06-16T12:34:20","date_gmt":"2025-06-16T15:34:20","guid":{"rendered":"https:\/\/diariodelsurdigital.com.ar\/?p=3174"},"modified":"2025-06-16T12:34:21","modified_gmt":"2025-06-16T15:34:21","slug":"dia-del-padre-las-ventas-cayeron-por-tercer-ano-consecutivo","status":"publish","type":"post","link":"https:\/\/diariodelsurdigital.com.ar\/?p=3174","title":{"rendered":"D\u00eda del Padre: las ventas cayeron por tercer a\u00f1o consecutivo"},"content":{"rendered":"\n<p>El ticket promedio alcanz\u00f3 los $41.302, un 8,9% menos que en 2024. Nueve de cada diez comercios hizo alg\u00fan tipo de descuento o lanz\u00f3 alguna oferta, pero la coincidencia con el fin de semana largo y un consumidor cauteloso fueron clave para que no repunte.<\/p>\n\n\n\n<p><\/p>\n\n\n\n<p>Las ventas por el D\u00eda del Padre 2025 cayeron 1,7% este a\u00f1o frente a 2024, pese a que m\u00e1s del 90% de los comercios realizaron promociones especiales, seg\u00fan un informe de la C\u00e1mara Argentina de la Mediana Empresa (CAME).<\/p>\n\n\n\n<p>As\u00ed, el sector minorista acumul\u00f3 tres a\u00f1os consecutivos con las ventas en baja para una de las fechas m\u00e1s importantes del calendario comercial.<\/p>\n\n\n\n<p>\u201cEl D\u00eda del Padre 2025 dej\u00f3 un balance con resultados dispares y un desempe\u00f1o general d\u00e9bil para el comercio minorista. Las principales estrategias aplicadas para motorizar las ventas fueron las facilidades de financiaci\u00f3n con tarjetas de cr\u00e9dito y los descuentos por pago en efectivo, aunque su efectividad result\u00f3 limitada en un contexto con gran cautela por parte de los consumidores\u201d, evalu\u00f3 CAME.<\/p>\n\n\n\n<p>De acuerdo con el sondeo, el ticket promedio alcanz\u00f3 los $41.302, lo que represent\u00f3 un incremento nominal frente al a\u00f1o pasado, pero al descontar la inflaci\u00f3n del per\u00edodo implic\u00f3 una ca\u00edda real del 8,9% en el poder de compra de ese gasto respecto de 2024.<\/p>\n\n\n\n<p>\u201cEste dato se alinea con el comportamiento observado en la mayor\u00eda de los rubros, donde las ventas se concentraron en productos de menor valor y en art\u00edculos en promoci\u00f3n, priorizando el cuidado del gasto familiar\u201d, complet\u00f3 el estudio.<\/p>\n\n\n\n<p>Tres a\u00f1os consecutivos a la baja<\/p>\n\n\n\n<p>De acuerdo con el \u00cdndice de Ventas Minoristas para el D\u00eda del Padre elaborado por CAME, este 2025 se registr\u00f3 por tercer a\u00f1o consecutivo una variaci\u00f3n interanual negativa, que reflej\u00f3 \u201cuna tendencia sostenida de debilidad en el consumo vinculado a esta celebraci\u00f3n\u201d.<\/p>\n\n\n\n<p>El descenso del -1,7% de este a\u00f1o se sum\u00f3 al retroceso del -10,2% de 2024 y del -1,2% de 2023, \u201cconsolidando un ciclo de resultados desfavorables para el sector en esta fecha clave del calendario comercial\u201d, indic\u00f3 y agreg\u00f3 que \u201cesta evoluci\u00f3n evidencia que el D\u00eda del Padre, lejos de constituir un motor para el comercio minorista, se ha visto desdibujado como oportunidad de recuperaci\u00f3n de las ventas\u201d.<\/p>\n\n\n\n<p>Los datos del estudio lo reflejan. El 58% de los comerciantes encuestados se\u00f1al\u00f3 que el D\u00eda del Padre no tuvo impacto o, si bien sum\u00f3 algo de movimiento, no modific\u00f3 la realidad comercial del mes. Solamente un 11,3% afirm\u00f3 que la fecha fue clave para impulsar las ventas.<\/p>\n\n\n\n<p>Para CAME, un elemento que jug\u00f3 en contra de la actividad comercial fue la coincidencia de la fecha con un fin de semana largo, lo que redujo la circulaci\u00f3n en centros comerciales y prioriz\u00f3 el turismo u otras actividades recreativas por sobre las compras, public\u00f3 TN.<\/p>\n\n\n\n<p>\u201cEn este contexto, el comercio minorista volvi\u00f3 a enfrentar un escenario de bajo dinamismo, donde los esfuerzos promocionales y las estrategias de financiaci\u00f3n no alcanzaron para revertir la tendencia decreciente de las ventas reales\u201d concluy\u00f3.<\/p>\n\n\n\n<p>C\u00f3mo se comportaron las ventas, rubro por rubro<\/p>\n\n\n\n<p>En la comparaci\u00f3n interanual, cuatro de los seis rubros medidos presentaron subas. Equipos perif\u00e9ricos, accesorios y celulares fue el de mayor variaci\u00f3n positiva (+9,7%), seguido por Electrodom\u00e9sticos, artefactos del hogar y equipos de audio y video (+5,8%); Cosm\u00e9ticos y perfumer\u00eda (+4,6%), y Calzado y marroquiner\u00eda (+0,6). En sentido contrario, dos rubros presentaron fuertes ca\u00eddas: Indumentaria (-12%) y Librer\u00edas (-8,6%).<\/p>\n\n\n\n<p>Calzado y marroquiner\u00eda: el D\u00eda del Padre tuvo en general un impacto moderado. Algunos comercios reportaron ventas malas o poco movimiento, mientras que otros mencionaron un repunte sobre el fin de semana, impulsado por ofertas y descuentos. Tambi\u00e9n se observ\u00f3 un consumo medido, con una mayor salida de productos m\u00e1s econ\u00f3micos como pantuflas.<\/p>\n\n\n\n<p>Cosm\u00e9ticos y perfumer\u00eda: tuvo un impacto acotado. Se not\u00f3 una mayor variedad y frecuencia de promociones en comparaci\u00f3n con otros rubros. Las ventas fueron mejores que el a\u00f1o pasado, aunque con m\u00e1rgenes muy ajustados.<\/p>\n\n\n\n<p>Adem\u00e1s, se observ\u00f3 un crecimiento en las ventas online, especialmente en perfumer\u00eda. \u201cA pesar de la baja de la inflaci\u00f3n, el consumo sigue siendo medido, con bajo poder adquisitivo y alto endeudamiento\u201d, indic\u00f3 CAME.<\/p>\n","protected":false},"excerpt":{"rendered":"<p>El ticket promedio alcanz\u00f3 los $41.302, un 8,9% menos que en 2024. Nueve de cada diez comercios hizo alg\u00fan tipo de descuento o lanz\u00f3 alguna oferta, pero la coincidencia con el fin de semana largo y un consumidor cauteloso fueron clave para que no repunte. Las ventas por el D\u00eda del Padre 2025 cayeron 1,7% [&hellip;]<\/p>\n","protected":false},"author":4,"featured_media":3175,"comment_status":"open","ping_status":"open","sticky":false,"template":"","format":"standard","meta":{"footnotes":""},"categories":[19],"tags":[],"class_list":{"0":"post-3174","1":"post","2":"type-post","3":"status-publish","4":"format-standard","5":"has-post-thumbnail","7":"category-interes-general"},"yoast_head":"<!-- This site is optimized with the Yoast SEO plugin v27.4 - https:\/\/yoast.com\/product\/yoast-seo-wordpress\/ -->\n<title>D\u00eda del Padre: las ventas cayeron por tercer a\u00f1o consecutivo - Diario del Sur<\/title>\n<meta name=\"robots\" content=\"index, follow, max-snippet:-1, max-image-preview:large, max-video-preview:-1\" \/>\n<link rel=\"canonical\" href=\"https:\/\/diariodelsurdigital.com.ar\/?p=3174\" \/>\n<meta property=\"og:locale\" content=\"es_ES\" \/>\n<meta property=\"og:type\" content=\"article\" \/>\n<meta property=\"og:title\" content=\"D\u00eda del Padre: las ventas cayeron por tercer a\u00f1o consecutivo - Diario del Sur\" \/>\n<meta property=\"og:description\" content=\"El ticket promedio alcanz\u00f3 los $41.302, un 8,9% menos que en 2024. Nueve de cada diez comercios hizo alg\u00fan tipo de descuento o lanz\u00f3 alguna oferta, pero la coincidencia con el fin de semana largo y un consumidor cauteloso fueron clave para que no repunte. Las ventas por el D\u00eda del Padre 2025 cayeron 1,7% [&hellip;]\" \/>\n<meta property=\"og:url\" content=\"https:\/\/diariodelsurdigital.com.ar\/?p=3174\" \/>\n<meta property=\"og:site_name\" content=\"Diario del Sur\" \/>\n<meta property=\"article:published_time\" content=\"2025-06-16T15:34:20+00:00\" \/>\n<meta property=\"article:modified_time\" content=\"2025-06-16T15:34:21+00:00\" \/>\n<meta property=\"og:image\" content=\"https:\/\/diariodelsurdigital.com.ar\/wp-content\/uploads\/2025\/06\/md-9-1.webp\" \/>\n\t<meta property=\"og:image:width\" content=\"992\" \/>\n\t<meta property=\"og:image:height\" content=\"562\" \/>\n\t<meta property=\"og:image:type\" content=\"image\/webp\" \/>\n<meta name=\"author\" content=\"Diario del Sur Digital\" \/>\n<meta name=\"twitter:card\" content=\"summary_large_image\" \/>\n<meta name=\"twitter:label1\" content=\"Escrito por\" \/>\n\t<meta name=\"twitter:data1\" content=\"Diario del Sur Digital\" \/>\n\t<meta name=\"twitter:label2\" content=\"Tiempo de lectura\" \/>\n\t<meta name=\"twitter:data2\" content=\"4 minutos\" \/>\n<script type=\"application\/ld+json\" class=\"yoast-schema-graph\">{\"@context\":\"https:\\\/\\\/schema.org\",\"@graph\":[{\"@type\":\"Article\",\"@id\":\"https:\\\/\\\/diariodelsurdigital.com.ar\\\/?p=3174#article\",\"isPartOf\":{\"@id\":\"https:\\\/\\\/diariodelsurdigital.com.ar\\\/?p=3174\"},\"author\":{\"name\":\"Diario del Sur Digital\",\"@id\":\"https:\\\/\\\/diariodelsurdigital.com.ar\\\/#\\\/schema\\\/person\\\/1a4992532ed62965c968031b49195c81\"},\"headline\":\"D\u00eda del Padre: las ventas cayeron por tercer a\u00f1o consecutivo\",\"datePublished\":\"2025-06-16T15:34:20+00:00\",\"dateModified\":\"2025-06-16T15:34:21+00:00\",\"mainEntityOfPage\":{\"@id\":\"https:\\\/\\\/diariodelsurdigital.com.ar\\\/?p=3174\"},\"wordCount\":733,\"commentCount\":0,\"image\":{\"@id\":\"https:\\\/\\\/diariodelsurdigital.com.ar\\\/?p=3174#primaryimage\"},\"thumbnailUrl\":\"https:\\\/\\\/diariodelsurdigital.com.ar\\\/wp-content\\\/uploads\\\/2025\\\/06\\\/md-9-1.webp\",\"articleSection\":[\"Inter\u00e9s General\"],\"inLanguage\":\"es\",\"potentialAction\":[{\"@type\":\"CommentAction\",\"name\":\"Comment\",\"target\":[\"https:\\\/\\\/diariodelsurdigital.com.ar\\\/?p=3174#respond\"]}]},{\"@type\":\"WebPage\",\"@id\":\"https:\\\/\\\/diariodelsurdigital.com.ar\\\/?p=3174\",\"url\":\"https:\\\/\\\/diariodelsurdigital.com.ar\\\/?p=3174\",\"name\":\"D\u00eda del Padre: las ventas cayeron por tercer a\u00f1o consecutivo - Diario del Sur\",\"isPartOf\":{\"@id\":\"https:\\\/\\\/diariodelsurdigital.com.ar\\\/#website\"},\"primaryImageOfPage\":{\"@id\":\"https:\\\/\\\/diariodelsurdigital.com.ar\\\/?p=3174#primaryimage\"},\"image\":{\"@id\":\"https:\\\/\\\/diariodelsurdigital.com.ar\\\/?p=3174#primaryimage\"},\"thumbnailUrl\":\"https:\\\/\\\/diariodelsurdigital.com.ar\\\/wp-content\\\/uploads\\\/2025\\\/06\\\/md-9-1.webp\",\"datePublished\":\"2025-06-16T15:34:20+00:00\",\"dateModified\":\"2025-06-16T15:34:21+00:00\",\"author\":{\"@id\":\"https:\\\/\\\/diariodelsurdigital.com.ar\\\/#\\\/schema\\\/person\\\/1a4992532ed62965c968031b49195c81\"},\"breadcrumb\":{\"@id\":\"https:\\\/\\\/diariodelsurdigital.com.ar\\\/?p=3174#breadcrumb\"},\"inLanguage\":\"es\",\"potentialAction\":[{\"@type\":\"ReadAction\",\"target\":[\"https:\\\/\\\/diariodelsurdigital.com.ar\\\/?p=3174\"]}]},{\"@type\":\"ImageObject\",\"inLanguage\":\"es\",\"@id\":\"https:\\\/\\\/diariodelsurdigital.com.ar\\\/?p=3174#primaryimage\",\"url\":\"https:\\\/\\\/diariodelsurdigital.com.ar\\\/wp-content\\\/uploads\\\/2025\\\/06\\\/md-9-1.webp\",\"contentUrl\":\"https:\\\/\\\/diariodelsurdigital.com.ar\\\/wp-content\\\/uploads\\\/2025\\\/06\\\/md-9-1.webp\",\"width\":992,\"height\":562},{\"@type\":\"BreadcrumbList\",\"@id\":\"https:\\\/\\\/diariodelsurdigital.com.ar\\\/?p=3174#breadcrumb\",\"itemListElement\":[{\"@type\":\"ListItem\",\"position\":1,\"name\":\"Portada\",\"item\":\"https:\\\/\\\/diariodelsurdigital.com.ar\\\/\"},{\"@type\":\"ListItem\",\"position\":2,\"name\":\"D\u00eda del Padre: las ventas cayeron por tercer a\u00f1o consecutivo\"}]},{\"@type\":\"WebSite\",\"@id\":\"https:\\\/\\\/diariodelsurdigital.com.ar\\\/#website\",\"url\":\"https:\\\/\\\/diariodelsurdigital.com.ar\\\/\",\"name\":\"Diario del Sur\",\"description\":\"Digital\",\"potentialAction\":[{\"@type\":\"SearchAction\",\"target\":{\"@type\":\"EntryPoint\",\"urlTemplate\":\"https:\\\/\\\/diariodelsurdigital.com.ar\\\/?s={search_term_string}\"},\"query-input\":{\"@type\":\"PropertyValueSpecification\",\"valueRequired\":true,\"valueName\":\"search_term_string\"}}],\"inLanguage\":\"es\"},{\"@type\":\"Person\",\"@id\":\"https:\\\/\\\/diariodelsurdigital.com.ar\\\/#\\\/schema\\\/person\\\/1a4992532ed62965c968031b49195c81\",\"name\":\"Diario del Sur Digital\",\"image\":{\"@type\":\"ImageObject\",\"inLanguage\":\"es\",\"@id\":\"https:\\\/\\\/secure.gravatar.com\\\/avatar\\\/f0c7c47fc7146d19828273b9b8eda651c9c7ab583767e6338d3d3bee825adf76?s=96&d=mm&r=g\",\"url\":\"https:\\\/\\\/secure.gravatar.com\\\/avatar\\\/f0c7c47fc7146d19828273b9b8eda651c9c7ab583767e6338d3d3bee825adf76?s=96&d=mm&r=g\",\"contentUrl\":\"https:\\\/\\\/secure.gravatar.com\\\/avatar\\\/f0c7c47fc7146d19828273b9b8eda651c9c7ab583767e6338d3d3bee825adf76?s=96&d=mm&r=g\",\"caption\":\"Diario del Sur Digital\"},\"url\":\"https:\\\/\\\/diariodelsurdigital.com.ar\\\/?author=4\"}]}<\/script>\n<!-- \/ Yoast SEO plugin. -->","yoast_head_json":{"title":"D\u00eda del Padre: las ventas cayeron por tercer a\u00f1o consecutivo - Diario del Sur","robots":{"index":"index","follow":"follow","max-snippet":"max-snippet:-1","max-image-preview":"max-image-preview:large","max-video-preview":"max-video-preview:-1"},"canonical":"https:\/\/diariodelsurdigital.com.ar\/?p=3174","og_locale":"es_ES","og_type":"article","og_title":"D\u00eda del Padre: las ventas cayeron por tercer a\u00f1o consecutivo - Diario del Sur","og_description":"El ticket promedio alcanz\u00f3 los $41.302, un 8,9% menos que en 2024. Nueve de cada diez comercios hizo alg\u00fan tipo de descuento o lanz\u00f3 alguna oferta, pero la coincidencia con el fin de semana largo y un consumidor cauteloso fueron clave para que no repunte. Las ventas por el D\u00eda del Padre 2025 cayeron 1,7% [&hellip;]","og_url":"https:\/\/diariodelsurdigital.com.ar\/?p=3174","og_site_name":"Diario del Sur","article_published_time":"2025-06-16T15:34:20+00:00","article_modified_time":"2025-06-16T15:34:21+00:00","og_image":[{"width":992,"height":562,"url":"https:\/\/diariodelsurdigital.com.ar\/wp-content\/uploads\/2025\/06\/md-9-1.webp","type":"image\/webp"}],"author":"Diario del Sur Digital","twitter_card":"summary_large_image","twitter_misc":{"Escrito por":"Diario del Sur Digital","Tiempo de lectura":"4 minutos"},"schema":{"@context":"https:\/\/schema.org","@graph":[{"@type":"Article","@id":"https:\/\/diariodelsurdigital.com.ar\/?p=3174#article","isPartOf":{"@id":"https:\/\/diariodelsurdigital.com.ar\/?p=3174"},"author":{"name":"Diario del Sur Digital","@id":"https:\/\/diariodelsurdigital.com.ar\/#\/schema\/person\/1a4992532ed62965c968031b49195c81"},"headline":"D\u00eda del Padre: las ventas cayeron por tercer a\u00f1o consecutivo","datePublished":"2025-06-16T15:34:20+00:00","dateModified":"2025-06-16T15:34:21+00:00","mainEntityOfPage":{"@id":"https:\/\/diariodelsurdigital.com.ar\/?p=3174"},"wordCount":733,"commentCount":0,"image":{"@id":"https:\/\/diariodelsurdigital.com.ar\/?p=3174#primaryimage"},"thumbnailUrl":"https:\/\/diariodelsurdigital.com.ar\/wp-content\/uploads\/2025\/06\/md-9-1.webp","articleSection":["Inter\u00e9s General"],"inLanguage":"es","potentialAction":[{"@type":"CommentAction","name":"Comment","target":["https:\/\/diariodelsurdigital.com.ar\/?p=3174#respond"]}]},{"@type":"WebPage","@id":"https:\/\/diariodelsurdigital.com.ar\/?p=3174","url":"https:\/\/diariodelsurdigital.com.ar\/?p=3174","name":"D\u00eda del Padre: las ventas cayeron por tercer a\u00f1o consecutivo - Diario del Sur","isPartOf":{"@id":"https:\/\/diariodelsurdigital.com.ar\/#website"},"primaryImageOfPage":{"@id":"https:\/\/diariodelsurdigital.com.ar\/?p=3174#primaryimage"},"image":{"@id":"https:\/\/diariodelsurdigital.com.ar\/?p=3174#primaryimage"},"thumbnailUrl":"https:\/\/diariodelsurdigital.com.ar\/wp-content\/uploads\/2025\/06\/md-9-1.webp","datePublished":"2025-06-16T15:34:20+00:00","dateModified":"2025-06-16T15:34:21+00:00","author":{"@id":"https:\/\/diariodelsurdigital.com.ar\/#\/schema\/person\/1a4992532ed62965c968031b49195c81"},"breadcrumb":{"@id":"https:\/\/diariodelsurdigital.com.ar\/?p=3174#breadcrumb"},"inLanguage":"es","potentialAction":[{"@type":"ReadAction","target":["https:\/\/diariodelsurdigital.com.ar\/?p=3174"]}]},{"@type":"ImageObject","inLanguage":"es","@id":"https:\/\/diariodelsurdigital.com.ar\/?p=3174#primaryimage","url":"https:\/\/diariodelsurdigital.com.ar\/wp-content\/uploads\/2025\/06\/md-9-1.webp","contentUrl":"https:\/\/diariodelsurdigital.com.ar\/wp-content\/uploads\/2025\/06\/md-9-1.webp","width":992,"height":562},{"@type":"BreadcrumbList","@id":"https:\/\/diariodelsurdigital.com.ar\/?p=3174#breadcrumb","itemListElement":[{"@type":"ListItem","position":1,"name":"Portada","item":"https:\/\/diariodelsurdigital.com.ar\/"},{"@type":"ListItem","position":2,"name":"D\u00eda del Padre: las ventas cayeron por tercer a\u00f1o consecutivo"}]},{"@type":"WebSite","@id":"https:\/\/diariodelsurdigital.com.ar\/#website","url":"https:\/\/diariodelsurdigital.com.ar\/","name":"Diario del Sur","description":"Digital","potentialAction":[{"@type":"SearchAction","target":{"@type":"EntryPoint","urlTemplate":"https:\/\/diariodelsurdigital.com.ar\/?s={search_term_string}"},"query-input":{"@type":"PropertyValueSpecification","valueRequired":true,"valueName":"search_term_string"}}],"inLanguage":"es"},{"@type":"Person","@id":"https:\/\/diariodelsurdigital.com.ar\/#\/schema\/person\/1a4992532ed62965c968031b49195c81","name":"Diario del Sur Digital","image":{"@type":"ImageObject","inLanguage":"es","@id":"https:\/\/secure.gravatar.com\/avatar\/f0c7c47fc7146d19828273b9b8eda651c9c7ab583767e6338d3d3bee825adf76?s=96&d=mm&r=g","url":"https:\/\/secure.gravatar.com\/avatar\/f0c7c47fc7146d19828273b9b8eda651c9c7ab583767e6338d3d3bee825adf76?s=96&d=mm&r=g","contentUrl":"https:\/\/secure.gravatar.com\/avatar\/f0c7c47fc7146d19828273b9b8eda651c9c7ab583767e6338d3d3bee825adf76?s=96&d=mm&r=g","caption":"Diario del Sur Digital"},"url":"https:\/\/diariodelsurdigital.com.ar\/?author=4"}]}},"_links":{"self":[{"href":"https:\/\/diariodelsurdigital.com.ar\/index.php?rest_route=\/wp\/v2\/posts\/3174","targetHints":{"allow":["GET"]}}],"collection":[{"href":"https:\/\/diariodelsurdigital.com.ar\/index.php?rest_route=\/wp\/v2\/posts"}],"about":[{"href":"https:\/\/diariodelsurdigital.com.ar\/index.php?rest_route=\/wp\/v2\/types\/post"}],"author":[{"embeddable":true,"href":"https:\/\/diariodelsurdigital.com.ar\/index.php?rest_route=\/wp\/v2\/users\/4"}],"replies":[{"embeddable":true,"href":"https:\/\/diariodelsurdigital.com.ar\/index.php?rest_route=%2Fwp%2Fv2%2Fcomments&post=3174"}],"version-history":[{"count":1,"href":"https:\/\/diariodelsurdigital.com.ar\/index.php?rest_route=\/wp\/v2\/posts\/3174\/revisions"}],"predecessor-version":[{"id":3176,"href":"https:\/\/diariodelsurdigital.com.ar\/index.php?rest_route=\/wp\/v2\/posts\/3174\/revisions\/3176"}],"wp:featuredmedia":[{"embeddable":true,"href":"https:\/\/diariodelsurdigital.com.ar\/index.php?rest_route=\/wp\/v2\/media\/3175"}],"wp:attachment":[{"href":"https:\/\/diariodelsurdigital.com.ar\/index.php?rest_route=%2Fwp%2Fv2%2Fmedia&parent=3174"}],"wp:term":[{"taxonomy":"category","embeddable":true,"href":"https:\/\/diariodelsurdigital.com.ar\/index.php?rest_route=%2Fwp%2Fv2%2Fcategories&post=3174"},{"taxonomy":"post_tag","embeddable":true,"href":"https:\/\/diariodelsurdigital.com.ar\/index.php?rest_route=%2Fwp%2Fv2%2Ftags&post=3174"}],"curies":[{"name":"wp","href":"https:\/\/api.w.org\/{rel}","templated":true}]}}