{"id":3180,"date":"2025-06-16T12:43:38","date_gmt":"2025-06-16T15:43:38","guid":{"rendered":"https:\/\/diariodelsurdigital.com.ar\/?p=3180"},"modified":"2025-06-16T12:43:40","modified_gmt":"2025-06-16T15:43:40","slug":"jose-caceres-advirtio-que-la-doctrina-de-la-mano-dura-esta-causando-mucho-dano-en-la-provincia","status":"publish","type":"post","link":"https:\/\/diariodelsurdigital.com.ar\/?p=3180","title":{"rendered":"Jos\u00e9 C\u00e1ceres advirti\u00f3 que \u201cla doctrina de la mano dura est\u00e1 causando mucho da\u00f1o en la provincia\u201d"},"content":{"rendered":"\n<p>A trav\u00e9s de las redes sociales, el presidente del PJ entrerriano, dijo que el gobernador \u00abusa a la polic\u00eda para amedrentar militantes\u00bb y que \u00abdemorar a cinco pibes por hacer una pintada pol\u00edtica es una exageraci\u00f3n\u00bb. \u00abLa doctrina de la mano dura est\u00e1 causando mucho da\u00f1o en la provincia\u00bb, asegur\u00f3.<\/p>\n\n\n\n<p>\u00abFrigerio usa a la polic\u00eda para amedrentar militantes, cuando deber\u00eda estar ocup\u00e1ndose de la seguridad de la gente\u00bb, dispar\u00f3 el dirigente peronista desde sus cuentas en redes sociales y agreg\u00f3 que \u00abdemorar a cinco j\u00f3venes por hacer una pintada pol\u00edtica es una exageraci\u00f3n y una p\u00e9sima se\u00f1al del gobierno de la provincia\u201d.<\/p>\n\n\n\n<p>\u201cLa doctrina de la mano dura est\u00e1 causando mucho da\u00f1o en la provincia y el Ejecutivo deber\u00eda tomar nota y ser m\u00e1s responsable\u00bb, sostuvo.<\/p>\n\n\n\n<p>Seg\u00fan C\u00e1ceres, \u00abno es un hecho aislado, sino que desde hace un tiempo vemos con preocupaci\u00f3n c\u00f3mo la violencia y el atropello hacia la gente se ha vuelto una constante de parte del Gobierno que se sube a la ola de Milei y Patricia Bullrich sin medir las consecuencias\u00bb y, en ese sentido, cuestion\u00f3: \u00abAhora se la agarran con las pintadas, una pr\u00e1ctica habitual entre la militancia\u00bb.<\/p>\n\n\n\n<p>\u00abLlamo al gobernador Frigerio y a su Ministro a poner un poco de racionalidad a la gesti\u00f3n y a priorizar el respeto hacia las y los ciudadanos, a los que lo votaron y a los que no\u00bb, manifest\u00f3 en otro tramo de la publicaci\u00f3n. \u00abHago llegar mi solidaridad a los compa\u00f1eros que tuvieron que pasar por un momento inc\u00f3modo y violento, s\u00f3lo por expresarse. Los entrerrianos estamos acostumbrados a convivir pac\u00edficamente, sin agresiones y en libertad\u00bb, finaliz\u00f3 el presidente del PJ.<\/p>\n","protected":false},"excerpt":{"rendered":"<p>A trav\u00e9s de las redes sociales, el presidente del PJ entrerriano, dijo que el gobernador \u00abusa a la polic\u00eda para amedrentar militantes\u00bb y que \u00abdemorar a cinco pibes por hacer una pintada pol\u00edtica es una exageraci\u00f3n\u00bb. \u00abLa doctrina de la mano dura est\u00e1 causando mucho da\u00f1o en la provincia\u00bb, asegur\u00f3. \u00abFrigerio usa a la polic\u00eda [&hellip;]<\/p>\n","protected":false},"author":4,"featured_media":3181,"comment_status":"open","ping_status":"open","sticky":false,"template":"","format":"standard","meta":{"footnotes":""},"categories":[22,17],"tags":[],"class_list":{"0":"post-3180","1":"post","2":"type-post","3":"status-publish","4":"format-standard","5":"has-post-thumbnail","7":"category-politica","8":"category-provinciales"},"yoast_head":"<!-- This site is optimized with the Yoast SEO plugin v27.4 - https:\/\/yoast.com\/product\/yoast-seo-wordpress\/ -->\n<title>Jos\u00e9 C\u00e1ceres advirti\u00f3 que \u201cla doctrina de la mano dura est\u00e1 causando mucho da\u00f1o en la provincia\u201d - Diario del Sur<\/title>\n<meta name=\"robots\" content=\"index, follow, max-snippet:-1, max-image-preview:large, max-video-preview:-1\" \/>\n<link rel=\"canonical\" href=\"https:\/\/diariodelsurdigital.com.ar\/?p=3180\" \/>\n<meta property=\"og:locale\" content=\"es_ES\" \/>\n<meta property=\"og:type\" content=\"article\" \/>\n<meta property=\"og:title\" content=\"Jos\u00e9 C\u00e1ceres advirti\u00f3 que \u201cla doctrina de la mano dura est\u00e1 causando mucho da\u00f1o en la provincia\u201d - Diario del Sur\" \/>\n<meta property=\"og:description\" content=\"A trav\u00e9s de las redes sociales, el presidente del PJ entrerriano, dijo que el gobernador \u00abusa a la polic\u00eda para amedrentar militantes\u00bb y que \u00abdemorar a cinco pibes por hacer una pintada pol\u00edtica es una exageraci\u00f3n\u00bb. \u00abLa doctrina de la mano dura est\u00e1 causando mucho da\u00f1o en la provincia\u00bb, asegur\u00f3. \u00abFrigerio usa a la polic\u00eda [&hellip;]\" \/>\n<meta property=\"og:url\" content=\"https:\/\/diariodelsurdigital.com.ar\/?p=3180\" \/>\n<meta property=\"og:site_name\" content=\"Diario del Sur\" \/>\n<meta property=\"article:published_time\" content=\"2025-06-16T15:43:38+00:00\" \/>\n<meta property=\"article:modified_time\" content=\"2025-06-16T15:43:40+00:00\" \/>\n<meta property=\"og:image\" content=\"https:\/\/diariodelsurdigital.com.ar\/wp-content\/uploads\/2025\/06\/md-12-1.webp\" \/>\n\t<meta property=\"og:image:width\" content=\"992\" \/>\n\t<meta property=\"og:image:height\" content=\"674\" \/>\n\t<meta property=\"og:image:type\" content=\"image\/webp\" \/>\n<meta name=\"author\" content=\"Diario del Sur Digital\" \/>\n<meta name=\"twitter:card\" content=\"summary_large_image\" \/>\n<meta name=\"twitter:label1\" content=\"Escrito por\" \/>\n\t<meta name=\"twitter:data1\" content=\"Diario del Sur Digital\" \/>\n\t<meta name=\"twitter:label2\" content=\"Tiempo de lectura\" \/>\n\t<meta name=\"twitter:data2\" content=\"2 minutos\" \/>\n<script type=\"application\/ld+json\" class=\"yoast-schema-graph\">{\"@context\":\"https:\\\/\\\/schema.org\",\"@graph\":[{\"@type\":\"Article\",\"@id\":\"https:\\\/\\\/diariodelsurdigital.com.ar\\\/?p=3180#article\",\"isPartOf\":{\"@id\":\"https:\\\/\\\/diariodelsurdigital.com.ar\\\/?p=3180\"},\"author\":{\"name\":\"Diario del Sur Digital\",\"@id\":\"https:\\\/\\\/diariodelsurdigital.com.ar\\\/#\\\/schema\\\/person\\\/1a4992532ed62965c968031b49195c81\"},\"headline\":\"Jos\u00e9 C\u00e1ceres advirti\u00f3 que \u201cla doctrina de la mano dura est\u00e1 causando mucho da\u00f1o en la provincia\u201d\",\"datePublished\":\"2025-06-16T15:43:38+00:00\",\"dateModified\":\"2025-06-16T15:43:40+00:00\",\"mainEntityOfPage\":{\"@id\":\"https:\\\/\\\/diariodelsurdigital.com.ar\\\/?p=3180\"},\"wordCount\":320,\"commentCount\":0,\"image\":{\"@id\":\"https:\\\/\\\/diariodelsurdigital.com.ar\\\/?p=3180#primaryimage\"},\"thumbnailUrl\":\"https:\\\/\\\/diariodelsurdigital.com.ar\\\/wp-content\\\/uploads\\\/2025\\\/06\\\/md-12-1.webp\",\"articleSection\":[\"Pol\u00edtica\",\"Provinciales\"],\"inLanguage\":\"es\",\"potentialAction\":[{\"@type\":\"CommentAction\",\"name\":\"Comment\",\"target\":[\"https:\\\/\\\/diariodelsurdigital.com.ar\\\/?p=3180#respond\"]}]},{\"@type\":\"WebPage\",\"@id\":\"https:\\\/\\\/diariodelsurdigital.com.ar\\\/?p=3180\",\"url\":\"https:\\\/\\\/diariodelsurdigital.com.ar\\\/?p=3180\",\"name\":\"Jos\u00e9 C\u00e1ceres advirti\u00f3 que \u201cla doctrina de la mano dura est\u00e1 causando mucho da\u00f1o en la provincia\u201d - Diario del Sur\",\"isPartOf\":{\"@id\":\"https:\\\/\\\/diariodelsurdigital.com.ar\\\/#website\"},\"primaryImageOfPage\":{\"@id\":\"https:\\\/\\\/diariodelsurdigital.com.ar\\\/?p=3180#primaryimage\"},\"image\":{\"@id\":\"https:\\\/\\\/diariodelsurdigital.com.ar\\\/?p=3180#primaryimage\"},\"thumbnailUrl\":\"https:\\\/\\\/diariodelsurdigital.com.ar\\\/wp-content\\\/uploads\\\/2025\\\/06\\\/md-12-1.webp\",\"datePublished\":\"2025-06-16T15:43:38+00:00\",\"dateModified\":\"2025-06-16T15:43:40+00:00\",\"author\":{\"@id\":\"https:\\\/\\\/diariodelsurdigital.com.ar\\\/#\\\/schema\\\/person\\\/1a4992532ed62965c968031b49195c81\"},\"breadcrumb\":{\"@id\":\"https:\\\/\\\/diariodelsurdigital.com.ar\\\/?p=3180#breadcrumb\"},\"inLanguage\":\"es\",\"potentialAction\":[{\"@type\":\"ReadAction\",\"target\":[\"https:\\\/\\\/diariodelsurdigital.com.ar\\\/?p=3180\"]}]},{\"@type\":\"ImageObject\",\"inLanguage\":\"es\",\"@id\":\"https:\\\/\\\/diariodelsurdigital.com.ar\\\/?p=3180#primaryimage\",\"url\":\"https:\\\/\\\/diariodelsurdigital.com.ar\\\/wp-content\\\/uploads\\\/2025\\\/06\\\/md-12-1.webp\",\"contentUrl\":\"https:\\\/\\\/diariodelsurdigital.com.ar\\\/wp-content\\\/uploads\\\/2025\\\/06\\\/md-12-1.webp\",\"width\":992,\"height\":674},{\"@type\":\"BreadcrumbList\",\"@id\":\"https:\\\/\\\/diariodelsurdigital.com.ar\\\/?p=3180#breadcrumb\",\"itemListElement\":[{\"@type\":\"ListItem\",\"position\":1,\"name\":\"Portada\",\"item\":\"https:\\\/\\\/diariodelsurdigital.com.ar\\\/\"},{\"@type\":\"ListItem\",\"position\":2,\"name\":\"Jos\u00e9 C\u00e1ceres advirti\u00f3 que \u201cla doctrina de la mano dura est\u00e1 causando mucho da\u00f1o en la provincia\u201d\"}]},{\"@type\":\"WebSite\",\"@id\":\"https:\\\/\\\/diariodelsurdigital.com.ar\\\/#website\",\"url\":\"https:\\\/\\\/diariodelsurdigital.com.ar\\\/\",\"name\":\"Diario del Sur\",\"description\":\"Digital\",\"potentialAction\":[{\"@type\":\"SearchAction\",\"target\":{\"@type\":\"EntryPoint\",\"urlTemplate\":\"https:\\\/\\\/diariodelsurdigital.com.ar\\\/?s={search_term_string}\"},\"query-input\":{\"@type\":\"PropertyValueSpecification\",\"valueRequired\":true,\"valueName\":\"search_term_string\"}}],\"inLanguage\":\"es\"},{\"@type\":\"Person\",\"@id\":\"https:\\\/\\\/diariodelsurdigital.com.ar\\\/#\\\/schema\\\/person\\\/1a4992532ed62965c968031b49195c81\",\"name\":\"Diario del Sur Digital\",\"image\":{\"@type\":\"ImageObject\",\"inLanguage\":\"es\",\"@id\":\"https:\\\/\\\/secure.gravatar.com\\\/avatar\\\/f0c7c47fc7146d19828273b9b8eda651c9c7ab583767e6338d3d3bee825adf76?s=96&d=mm&r=g\",\"url\":\"https:\\\/\\\/secure.gravatar.com\\\/avatar\\\/f0c7c47fc7146d19828273b9b8eda651c9c7ab583767e6338d3d3bee825adf76?s=96&d=mm&r=g\",\"contentUrl\":\"https:\\\/\\\/secure.gravatar.com\\\/avatar\\\/f0c7c47fc7146d19828273b9b8eda651c9c7ab583767e6338d3d3bee825adf76?s=96&d=mm&r=g\",\"caption\":\"Diario del Sur Digital\"},\"url\":\"https:\\\/\\\/diariodelsurdigital.com.ar\\\/?author=4\"}]}<\/script>\n<!-- \/ Yoast SEO plugin. -->","yoast_head_json":{"title":"Jos\u00e9 C\u00e1ceres advirti\u00f3 que \u201cla doctrina de la mano dura est\u00e1 causando mucho da\u00f1o en la provincia\u201d - Diario del Sur","robots":{"index":"index","follow":"follow","max-snippet":"max-snippet:-1","max-image-preview":"max-image-preview:large","max-video-preview":"max-video-preview:-1"},"canonical":"https:\/\/diariodelsurdigital.com.ar\/?p=3180","og_locale":"es_ES","og_type":"article","og_title":"Jos\u00e9 C\u00e1ceres advirti\u00f3 que \u201cla doctrina de la mano dura est\u00e1 causando mucho da\u00f1o en la provincia\u201d - Diario del Sur","og_description":"A trav\u00e9s de las redes sociales, el presidente del PJ entrerriano, dijo que el gobernador \u00abusa a la polic\u00eda para amedrentar militantes\u00bb y que \u00abdemorar a cinco pibes por hacer una pintada pol\u00edtica es una exageraci\u00f3n\u00bb. \u00abLa doctrina de la mano dura est\u00e1 causando mucho da\u00f1o en la provincia\u00bb, asegur\u00f3. \u00abFrigerio usa a la polic\u00eda [&hellip;]","og_url":"https:\/\/diariodelsurdigital.com.ar\/?p=3180","og_site_name":"Diario del Sur","article_published_time":"2025-06-16T15:43:38+00:00","article_modified_time":"2025-06-16T15:43:40+00:00","og_image":[{"width":992,"height":674,"url":"https:\/\/diariodelsurdigital.com.ar\/wp-content\/uploads\/2025\/06\/md-12-1.webp","type":"image\/webp"}],"author":"Diario del Sur Digital","twitter_card":"summary_large_image","twitter_misc":{"Escrito por":"Diario del Sur Digital","Tiempo de lectura":"2 minutos"},"schema":{"@context":"https:\/\/schema.org","@graph":[{"@type":"Article","@id":"https:\/\/diariodelsurdigital.com.ar\/?p=3180#article","isPartOf":{"@id":"https:\/\/diariodelsurdigital.com.ar\/?p=3180"},"author":{"name":"Diario del Sur Digital","@id":"https:\/\/diariodelsurdigital.com.ar\/#\/schema\/person\/1a4992532ed62965c968031b49195c81"},"headline":"Jos\u00e9 C\u00e1ceres advirti\u00f3 que \u201cla doctrina de la mano dura est\u00e1 causando mucho da\u00f1o en la provincia\u201d","datePublished":"2025-06-16T15:43:38+00:00","dateModified":"2025-06-16T15:43:40+00:00","mainEntityOfPage":{"@id":"https:\/\/diariodelsurdigital.com.ar\/?p=3180"},"wordCount":320,"commentCount":0,"image":{"@id":"https:\/\/diariodelsurdigital.com.ar\/?p=3180#primaryimage"},"thumbnailUrl":"https:\/\/diariodelsurdigital.com.ar\/wp-content\/uploads\/2025\/06\/md-12-1.webp","articleSection":["Pol\u00edtica","Provinciales"],"inLanguage":"es","potentialAction":[{"@type":"CommentAction","name":"Comment","target":["https:\/\/diariodelsurdigital.com.ar\/?p=3180#respond"]}]},{"@type":"WebPage","@id":"https:\/\/diariodelsurdigital.com.ar\/?p=3180","url":"https:\/\/diariodelsurdigital.com.ar\/?p=3180","name":"Jos\u00e9 C\u00e1ceres advirti\u00f3 que \u201cla doctrina de la mano dura est\u00e1 causando mucho da\u00f1o en la provincia\u201d - Diario del Sur","isPartOf":{"@id":"https:\/\/diariodelsurdigital.com.ar\/#website"},"primaryImageOfPage":{"@id":"https:\/\/diariodelsurdigital.com.ar\/?p=3180#primaryimage"},"image":{"@id":"https:\/\/diariodelsurdigital.com.ar\/?p=3180#primaryimage"},"thumbnailUrl":"https:\/\/diariodelsurdigital.com.ar\/wp-content\/uploads\/2025\/06\/md-12-1.webp","datePublished":"2025-06-16T15:43:38+00:00","dateModified":"2025-06-16T15:43:40+00:00","author":{"@id":"https:\/\/diariodelsurdigital.com.ar\/#\/schema\/person\/1a4992532ed62965c968031b49195c81"},"breadcrumb":{"@id":"https:\/\/diariodelsurdigital.com.ar\/?p=3180#breadcrumb"},"inLanguage":"es","potentialAction":[{"@type":"ReadAction","target":["https:\/\/diariodelsurdigital.com.ar\/?p=3180"]}]},{"@type":"ImageObject","inLanguage":"es","@id":"https:\/\/diariodelsurdigital.com.ar\/?p=3180#primaryimage","url":"https:\/\/diariodelsurdigital.com.ar\/wp-content\/uploads\/2025\/06\/md-12-1.webp","contentUrl":"https:\/\/diariodelsurdigital.com.ar\/wp-content\/uploads\/2025\/06\/md-12-1.webp","width":992,"height":674},{"@type":"BreadcrumbList","@id":"https:\/\/diariodelsurdigital.com.ar\/?p=3180#breadcrumb","itemListElement":[{"@type":"ListItem","position":1,"name":"Portada","item":"https:\/\/diariodelsurdigital.com.ar\/"},{"@type":"ListItem","position":2,"name":"Jos\u00e9 C\u00e1ceres advirti\u00f3 que \u201cla doctrina de la mano dura est\u00e1 causando mucho da\u00f1o en la provincia\u201d"}]},{"@type":"WebSite","@id":"https:\/\/diariodelsurdigital.com.ar\/#website","url":"https:\/\/diariodelsurdigital.com.ar\/","name":"Diario del Sur","description":"Digital","potentialAction":[{"@type":"SearchAction","target":{"@type":"EntryPoint","urlTemplate":"https:\/\/diariodelsurdigital.com.ar\/?s={search_term_string}"},"query-input":{"@type":"PropertyValueSpecification","valueRequired":true,"valueName":"search_term_string"}}],"inLanguage":"es"},{"@type":"Person","@id":"https:\/\/diariodelsurdigital.com.ar\/#\/schema\/person\/1a4992532ed62965c968031b49195c81","name":"Diario del Sur Digital","image":{"@type":"ImageObject","inLanguage":"es","@id":"https:\/\/secure.gravatar.com\/avatar\/f0c7c47fc7146d19828273b9b8eda651c9c7ab583767e6338d3d3bee825adf76?s=96&d=mm&r=g","url":"https:\/\/secure.gravatar.com\/avatar\/f0c7c47fc7146d19828273b9b8eda651c9c7ab583767e6338d3d3bee825adf76?s=96&d=mm&r=g","contentUrl":"https:\/\/secure.gravatar.com\/avatar\/f0c7c47fc7146d19828273b9b8eda651c9c7ab583767e6338d3d3bee825adf76?s=96&d=mm&r=g","caption":"Diario del Sur Digital"},"url":"https:\/\/diariodelsurdigital.com.ar\/?author=4"}]}},"_links":{"self":[{"href":"https:\/\/diariodelsurdigital.com.ar\/index.php?rest_route=\/wp\/v2\/posts\/3180","targetHints":{"allow":["GET"]}}],"collection":[{"href":"https:\/\/diariodelsurdigital.com.ar\/index.php?rest_route=\/wp\/v2\/posts"}],"about":[{"href":"https:\/\/diariodelsurdigital.com.ar\/index.php?rest_route=\/wp\/v2\/types\/post"}],"author":[{"embeddable":true,"href":"https:\/\/diariodelsurdigital.com.ar\/index.php?rest_route=\/wp\/v2\/users\/4"}],"replies":[{"embeddable":true,"href":"https:\/\/diariodelsurdigital.com.ar\/index.php?rest_route=%2Fwp%2Fv2%2Fcomments&post=3180"}],"version-history":[{"count":1,"href":"https:\/\/diariodelsurdigital.com.ar\/index.php?rest_route=\/wp\/v2\/posts\/3180\/revisions"}],"predecessor-version":[{"id":3182,"href":"https:\/\/diariodelsurdigital.com.ar\/index.php?rest_route=\/wp\/v2\/posts\/3180\/revisions\/3182"}],"wp:featuredmedia":[{"embeddable":true,"href":"https:\/\/diariodelsurdigital.com.ar\/index.php?rest_route=\/wp\/v2\/media\/3181"}],"wp:attachment":[{"href":"https:\/\/diariodelsurdigital.com.ar\/index.php?rest_route=%2Fwp%2Fv2%2Fmedia&parent=3180"}],"wp:term":[{"taxonomy":"category","embeddable":true,"href":"https:\/\/diariodelsurdigital.com.ar\/index.php?rest_route=%2Fwp%2Fv2%2Fcategories&post=3180"},{"taxonomy":"post_tag","embeddable":true,"href":"https:\/\/diariodelsurdigital.com.ar\/index.php?rest_route=%2Fwp%2Fv2%2Ftags&post=3180"}],"curies":[{"name":"wp","href":"https:\/\/api.w.org\/{rel}","templated":true}]}}