{"id":3183,"date":"2025-06-16T17:45:08","date_gmt":"2025-06-16T20:45:08","guid":{"rendered":"https:\/\/diariodelsurdigital.com.ar\/?p=3183"},"modified":"2025-06-16T17:45:09","modified_gmt":"2025-06-16T20:45:09","slug":"se-rompio-el-pacto-politico-y-economico-entre-azcue-y-cresto","status":"publish","type":"post","link":"https:\/\/diariodelsurdigital.com.ar\/?p=3183","title":{"rendered":"Se rompi\u00f3 el pacto pol\u00edtico y econ\u00f3mico entre Azcu\u00e9 y Cresto"},"content":{"rendered":"\n<p><\/p>\n\n\n\n<p>Basados en un milenario principio que dice, <strong>\u201cdonde hay comercio, no hay guerra\u201d<\/strong> y que se hab\u00eda cristalizado desde el mismo traspaso del mando en donde el ex intendente Enrique Cresto le entrega el poder de primer mandatario local al actual intendente Francisco Azcu\u00e9, se hab\u00eda dado de forma t\u00e1cita una especie de pacto subrepticio entre ambos.<\/p>\n\n\n\n<p>En ese acuerdo de partes y a medida que pas\u00f3 el tiempo, todas las promesas hechas por Azcu\u00e9 de revisar todo lo que tenga que ver con las cuentas de la Municipalidad de Concordia, referidas a los manejos de Cresto con los dineros p\u00fablicos, quedaron como simples deseos. Para que no se note que fue un cuentero con promesas de campa\u00f1a, Azcu\u00e9 present\u00f3 en una hoja A4 dos o tres \u00edtems de las cuentas p\u00fablicas, sin decir nada.<\/p>\n\n\n\n<p>Seg\u00fan comentarios de algunos radicales, el \u201cGringo\u201d estaba en pelotas en todo lo que concierne al manejo de la cosa p\u00fablica. \u201cLo \u00fanico que conoc\u00eda eran los expedientes judiciales de la fiscal\u00eda\u201d, se animaron a decir.<\/p>\n\n\n\n<p>Frente a este desconocimiento \u201cel intendente carambola\u201d que nunca se imagin\u00f3 encontrarse conduciendo una ciudad de doscientos mil habitantes, se recost\u00f3 en el hombro de Cresto, que dicho y sea de paso, es un experto en el manejo.<\/p>\n\n\n\n<p><strong>Una mano lava la otra<\/strong><\/p>\n\n\n\n<p>En ese inter\u00edn de necesidades cruzadas y en forma t\u00e1cita, como lo dec\u00edamos al principio de esta nota, las almas y los intereses se juntaron. Sabiendo que el triunfo del \u201cGringo\u201d en el 2023, tambi\u00e9n se debi\u00f3 a una pata \u201cperonista\u201d en disconformidad con la dirigencia, Cresto que fue siempre r\u00e1pido en los 100 metros llanos, aprovech\u00f3 la ocasi\u00f3n para solicitarle a Azcu\u00e9, que no le toque ciertos \u201ccompa\u00f1eros\u201d de su tropa que quedaron contratados, m\u00e1s algunos \u201cfilibusteros\u201d que oficiaban de proveedores de la Municipalidad.<\/p>\n\n\n\n<p>As\u00ed fue que como la novela de Alberto Migr\u00e9, protagonizada por Thelma Biral y Claudio Garc\u00eda Satur, <strong>\u201cDos a quererse\u201d <\/strong>comenz\u00f3 esta historia de amor. Era tan fuerte la relaci\u00f3n entre ambos dirigentes, que Cresto hasta se di\u00f3 el lujo de pedir a Azcu\u00e9 que aparte a Eduardo Caminal de su cargo como Jefe de Gabinete. Acci\u00f3n de la que el intendente procedi\u00f3 a realizar.<\/p>\n\n\n\n<p><strong>La ruptura<\/strong><\/p>\n\n\n\n<p>Todo iba bien en este idilio, hasta que el diablo meti\u00f3 la cola. Al parecer, esta historia de pasi\u00f3n y negocio, en forma cuasi clandestina lleg\u00f3 a o\u00eddos del platinado gobernador, que tambi\u00e9n se habla asiduamente con Enrique Cresto, pero cuando se trata de pol\u00edtica y mentiras, no hay tu t\u00eda y amigos.<\/p>\n\n\n\n<p>Es as\u00ed que, Rogelio Frigerio le hizo saber a Azcu\u00e9, cu\u00e1ntos pares son tres botas. Le dio a entender que en este escenario el \u00fanico Jefe es \u00e9l y que ser\u00eda mejor que se olvide de hacer ciertos arreglos a escondidas y que quer\u00eda ciertos gestos hacia su petici\u00f3n.<\/p>\n\n\n\n<p>Inmediatamente Azcu\u00e9 se las tom\u00f3 muy enserio y comenz\u00f3 a darle de baja a ciertos contratos considerados \u201cintocables\u201d. Nos referimos a contratados que ven\u00edan de la \u00e9poca de Enrique Cresto.<\/p>\n\n\n\n<p>La maniobra tambi\u00e9n se da en el marco de la<strong> \u201cmotosierra azcue\u00edsta\u201d,<\/strong> en donde tambi\u00e9n se aprovech\u00f3 para dejar sin trabajo a muchos empleados que no les renovaron sus contratos.<\/p>\n\n\n\n<p>Esta determinaci\u00f3n y medidas del intendente Azcu\u00e9, hizo exasperar a Cresto, qui\u00e9n como amante desenga\u00f1ado, se puso en pie de guerra. Dentro de las primeras medidas, el ex intendente convoc\u00f3 a los concejales de la oposici\u00f3n, a trav\u00e9s del Jefe de Bloque y hombre cercano a Kueider, Guillermo Satal\u00eda M\u00e9ndez. para darles estrictas \u00f3rdenes de cambiarse la camiseta oficialista, pues estuvieron en modo vacaciones desde hace un a\u00f1o y medio, por la de la oposici\u00f3n. R\u00e1pidos de reflejos, los ediles salieron corriendo al un\u00edsono a castigar a Azcu\u00e9, como Camilo Cienfuegos y el Che Guevara bajando de la Sierra Maestra, m\u00e1s la concejal Claudia Villalba, haciendo el papel de \u201cTania\u201d, la esp\u00eda argentina en Bolivia.<\/p>\n\n\n\n<p>\u201cEn pol\u00edtica todos es posible\u201d, dec\u00eda el general y \u201cEn Concordia mucho m\u00e1s\u201d, le agregar\u00edamos nosotros, partiendo de la base que ya nada nos sorprende. \u00bfPuede una concejal haber sido de la partida militante en el 2012, para que Alfredo De Angeli, ese gorila antiperonista, pueda acceder a su banca de senador casi vitalicio y luego subirse al tren crestista, para ir por el segundo mandato de concejal, pegarse a Azcu\u00e9 en cada acto, visitar a cada rato la privada del Intendente radical y decir ahora que defiende los derechos de los trabajadores? \u00bfA qui\u00e9n le creemos?<\/p>\n\n\n\n<p>Como dec\u00eda Nicolas de Maquiavelo, \u201cla pol\u00edtica es el arte de enga\u00f1ar\u201d, por eso hay que estar \u201catentos y vigilantes\u201d con la jugada, para que no nos quieran engrupir.<\/p>\n","protected":false},"excerpt":{"rendered":"<p>Basados en un milenario principio que dice, \u201cdonde hay comercio, no hay guerra\u201d y que se hab\u00eda cristalizado desde el mismo traspaso del mando en donde el ex intendente Enrique Cresto le entrega el poder de primer mandatario local al actual intendente Francisco Azcu\u00e9, se hab\u00eda dado de forma t\u00e1cita una especie de pacto subrepticio [&hellip;]<\/p>\n","protected":false},"author":2,"featured_media":3184,"comment_status":"open","ping_status":"open","sticky":false,"template":"","format":"standard","meta":{"footnotes":""},"categories":[16],"tags":[],"class_list":{"0":"post-3183","1":"post","2":"type-post","3":"status-publish","4":"format-standard","5":"has-post-thumbnail","7":"category-locales"},"yoast_head":"<!-- This site is optimized with the Yoast SEO plugin v27.4 - https:\/\/yoast.com\/product\/yoast-seo-wordpress\/ -->\n<title>Se rompi\u00f3 el pacto pol\u00edtico y econ\u00f3mico entre Azcu\u00e9 y Cresto - Diario del Sur<\/title>\n<meta name=\"robots\" content=\"index, follow, max-snippet:-1, max-image-preview:large, max-video-preview:-1\" \/>\n<link rel=\"canonical\" href=\"https:\/\/diariodelsurdigital.com.ar\/?p=3183\" \/>\n<meta property=\"og:locale\" content=\"es_ES\" \/>\n<meta property=\"og:type\" content=\"article\" \/>\n<meta property=\"og:title\" content=\"Se rompi\u00f3 el pacto pol\u00edtico y econ\u00f3mico entre Azcu\u00e9 y Cresto - Diario del Sur\" \/>\n<meta property=\"og:description\" content=\"Basados en un milenario principio que dice, \u201cdonde hay comercio, no hay guerra\u201d y que se hab\u00eda cristalizado desde el mismo traspaso del mando en donde el ex intendente Enrique Cresto le entrega el poder de primer mandatario local al actual intendente Francisco Azcu\u00e9, se hab\u00eda dado de forma t\u00e1cita una especie de pacto subrepticio [&hellip;]\" \/>\n<meta property=\"og:url\" content=\"https:\/\/diariodelsurdigital.com.ar\/?p=3183\" \/>\n<meta property=\"og:site_name\" content=\"Diario del Sur\" \/>\n<meta property=\"article:published_time\" content=\"2025-06-16T20:45:08+00:00\" \/>\n<meta property=\"article:modified_time\" content=\"2025-06-16T20:45:09+00:00\" \/>\n<meta property=\"og:image\" content=\"https:\/\/diariodelsurdigital.com.ar\/wp-content\/uploads\/2025\/06\/azcue-y-crestojpg.png\" \/>\n\t<meta property=\"og:image:width\" content=\"553\" \/>\n\t<meta property=\"og:image:height\" content=\"335\" \/>\n\t<meta property=\"og:image:type\" content=\"image\/png\" \/>\n<meta name=\"author\" content=\"Diario del Sur Digital\" \/>\n<meta name=\"twitter:card\" content=\"summary_large_image\" \/>\n<meta name=\"twitter:label1\" content=\"Escrito por\" \/>\n\t<meta name=\"twitter:data1\" content=\"Diario del Sur Digital\" \/>\n\t<meta name=\"twitter:label2\" content=\"Tiempo de lectura\" \/>\n\t<meta name=\"twitter:data2\" content=\"4 minutos\" \/>\n<script type=\"application\/ld+json\" class=\"yoast-schema-graph\">{\"@context\":\"https:\\\/\\\/schema.org\",\"@graph\":[{\"@type\":\"Article\",\"@id\":\"https:\\\/\\\/diariodelsurdigital.com.ar\\\/?p=3183#article\",\"isPartOf\":{\"@id\":\"https:\\\/\\\/diariodelsurdigital.com.ar\\\/?p=3183\"},\"author\":{\"name\":\"Diario del Sur Digital\",\"@id\":\"https:\\\/\\\/diariodelsurdigital.com.ar\\\/#\\\/schema\\\/person\\\/6136a32571657f7dba980b88b04c5465\"},\"headline\":\"Se rompi\u00f3 el pacto pol\u00edtico y econ\u00f3mico entre Azcu\u00e9 y Cresto\",\"datePublished\":\"2025-06-16T20:45:08+00:00\",\"dateModified\":\"2025-06-16T20:45:09+00:00\",\"mainEntityOfPage\":{\"@id\":\"https:\\\/\\\/diariodelsurdigital.com.ar\\\/?p=3183\"},\"wordCount\":834,\"commentCount\":0,\"image\":{\"@id\":\"https:\\\/\\\/diariodelsurdigital.com.ar\\\/?p=3183#primaryimage\"},\"thumbnailUrl\":\"https:\\\/\\\/diariodelsurdigital.com.ar\\\/wp-content\\\/uploads\\\/2025\\\/06\\\/azcue-y-crestojpg.png\",\"articleSection\":[\"Locales\"],\"inLanguage\":\"es\",\"potentialAction\":[{\"@type\":\"CommentAction\",\"name\":\"Comment\",\"target\":[\"https:\\\/\\\/diariodelsurdigital.com.ar\\\/?p=3183#respond\"]}]},{\"@type\":\"WebPage\",\"@id\":\"https:\\\/\\\/diariodelsurdigital.com.ar\\\/?p=3183\",\"url\":\"https:\\\/\\\/diariodelsurdigital.com.ar\\\/?p=3183\",\"name\":\"Se rompi\u00f3 el pacto pol\u00edtico y econ\u00f3mico entre Azcu\u00e9 y Cresto - Diario del Sur\",\"isPartOf\":{\"@id\":\"https:\\\/\\\/diariodelsurdigital.com.ar\\\/#website\"},\"primaryImageOfPage\":{\"@id\":\"https:\\\/\\\/diariodelsurdigital.com.ar\\\/?p=3183#primaryimage\"},\"image\":{\"@id\":\"https:\\\/\\\/diariodelsurdigital.com.ar\\\/?p=3183#primaryimage\"},\"thumbnailUrl\":\"https:\\\/\\\/diariodelsurdigital.com.ar\\\/wp-content\\\/uploads\\\/2025\\\/06\\\/azcue-y-crestojpg.png\",\"datePublished\":\"2025-06-16T20:45:08+00:00\",\"dateModified\":\"2025-06-16T20:45:09+00:00\",\"author\":{\"@id\":\"https:\\\/\\\/diariodelsurdigital.com.ar\\\/#\\\/schema\\\/person\\\/6136a32571657f7dba980b88b04c5465\"},\"breadcrumb\":{\"@id\":\"https:\\\/\\\/diariodelsurdigital.com.ar\\\/?p=3183#breadcrumb\"},\"inLanguage\":\"es\",\"potentialAction\":[{\"@type\":\"ReadAction\",\"target\":[\"https:\\\/\\\/diariodelsurdigital.com.ar\\\/?p=3183\"]}]},{\"@type\":\"ImageObject\",\"inLanguage\":\"es\",\"@id\":\"https:\\\/\\\/diariodelsurdigital.com.ar\\\/?p=3183#primaryimage\",\"url\":\"https:\\\/\\\/diariodelsurdigital.com.ar\\\/wp-content\\\/uploads\\\/2025\\\/06\\\/azcue-y-crestojpg.png\",\"contentUrl\":\"https:\\\/\\\/diariodelsurdigital.com.ar\\\/wp-content\\\/uploads\\\/2025\\\/06\\\/azcue-y-crestojpg.png\",\"width\":553,\"height\":335},{\"@type\":\"BreadcrumbList\",\"@id\":\"https:\\\/\\\/diariodelsurdigital.com.ar\\\/?p=3183#breadcrumb\",\"itemListElement\":[{\"@type\":\"ListItem\",\"position\":1,\"name\":\"Portada\",\"item\":\"https:\\\/\\\/diariodelsurdigital.com.ar\\\/\"},{\"@type\":\"ListItem\",\"position\":2,\"name\":\"Se rompi\u00f3 el pacto pol\u00edtico y econ\u00f3mico entre Azcu\u00e9 y Cresto\"}]},{\"@type\":\"WebSite\",\"@id\":\"https:\\\/\\\/diariodelsurdigital.com.ar\\\/#website\",\"url\":\"https:\\\/\\\/diariodelsurdigital.com.ar\\\/\",\"name\":\"Diario del Sur\",\"description\":\"Digital\",\"potentialAction\":[{\"@type\":\"SearchAction\",\"target\":{\"@type\":\"EntryPoint\",\"urlTemplate\":\"https:\\\/\\\/diariodelsurdigital.com.ar\\\/?s={search_term_string}\"},\"query-input\":{\"@type\":\"PropertyValueSpecification\",\"valueRequired\":true,\"valueName\":\"search_term_string\"}}],\"inLanguage\":\"es\"},{\"@type\":\"Person\",\"@id\":\"https:\\\/\\\/diariodelsurdigital.com.ar\\\/#\\\/schema\\\/person\\\/6136a32571657f7dba980b88b04c5465\",\"name\":\"Diario del Sur Digital\",\"image\":{\"@type\":\"ImageObject\",\"inLanguage\":\"es\",\"@id\":\"https:\\\/\\\/secure.gravatar.com\\\/avatar\\\/4c29ceac98541dd42460b2474aaa5dd37594d6ce6cb3cf2c101d09b48ee287ba?s=96&d=mm&r=g\",\"url\":\"https:\\\/\\\/secure.gravatar.com\\\/avatar\\\/4c29ceac98541dd42460b2474aaa5dd37594d6ce6cb3cf2c101d09b48ee287ba?s=96&d=mm&r=g\",\"contentUrl\":\"https:\\\/\\\/secure.gravatar.com\\\/avatar\\\/4c29ceac98541dd42460b2474aaa5dd37594d6ce6cb3cf2c101d09b48ee287ba?s=96&d=mm&r=g\",\"caption\":\"Diario del Sur Digital\"},\"url\":\"https:\\\/\\\/diariodelsurdigital.com.ar\\\/?author=2\"}]}<\/script>\n<!-- \/ Yoast SEO plugin. -->","yoast_head_json":{"title":"Se rompi\u00f3 el pacto pol\u00edtico y econ\u00f3mico entre Azcu\u00e9 y Cresto - Diario del Sur","robots":{"index":"index","follow":"follow","max-snippet":"max-snippet:-1","max-image-preview":"max-image-preview:large","max-video-preview":"max-video-preview:-1"},"canonical":"https:\/\/diariodelsurdigital.com.ar\/?p=3183","og_locale":"es_ES","og_type":"article","og_title":"Se rompi\u00f3 el pacto pol\u00edtico y econ\u00f3mico entre Azcu\u00e9 y Cresto - Diario del Sur","og_description":"Basados en un milenario principio que dice, \u201cdonde hay comercio, no hay guerra\u201d y que se hab\u00eda cristalizado desde el mismo traspaso del mando en donde el ex intendente Enrique Cresto le entrega el poder de primer mandatario local al actual intendente Francisco Azcu\u00e9, se hab\u00eda dado de forma t\u00e1cita una especie de pacto subrepticio [&hellip;]","og_url":"https:\/\/diariodelsurdigital.com.ar\/?p=3183","og_site_name":"Diario del Sur","article_published_time":"2025-06-16T20:45:08+00:00","article_modified_time":"2025-06-16T20:45:09+00:00","og_image":[{"width":553,"height":335,"url":"https:\/\/diariodelsurdigital.com.ar\/wp-content\/uploads\/2025\/06\/azcue-y-crestojpg.png","type":"image\/png"}],"author":"Diario del Sur Digital","twitter_card":"summary_large_image","twitter_misc":{"Escrito por":"Diario del Sur Digital","Tiempo de lectura":"4 minutos"},"schema":{"@context":"https:\/\/schema.org","@graph":[{"@type":"Article","@id":"https:\/\/diariodelsurdigital.com.ar\/?p=3183#article","isPartOf":{"@id":"https:\/\/diariodelsurdigital.com.ar\/?p=3183"},"author":{"name":"Diario del Sur Digital","@id":"https:\/\/diariodelsurdigital.com.ar\/#\/schema\/person\/6136a32571657f7dba980b88b04c5465"},"headline":"Se rompi\u00f3 el pacto pol\u00edtico y econ\u00f3mico entre Azcu\u00e9 y Cresto","datePublished":"2025-06-16T20:45:08+00:00","dateModified":"2025-06-16T20:45:09+00:00","mainEntityOfPage":{"@id":"https:\/\/diariodelsurdigital.com.ar\/?p=3183"},"wordCount":834,"commentCount":0,"image":{"@id":"https:\/\/diariodelsurdigital.com.ar\/?p=3183#primaryimage"},"thumbnailUrl":"https:\/\/diariodelsurdigital.com.ar\/wp-content\/uploads\/2025\/06\/azcue-y-crestojpg.png","articleSection":["Locales"],"inLanguage":"es","potentialAction":[{"@type":"CommentAction","name":"Comment","target":["https:\/\/diariodelsurdigital.com.ar\/?p=3183#respond"]}]},{"@type":"WebPage","@id":"https:\/\/diariodelsurdigital.com.ar\/?p=3183","url":"https:\/\/diariodelsurdigital.com.ar\/?p=3183","name":"Se rompi\u00f3 el pacto pol\u00edtico y econ\u00f3mico entre Azcu\u00e9 y Cresto - Diario del Sur","isPartOf":{"@id":"https:\/\/diariodelsurdigital.com.ar\/#website"},"primaryImageOfPage":{"@id":"https:\/\/diariodelsurdigital.com.ar\/?p=3183#primaryimage"},"image":{"@id":"https:\/\/diariodelsurdigital.com.ar\/?p=3183#primaryimage"},"thumbnailUrl":"https:\/\/diariodelsurdigital.com.ar\/wp-content\/uploads\/2025\/06\/azcue-y-crestojpg.png","datePublished":"2025-06-16T20:45:08+00:00","dateModified":"2025-06-16T20:45:09+00:00","author":{"@id":"https:\/\/diariodelsurdigital.com.ar\/#\/schema\/person\/6136a32571657f7dba980b88b04c5465"},"breadcrumb":{"@id":"https:\/\/diariodelsurdigital.com.ar\/?p=3183#breadcrumb"},"inLanguage":"es","potentialAction":[{"@type":"ReadAction","target":["https:\/\/diariodelsurdigital.com.ar\/?p=3183"]}]},{"@type":"ImageObject","inLanguage":"es","@id":"https:\/\/diariodelsurdigital.com.ar\/?p=3183#primaryimage","url":"https:\/\/diariodelsurdigital.com.ar\/wp-content\/uploads\/2025\/06\/azcue-y-crestojpg.png","contentUrl":"https:\/\/diariodelsurdigital.com.ar\/wp-content\/uploads\/2025\/06\/azcue-y-crestojpg.png","width":553,"height":335},{"@type":"BreadcrumbList","@id":"https:\/\/diariodelsurdigital.com.ar\/?p=3183#breadcrumb","itemListElement":[{"@type":"ListItem","position":1,"name":"Portada","item":"https:\/\/diariodelsurdigital.com.ar\/"},{"@type":"ListItem","position":2,"name":"Se rompi\u00f3 el pacto pol\u00edtico y econ\u00f3mico entre Azcu\u00e9 y Cresto"}]},{"@type":"WebSite","@id":"https:\/\/diariodelsurdigital.com.ar\/#website","url":"https:\/\/diariodelsurdigital.com.ar\/","name":"Diario del Sur","description":"Digital","potentialAction":[{"@type":"SearchAction","target":{"@type":"EntryPoint","urlTemplate":"https:\/\/diariodelsurdigital.com.ar\/?s={search_term_string}"},"query-input":{"@type":"PropertyValueSpecification","valueRequired":true,"valueName":"search_term_string"}}],"inLanguage":"es"},{"@type":"Person","@id":"https:\/\/diariodelsurdigital.com.ar\/#\/schema\/person\/6136a32571657f7dba980b88b04c5465","name":"Diario del Sur Digital","image":{"@type":"ImageObject","inLanguage":"es","@id":"https:\/\/secure.gravatar.com\/avatar\/4c29ceac98541dd42460b2474aaa5dd37594d6ce6cb3cf2c101d09b48ee287ba?s=96&d=mm&r=g","url":"https:\/\/secure.gravatar.com\/avatar\/4c29ceac98541dd42460b2474aaa5dd37594d6ce6cb3cf2c101d09b48ee287ba?s=96&d=mm&r=g","contentUrl":"https:\/\/secure.gravatar.com\/avatar\/4c29ceac98541dd42460b2474aaa5dd37594d6ce6cb3cf2c101d09b48ee287ba?s=96&d=mm&r=g","caption":"Diario del Sur Digital"},"url":"https:\/\/diariodelsurdigital.com.ar\/?author=2"}]}},"_links":{"self":[{"href":"https:\/\/diariodelsurdigital.com.ar\/index.php?rest_route=\/wp\/v2\/posts\/3183","targetHints":{"allow":["GET"]}}],"collection":[{"href":"https:\/\/diariodelsurdigital.com.ar\/index.php?rest_route=\/wp\/v2\/posts"}],"about":[{"href":"https:\/\/diariodelsurdigital.com.ar\/index.php?rest_route=\/wp\/v2\/types\/post"}],"author":[{"embeddable":true,"href":"https:\/\/diariodelsurdigital.com.ar\/index.php?rest_route=\/wp\/v2\/users\/2"}],"replies":[{"embeddable":true,"href":"https:\/\/diariodelsurdigital.com.ar\/index.php?rest_route=%2Fwp%2Fv2%2Fcomments&post=3183"}],"version-history":[{"count":1,"href":"https:\/\/diariodelsurdigital.com.ar\/index.php?rest_route=\/wp\/v2\/posts\/3183\/revisions"}],"predecessor-version":[{"id":3185,"href":"https:\/\/diariodelsurdigital.com.ar\/index.php?rest_route=\/wp\/v2\/posts\/3183\/revisions\/3185"}],"wp:featuredmedia":[{"embeddable":true,"href":"https:\/\/diariodelsurdigital.com.ar\/index.php?rest_route=\/wp\/v2\/media\/3184"}],"wp:attachment":[{"href":"https:\/\/diariodelsurdigital.com.ar\/index.php?rest_route=%2Fwp%2Fv2%2Fmedia&parent=3183"}],"wp:term":[{"taxonomy":"category","embeddable":true,"href":"https:\/\/diariodelsurdigital.com.ar\/index.php?rest_route=%2Fwp%2Fv2%2Fcategories&post=3183"},{"taxonomy":"post_tag","embeddable":true,"href":"https:\/\/diariodelsurdigital.com.ar\/index.php?rest_route=%2Fwp%2Fv2%2Ftags&post=3183"}],"curies":[{"name":"wp","href":"https:\/\/api.w.org\/{rel}","templated":true}]}}