{"id":3186,"date":"2025-06-17T11:29:36","date_gmt":"2025-06-17T14:29:36","guid":{"rendered":"https:\/\/diariodelsurdigital.com.ar\/?p=3186"},"modified":"2025-06-17T11:29:38","modified_gmt":"2025-06-17T14:29:38","slug":"alarmante-aumento-de-pobreza-infantil-en-concordia-75-bajo-la-linea-de-pobreza","status":"publish","type":"post","link":"https:\/\/diariodelsurdigital.com.ar\/?p=3186","title":{"rendered":"Alarmante aumento de pobreza infantil en Concordia: 75% bajo la l\u00ednea de pobreza"},"content":{"rendered":"\n<h1 class=\"wp-block-heading\"><\/h1>\n\n\n\n<p>Concordia lidera la tasa de pobreza infantil en Argentina con un 75% de ni\u00f1os afectados en 2024, revela informe del Observatorio de la Deuda Social Argentina.<a href=\"https:\/\/api.whatsapp.com\/send?text=Alarmante+aumento+de+pobreza+infantil+en+Concordia%3A+75%25+bajo+la+l%C3%ADnea+de+pobreza%20https%3A%2F%2Finformedigital.com.ar%2Falarmante-aumento-de-pobreza-infantil-en-concordia-75-bajo-la-linea-de-pobreza%2F\" target=\"_blank\" rel=\"noreferrer noopener\"><\/a><a href=\"https:\/\/www.instagram.com\/informedigitalok\/\" target=\"_blank\" rel=\"noreferrer noopener\"><\/a><a href=\"https:\/\/www.facebook.com\/sharer\/sharer.php?u=https%3A%2F%2Finformedigital.com.ar%2Falarmante-aumento-de-pobreza-infantil-en-concordia-75-bajo-la-linea-de-pobreza%2F\" target=\"_blank\" rel=\"noreferrer noopener\"><\/a><a href=\"https:\/\/twitter.com\/intent\/tweet?url=https%3A%2F%2Finformedigital.com.ar%2Falarmante-aumento-de-pobreza-infantil-en-concordia-75-bajo-la-linea-de-pobreza%2F&amp;text=Alarmante+aumento+de+pobreza+infantil+en+Concordia%3A+75%25+bajo+la+l%C3%ADnea+de+pobreza\" target=\"_blank\" rel=\"noreferrer noopener\"><\/a><a href=\"https:\/\/informedigital.com.ar\/alarmante-aumento-de-pobreza-infantil-en-concordia-75-bajo-la-linea-de-pobreza\/#\"><\/a><a href=\"https:\/\/informedigital.com.ar\/alarmante-aumento-de-pobreza-infantil-en-concordia-75-bajo-la-linea-de-pobreza\/#\"><\/a><\/p>\n\n\n\n<p>Concordia, Entre R\u00edos, destaca como la ciudad con la mayor tasa de&nbsp;pobreza infantil&nbsp;en&nbsp;Argentina, seg\u00fan un informe reciente del Observatorio de la Deuda Social Argentina de la Universidad Cat\u00f3lica Argentina. En el primer semestre de 2024, el 75% de los ni\u00f1os y ni\u00f1as de Concordia viv\u00edan por debajo de la l\u00ednea de pobreza, la cifra m\u00e1s alta del pa\u00eds.<\/p>\n\n\n\n<p>El informe se\u00f1ala que la pobreza infantil a nivel nacional lleg\u00f3 al 67,3% en el primer semestre de 2024, descendiendo al 52,8% en la segunda mitad. Sin embargo, Concordia contin\u00faa presentando una realidad alarmante, con una brecha significativa frente a otras regiones como la Ciudad de Buenos Aires, donde la pobreza infantil es del 27,1%.<\/p>\n\n\n\n<p>La crisis macroecon\u00f3mica, con inflaci\u00f3n acumulada del 62,4% y ca\u00edda del 42,6% en el poder adquisitivo de hogares pobres, fue el principal factor detr\u00e1s del deterioro en la primera mitad de 2024. Esto se agrav\u00f3 en Concordia, profundizando las desigualdades territoriales.<\/p>\n\n\n\n<p>Aunque hubo una leve mejor\u00eda en el segundo semestre, con la estabilizaci\u00f3n del d\u00f3lar, la disminuci\u00f3n de la inflaci\u00f3n y el aumento de transferencias sociales, como la Asignaci\u00f3n Universal por Hijo y la Tarjeta Alimentar, el impacto en los hogares con ni\u00f1os en Concordia contin\u00faa siendo cr\u00edtico. Los incrementos en la AUH y la ampliaci\u00f3n de la Tarjeta Alimentar no han logrado revertir la situaci\u00f3n.<\/p>\n\n\n\n<p>La pobreza infantil en Argentina, especialmente en Concordia, sigue siendo m\u00e1s de 20 puntos porcentuales por encima de la pobreza en adultos, evidenciando una vulnerabilidad extrema en la infancia. Este escenario destaca la urgencia de pol\u00edticas p\u00fablicas eficaces para abordar las desigualdades y proteger los derechos de los ni\u00f1os en regiones como Concordia.<\/p>\n\n\n\n<p>Fuente: Informa Digital<\/p>\n","protected":false},"excerpt":{"rendered":"<p>Concordia lidera la tasa de pobreza infantil en Argentina con un 75% de ni\u00f1os afectados en 2024, revela informe del Observatorio de la Deuda Social Argentina. Concordia, Entre R\u00edos, destaca como la ciudad con la mayor tasa de&nbsp;pobreza infantil&nbsp;en&nbsp;Argentina, seg\u00fan un informe reciente del Observatorio de la Deuda Social Argentina de la Universidad Cat\u00f3lica Argentina. [&hellip;]<\/p>\n","protected":false},"author":2,"featured_media":3187,"comment_status":"open","ping_status":"open","sticky":false,"template":"","format":"standard","meta":{"footnotes":""},"categories":[16],"tags":[],"class_list":{"0":"post-3186","1":"post","2":"type-post","3":"status-publish","4":"format-standard","5":"has-post-thumbnail","7":"category-locales"},"yoast_head":"<!-- This site is optimized with the Yoast SEO plugin v27.4 - https:\/\/yoast.com\/product\/yoast-seo-wordpress\/ -->\n<title>Alarmante aumento de pobreza infantil en Concordia: 75% bajo la l\u00ednea de pobreza - Diario del Sur<\/title>\n<meta name=\"robots\" content=\"index, follow, max-snippet:-1, max-image-preview:large, max-video-preview:-1\" \/>\n<link rel=\"canonical\" href=\"https:\/\/diariodelsurdigital.com.ar\/?p=3186\" \/>\n<meta property=\"og:locale\" content=\"es_ES\" \/>\n<meta property=\"og:type\" content=\"article\" \/>\n<meta property=\"og:title\" content=\"Alarmante aumento de pobreza infantil en Concordia: 75% bajo la l\u00ednea de pobreza - Diario del Sur\" \/>\n<meta property=\"og:description\" content=\"Concordia lidera la tasa de pobreza infantil en Argentina con un 75% de ni\u00f1os afectados en 2024, revela informe del Observatorio de la Deuda Social Argentina. Concordia, Entre R\u00edos, destaca como la ciudad con la mayor tasa de&nbsp;pobreza infantil&nbsp;en&nbsp;Argentina, seg\u00fan un informe reciente del Observatorio de la Deuda Social Argentina de la Universidad Cat\u00f3lica Argentina. [&hellip;]\" \/>\n<meta property=\"og:url\" content=\"https:\/\/diariodelsurdigital.com.ar\/?p=3186\" \/>\n<meta property=\"og:site_name\" content=\"Diario del Sur\" \/>\n<meta property=\"article:published_time\" content=\"2025-06-17T14:29:36+00:00\" \/>\n<meta property=\"article:modified_time\" content=\"2025-06-17T14:29:38+00:00\" \/>\n<meta property=\"og:image\" content=\"https:\/\/diariodelsurdigital.com.ar\/wp-content\/uploads\/2025\/06\/featured-46.png\" \/>\n\t<meta property=\"og:image:width\" content=\"525\" \/>\n\t<meta property=\"og:image:height\" content=\"346\" \/>\n\t<meta property=\"og:image:type\" content=\"image\/png\" \/>\n<meta name=\"author\" content=\"Diario del Sur Digital\" \/>\n<meta name=\"twitter:card\" content=\"summary_large_image\" \/>\n<meta name=\"twitter:label1\" content=\"Escrito por\" \/>\n\t<meta name=\"twitter:data1\" content=\"Diario del Sur Digital\" \/>\n\t<meta name=\"twitter:label2\" content=\"Tiempo de lectura\" \/>\n\t<meta name=\"twitter:data2\" content=\"2 minutos\" \/>\n<script type=\"application\/ld+json\" class=\"yoast-schema-graph\">{\"@context\":\"https:\\\/\\\/schema.org\",\"@graph\":[{\"@type\":\"Article\",\"@id\":\"https:\\\/\\\/diariodelsurdigital.com.ar\\\/?p=3186#article\",\"isPartOf\":{\"@id\":\"https:\\\/\\\/diariodelsurdigital.com.ar\\\/?p=3186\"},\"author\":{\"name\":\"Diario del Sur Digital\",\"@id\":\"https:\\\/\\\/diariodelsurdigital.com.ar\\\/#\\\/schema\\\/person\\\/6136a32571657f7dba980b88b04c5465\"},\"headline\":\"Alarmante aumento de pobreza infantil en Concordia: 75% bajo la l\u00ednea de pobreza\",\"datePublished\":\"2025-06-17T14:29:36+00:00\",\"dateModified\":\"2025-06-17T14:29:38+00:00\",\"mainEntityOfPage\":{\"@id\":\"https:\\\/\\\/diariodelsurdigital.com.ar\\\/?p=3186\"},\"wordCount\":339,\"commentCount\":0,\"image\":{\"@id\":\"https:\\\/\\\/diariodelsurdigital.com.ar\\\/?p=3186#primaryimage\"},\"thumbnailUrl\":\"https:\\\/\\\/diariodelsurdigital.com.ar\\\/wp-content\\\/uploads\\\/2025\\\/06\\\/featured-46.png\",\"articleSection\":[\"Locales\"],\"inLanguage\":\"es\",\"potentialAction\":[{\"@type\":\"CommentAction\",\"name\":\"Comment\",\"target\":[\"https:\\\/\\\/diariodelsurdigital.com.ar\\\/?p=3186#respond\"]}]},{\"@type\":\"WebPage\",\"@id\":\"https:\\\/\\\/diariodelsurdigital.com.ar\\\/?p=3186\",\"url\":\"https:\\\/\\\/diariodelsurdigital.com.ar\\\/?p=3186\",\"name\":\"Alarmante aumento de pobreza infantil en Concordia: 75% bajo la l\u00ednea de pobreza - Diario del Sur\",\"isPartOf\":{\"@id\":\"https:\\\/\\\/diariodelsurdigital.com.ar\\\/#website\"},\"primaryImageOfPage\":{\"@id\":\"https:\\\/\\\/diariodelsurdigital.com.ar\\\/?p=3186#primaryimage\"},\"image\":{\"@id\":\"https:\\\/\\\/diariodelsurdigital.com.ar\\\/?p=3186#primaryimage\"},\"thumbnailUrl\":\"https:\\\/\\\/diariodelsurdigital.com.ar\\\/wp-content\\\/uploads\\\/2025\\\/06\\\/featured-46.png\",\"datePublished\":\"2025-06-17T14:29:36+00:00\",\"dateModified\":\"2025-06-17T14:29:38+00:00\",\"author\":{\"@id\":\"https:\\\/\\\/diariodelsurdigital.com.ar\\\/#\\\/schema\\\/person\\\/6136a32571657f7dba980b88b04c5465\"},\"breadcrumb\":{\"@id\":\"https:\\\/\\\/diariodelsurdigital.com.ar\\\/?p=3186#breadcrumb\"},\"inLanguage\":\"es\",\"potentialAction\":[{\"@type\":\"ReadAction\",\"target\":[\"https:\\\/\\\/diariodelsurdigital.com.ar\\\/?p=3186\"]}]},{\"@type\":\"ImageObject\",\"inLanguage\":\"es\",\"@id\":\"https:\\\/\\\/diariodelsurdigital.com.ar\\\/?p=3186#primaryimage\",\"url\":\"https:\\\/\\\/diariodelsurdigital.com.ar\\\/wp-content\\\/uploads\\\/2025\\\/06\\\/featured-46.png\",\"contentUrl\":\"https:\\\/\\\/diariodelsurdigital.com.ar\\\/wp-content\\\/uploads\\\/2025\\\/06\\\/featured-46.png\",\"width\":525,\"height\":346},{\"@type\":\"BreadcrumbList\",\"@id\":\"https:\\\/\\\/diariodelsurdigital.com.ar\\\/?p=3186#breadcrumb\",\"itemListElement\":[{\"@type\":\"ListItem\",\"position\":1,\"name\":\"Portada\",\"item\":\"https:\\\/\\\/diariodelsurdigital.com.ar\\\/\"},{\"@type\":\"ListItem\",\"position\":2,\"name\":\"Alarmante aumento de pobreza infantil en Concordia: 75% bajo la l\u00ednea de pobreza\"}]},{\"@type\":\"WebSite\",\"@id\":\"https:\\\/\\\/diariodelsurdigital.com.ar\\\/#website\",\"url\":\"https:\\\/\\\/diariodelsurdigital.com.ar\\\/\",\"name\":\"Diario del Sur\",\"description\":\"Digital\",\"potentialAction\":[{\"@type\":\"SearchAction\",\"target\":{\"@type\":\"EntryPoint\",\"urlTemplate\":\"https:\\\/\\\/diariodelsurdigital.com.ar\\\/?s={search_term_string}\"},\"query-input\":{\"@type\":\"PropertyValueSpecification\",\"valueRequired\":true,\"valueName\":\"search_term_string\"}}],\"inLanguage\":\"es\"},{\"@type\":\"Person\",\"@id\":\"https:\\\/\\\/diariodelsurdigital.com.ar\\\/#\\\/schema\\\/person\\\/6136a32571657f7dba980b88b04c5465\",\"name\":\"Diario del Sur Digital\",\"image\":{\"@type\":\"ImageObject\",\"inLanguage\":\"es\",\"@id\":\"https:\\\/\\\/secure.gravatar.com\\\/avatar\\\/4c29ceac98541dd42460b2474aaa5dd37594d6ce6cb3cf2c101d09b48ee287ba?s=96&d=mm&r=g\",\"url\":\"https:\\\/\\\/secure.gravatar.com\\\/avatar\\\/4c29ceac98541dd42460b2474aaa5dd37594d6ce6cb3cf2c101d09b48ee287ba?s=96&d=mm&r=g\",\"contentUrl\":\"https:\\\/\\\/secure.gravatar.com\\\/avatar\\\/4c29ceac98541dd42460b2474aaa5dd37594d6ce6cb3cf2c101d09b48ee287ba?s=96&d=mm&r=g\",\"caption\":\"Diario del Sur Digital\"},\"url\":\"https:\\\/\\\/diariodelsurdigital.com.ar\\\/?author=2\"}]}<\/script>\n<!-- \/ Yoast SEO plugin. -->","yoast_head_json":{"title":"Alarmante aumento de pobreza infantil en Concordia: 75% bajo la l\u00ednea de pobreza - Diario del Sur","robots":{"index":"index","follow":"follow","max-snippet":"max-snippet:-1","max-image-preview":"max-image-preview:large","max-video-preview":"max-video-preview:-1"},"canonical":"https:\/\/diariodelsurdigital.com.ar\/?p=3186","og_locale":"es_ES","og_type":"article","og_title":"Alarmante aumento de pobreza infantil en Concordia: 75% bajo la l\u00ednea de pobreza - Diario del Sur","og_description":"Concordia lidera la tasa de pobreza infantil en Argentina con un 75% de ni\u00f1os afectados en 2024, revela informe del Observatorio de la Deuda Social Argentina. Concordia, Entre R\u00edos, destaca como la ciudad con la mayor tasa de&nbsp;pobreza infantil&nbsp;en&nbsp;Argentina, seg\u00fan un informe reciente del Observatorio de la Deuda Social Argentina de la Universidad Cat\u00f3lica Argentina. [&hellip;]","og_url":"https:\/\/diariodelsurdigital.com.ar\/?p=3186","og_site_name":"Diario del Sur","article_published_time":"2025-06-17T14:29:36+00:00","article_modified_time":"2025-06-17T14:29:38+00:00","og_image":[{"width":525,"height":346,"url":"https:\/\/diariodelsurdigital.com.ar\/wp-content\/uploads\/2025\/06\/featured-46.png","type":"image\/png"}],"author":"Diario del Sur Digital","twitter_card":"summary_large_image","twitter_misc":{"Escrito por":"Diario del Sur Digital","Tiempo de lectura":"2 minutos"},"schema":{"@context":"https:\/\/schema.org","@graph":[{"@type":"Article","@id":"https:\/\/diariodelsurdigital.com.ar\/?p=3186#article","isPartOf":{"@id":"https:\/\/diariodelsurdigital.com.ar\/?p=3186"},"author":{"name":"Diario del Sur Digital","@id":"https:\/\/diariodelsurdigital.com.ar\/#\/schema\/person\/6136a32571657f7dba980b88b04c5465"},"headline":"Alarmante aumento de pobreza infantil en Concordia: 75% bajo la l\u00ednea de pobreza","datePublished":"2025-06-17T14:29:36+00:00","dateModified":"2025-06-17T14:29:38+00:00","mainEntityOfPage":{"@id":"https:\/\/diariodelsurdigital.com.ar\/?p=3186"},"wordCount":339,"commentCount":0,"image":{"@id":"https:\/\/diariodelsurdigital.com.ar\/?p=3186#primaryimage"},"thumbnailUrl":"https:\/\/diariodelsurdigital.com.ar\/wp-content\/uploads\/2025\/06\/featured-46.png","articleSection":["Locales"],"inLanguage":"es","potentialAction":[{"@type":"CommentAction","name":"Comment","target":["https:\/\/diariodelsurdigital.com.ar\/?p=3186#respond"]}]},{"@type":"WebPage","@id":"https:\/\/diariodelsurdigital.com.ar\/?p=3186","url":"https:\/\/diariodelsurdigital.com.ar\/?p=3186","name":"Alarmante aumento de pobreza infantil en Concordia: 75% bajo la l\u00ednea de pobreza - Diario del Sur","isPartOf":{"@id":"https:\/\/diariodelsurdigital.com.ar\/#website"},"primaryImageOfPage":{"@id":"https:\/\/diariodelsurdigital.com.ar\/?p=3186#primaryimage"},"image":{"@id":"https:\/\/diariodelsurdigital.com.ar\/?p=3186#primaryimage"},"thumbnailUrl":"https:\/\/diariodelsurdigital.com.ar\/wp-content\/uploads\/2025\/06\/featured-46.png","datePublished":"2025-06-17T14:29:36+00:00","dateModified":"2025-06-17T14:29:38+00:00","author":{"@id":"https:\/\/diariodelsurdigital.com.ar\/#\/schema\/person\/6136a32571657f7dba980b88b04c5465"},"breadcrumb":{"@id":"https:\/\/diariodelsurdigital.com.ar\/?p=3186#breadcrumb"},"inLanguage":"es","potentialAction":[{"@type":"ReadAction","target":["https:\/\/diariodelsurdigital.com.ar\/?p=3186"]}]},{"@type":"ImageObject","inLanguage":"es","@id":"https:\/\/diariodelsurdigital.com.ar\/?p=3186#primaryimage","url":"https:\/\/diariodelsurdigital.com.ar\/wp-content\/uploads\/2025\/06\/featured-46.png","contentUrl":"https:\/\/diariodelsurdigital.com.ar\/wp-content\/uploads\/2025\/06\/featured-46.png","width":525,"height":346},{"@type":"BreadcrumbList","@id":"https:\/\/diariodelsurdigital.com.ar\/?p=3186#breadcrumb","itemListElement":[{"@type":"ListItem","position":1,"name":"Portada","item":"https:\/\/diariodelsurdigital.com.ar\/"},{"@type":"ListItem","position":2,"name":"Alarmante aumento de pobreza infantil en Concordia: 75% bajo la l\u00ednea de pobreza"}]},{"@type":"WebSite","@id":"https:\/\/diariodelsurdigital.com.ar\/#website","url":"https:\/\/diariodelsurdigital.com.ar\/","name":"Diario del Sur","description":"Digital","potentialAction":[{"@type":"SearchAction","target":{"@type":"EntryPoint","urlTemplate":"https:\/\/diariodelsurdigital.com.ar\/?s={search_term_string}"},"query-input":{"@type":"PropertyValueSpecification","valueRequired":true,"valueName":"search_term_string"}}],"inLanguage":"es"},{"@type":"Person","@id":"https:\/\/diariodelsurdigital.com.ar\/#\/schema\/person\/6136a32571657f7dba980b88b04c5465","name":"Diario del Sur Digital","image":{"@type":"ImageObject","inLanguage":"es","@id":"https:\/\/secure.gravatar.com\/avatar\/4c29ceac98541dd42460b2474aaa5dd37594d6ce6cb3cf2c101d09b48ee287ba?s=96&d=mm&r=g","url":"https:\/\/secure.gravatar.com\/avatar\/4c29ceac98541dd42460b2474aaa5dd37594d6ce6cb3cf2c101d09b48ee287ba?s=96&d=mm&r=g","contentUrl":"https:\/\/secure.gravatar.com\/avatar\/4c29ceac98541dd42460b2474aaa5dd37594d6ce6cb3cf2c101d09b48ee287ba?s=96&d=mm&r=g","caption":"Diario del Sur Digital"},"url":"https:\/\/diariodelsurdigital.com.ar\/?author=2"}]}},"_links":{"self":[{"href":"https:\/\/diariodelsurdigital.com.ar\/index.php?rest_route=\/wp\/v2\/posts\/3186","targetHints":{"allow":["GET"]}}],"collection":[{"href":"https:\/\/diariodelsurdigital.com.ar\/index.php?rest_route=\/wp\/v2\/posts"}],"about":[{"href":"https:\/\/diariodelsurdigital.com.ar\/index.php?rest_route=\/wp\/v2\/types\/post"}],"author":[{"embeddable":true,"href":"https:\/\/diariodelsurdigital.com.ar\/index.php?rest_route=\/wp\/v2\/users\/2"}],"replies":[{"embeddable":true,"href":"https:\/\/diariodelsurdigital.com.ar\/index.php?rest_route=%2Fwp%2Fv2%2Fcomments&post=3186"}],"version-history":[{"count":1,"href":"https:\/\/diariodelsurdigital.com.ar\/index.php?rest_route=\/wp\/v2\/posts\/3186\/revisions"}],"predecessor-version":[{"id":3188,"href":"https:\/\/diariodelsurdigital.com.ar\/index.php?rest_route=\/wp\/v2\/posts\/3186\/revisions\/3188"}],"wp:featuredmedia":[{"embeddable":true,"href":"https:\/\/diariodelsurdigital.com.ar\/index.php?rest_route=\/wp\/v2\/media\/3187"}],"wp:attachment":[{"href":"https:\/\/diariodelsurdigital.com.ar\/index.php?rest_route=%2Fwp%2Fv2%2Fmedia&parent=3186"}],"wp:term":[{"taxonomy":"category","embeddable":true,"href":"https:\/\/diariodelsurdigital.com.ar\/index.php?rest_route=%2Fwp%2Fv2%2Fcategories&post=3186"},{"taxonomy":"post_tag","embeddable":true,"href":"https:\/\/diariodelsurdigital.com.ar\/index.php?rest_route=%2Fwp%2Fv2%2Ftags&post=3186"}],"curies":[{"name":"wp","href":"https:\/\/api.w.org\/{rel}","templated":true}]}}