{"id":3193,"date":"2025-06-17T12:30:55","date_gmt":"2025-06-17T15:30:55","guid":{"rendered":"https:\/\/diariodelsurdigital.com.ar\/?p=3193"},"modified":"2025-06-17T12:30:56","modified_gmt":"2025-06-17T15:30:56","slug":"murio-un-hombre-que-habia-sido-apunalado-en-concordia","status":"publish","type":"post","link":"https:\/\/diariodelsurdigital.com.ar\/?p=3193","title":{"rendered":"Muri\u00f3 un hombre que hab\u00eda sido apu\u00f1alado en Concordia"},"content":{"rendered":"\n<p>La v\u00edctima fatal fue identificada. Hab\u00eda sido atacada con un arma blanca el viernes pasado. Estaba internado en terapia. Este domingo falleci\u00f3.<\/p>\n\n\n\n<p>Se produjo un nuevo homicidio en Entre R\u00edos. Este domingo a las 11:45 se confirm\u00f3 el fallecimiento de Gonzalo Ezequiel Chiriran, quien permanec\u00eda internado en la Unidad de Terapia Intensiva del Hospital Masvernat desde el pasado viernes 6 de junio tras haber recibido una pu\u00f1alada en el abdomen.<\/p>\n\n\n\n<p>Seg\u00fan se inform\u00f3, Chiriran hab\u00eda ingresado al nosocomio de manera particular a las 21:10 de aquel viernes, con una grave herida de arma blanca.<\/p>\n\n\n\n<p>De acuerdo al testimonio de un testigo ocular, el hecho ocurri\u00f3 en inmediaciones de calles Diamante y Teniente Ib\u00e1\u00f1ez, cuando la v\u00edctima se encontraba en la vereda de un vecino. All\u00ed se le habr\u00eda acercado un sujeto con el que manten\u00eda conflictos anteriores, quien sin mediar mayores palabras lo habr\u00eda atacado con un cuchillo y luego escap\u00f3 corriendo del lugar.<\/p>\n\n\n\n<p>Poco despu\u00e9s del ataque, alrededor de las 22:30, el personal de la Divisi\u00f3n Investigaciones logr\u00f3 aprehender al sospechoso en la esquina de Villaguay y Teniente Ib\u00e1\u00f1ez. Se trata de Diego Osvaldo Ross de 37 a\u00f1os, quien actualmente se encuentra detenido.<\/p>\n\n\n\n<p>El \u00faltimo parte m\u00e9dico daba cuenta del estado cr\u00edtico de Chiriran, que detallaba que permanec\u00eda en la Unidad de Terapia Intensiva bajo asistencia respiratoria mec\u00e1nica, con sedoanalgesia, derivado de una laparotom\u00eda exploradora por hemoperitoneo masivo y lesi\u00f3n del ped\u00edculo renal, entre otras complicaciones.<\/p>\n\n\n\n<p>Tras su deceso, el cuerpo qued\u00f3 a disposici\u00f3n de la autoridad judicial de turno, public\u00f3 Concordia Policiales, public\u00f3 Ahora.<\/p>\n","protected":false},"excerpt":{"rendered":"<p>La v\u00edctima fatal fue identificada. Hab\u00eda sido atacada con un arma blanca el viernes pasado. Estaba internado en terapia. Este domingo falleci\u00f3. Se produjo un nuevo homicidio en Entre R\u00edos. Este domingo a las 11:45 se confirm\u00f3 el fallecimiento de Gonzalo Ezequiel Chiriran, quien permanec\u00eda internado en la Unidad de Terapia Intensiva del Hospital Masvernat [&hellip;]<\/p>\n","protected":false},"author":4,"featured_media":3194,"comment_status":"open","ping_status":"open","sticky":false,"template":"","format":"standard","meta":{"footnotes":""},"categories":[16,21],"tags":[],"class_list":{"0":"post-3193","1":"post","2":"type-post","3":"status-publish","4":"format-standard","5":"has-post-thumbnail","7":"category-locales","8":"category-policiales"},"yoast_head":"<!-- This site is optimized with the Yoast SEO plugin v27.4 - https:\/\/yoast.com\/product\/yoast-seo-wordpress\/ -->\n<title>Muri\u00f3 un hombre que hab\u00eda sido apu\u00f1alado en Concordia - Diario del Sur<\/title>\n<meta name=\"robots\" content=\"index, follow, max-snippet:-1, max-image-preview:large, max-video-preview:-1\" \/>\n<link rel=\"canonical\" href=\"https:\/\/diariodelsurdigital.com.ar\/?p=3193\" \/>\n<meta property=\"og:locale\" content=\"es_ES\" \/>\n<meta property=\"og:type\" content=\"article\" \/>\n<meta property=\"og:title\" content=\"Muri\u00f3 un hombre que hab\u00eda sido apu\u00f1alado en Concordia - Diario del Sur\" \/>\n<meta property=\"og:description\" content=\"La v\u00edctima fatal fue identificada. Hab\u00eda sido atacada con un arma blanca el viernes pasado. Estaba internado en terapia. Este domingo falleci\u00f3. Se produjo un nuevo homicidio en Entre R\u00edos. Este domingo a las 11:45 se confirm\u00f3 el fallecimiento de Gonzalo Ezequiel Chiriran, quien permanec\u00eda internado en la Unidad de Terapia Intensiva del Hospital Masvernat [&hellip;]\" \/>\n<meta property=\"og:url\" content=\"https:\/\/diariodelsurdigital.com.ar\/?p=3193\" \/>\n<meta property=\"og:site_name\" content=\"Diario del Sur\" \/>\n<meta property=\"article:published_time\" content=\"2025-06-17T15:30:55+00:00\" \/>\n<meta property=\"article:modified_time\" content=\"2025-06-17T15:30:56+00:00\" \/>\n<meta property=\"og:image\" content=\"https:\/\/diariodelsurdigital.com.ar\/wp-content\/uploads\/2025\/06\/md-14-1.webp\" \/>\n\t<meta property=\"og:image:width\" content=\"992\" \/>\n\t<meta property=\"og:image:height\" content=\"561\" \/>\n\t<meta property=\"og:image:type\" content=\"image\/webp\" \/>\n<meta name=\"author\" content=\"Diario del Sur Digital\" \/>\n<meta name=\"twitter:card\" content=\"summary_large_image\" \/>\n<meta name=\"twitter:label1\" content=\"Escrito por\" \/>\n\t<meta name=\"twitter:data1\" content=\"Diario del Sur Digital\" \/>\n\t<meta name=\"twitter:label2\" content=\"Tiempo de lectura\" \/>\n\t<meta name=\"twitter:data2\" content=\"2 minutos\" \/>\n<script type=\"application\/ld+json\" class=\"yoast-schema-graph\">{\"@context\":\"https:\\\/\\\/schema.org\",\"@graph\":[{\"@type\":\"Article\",\"@id\":\"https:\\\/\\\/diariodelsurdigital.com.ar\\\/?p=3193#article\",\"isPartOf\":{\"@id\":\"https:\\\/\\\/diariodelsurdigital.com.ar\\\/?p=3193\"},\"author\":{\"name\":\"Diario del Sur Digital\",\"@id\":\"https:\\\/\\\/diariodelsurdigital.com.ar\\\/#\\\/schema\\\/person\\\/1a4992532ed62965c968031b49195c81\"},\"headline\":\"Muri\u00f3 un hombre que hab\u00eda sido apu\u00f1alado en Concordia\",\"datePublished\":\"2025-06-17T15:30:55+00:00\",\"dateModified\":\"2025-06-17T15:30:56+00:00\",\"mainEntityOfPage\":{\"@id\":\"https:\\\/\\\/diariodelsurdigital.com.ar\\\/?p=3193\"},\"wordCount\":286,\"commentCount\":0,\"image\":{\"@id\":\"https:\\\/\\\/diariodelsurdigital.com.ar\\\/?p=3193#primaryimage\"},\"thumbnailUrl\":\"https:\\\/\\\/diariodelsurdigital.com.ar\\\/wp-content\\\/uploads\\\/2025\\\/06\\\/md-14-1.webp\",\"articleSection\":[\"Locales\",\"Policiales\"],\"inLanguage\":\"es\",\"potentialAction\":[{\"@type\":\"CommentAction\",\"name\":\"Comment\",\"target\":[\"https:\\\/\\\/diariodelsurdigital.com.ar\\\/?p=3193#respond\"]}]},{\"@type\":\"WebPage\",\"@id\":\"https:\\\/\\\/diariodelsurdigital.com.ar\\\/?p=3193\",\"url\":\"https:\\\/\\\/diariodelsurdigital.com.ar\\\/?p=3193\",\"name\":\"Muri\u00f3 un hombre que hab\u00eda sido apu\u00f1alado en Concordia - Diario del Sur\",\"isPartOf\":{\"@id\":\"https:\\\/\\\/diariodelsurdigital.com.ar\\\/#website\"},\"primaryImageOfPage\":{\"@id\":\"https:\\\/\\\/diariodelsurdigital.com.ar\\\/?p=3193#primaryimage\"},\"image\":{\"@id\":\"https:\\\/\\\/diariodelsurdigital.com.ar\\\/?p=3193#primaryimage\"},\"thumbnailUrl\":\"https:\\\/\\\/diariodelsurdigital.com.ar\\\/wp-content\\\/uploads\\\/2025\\\/06\\\/md-14-1.webp\",\"datePublished\":\"2025-06-17T15:30:55+00:00\",\"dateModified\":\"2025-06-17T15:30:56+00:00\",\"author\":{\"@id\":\"https:\\\/\\\/diariodelsurdigital.com.ar\\\/#\\\/schema\\\/person\\\/1a4992532ed62965c968031b49195c81\"},\"breadcrumb\":{\"@id\":\"https:\\\/\\\/diariodelsurdigital.com.ar\\\/?p=3193#breadcrumb\"},\"inLanguage\":\"es\",\"potentialAction\":[{\"@type\":\"ReadAction\",\"target\":[\"https:\\\/\\\/diariodelsurdigital.com.ar\\\/?p=3193\"]}]},{\"@type\":\"ImageObject\",\"inLanguage\":\"es\",\"@id\":\"https:\\\/\\\/diariodelsurdigital.com.ar\\\/?p=3193#primaryimage\",\"url\":\"https:\\\/\\\/diariodelsurdigital.com.ar\\\/wp-content\\\/uploads\\\/2025\\\/06\\\/md-14-1.webp\",\"contentUrl\":\"https:\\\/\\\/diariodelsurdigital.com.ar\\\/wp-content\\\/uploads\\\/2025\\\/06\\\/md-14-1.webp\",\"width\":992,\"height\":561},{\"@type\":\"BreadcrumbList\",\"@id\":\"https:\\\/\\\/diariodelsurdigital.com.ar\\\/?p=3193#breadcrumb\",\"itemListElement\":[{\"@type\":\"ListItem\",\"position\":1,\"name\":\"Portada\",\"item\":\"https:\\\/\\\/diariodelsurdigital.com.ar\\\/\"},{\"@type\":\"ListItem\",\"position\":2,\"name\":\"Muri\u00f3 un hombre que hab\u00eda sido apu\u00f1alado en Concordia\"}]},{\"@type\":\"WebSite\",\"@id\":\"https:\\\/\\\/diariodelsurdigital.com.ar\\\/#website\",\"url\":\"https:\\\/\\\/diariodelsurdigital.com.ar\\\/\",\"name\":\"Diario del Sur\",\"description\":\"Digital\",\"potentialAction\":[{\"@type\":\"SearchAction\",\"target\":{\"@type\":\"EntryPoint\",\"urlTemplate\":\"https:\\\/\\\/diariodelsurdigital.com.ar\\\/?s={search_term_string}\"},\"query-input\":{\"@type\":\"PropertyValueSpecification\",\"valueRequired\":true,\"valueName\":\"search_term_string\"}}],\"inLanguage\":\"es\"},{\"@type\":\"Person\",\"@id\":\"https:\\\/\\\/diariodelsurdigital.com.ar\\\/#\\\/schema\\\/person\\\/1a4992532ed62965c968031b49195c81\",\"name\":\"Diario del Sur Digital\",\"image\":{\"@type\":\"ImageObject\",\"inLanguage\":\"es\",\"@id\":\"https:\\\/\\\/secure.gravatar.com\\\/avatar\\\/f0c7c47fc7146d19828273b9b8eda651c9c7ab583767e6338d3d3bee825adf76?s=96&d=mm&r=g\",\"url\":\"https:\\\/\\\/secure.gravatar.com\\\/avatar\\\/f0c7c47fc7146d19828273b9b8eda651c9c7ab583767e6338d3d3bee825adf76?s=96&d=mm&r=g\",\"contentUrl\":\"https:\\\/\\\/secure.gravatar.com\\\/avatar\\\/f0c7c47fc7146d19828273b9b8eda651c9c7ab583767e6338d3d3bee825adf76?s=96&d=mm&r=g\",\"caption\":\"Diario del Sur Digital\"},\"url\":\"https:\\\/\\\/diariodelsurdigital.com.ar\\\/?author=4\"}]}<\/script>\n<!-- \/ Yoast SEO plugin. -->","yoast_head_json":{"title":"Muri\u00f3 un hombre que hab\u00eda sido apu\u00f1alado en Concordia - Diario del Sur","robots":{"index":"index","follow":"follow","max-snippet":"max-snippet:-1","max-image-preview":"max-image-preview:large","max-video-preview":"max-video-preview:-1"},"canonical":"https:\/\/diariodelsurdigital.com.ar\/?p=3193","og_locale":"es_ES","og_type":"article","og_title":"Muri\u00f3 un hombre que hab\u00eda sido apu\u00f1alado en Concordia - Diario del Sur","og_description":"La v\u00edctima fatal fue identificada. Hab\u00eda sido atacada con un arma blanca el viernes pasado. Estaba internado en terapia. Este domingo falleci\u00f3. Se produjo un nuevo homicidio en Entre R\u00edos. Este domingo a las 11:45 se confirm\u00f3 el fallecimiento de Gonzalo Ezequiel Chiriran, quien permanec\u00eda internado en la Unidad de Terapia Intensiva del Hospital Masvernat [&hellip;]","og_url":"https:\/\/diariodelsurdigital.com.ar\/?p=3193","og_site_name":"Diario del Sur","article_published_time":"2025-06-17T15:30:55+00:00","article_modified_time":"2025-06-17T15:30:56+00:00","og_image":[{"width":992,"height":561,"url":"https:\/\/diariodelsurdigital.com.ar\/wp-content\/uploads\/2025\/06\/md-14-1.webp","type":"image\/webp"}],"author":"Diario del Sur Digital","twitter_card":"summary_large_image","twitter_misc":{"Escrito por":"Diario del Sur Digital","Tiempo de lectura":"2 minutos"},"schema":{"@context":"https:\/\/schema.org","@graph":[{"@type":"Article","@id":"https:\/\/diariodelsurdigital.com.ar\/?p=3193#article","isPartOf":{"@id":"https:\/\/diariodelsurdigital.com.ar\/?p=3193"},"author":{"name":"Diario del Sur Digital","@id":"https:\/\/diariodelsurdigital.com.ar\/#\/schema\/person\/1a4992532ed62965c968031b49195c81"},"headline":"Muri\u00f3 un hombre que hab\u00eda sido apu\u00f1alado en Concordia","datePublished":"2025-06-17T15:30:55+00:00","dateModified":"2025-06-17T15:30:56+00:00","mainEntityOfPage":{"@id":"https:\/\/diariodelsurdigital.com.ar\/?p=3193"},"wordCount":286,"commentCount":0,"image":{"@id":"https:\/\/diariodelsurdigital.com.ar\/?p=3193#primaryimage"},"thumbnailUrl":"https:\/\/diariodelsurdigital.com.ar\/wp-content\/uploads\/2025\/06\/md-14-1.webp","articleSection":["Locales","Policiales"],"inLanguage":"es","potentialAction":[{"@type":"CommentAction","name":"Comment","target":["https:\/\/diariodelsurdigital.com.ar\/?p=3193#respond"]}]},{"@type":"WebPage","@id":"https:\/\/diariodelsurdigital.com.ar\/?p=3193","url":"https:\/\/diariodelsurdigital.com.ar\/?p=3193","name":"Muri\u00f3 un hombre que hab\u00eda sido apu\u00f1alado en Concordia - Diario del Sur","isPartOf":{"@id":"https:\/\/diariodelsurdigital.com.ar\/#website"},"primaryImageOfPage":{"@id":"https:\/\/diariodelsurdigital.com.ar\/?p=3193#primaryimage"},"image":{"@id":"https:\/\/diariodelsurdigital.com.ar\/?p=3193#primaryimage"},"thumbnailUrl":"https:\/\/diariodelsurdigital.com.ar\/wp-content\/uploads\/2025\/06\/md-14-1.webp","datePublished":"2025-06-17T15:30:55+00:00","dateModified":"2025-06-17T15:30:56+00:00","author":{"@id":"https:\/\/diariodelsurdigital.com.ar\/#\/schema\/person\/1a4992532ed62965c968031b49195c81"},"breadcrumb":{"@id":"https:\/\/diariodelsurdigital.com.ar\/?p=3193#breadcrumb"},"inLanguage":"es","potentialAction":[{"@type":"ReadAction","target":["https:\/\/diariodelsurdigital.com.ar\/?p=3193"]}]},{"@type":"ImageObject","inLanguage":"es","@id":"https:\/\/diariodelsurdigital.com.ar\/?p=3193#primaryimage","url":"https:\/\/diariodelsurdigital.com.ar\/wp-content\/uploads\/2025\/06\/md-14-1.webp","contentUrl":"https:\/\/diariodelsurdigital.com.ar\/wp-content\/uploads\/2025\/06\/md-14-1.webp","width":992,"height":561},{"@type":"BreadcrumbList","@id":"https:\/\/diariodelsurdigital.com.ar\/?p=3193#breadcrumb","itemListElement":[{"@type":"ListItem","position":1,"name":"Portada","item":"https:\/\/diariodelsurdigital.com.ar\/"},{"@type":"ListItem","position":2,"name":"Muri\u00f3 un hombre que hab\u00eda sido apu\u00f1alado en Concordia"}]},{"@type":"WebSite","@id":"https:\/\/diariodelsurdigital.com.ar\/#website","url":"https:\/\/diariodelsurdigital.com.ar\/","name":"Diario del Sur","description":"Digital","potentialAction":[{"@type":"SearchAction","target":{"@type":"EntryPoint","urlTemplate":"https:\/\/diariodelsurdigital.com.ar\/?s={search_term_string}"},"query-input":{"@type":"PropertyValueSpecification","valueRequired":true,"valueName":"search_term_string"}}],"inLanguage":"es"},{"@type":"Person","@id":"https:\/\/diariodelsurdigital.com.ar\/#\/schema\/person\/1a4992532ed62965c968031b49195c81","name":"Diario del Sur Digital","image":{"@type":"ImageObject","inLanguage":"es","@id":"https:\/\/secure.gravatar.com\/avatar\/f0c7c47fc7146d19828273b9b8eda651c9c7ab583767e6338d3d3bee825adf76?s=96&d=mm&r=g","url":"https:\/\/secure.gravatar.com\/avatar\/f0c7c47fc7146d19828273b9b8eda651c9c7ab583767e6338d3d3bee825adf76?s=96&d=mm&r=g","contentUrl":"https:\/\/secure.gravatar.com\/avatar\/f0c7c47fc7146d19828273b9b8eda651c9c7ab583767e6338d3d3bee825adf76?s=96&d=mm&r=g","caption":"Diario del Sur Digital"},"url":"https:\/\/diariodelsurdigital.com.ar\/?author=4"}]}},"_links":{"self":[{"href":"https:\/\/diariodelsurdigital.com.ar\/index.php?rest_route=\/wp\/v2\/posts\/3193","targetHints":{"allow":["GET"]}}],"collection":[{"href":"https:\/\/diariodelsurdigital.com.ar\/index.php?rest_route=\/wp\/v2\/posts"}],"about":[{"href":"https:\/\/diariodelsurdigital.com.ar\/index.php?rest_route=\/wp\/v2\/types\/post"}],"author":[{"embeddable":true,"href":"https:\/\/diariodelsurdigital.com.ar\/index.php?rest_route=\/wp\/v2\/users\/4"}],"replies":[{"embeddable":true,"href":"https:\/\/diariodelsurdigital.com.ar\/index.php?rest_route=%2Fwp%2Fv2%2Fcomments&post=3193"}],"version-history":[{"count":1,"href":"https:\/\/diariodelsurdigital.com.ar\/index.php?rest_route=\/wp\/v2\/posts\/3193\/revisions"}],"predecessor-version":[{"id":3195,"href":"https:\/\/diariodelsurdigital.com.ar\/index.php?rest_route=\/wp\/v2\/posts\/3193\/revisions\/3195"}],"wp:featuredmedia":[{"embeddable":true,"href":"https:\/\/diariodelsurdigital.com.ar\/index.php?rest_route=\/wp\/v2\/media\/3194"}],"wp:attachment":[{"href":"https:\/\/diariodelsurdigital.com.ar\/index.php?rest_route=%2Fwp%2Fv2%2Fmedia&parent=3193"}],"wp:term":[{"taxonomy":"category","embeddable":true,"href":"https:\/\/diariodelsurdigital.com.ar\/index.php?rest_route=%2Fwp%2Fv2%2Fcategories&post=3193"},{"taxonomy":"post_tag","embeddable":true,"href":"https:\/\/diariodelsurdigital.com.ar\/index.php?rest_route=%2Fwp%2Fv2%2Ftags&post=3193"}],"curies":[{"name":"wp","href":"https:\/\/api.w.org\/{rel}","templated":true}]}}