{"id":3196,"date":"2025-06-17T12:36:31","date_gmt":"2025-06-17T15:36:31","guid":{"rendered":"https:\/\/diariodelsurdigital.com.ar\/?p=3196"},"modified":"2025-06-17T12:37:45","modified_gmt":"2025-06-17T15:37:45","slug":"ate-confirma-un-paro-nacional-para-este-miercoles-por-la-proscripcion-a-cfk-y-exige-juicio-politico-a-la-corte-suprema","status":"publish","type":"post","link":"https:\/\/diariodelsurdigital.com.ar\/?p=3196","title":{"rendered":"ATE confirma un paro nacional para este mi\u00e9rcoles por la proscripci\u00f3n a CFK y exige juicio pol\u00edtico a la Corte Suprema"},"content":{"rendered":"\n<p>La Asociaci\u00f3n Trabajadores del Estado (ATE) ratific\u00f3 un paro de 24 horas para ma\u00f1ana, con movilizaciones en todo el pa\u00eds, demandando el enjuiciamiento de la Corte Suprema por la proscripci\u00f3n electoral de Cristina Fern\u00e1ndez de Kirchner y decisiones arbitrarias.<\/p>\n\n\n\n<p>La Asociaci\u00f3n Trabajadores del Estado (ATE), liderada por Rodolfo Aguiar, confirm\u00f3 un paro nacional de 24 horas para este mi\u00e9rcoles, acompa\u00f1ado de movilizaciones en todo el pa\u00eds. En la Ciudad Aut\u00f3noma de Buenos Aires, la concentraci\u00f3n ser\u00e1 a las 10 en Paseo Col\u00f3n y M\u00e9xico.<\/p>\n\n\n\n<p>El sindicato exige el juicio pol\u00edtico a los miembros de la Corte Suprema, acus\u00e1ndolos de actuar con parcialidad y de proscribir a Cristina Fern\u00e1ndez de Kirchner, afectando la democracia.Aguiar critic\u00f3 a la Corte por decisiones como el intento de otorgar el 2\u00d71 a genocidas, revertido tras presi\u00f3n popular, y por no pronunciarse sobre la inconstitucionalidad del DNU 70\/23, que ha generado da\u00f1os econ\u00f3micos.<\/p>\n\n\n\n<p>\u201cEsta es una Corte arbitraria que cajonea o acelera los tr\u00e1mites de acuerdo a la conveniencia pol\u00edtica. Se cumplen todas las causales para su enjuiciamiento previstas en la Constituci\u00f3n Nacional\u201d, afirm\u00f3, citando el art\u00edculo 53, que permite a la C\u00e1mara de Diputados acusar a los jueces por mal desempe\u00f1o o delitos.El sindicato espera m\u00e1s de 500 mil personas movilizadas, incluyendo 50 mil estatales en la Capital Federal. <\/p>\n\n\n\n<p>\u201cExisten pruebas concretas de que el m\u00e1ximo tribunal es parcial y dependiente. Est\u00e1 rota la divisi\u00f3n de poderes en el pa\u00eds\u201d, concluy\u00f3 Aguiar.<\/p>\n\n\n\n<p>El paro de actividades fue resuelto d\u00edas atr\u00e1s y signific\u00f3 la primera convocatoria a huelga nacional tras la confirmaci\u00f3n de la condena a Cristina Kirchner.<\/p>\n\n\n\n<p>Durante la jornada de protesta s\u00f3lo se garantizar\u00e1n guardias m\u00ednimas en hospitales y \u00fanicamente atenci\u00f3n de urgencia en centros asistenciales de ni\u00f1os, adolescentes y adultos mayores. La medida de fuerza se enmarca en la convocatoria lanzada por la CTA Aut\u00f3noma, public\u00f3 Mundo Gremial.<\/p>\n","protected":false},"excerpt":{"rendered":"<p>La Asociaci\u00f3n Trabajadores del Estado (ATE) ratific\u00f3 un paro de 24 horas para ma\u00f1ana, con movilizaciones en todo el pa\u00eds, demandando el enjuiciamiento de la Corte Suprema por la proscripci\u00f3n electoral de Cristina Fern\u00e1ndez de Kirchner y decisiones arbitrarias. La Asociaci\u00f3n Trabajadores del Estado (ATE), liderada por Rodolfo Aguiar, confirm\u00f3 un paro nacional de 24 [&hellip;]<\/p>\n","protected":false},"author":4,"featured_media":3197,"comment_status":"open","ping_status":"open","sticky":false,"template":"","format":"standard","meta":{"footnotes":""},"categories":[18,22],"tags":[],"class_list":{"0":"post-3196","1":"post","2":"type-post","3":"status-publish","4":"format-standard","5":"has-post-thumbnail","7":"category-nacionales","8":"category-politica"},"yoast_head":"<!-- This site is optimized with the Yoast SEO plugin v27.4 - https:\/\/yoast.com\/product\/yoast-seo-wordpress\/ -->\n<title>ATE confirma un paro nacional para este mi\u00e9rcoles por la proscripci\u00f3n a CFK y exige juicio pol\u00edtico a la Corte Suprema - Diario del Sur<\/title>\n<meta name=\"robots\" content=\"index, follow, max-snippet:-1, max-image-preview:large, max-video-preview:-1\" \/>\n<link rel=\"canonical\" href=\"https:\/\/diariodelsurdigital.com.ar\/?p=3196\" \/>\n<meta property=\"og:locale\" content=\"es_ES\" \/>\n<meta property=\"og:type\" content=\"article\" \/>\n<meta property=\"og:title\" content=\"ATE confirma un paro nacional para este mi\u00e9rcoles por la proscripci\u00f3n a CFK y exige juicio pol\u00edtico a la Corte Suprema - Diario del Sur\" \/>\n<meta property=\"og:description\" content=\"La Asociaci\u00f3n Trabajadores del Estado (ATE) ratific\u00f3 un paro de 24 horas para ma\u00f1ana, con movilizaciones en todo el pa\u00eds, demandando el enjuiciamiento de la Corte Suprema por la proscripci\u00f3n electoral de Cristina Fern\u00e1ndez de Kirchner y decisiones arbitrarias. La Asociaci\u00f3n Trabajadores del Estado (ATE), liderada por Rodolfo Aguiar, confirm\u00f3 un paro nacional de 24 [&hellip;]\" \/>\n<meta property=\"og:url\" content=\"https:\/\/diariodelsurdigital.com.ar\/?p=3196\" \/>\n<meta property=\"og:site_name\" content=\"Diario del Sur\" \/>\n<meta property=\"article:published_time\" content=\"2025-06-17T15:36:31+00:00\" \/>\n<meta property=\"article:modified_time\" content=\"2025-06-17T15:37:45+00:00\" \/>\n<meta property=\"og:image\" content=\"https:\/\/diariodelsurdigital.com.ar\/wp-content\/uploads\/2025\/06\/md-15-1.webp\" \/>\n\t<meta property=\"og:image:width\" content=\"992\" \/>\n\t<meta property=\"og:image:height\" content=\"762\" \/>\n\t<meta property=\"og:image:type\" content=\"image\/webp\" \/>\n<meta name=\"author\" content=\"Diario del Sur Digital\" \/>\n<meta name=\"twitter:card\" content=\"summary_large_image\" \/>\n<meta name=\"twitter:label1\" content=\"Escrito por\" \/>\n\t<meta name=\"twitter:data1\" content=\"Diario del Sur Digital\" \/>\n\t<meta name=\"twitter:label2\" content=\"Tiempo de lectura\" \/>\n\t<meta name=\"twitter:data2\" content=\"2 minutos\" \/>\n<script type=\"application\/ld+json\" class=\"yoast-schema-graph\">{\"@context\":\"https:\\\/\\\/schema.org\",\"@graph\":[{\"@type\":\"Article\",\"@id\":\"https:\\\/\\\/diariodelsurdigital.com.ar\\\/?p=3196#article\",\"isPartOf\":{\"@id\":\"https:\\\/\\\/diariodelsurdigital.com.ar\\\/?p=3196\"},\"author\":{\"name\":\"Diario del Sur Digital\",\"@id\":\"https:\\\/\\\/diariodelsurdigital.com.ar\\\/#\\\/schema\\\/person\\\/1a4992532ed62965c968031b49195c81\"},\"headline\":\"ATE confirma un paro nacional para este mi\u00e9rcoles por la proscripci\u00f3n a CFK y exige juicio pol\u00edtico a la Corte Suprema\",\"datePublished\":\"2025-06-17T15:36:31+00:00\",\"dateModified\":\"2025-06-17T15:37:45+00:00\",\"mainEntityOfPage\":{\"@id\":\"https:\\\/\\\/diariodelsurdigital.com.ar\\\/?p=3196\"},\"wordCount\":361,\"commentCount\":0,\"image\":{\"@id\":\"https:\\\/\\\/diariodelsurdigital.com.ar\\\/?p=3196#primaryimage\"},\"thumbnailUrl\":\"https:\\\/\\\/diariodelsurdigital.com.ar\\\/wp-content\\\/uploads\\\/2025\\\/06\\\/md-15-1.webp\",\"articleSection\":[\"Nacionales\",\"Pol\u00edtica\"],\"inLanguage\":\"es\",\"potentialAction\":[{\"@type\":\"CommentAction\",\"name\":\"Comment\",\"target\":[\"https:\\\/\\\/diariodelsurdigital.com.ar\\\/?p=3196#respond\"]}]},{\"@type\":\"WebPage\",\"@id\":\"https:\\\/\\\/diariodelsurdigital.com.ar\\\/?p=3196\",\"url\":\"https:\\\/\\\/diariodelsurdigital.com.ar\\\/?p=3196\",\"name\":\"ATE confirma un paro nacional para este mi\u00e9rcoles por la proscripci\u00f3n a CFK y exige juicio pol\u00edtico a la Corte Suprema - Diario del Sur\",\"isPartOf\":{\"@id\":\"https:\\\/\\\/diariodelsurdigital.com.ar\\\/#website\"},\"primaryImageOfPage\":{\"@id\":\"https:\\\/\\\/diariodelsurdigital.com.ar\\\/?p=3196#primaryimage\"},\"image\":{\"@id\":\"https:\\\/\\\/diariodelsurdigital.com.ar\\\/?p=3196#primaryimage\"},\"thumbnailUrl\":\"https:\\\/\\\/diariodelsurdigital.com.ar\\\/wp-content\\\/uploads\\\/2025\\\/06\\\/md-15-1.webp\",\"datePublished\":\"2025-06-17T15:36:31+00:00\",\"dateModified\":\"2025-06-17T15:37:45+00:00\",\"author\":{\"@id\":\"https:\\\/\\\/diariodelsurdigital.com.ar\\\/#\\\/schema\\\/person\\\/1a4992532ed62965c968031b49195c81\"},\"breadcrumb\":{\"@id\":\"https:\\\/\\\/diariodelsurdigital.com.ar\\\/?p=3196#breadcrumb\"},\"inLanguage\":\"es\",\"potentialAction\":[{\"@type\":\"ReadAction\",\"target\":[\"https:\\\/\\\/diariodelsurdigital.com.ar\\\/?p=3196\"]}]},{\"@type\":\"ImageObject\",\"inLanguage\":\"es\",\"@id\":\"https:\\\/\\\/diariodelsurdigital.com.ar\\\/?p=3196#primaryimage\",\"url\":\"https:\\\/\\\/diariodelsurdigital.com.ar\\\/wp-content\\\/uploads\\\/2025\\\/06\\\/md-15-1.webp\",\"contentUrl\":\"https:\\\/\\\/diariodelsurdigital.com.ar\\\/wp-content\\\/uploads\\\/2025\\\/06\\\/md-15-1.webp\",\"width\":992,\"height\":762},{\"@type\":\"BreadcrumbList\",\"@id\":\"https:\\\/\\\/diariodelsurdigital.com.ar\\\/?p=3196#breadcrumb\",\"itemListElement\":[{\"@type\":\"ListItem\",\"position\":1,\"name\":\"Portada\",\"item\":\"https:\\\/\\\/diariodelsurdigital.com.ar\\\/\"},{\"@type\":\"ListItem\",\"position\":2,\"name\":\"ATE confirma un paro nacional para este mi\u00e9rcoles por la proscripci\u00f3n a CFK y exige juicio pol\u00edtico a la Corte Suprema\"}]},{\"@type\":\"WebSite\",\"@id\":\"https:\\\/\\\/diariodelsurdigital.com.ar\\\/#website\",\"url\":\"https:\\\/\\\/diariodelsurdigital.com.ar\\\/\",\"name\":\"Diario del Sur\",\"description\":\"Digital\",\"potentialAction\":[{\"@type\":\"SearchAction\",\"target\":{\"@type\":\"EntryPoint\",\"urlTemplate\":\"https:\\\/\\\/diariodelsurdigital.com.ar\\\/?s={search_term_string}\"},\"query-input\":{\"@type\":\"PropertyValueSpecification\",\"valueRequired\":true,\"valueName\":\"search_term_string\"}}],\"inLanguage\":\"es\"},{\"@type\":\"Person\",\"@id\":\"https:\\\/\\\/diariodelsurdigital.com.ar\\\/#\\\/schema\\\/person\\\/1a4992532ed62965c968031b49195c81\",\"name\":\"Diario del Sur Digital\",\"image\":{\"@type\":\"ImageObject\",\"inLanguage\":\"es\",\"@id\":\"https:\\\/\\\/secure.gravatar.com\\\/avatar\\\/f0c7c47fc7146d19828273b9b8eda651c9c7ab583767e6338d3d3bee825adf76?s=96&d=mm&r=g\",\"url\":\"https:\\\/\\\/secure.gravatar.com\\\/avatar\\\/f0c7c47fc7146d19828273b9b8eda651c9c7ab583767e6338d3d3bee825adf76?s=96&d=mm&r=g\",\"contentUrl\":\"https:\\\/\\\/secure.gravatar.com\\\/avatar\\\/f0c7c47fc7146d19828273b9b8eda651c9c7ab583767e6338d3d3bee825adf76?s=96&d=mm&r=g\",\"caption\":\"Diario del Sur Digital\"},\"url\":\"https:\\\/\\\/diariodelsurdigital.com.ar\\\/?author=4\"}]}<\/script>\n<!-- \/ Yoast SEO plugin. -->","yoast_head_json":{"title":"ATE confirma un paro nacional para este mi\u00e9rcoles por la proscripci\u00f3n a CFK y exige juicio pol\u00edtico a la Corte Suprema - Diario del Sur","robots":{"index":"index","follow":"follow","max-snippet":"max-snippet:-1","max-image-preview":"max-image-preview:large","max-video-preview":"max-video-preview:-1"},"canonical":"https:\/\/diariodelsurdigital.com.ar\/?p=3196","og_locale":"es_ES","og_type":"article","og_title":"ATE confirma un paro nacional para este mi\u00e9rcoles por la proscripci\u00f3n a CFK y exige juicio pol\u00edtico a la Corte Suprema - Diario del Sur","og_description":"La Asociaci\u00f3n Trabajadores del Estado (ATE) ratific\u00f3 un paro de 24 horas para ma\u00f1ana, con movilizaciones en todo el pa\u00eds, demandando el enjuiciamiento de la Corte Suprema por la proscripci\u00f3n electoral de Cristina Fern\u00e1ndez de Kirchner y decisiones arbitrarias. La Asociaci\u00f3n Trabajadores del Estado (ATE), liderada por Rodolfo Aguiar, confirm\u00f3 un paro nacional de 24 [&hellip;]","og_url":"https:\/\/diariodelsurdigital.com.ar\/?p=3196","og_site_name":"Diario del Sur","article_published_time":"2025-06-17T15:36:31+00:00","article_modified_time":"2025-06-17T15:37:45+00:00","og_image":[{"width":992,"height":762,"url":"https:\/\/diariodelsurdigital.com.ar\/wp-content\/uploads\/2025\/06\/md-15-1.webp","type":"image\/webp"}],"author":"Diario del Sur Digital","twitter_card":"summary_large_image","twitter_misc":{"Escrito por":"Diario del Sur Digital","Tiempo de lectura":"2 minutos"},"schema":{"@context":"https:\/\/schema.org","@graph":[{"@type":"Article","@id":"https:\/\/diariodelsurdigital.com.ar\/?p=3196#article","isPartOf":{"@id":"https:\/\/diariodelsurdigital.com.ar\/?p=3196"},"author":{"name":"Diario del Sur Digital","@id":"https:\/\/diariodelsurdigital.com.ar\/#\/schema\/person\/1a4992532ed62965c968031b49195c81"},"headline":"ATE confirma un paro nacional para este mi\u00e9rcoles por la proscripci\u00f3n a CFK y exige juicio pol\u00edtico a la Corte Suprema","datePublished":"2025-06-17T15:36:31+00:00","dateModified":"2025-06-17T15:37:45+00:00","mainEntityOfPage":{"@id":"https:\/\/diariodelsurdigital.com.ar\/?p=3196"},"wordCount":361,"commentCount":0,"image":{"@id":"https:\/\/diariodelsurdigital.com.ar\/?p=3196#primaryimage"},"thumbnailUrl":"https:\/\/diariodelsurdigital.com.ar\/wp-content\/uploads\/2025\/06\/md-15-1.webp","articleSection":["Nacionales","Pol\u00edtica"],"inLanguage":"es","potentialAction":[{"@type":"CommentAction","name":"Comment","target":["https:\/\/diariodelsurdigital.com.ar\/?p=3196#respond"]}]},{"@type":"WebPage","@id":"https:\/\/diariodelsurdigital.com.ar\/?p=3196","url":"https:\/\/diariodelsurdigital.com.ar\/?p=3196","name":"ATE confirma un paro nacional para este mi\u00e9rcoles por la proscripci\u00f3n a CFK y exige juicio pol\u00edtico a la Corte Suprema - Diario del Sur","isPartOf":{"@id":"https:\/\/diariodelsurdigital.com.ar\/#website"},"primaryImageOfPage":{"@id":"https:\/\/diariodelsurdigital.com.ar\/?p=3196#primaryimage"},"image":{"@id":"https:\/\/diariodelsurdigital.com.ar\/?p=3196#primaryimage"},"thumbnailUrl":"https:\/\/diariodelsurdigital.com.ar\/wp-content\/uploads\/2025\/06\/md-15-1.webp","datePublished":"2025-06-17T15:36:31+00:00","dateModified":"2025-06-17T15:37:45+00:00","author":{"@id":"https:\/\/diariodelsurdigital.com.ar\/#\/schema\/person\/1a4992532ed62965c968031b49195c81"},"breadcrumb":{"@id":"https:\/\/diariodelsurdigital.com.ar\/?p=3196#breadcrumb"},"inLanguage":"es","potentialAction":[{"@type":"ReadAction","target":["https:\/\/diariodelsurdigital.com.ar\/?p=3196"]}]},{"@type":"ImageObject","inLanguage":"es","@id":"https:\/\/diariodelsurdigital.com.ar\/?p=3196#primaryimage","url":"https:\/\/diariodelsurdigital.com.ar\/wp-content\/uploads\/2025\/06\/md-15-1.webp","contentUrl":"https:\/\/diariodelsurdigital.com.ar\/wp-content\/uploads\/2025\/06\/md-15-1.webp","width":992,"height":762},{"@type":"BreadcrumbList","@id":"https:\/\/diariodelsurdigital.com.ar\/?p=3196#breadcrumb","itemListElement":[{"@type":"ListItem","position":1,"name":"Portada","item":"https:\/\/diariodelsurdigital.com.ar\/"},{"@type":"ListItem","position":2,"name":"ATE confirma un paro nacional para este mi\u00e9rcoles por la proscripci\u00f3n a CFK y exige juicio pol\u00edtico a la Corte Suprema"}]},{"@type":"WebSite","@id":"https:\/\/diariodelsurdigital.com.ar\/#website","url":"https:\/\/diariodelsurdigital.com.ar\/","name":"Diario del Sur","description":"Digital","potentialAction":[{"@type":"SearchAction","target":{"@type":"EntryPoint","urlTemplate":"https:\/\/diariodelsurdigital.com.ar\/?s={search_term_string}"},"query-input":{"@type":"PropertyValueSpecification","valueRequired":true,"valueName":"search_term_string"}}],"inLanguage":"es"},{"@type":"Person","@id":"https:\/\/diariodelsurdigital.com.ar\/#\/schema\/person\/1a4992532ed62965c968031b49195c81","name":"Diario del Sur Digital","image":{"@type":"ImageObject","inLanguage":"es","@id":"https:\/\/secure.gravatar.com\/avatar\/f0c7c47fc7146d19828273b9b8eda651c9c7ab583767e6338d3d3bee825adf76?s=96&d=mm&r=g","url":"https:\/\/secure.gravatar.com\/avatar\/f0c7c47fc7146d19828273b9b8eda651c9c7ab583767e6338d3d3bee825adf76?s=96&d=mm&r=g","contentUrl":"https:\/\/secure.gravatar.com\/avatar\/f0c7c47fc7146d19828273b9b8eda651c9c7ab583767e6338d3d3bee825adf76?s=96&d=mm&r=g","caption":"Diario del Sur Digital"},"url":"https:\/\/diariodelsurdigital.com.ar\/?author=4"}]}},"_links":{"self":[{"href":"https:\/\/diariodelsurdigital.com.ar\/index.php?rest_route=\/wp\/v2\/posts\/3196","targetHints":{"allow":["GET"]}}],"collection":[{"href":"https:\/\/diariodelsurdigital.com.ar\/index.php?rest_route=\/wp\/v2\/posts"}],"about":[{"href":"https:\/\/diariodelsurdigital.com.ar\/index.php?rest_route=\/wp\/v2\/types\/post"}],"author":[{"embeddable":true,"href":"https:\/\/diariodelsurdigital.com.ar\/index.php?rest_route=\/wp\/v2\/users\/4"}],"replies":[{"embeddable":true,"href":"https:\/\/diariodelsurdigital.com.ar\/index.php?rest_route=%2Fwp%2Fv2%2Fcomments&post=3196"}],"version-history":[{"count":2,"href":"https:\/\/diariodelsurdigital.com.ar\/index.php?rest_route=\/wp\/v2\/posts\/3196\/revisions"}],"predecessor-version":[{"id":3199,"href":"https:\/\/diariodelsurdigital.com.ar\/index.php?rest_route=\/wp\/v2\/posts\/3196\/revisions\/3199"}],"wp:featuredmedia":[{"embeddable":true,"href":"https:\/\/diariodelsurdigital.com.ar\/index.php?rest_route=\/wp\/v2\/media\/3197"}],"wp:attachment":[{"href":"https:\/\/diariodelsurdigital.com.ar\/index.php?rest_route=%2Fwp%2Fv2%2Fmedia&parent=3196"}],"wp:term":[{"taxonomy":"category","embeddable":true,"href":"https:\/\/diariodelsurdigital.com.ar\/index.php?rest_route=%2Fwp%2Fv2%2Fcategories&post=3196"},{"taxonomy":"post_tag","embeddable":true,"href":"https:\/\/diariodelsurdigital.com.ar\/index.php?rest_route=%2Fwp%2Fv2%2Ftags&post=3196"}],"curies":[{"name":"wp","href":"https:\/\/api.w.org\/{rel}","templated":true}]}}