{"id":3204,"date":"2025-06-17T19:50:40","date_gmt":"2025-06-17T22:50:40","guid":{"rendered":"https:\/\/diariodelsurdigital.com.ar\/?p=3204"},"modified":"2025-06-17T19:50:41","modified_gmt":"2025-06-17T22:50:41","slug":"azcue-cargo-contra-los-concejales-del-pj-por-tener-mas-de-30-asesores","status":"publish","type":"post","link":"https:\/\/diariodelsurdigital.com.ar\/?p=3204","title":{"rendered":"Azcu\u00e9 carg\u00f3 contra los concejales del PJ por tener m\u00e1s de 30 \u00abasesores\u00bb"},"content":{"rendered":"\n<h2 class=\"wp-block-heading\" id=\"nota-title\"> <\/h2>\n\n\n\n<p>Como se\u00f1al\u00e1bamos ayer, el amor entre el ex intendente Enrique Cresto y el actual mandatario local, Francisco Azcu\u00e9 hab\u00eda llegado a su fin. Como para muestra sirve un bot\u00f3n, les presentamos lo que el intendente despu\u00e9s de un a\u00f1o y medio viene a darse cuenta reci\u00e9n hoy, de que los concejales de la oposici\u00f3n son una \u00abcasta\u00bb, despu\u00e9s que los ediles le hab\u00edan levantado hasta las dos manos que tiene cada uno para que se aprueben las ordenanzas enviadas desde el Ejecutivo.<\/p>\n\n\n\n<p>AMORES DE ESTUDIANTE: \u00abHoy un juramento, ma\u00f1ana una traici\u00f3n\u00bb<\/p>\n\n\n\n<p>\u201cLa pol\u00edtica no puede seguir funcionando con l\u00f3gicas de casta\u201d, dijo el intendente de Concordia, cuando dio a conocer el decreto que firm\u00f3 junto a la viceintendente y presidente del Concejo Deliberante, Magdalena Reta de Urquiza.<a href=\"whatsapp:\/\/send?text=DRU:%20Azcu%C3%A9%20decret%C3%B3%20que%20el%20bloque%20del%20PJ%20reduzca%20la%20cantidad%20de%20asesores%20que%20tiene%20en%20el%20Concejo%20Deliberante%20-%20https:\/\/www.diarioriouruguay.com.ar\/uid-87404\"><\/a><a href=\"https:\/\/www.diarioriouruguay.com.ar\/concordia\/azcu-decret-que-el-bloque-del-pj-reduzca-la-cantidad-de-asesores-que-tiene-en-el-concejo-deliberante.htm?fbclid=IwY2xjawK-yy5leHRuA2FlbQIxMQBicmlkETF1QzZ5eUt5SUJVZXZleUNCAR6byC5ruz6TpSBHYSaNIfzs925FHNej9_s18kKVgcGOyoVunEXl4gSrVwE2AQ_aem_ghPAY2_Hy2NwRHkaC7m3Jw#\"><\/a><a href=\"https:\/\/www.diarioriouruguay.com.ar\/concordia\/azcu-decret-que-el-bloque-del-pj-reduzca-la-cantidad-de-asesores-que-tiene-en-el-concejo-deliberante.htm?fbclid=IwY2xjawK-yy5leHRuA2FlbQIxMQBicmlkETF1QzZ5eUt5SUJVZXZleUNCAR6byC5ruz6TpSBHYSaNIfzs925FHNej9_s18kKVgcGOyoVunEXl4gSrVwE2AQ_aem_ghPAY2_Hy2NwRHkaC7m3Jw#\"><\/a><\/p>\n\n\n\n<p> A trav\u00e9s de sus redes sociales, el presidente municipal, Francisco Azcu\u00e9, confirm\u00f3 que este martes firm\u00f3 un decreto junto a la viceintendente Magdalena Reta de Urquiza, \u00abpara reducir a la mitad la cantidad de asesores del bloque opositor en el Concejo Deliberante, que contaban con m\u00e1s de 30 asesores, para apenas 4 ediles\u201d, asegur\u00f3 el jefe comunal. <\/p>\n\n\n\n<p>En ese marco, detall\u00f3 que \u201ca partir de ahora, esos recursos se reasignar\u00e1n en \u00e1reas esenciales de la administraci\u00f3n como lo son higiene urbana, atenci\u00f3n ciudadana y defensa al consumidor\u201d.<\/p>\n\n\n\n<p>Azcu\u00e9 remarc\u00f3 que \u201ceste es solo el primer paso. Se terminaron los privilegios\u201d y acto seguido indic\u00f3 que&nbsp;<strong>\u201cla pol\u00edtica no puede seguir funcionando con l\u00f3gicas de casta<\/strong>. Tenemos la responsabilidad de ser austeros, eficientes y cuidar cada peso de los contribuyentes para poder invertirlos donde m\u00e1s se necesita; en obras de infraestructura y servicios para los vecinos de Concordia\u201d, concluy\u00f3.<\/p>\n\n\n\n<p>Un concejal muy ofuscado se\u00f1al\u00f3 a <strong>Diario del SUR Digital<\/strong>, que \u00abla mayor\u00eda de los asesores los tiene la concejal Claudia Villalba. Como siempre pagamos justos por pecadores\u00bb, se quej\u00f3.<\/p>\n\n\n\n<p>Para el intendente Azcu\u00e9, \u00abEsto reci\u00e9n comienza\u00bb y no se descartan m\u00e1s cambios que tiendan a recortar con la \u00abmotosierra\u00bb los \u00abregalitos que les dej\u00f3 Enriquito\u00bb.<\/p>\n\n\n\n<p>Fuente: Diario R\u00edo Uruguay\/Diario del SUR Digital<\/p>\n","protected":false},"excerpt":{"rendered":"<p>Como se\u00f1al\u00e1bamos ayer, el amor entre el ex intendente Enrique Cresto y el actual mandatario local, Francisco Azcu\u00e9 hab\u00eda llegado a su fin. Como para muestra sirve un bot\u00f3n, les presentamos lo que el intendente despu\u00e9s de un a\u00f1o y medio viene a darse cuenta reci\u00e9n hoy, de que los concejales de la oposici\u00f3n son [&hellip;]<\/p>\n","protected":false},"author":2,"featured_media":3205,"comment_status":"open","ping_status":"open","sticky":false,"template":"","format":"standard","meta":{"footnotes":""},"categories":[16],"tags":[],"class_list":{"0":"post-3204","1":"post","2":"type-post","3":"status-publish","4":"format-standard","5":"has-post-thumbnail","7":"category-locales"},"yoast_head":"<!-- This site is optimized with the Yoast SEO plugin v27.4 - https:\/\/yoast.com\/product\/yoast-seo-wordpress\/ -->\n<title>Azcu\u00e9 carg\u00f3 contra los concejales del PJ por tener m\u00e1s de 30 &quot;asesores&quot; - Diario del Sur<\/title>\n<meta name=\"robots\" content=\"index, follow, max-snippet:-1, max-image-preview:large, max-video-preview:-1\" \/>\n<link rel=\"canonical\" href=\"https:\/\/diariodelsurdigital.com.ar\/?p=3204\" \/>\n<meta property=\"og:locale\" content=\"es_ES\" \/>\n<meta property=\"og:type\" content=\"article\" \/>\n<meta property=\"og:title\" content=\"Azcu\u00e9 carg\u00f3 contra los concejales del PJ por tener m\u00e1s de 30 &quot;asesores&quot; - Diario del Sur\" \/>\n<meta property=\"og:description\" content=\"Como se\u00f1al\u00e1bamos ayer, el amor entre el ex intendente Enrique Cresto y el actual mandatario local, Francisco Azcu\u00e9 hab\u00eda llegado a su fin. Como para muestra sirve un bot\u00f3n, les presentamos lo que el intendente despu\u00e9s de un a\u00f1o y medio viene a darse cuenta reci\u00e9n hoy, de que los concejales de la oposici\u00f3n son [&hellip;]\" \/>\n<meta property=\"og:url\" content=\"https:\/\/diariodelsurdigital.com.ar\/?p=3204\" \/>\n<meta property=\"og:site_name\" content=\"Diario del Sur\" \/>\n<meta property=\"article:published_time\" content=\"2025-06-17T22:50:40+00:00\" \/>\n<meta property=\"article:modified_time\" content=\"2025-06-17T22:50:41+00:00\" \/>\n<meta property=\"og:image\" content=\"https:\/\/diariodelsurdigital.com.ar\/wp-content\/uploads\/2025\/06\/fran.jpg\" \/>\n\t<meta property=\"og:image:width\" content=\"507\" \/>\n\t<meta property=\"og:image:height\" content=\"306\" \/>\n\t<meta property=\"og:image:type\" content=\"image\/jpeg\" \/>\n<meta name=\"author\" content=\"Diario del Sur Digital\" \/>\n<meta name=\"twitter:card\" content=\"summary_large_image\" \/>\n<meta name=\"twitter:label1\" content=\"Escrito por\" \/>\n\t<meta name=\"twitter:data1\" content=\"Diario del Sur Digital\" \/>\n\t<meta name=\"twitter:label2\" content=\"Tiempo de lectura\" \/>\n\t<meta name=\"twitter:data2\" content=\"2 minutos\" \/>\n<script type=\"application\/ld+json\" class=\"yoast-schema-graph\">{\"@context\":\"https:\\\/\\\/schema.org\",\"@graph\":[{\"@type\":\"Article\",\"@id\":\"https:\\\/\\\/diariodelsurdigital.com.ar\\\/?p=3204#article\",\"isPartOf\":{\"@id\":\"https:\\\/\\\/diariodelsurdigital.com.ar\\\/?p=3204\"},\"author\":{\"name\":\"Diario del Sur Digital\",\"@id\":\"https:\\\/\\\/diariodelsurdigital.com.ar\\\/#\\\/schema\\\/person\\\/6136a32571657f7dba980b88b04c5465\"},\"headline\":\"Azcu\u00e9 carg\u00f3 contra los concejales del PJ por tener m\u00e1s de 30 \u00abasesores\u00bb\",\"datePublished\":\"2025-06-17T22:50:40+00:00\",\"dateModified\":\"2025-06-17T22:50:41+00:00\",\"mainEntityOfPage\":{\"@id\":\"https:\\\/\\\/diariodelsurdigital.com.ar\\\/?p=3204\"},\"wordCount\":378,\"commentCount\":0,\"image\":{\"@id\":\"https:\\\/\\\/diariodelsurdigital.com.ar\\\/?p=3204#primaryimage\"},\"thumbnailUrl\":\"https:\\\/\\\/diariodelsurdigital.com.ar\\\/wp-content\\\/uploads\\\/2025\\\/06\\\/fran.jpg\",\"articleSection\":[\"Locales\"],\"inLanguage\":\"es\",\"potentialAction\":[{\"@type\":\"CommentAction\",\"name\":\"Comment\",\"target\":[\"https:\\\/\\\/diariodelsurdigital.com.ar\\\/?p=3204#respond\"]}]},{\"@type\":\"WebPage\",\"@id\":\"https:\\\/\\\/diariodelsurdigital.com.ar\\\/?p=3204\",\"url\":\"https:\\\/\\\/diariodelsurdigital.com.ar\\\/?p=3204\",\"name\":\"Azcu\u00e9 carg\u00f3 contra los concejales del PJ por tener m\u00e1s de 30 \\\"asesores\\\" - Diario del Sur\",\"isPartOf\":{\"@id\":\"https:\\\/\\\/diariodelsurdigital.com.ar\\\/#website\"},\"primaryImageOfPage\":{\"@id\":\"https:\\\/\\\/diariodelsurdigital.com.ar\\\/?p=3204#primaryimage\"},\"image\":{\"@id\":\"https:\\\/\\\/diariodelsurdigital.com.ar\\\/?p=3204#primaryimage\"},\"thumbnailUrl\":\"https:\\\/\\\/diariodelsurdigital.com.ar\\\/wp-content\\\/uploads\\\/2025\\\/06\\\/fran.jpg\",\"datePublished\":\"2025-06-17T22:50:40+00:00\",\"dateModified\":\"2025-06-17T22:50:41+00:00\",\"author\":{\"@id\":\"https:\\\/\\\/diariodelsurdigital.com.ar\\\/#\\\/schema\\\/person\\\/6136a32571657f7dba980b88b04c5465\"},\"breadcrumb\":{\"@id\":\"https:\\\/\\\/diariodelsurdigital.com.ar\\\/?p=3204#breadcrumb\"},\"inLanguage\":\"es\",\"potentialAction\":[{\"@type\":\"ReadAction\",\"target\":[\"https:\\\/\\\/diariodelsurdigital.com.ar\\\/?p=3204\"]}]},{\"@type\":\"ImageObject\",\"inLanguage\":\"es\",\"@id\":\"https:\\\/\\\/diariodelsurdigital.com.ar\\\/?p=3204#primaryimage\",\"url\":\"https:\\\/\\\/diariodelsurdigital.com.ar\\\/wp-content\\\/uploads\\\/2025\\\/06\\\/fran.jpg\",\"contentUrl\":\"https:\\\/\\\/diariodelsurdigital.com.ar\\\/wp-content\\\/uploads\\\/2025\\\/06\\\/fran.jpg\",\"width\":507,\"height\":306},{\"@type\":\"BreadcrumbList\",\"@id\":\"https:\\\/\\\/diariodelsurdigital.com.ar\\\/?p=3204#breadcrumb\",\"itemListElement\":[{\"@type\":\"ListItem\",\"position\":1,\"name\":\"Portada\",\"item\":\"https:\\\/\\\/diariodelsurdigital.com.ar\\\/\"},{\"@type\":\"ListItem\",\"position\":2,\"name\":\"Azcu\u00e9 carg\u00f3 contra los concejales del PJ por tener m\u00e1s de 30 \u00abasesores\u00bb\"}]},{\"@type\":\"WebSite\",\"@id\":\"https:\\\/\\\/diariodelsurdigital.com.ar\\\/#website\",\"url\":\"https:\\\/\\\/diariodelsurdigital.com.ar\\\/\",\"name\":\"Diario del Sur\",\"description\":\"Digital\",\"potentialAction\":[{\"@type\":\"SearchAction\",\"target\":{\"@type\":\"EntryPoint\",\"urlTemplate\":\"https:\\\/\\\/diariodelsurdigital.com.ar\\\/?s={search_term_string}\"},\"query-input\":{\"@type\":\"PropertyValueSpecification\",\"valueRequired\":true,\"valueName\":\"search_term_string\"}}],\"inLanguage\":\"es\"},{\"@type\":\"Person\",\"@id\":\"https:\\\/\\\/diariodelsurdigital.com.ar\\\/#\\\/schema\\\/person\\\/6136a32571657f7dba980b88b04c5465\",\"name\":\"Diario del Sur Digital\",\"image\":{\"@type\":\"ImageObject\",\"inLanguage\":\"es\",\"@id\":\"https:\\\/\\\/secure.gravatar.com\\\/avatar\\\/4c29ceac98541dd42460b2474aaa5dd37594d6ce6cb3cf2c101d09b48ee287ba?s=96&d=mm&r=g\",\"url\":\"https:\\\/\\\/secure.gravatar.com\\\/avatar\\\/4c29ceac98541dd42460b2474aaa5dd37594d6ce6cb3cf2c101d09b48ee287ba?s=96&d=mm&r=g\",\"contentUrl\":\"https:\\\/\\\/secure.gravatar.com\\\/avatar\\\/4c29ceac98541dd42460b2474aaa5dd37594d6ce6cb3cf2c101d09b48ee287ba?s=96&d=mm&r=g\",\"caption\":\"Diario del Sur Digital\"},\"url\":\"https:\\\/\\\/diariodelsurdigital.com.ar\\\/?author=2\"}]}<\/script>\n<!-- \/ Yoast SEO plugin. -->","yoast_head_json":{"title":"Azcu\u00e9 carg\u00f3 contra los concejales del PJ por tener m\u00e1s de 30 \"asesores\" - Diario del Sur","robots":{"index":"index","follow":"follow","max-snippet":"max-snippet:-1","max-image-preview":"max-image-preview:large","max-video-preview":"max-video-preview:-1"},"canonical":"https:\/\/diariodelsurdigital.com.ar\/?p=3204","og_locale":"es_ES","og_type":"article","og_title":"Azcu\u00e9 carg\u00f3 contra los concejales del PJ por tener m\u00e1s de 30 \"asesores\" - Diario del Sur","og_description":"Como se\u00f1al\u00e1bamos ayer, el amor entre el ex intendente Enrique Cresto y el actual mandatario local, Francisco Azcu\u00e9 hab\u00eda llegado a su fin. Como para muestra sirve un bot\u00f3n, les presentamos lo que el intendente despu\u00e9s de un a\u00f1o y medio viene a darse cuenta reci\u00e9n hoy, de que los concejales de la oposici\u00f3n son [&hellip;]","og_url":"https:\/\/diariodelsurdigital.com.ar\/?p=3204","og_site_name":"Diario del Sur","article_published_time":"2025-06-17T22:50:40+00:00","article_modified_time":"2025-06-17T22:50:41+00:00","og_image":[{"width":507,"height":306,"url":"https:\/\/diariodelsurdigital.com.ar\/wp-content\/uploads\/2025\/06\/fran.jpg","type":"image\/jpeg"}],"author":"Diario del Sur Digital","twitter_card":"summary_large_image","twitter_misc":{"Escrito por":"Diario del Sur Digital","Tiempo de lectura":"2 minutos"},"schema":{"@context":"https:\/\/schema.org","@graph":[{"@type":"Article","@id":"https:\/\/diariodelsurdigital.com.ar\/?p=3204#article","isPartOf":{"@id":"https:\/\/diariodelsurdigital.com.ar\/?p=3204"},"author":{"name":"Diario del Sur Digital","@id":"https:\/\/diariodelsurdigital.com.ar\/#\/schema\/person\/6136a32571657f7dba980b88b04c5465"},"headline":"Azcu\u00e9 carg\u00f3 contra los concejales del PJ por tener m\u00e1s de 30 \u00abasesores\u00bb","datePublished":"2025-06-17T22:50:40+00:00","dateModified":"2025-06-17T22:50:41+00:00","mainEntityOfPage":{"@id":"https:\/\/diariodelsurdigital.com.ar\/?p=3204"},"wordCount":378,"commentCount":0,"image":{"@id":"https:\/\/diariodelsurdigital.com.ar\/?p=3204#primaryimage"},"thumbnailUrl":"https:\/\/diariodelsurdigital.com.ar\/wp-content\/uploads\/2025\/06\/fran.jpg","articleSection":["Locales"],"inLanguage":"es","potentialAction":[{"@type":"CommentAction","name":"Comment","target":["https:\/\/diariodelsurdigital.com.ar\/?p=3204#respond"]}]},{"@type":"WebPage","@id":"https:\/\/diariodelsurdigital.com.ar\/?p=3204","url":"https:\/\/diariodelsurdigital.com.ar\/?p=3204","name":"Azcu\u00e9 carg\u00f3 contra los concejales del PJ por tener m\u00e1s de 30 \"asesores\" - Diario del Sur","isPartOf":{"@id":"https:\/\/diariodelsurdigital.com.ar\/#website"},"primaryImageOfPage":{"@id":"https:\/\/diariodelsurdigital.com.ar\/?p=3204#primaryimage"},"image":{"@id":"https:\/\/diariodelsurdigital.com.ar\/?p=3204#primaryimage"},"thumbnailUrl":"https:\/\/diariodelsurdigital.com.ar\/wp-content\/uploads\/2025\/06\/fran.jpg","datePublished":"2025-06-17T22:50:40+00:00","dateModified":"2025-06-17T22:50:41+00:00","author":{"@id":"https:\/\/diariodelsurdigital.com.ar\/#\/schema\/person\/6136a32571657f7dba980b88b04c5465"},"breadcrumb":{"@id":"https:\/\/diariodelsurdigital.com.ar\/?p=3204#breadcrumb"},"inLanguage":"es","potentialAction":[{"@type":"ReadAction","target":["https:\/\/diariodelsurdigital.com.ar\/?p=3204"]}]},{"@type":"ImageObject","inLanguage":"es","@id":"https:\/\/diariodelsurdigital.com.ar\/?p=3204#primaryimage","url":"https:\/\/diariodelsurdigital.com.ar\/wp-content\/uploads\/2025\/06\/fran.jpg","contentUrl":"https:\/\/diariodelsurdigital.com.ar\/wp-content\/uploads\/2025\/06\/fran.jpg","width":507,"height":306},{"@type":"BreadcrumbList","@id":"https:\/\/diariodelsurdigital.com.ar\/?p=3204#breadcrumb","itemListElement":[{"@type":"ListItem","position":1,"name":"Portada","item":"https:\/\/diariodelsurdigital.com.ar\/"},{"@type":"ListItem","position":2,"name":"Azcu\u00e9 carg\u00f3 contra los concejales del PJ por tener m\u00e1s de 30 \u00abasesores\u00bb"}]},{"@type":"WebSite","@id":"https:\/\/diariodelsurdigital.com.ar\/#website","url":"https:\/\/diariodelsurdigital.com.ar\/","name":"Diario del Sur","description":"Digital","potentialAction":[{"@type":"SearchAction","target":{"@type":"EntryPoint","urlTemplate":"https:\/\/diariodelsurdigital.com.ar\/?s={search_term_string}"},"query-input":{"@type":"PropertyValueSpecification","valueRequired":true,"valueName":"search_term_string"}}],"inLanguage":"es"},{"@type":"Person","@id":"https:\/\/diariodelsurdigital.com.ar\/#\/schema\/person\/6136a32571657f7dba980b88b04c5465","name":"Diario del Sur Digital","image":{"@type":"ImageObject","inLanguage":"es","@id":"https:\/\/secure.gravatar.com\/avatar\/4c29ceac98541dd42460b2474aaa5dd37594d6ce6cb3cf2c101d09b48ee287ba?s=96&d=mm&r=g","url":"https:\/\/secure.gravatar.com\/avatar\/4c29ceac98541dd42460b2474aaa5dd37594d6ce6cb3cf2c101d09b48ee287ba?s=96&d=mm&r=g","contentUrl":"https:\/\/secure.gravatar.com\/avatar\/4c29ceac98541dd42460b2474aaa5dd37594d6ce6cb3cf2c101d09b48ee287ba?s=96&d=mm&r=g","caption":"Diario del Sur Digital"},"url":"https:\/\/diariodelsurdigital.com.ar\/?author=2"}]}},"_links":{"self":[{"href":"https:\/\/diariodelsurdigital.com.ar\/index.php?rest_route=\/wp\/v2\/posts\/3204","targetHints":{"allow":["GET"]}}],"collection":[{"href":"https:\/\/diariodelsurdigital.com.ar\/index.php?rest_route=\/wp\/v2\/posts"}],"about":[{"href":"https:\/\/diariodelsurdigital.com.ar\/index.php?rest_route=\/wp\/v2\/types\/post"}],"author":[{"embeddable":true,"href":"https:\/\/diariodelsurdigital.com.ar\/index.php?rest_route=\/wp\/v2\/users\/2"}],"replies":[{"embeddable":true,"href":"https:\/\/diariodelsurdigital.com.ar\/index.php?rest_route=%2Fwp%2Fv2%2Fcomments&post=3204"}],"version-history":[{"count":1,"href":"https:\/\/diariodelsurdigital.com.ar\/index.php?rest_route=\/wp\/v2\/posts\/3204\/revisions"}],"predecessor-version":[{"id":3206,"href":"https:\/\/diariodelsurdigital.com.ar\/index.php?rest_route=\/wp\/v2\/posts\/3204\/revisions\/3206"}],"wp:featuredmedia":[{"embeddable":true,"href":"https:\/\/diariodelsurdigital.com.ar\/index.php?rest_route=\/wp\/v2\/media\/3205"}],"wp:attachment":[{"href":"https:\/\/diariodelsurdigital.com.ar\/index.php?rest_route=%2Fwp%2Fv2%2Fmedia&parent=3204"}],"wp:term":[{"taxonomy":"category","embeddable":true,"href":"https:\/\/diariodelsurdigital.com.ar\/index.php?rest_route=%2Fwp%2Fv2%2Fcategories&post=3204"},{"taxonomy":"post_tag","embeddable":true,"href":"https:\/\/diariodelsurdigital.com.ar\/index.php?rest_route=%2Fwp%2Fv2%2Ftags&post=3204"}],"curies":[{"name":"wp","href":"https:\/\/api.w.org\/{rel}","templated":true}]}}