{"id":3207,"date":"2025-06-17T21:06:38","date_gmt":"2025-06-18T00:06:38","guid":{"rendered":"https:\/\/diariodelsurdigital.com.ar\/?p=3207"},"modified":"2025-06-17T21:06:39","modified_gmt":"2025-06-18T00:06:39","slug":"concejal-y-miembros-de-una-ong-de-puerto-yerua-se-reunieron-con-el-presidente-de-la-cooperativa-electrica","status":"publish","type":"post","link":"https:\/\/diariodelsurdigital.com.ar\/?p=3207","title":{"rendered":"Concejal y miembros de una ONG de Puerto Yeru\u00e1 se reunieron con el presidente de la Cooperativa El\u00e9ctrica"},"content":{"rendered":"\n<p><\/p>\n\n\n\n<p>Este martes por la ma\u00f1ana, la concejal Claudia Kinderknegt y la secretaria de la Asociaci\u00f3n Artiguista, prof. Julieta Ferrer, mantuvieron un encuentro con el presidente de la Cooperativa El\u00e9ctrica de Concordia, Dr. Marcelo Spinelli y su tesorero, Gustavo Ibarra.<\/p>\n\n\n\n<p>En la misma, se abordaron temas inherentes a la canalizaci\u00f3n de proyectos que tienen que ver con el alumbrado p\u00fablico y el tendido el\u00e9ctrico.<\/p>\n\n\n\n<p>Al respecto, la concejal Kinderknegt, se\u00f1al\u00f3 \u201cla necesidad de contar con asistencia t\u00e9cnica para viabilizar algunos proyectos a realizarse en un futuro inmediato para el mejoramiento de Puerto Yeru\u00e1, como as\u00ed tambi\u00e9n en capacitaciones para los asociados que residen en la localidad\u201d, indic\u00f3 la concejal.<\/p>\n\n\n\n<p>Por su parte, la profesora Julieta Ferrer, plante\u00f3 al presidente de la Cooperativa El\u00e9ctrica, \u201cla preocupaci\u00f3n de algunos vecinos de Puerto Yeru\u00e1 que est\u00e1n interesados en que se mejoren ciertos sectores del pueblo, en lo que tiene que ver con la iluminaci\u00f3n p\u00fablica, que le dar\u00edan m\u00e1s seguridad, puesto que han ocurrido varios hechos de hurtos en algunas propiedades\u201d.<\/p>\n","protected":false},"excerpt":{"rendered":"<p>Este martes por la ma\u00f1ana, la concejal Claudia Kinderknegt y la secretaria de la Asociaci\u00f3n Artiguista, prof. Julieta Ferrer, mantuvieron un encuentro con el presidente de la Cooperativa El\u00e9ctrica de Concordia, Dr. Marcelo Spinelli y su tesorero, Gustavo Ibarra. En la misma, se abordaron temas inherentes a la canalizaci\u00f3n de proyectos que tienen que ver [&hellip;]<\/p>\n","protected":false},"author":2,"featured_media":3208,"comment_status":"open","ping_status":"open","sticky":false,"template":"","format":"standard","meta":{"footnotes":""},"categories":[16],"tags":[],"class_list":{"0":"post-3207","1":"post","2":"type-post","3":"status-publish","4":"format-standard","5":"has-post-thumbnail","7":"category-locales"},"yoast_head":"<!-- This site is optimized with the Yoast SEO plugin v27.4 - https:\/\/yoast.com\/product\/yoast-seo-wordpress\/ -->\n<title>Concejal y miembros de una ONG de Puerto Yeru\u00e1 se reunieron con el presidente de la Cooperativa El\u00e9ctrica - Diario del Sur<\/title>\n<meta name=\"robots\" content=\"index, follow, max-snippet:-1, max-image-preview:large, max-video-preview:-1\" \/>\n<link rel=\"canonical\" href=\"https:\/\/diariodelsurdigital.com.ar\/?p=3207\" \/>\n<meta property=\"og:locale\" content=\"es_ES\" \/>\n<meta property=\"og:type\" content=\"article\" \/>\n<meta property=\"og:title\" content=\"Concejal y miembros de una ONG de Puerto Yeru\u00e1 se reunieron con el presidente de la Cooperativa El\u00e9ctrica - Diario del Sur\" \/>\n<meta property=\"og:description\" content=\"Este martes por la ma\u00f1ana, la concejal Claudia Kinderknegt y la secretaria de la Asociaci\u00f3n Artiguista, prof. Julieta Ferrer, mantuvieron un encuentro con el presidente de la Cooperativa El\u00e9ctrica de Concordia, Dr. Marcelo Spinelli y su tesorero, Gustavo Ibarra. En la misma, se abordaron temas inherentes a la canalizaci\u00f3n de proyectos que tienen que ver [&hellip;]\" \/>\n<meta property=\"og:url\" content=\"https:\/\/diariodelsurdigital.com.ar\/?p=3207\" \/>\n<meta property=\"og:site_name\" content=\"Diario del Sur\" \/>\n<meta property=\"article:published_time\" content=\"2025-06-18T00:06:38+00:00\" \/>\n<meta property=\"article:modified_time\" content=\"2025-06-18T00:06:39+00:00\" \/>\n<meta property=\"og:image\" content=\"https:\/\/diariodelsurdigital.com.ar\/wp-content\/uploads\/2025\/06\/Imagen-de-WhatsApp-2025-06-17-a-las-21.02.07_3d84e282.jpg\" \/>\n\t<meta property=\"og:image:width\" content=\"480\" \/>\n\t<meta property=\"og:image:height\" content=\"324\" \/>\n\t<meta property=\"og:image:type\" content=\"image\/jpeg\" \/>\n<meta name=\"author\" content=\"Diario del Sur Digital\" \/>\n<meta name=\"twitter:card\" content=\"summary_large_image\" \/>\n<meta name=\"twitter:label1\" content=\"Escrito por\" \/>\n\t<meta name=\"twitter:data1\" content=\"Diario del Sur Digital\" \/>\n\t<meta name=\"twitter:label2\" content=\"Tiempo de lectura\" \/>\n\t<meta name=\"twitter:data2\" content=\"1 minuto\" \/>\n<script type=\"application\/ld+json\" class=\"yoast-schema-graph\">{\"@context\":\"https:\\\/\\\/schema.org\",\"@graph\":[{\"@type\":\"Article\",\"@id\":\"https:\\\/\\\/diariodelsurdigital.com.ar\\\/?p=3207#article\",\"isPartOf\":{\"@id\":\"https:\\\/\\\/diariodelsurdigital.com.ar\\\/?p=3207\"},\"author\":{\"name\":\"Diario del Sur Digital\",\"@id\":\"https:\\\/\\\/diariodelsurdigital.com.ar\\\/#\\\/schema\\\/person\\\/6136a32571657f7dba980b88b04c5465\"},\"headline\":\"Concejal y miembros de una ONG de Puerto Yeru\u00e1 se reunieron con el presidente de la Cooperativa El\u00e9ctrica\",\"datePublished\":\"2025-06-18T00:06:38+00:00\",\"dateModified\":\"2025-06-18T00:06:39+00:00\",\"mainEntityOfPage\":{\"@id\":\"https:\\\/\\\/diariodelsurdigital.com.ar\\\/?p=3207\"},\"wordCount\":202,\"commentCount\":0,\"image\":{\"@id\":\"https:\\\/\\\/diariodelsurdigital.com.ar\\\/?p=3207#primaryimage\"},\"thumbnailUrl\":\"https:\\\/\\\/diariodelsurdigital.com.ar\\\/wp-content\\\/uploads\\\/2025\\\/06\\\/Imagen-de-WhatsApp-2025-06-17-a-las-21.02.07_3d84e282.jpg\",\"articleSection\":[\"Locales\"],\"inLanguage\":\"es\",\"potentialAction\":[{\"@type\":\"CommentAction\",\"name\":\"Comment\",\"target\":[\"https:\\\/\\\/diariodelsurdigital.com.ar\\\/?p=3207#respond\"]}]},{\"@type\":\"WebPage\",\"@id\":\"https:\\\/\\\/diariodelsurdigital.com.ar\\\/?p=3207\",\"url\":\"https:\\\/\\\/diariodelsurdigital.com.ar\\\/?p=3207\",\"name\":\"Concejal y miembros de una ONG de Puerto Yeru\u00e1 se reunieron con el presidente de la Cooperativa El\u00e9ctrica - Diario del Sur\",\"isPartOf\":{\"@id\":\"https:\\\/\\\/diariodelsurdigital.com.ar\\\/#website\"},\"primaryImageOfPage\":{\"@id\":\"https:\\\/\\\/diariodelsurdigital.com.ar\\\/?p=3207#primaryimage\"},\"image\":{\"@id\":\"https:\\\/\\\/diariodelsurdigital.com.ar\\\/?p=3207#primaryimage\"},\"thumbnailUrl\":\"https:\\\/\\\/diariodelsurdigital.com.ar\\\/wp-content\\\/uploads\\\/2025\\\/06\\\/Imagen-de-WhatsApp-2025-06-17-a-las-21.02.07_3d84e282.jpg\",\"datePublished\":\"2025-06-18T00:06:38+00:00\",\"dateModified\":\"2025-06-18T00:06:39+00:00\",\"author\":{\"@id\":\"https:\\\/\\\/diariodelsurdigital.com.ar\\\/#\\\/schema\\\/person\\\/6136a32571657f7dba980b88b04c5465\"},\"breadcrumb\":{\"@id\":\"https:\\\/\\\/diariodelsurdigital.com.ar\\\/?p=3207#breadcrumb\"},\"inLanguage\":\"es\",\"potentialAction\":[{\"@type\":\"ReadAction\",\"target\":[\"https:\\\/\\\/diariodelsurdigital.com.ar\\\/?p=3207\"]}]},{\"@type\":\"ImageObject\",\"inLanguage\":\"es\",\"@id\":\"https:\\\/\\\/diariodelsurdigital.com.ar\\\/?p=3207#primaryimage\",\"url\":\"https:\\\/\\\/diariodelsurdigital.com.ar\\\/wp-content\\\/uploads\\\/2025\\\/06\\\/Imagen-de-WhatsApp-2025-06-17-a-las-21.02.07_3d84e282.jpg\",\"contentUrl\":\"https:\\\/\\\/diariodelsurdigital.com.ar\\\/wp-content\\\/uploads\\\/2025\\\/06\\\/Imagen-de-WhatsApp-2025-06-17-a-las-21.02.07_3d84e282.jpg\",\"width\":480,\"height\":324},{\"@type\":\"BreadcrumbList\",\"@id\":\"https:\\\/\\\/diariodelsurdigital.com.ar\\\/?p=3207#breadcrumb\",\"itemListElement\":[{\"@type\":\"ListItem\",\"position\":1,\"name\":\"Portada\",\"item\":\"https:\\\/\\\/diariodelsurdigital.com.ar\\\/\"},{\"@type\":\"ListItem\",\"position\":2,\"name\":\"Concejal y miembros de una ONG de Puerto Yeru\u00e1 se reunieron con el presidente de la Cooperativa El\u00e9ctrica\"}]},{\"@type\":\"WebSite\",\"@id\":\"https:\\\/\\\/diariodelsurdigital.com.ar\\\/#website\",\"url\":\"https:\\\/\\\/diariodelsurdigital.com.ar\\\/\",\"name\":\"Diario del Sur\",\"description\":\"Digital\",\"potentialAction\":[{\"@type\":\"SearchAction\",\"target\":{\"@type\":\"EntryPoint\",\"urlTemplate\":\"https:\\\/\\\/diariodelsurdigital.com.ar\\\/?s={search_term_string}\"},\"query-input\":{\"@type\":\"PropertyValueSpecification\",\"valueRequired\":true,\"valueName\":\"search_term_string\"}}],\"inLanguage\":\"es\"},{\"@type\":\"Person\",\"@id\":\"https:\\\/\\\/diariodelsurdigital.com.ar\\\/#\\\/schema\\\/person\\\/6136a32571657f7dba980b88b04c5465\",\"name\":\"Diario del Sur Digital\",\"image\":{\"@type\":\"ImageObject\",\"inLanguage\":\"es\",\"@id\":\"https:\\\/\\\/secure.gravatar.com\\\/avatar\\\/4c29ceac98541dd42460b2474aaa5dd37594d6ce6cb3cf2c101d09b48ee287ba?s=96&d=mm&r=g\",\"url\":\"https:\\\/\\\/secure.gravatar.com\\\/avatar\\\/4c29ceac98541dd42460b2474aaa5dd37594d6ce6cb3cf2c101d09b48ee287ba?s=96&d=mm&r=g\",\"contentUrl\":\"https:\\\/\\\/secure.gravatar.com\\\/avatar\\\/4c29ceac98541dd42460b2474aaa5dd37594d6ce6cb3cf2c101d09b48ee287ba?s=96&d=mm&r=g\",\"caption\":\"Diario del Sur Digital\"},\"url\":\"https:\\\/\\\/diariodelsurdigital.com.ar\\\/?author=2\"}]}<\/script>\n<!-- \/ Yoast SEO plugin. -->","yoast_head_json":{"title":"Concejal y miembros de una ONG de Puerto Yeru\u00e1 se reunieron con el presidente de la Cooperativa El\u00e9ctrica - Diario del Sur","robots":{"index":"index","follow":"follow","max-snippet":"max-snippet:-1","max-image-preview":"max-image-preview:large","max-video-preview":"max-video-preview:-1"},"canonical":"https:\/\/diariodelsurdigital.com.ar\/?p=3207","og_locale":"es_ES","og_type":"article","og_title":"Concejal y miembros de una ONG de Puerto Yeru\u00e1 se reunieron con el presidente de la Cooperativa El\u00e9ctrica - Diario del Sur","og_description":"Este martes por la ma\u00f1ana, la concejal Claudia Kinderknegt y la secretaria de la Asociaci\u00f3n Artiguista, prof. Julieta Ferrer, mantuvieron un encuentro con el presidente de la Cooperativa El\u00e9ctrica de Concordia, Dr. Marcelo Spinelli y su tesorero, Gustavo Ibarra. En la misma, se abordaron temas inherentes a la canalizaci\u00f3n de proyectos que tienen que ver [&hellip;]","og_url":"https:\/\/diariodelsurdigital.com.ar\/?p=3207","og_site_name":"Diario del Sur","article_published_time":"2025-06-18T00:06:38+00:00","article_modified_time":"2025-06-18T00:06:39+00:00","og_image":[{"width":480,"height":324,"url":"https:\/\/diariodelsurdigital.com.ar\/wp-content\/uploads\/2025\/06\/Imagen-de-WhatsApp-2025-06-17-a-las-21.02.07_3d84e282.jpg","type":"image\/jpeg"}],"author":"Diario del Sur Digital","twitter_card":"summary_large_image","twitter_misc":{"Escrito por":"Diario del Sur Digital","Tiempo de lectura":"1 minuto"},"schema":{"@context":"https:\/\/schema.org","@graph":[{"@type":"Article","@id":"https:\/\/diariodelsurdigital.com.ar\/?p=3207#article","isPartOf":{"@id":"https:\/\/diariodelsurdigital.com.ar\/?p=3207"},"author":{"name":"Diario del Sur Digital","@id":"https:\/\/diariodelsurdigital.com.ar\/#\/schema\/person\/6136a32571657f7dba980b88b04c5465"},"headline":"Concejal y miembros de una ONG de Puerto Yeru\u00e1 se reunieron con el presidente de la Cooperativa El\u00e9ctrica","datePublished":"2025-06-18T00:06:38+00:00","dateModified":"2025-06-18T00:06:39+00:00","mainEntityOfPage":{"@id":"https:\/\/diariodelsurdigital.com.ar\/?p=3207"},"wordCount":202,"commentCount":0,"image":{"@id":"https:\/\/diariodelsurdigital.com.ar\/?p=3207#primaryimage"},"thumbnailUrl":"https:\/\/diariodelsurdigital.com.ar\/wp-content\/uploads\/2025\/06\/Imagen-de-WhatsApp-2025-06-17-a-las-21.02.07_3d84e282.jpg","articleSection":["Locales"],"inLanguage":"es","potentialAction":[{"@type":"CommentAction","name":"Comment","target":["https:\/\/diariodelsurdigital.com.ar\/?p=3207#respond"]}]},{"@type":"WebPage","@id":"https:\/\/diariodelsurdigital.com.ar\/?p=3207","url":"https:\/\/diariodelsurdigital.com.ar\/?p=3207","name":"Concejal y miembros de una ONG de Puerto Yeru\u00e1 se reunieron con el presidente de la Cooperativa El\u00e9ctrica - Diario del Sur","isPartOf":{"@id":"https:\/\/diariodelsurdigital.com.ar\/#website"},"primaryImageOfPage":{"@id":"https:\/\/diariodelsurdigital.com.ar\/?p=3207#primaryimage"},"image":{"@id":"https:\/\/diariodelsurdigital.com.ar\/?p=3207#primaryimage"},"thumbnailUrl":"https:\/\/diariodelsurdigital.com.ar\/wp-content\/uploads\/2025\/06\/Imagen-de-WhatsApp-2025-06-17-a-las-21.02.07_3d84e282.jpg","datePublished":"2025-06-18T00:06:38+00:00","dateModified":"2025-06-18T00:06:39+00:00","author":{"@id":"https:\/\/diariodelsurdigital.com.ar\/#\/schema\/person\/6136a32571657f7dba980b88b04c5465"},"breadcrumb":{"@id":"https:\/\/diariodelsurdigital.com.ar\/?p=3207#breadcrumb"},"inLanguage":"es","potentialAction":[{"@type":"ReadAction","target":["https:\/\/diariodelsurdigital.com.ar\/?p=3207"]}]},{"@type":"ImageObject","inLanguage":"es","@id":"https:\/\/diariodelsurdigital.com.ar\/?p=3207#primaryimage","url":"https:\/\/diariodelsurdigital.com.ar\/wp-content\/uploads\/2025\/06\/Imagen-de-WhatsApp-2025-06-17-a-las-21.02.07_3d84e282.jpg","contentUrl":"https:\/\/diariodelsurdigital.com.ar\/wp-content\/uploads\/2025\/06\/Imagen-de-WhatsApp-2025-06-17-a-las-21.02.07_3d84e282.jpg","width":480,"height":324},{"@type":"BreadcrumbList","@id":"https:\/\/diariodelsurdigital.com.ar\/?p=3207#breadcrumb","itemListElement":[{"@type":"ListItem","position":1,"name":"Portada","item":"https:\/\/diariodelsurdigital.com.ar\/"},{"@type":"ListItem","position":2,"name":"Concejal y miembros de una ONG de Puerto Yeru\u00e1 se reunieron con el presidente de la Cooperativa El\u00e9ctrica"}]},{"@type":"WebSite","@id":"https:\/\/diariodelsurdigital.com.ar\/#website","url":"https:\/\/diariodelsurdigital.com.ar\/","name":"Diario del Sur","description":"Digital","potentialAction":[{"@type":"SearchAction","target":{"@type":"EntryPoint","urlTemplate":"https:\/\/diariodelsurdigital.com.ar\/?s={search_term_string}"},"query-input":{"@type":"PropertyValueSpecification","valueRequired":true,"valueName":"search_term_string"}}],"inLanguage":"es"},{"@type":"Person","@id":"https:\/\/diariodelsurdigital.com.ar\/#\/schema\/person\/6136a32571657f7dba980b88b04c5465","name":"Diario del Sur Digital","image":{"@type":"ImageObject","inLanguage":"es","@id":"https:\/\/secure.gravatar.com\/avatar\/4c29ceac98541dd42460b2474aaa5dd37594d6ce6cb3cf2c101d09b48ee287ba?s=96&d=mm&r=g","url":"https:\/\/secure.gravatar.com\/avatar\/4c29ceac98541dd42460b2474aaa5dd37594d6ce6cb3cf2c101d09b48ee287ba?s=96&d=mm&r=g","contentUrl":"https:\/\/secure.gravatar.com\/avatar\/4c29ceac98541dd42460b2474aaa5dd37594d6ce6cb3cf2c101d09b48ee287ba?s=96&d=mm&r=g","caption":"Diario del Sur Digital"},"url":"https:\/\/diariodelsurdigital.com.ar\/?author=2"}]}},"_links":{"self":[{"href":"https:\/\/diariodelsurdigital.com.ar\/index.php?rest_route=\/wp\/v2\/posts\/3207","targetHints":{"allow":["GET"]}}],"collection":[{"href":"https:\/\/diariodelsurdigital.com.ar\/index.php?rest_route=\/wp\/v2\/posts"}],"about":[{"href":"https:\/\/diariodelsurdigital.com.ar\/index.php?rest_route=\/wp\/v2\/types\/post"}],"author":[{"embeddable":true,"href":"https:\/\/diariodelsurdigital.com.ar\/index.php?rest_route=\/wp\/v2\/users\/2"}],"replies":[{"embeddable":true,"href":"https:\/\/diariodelsurdigital.com.ar\/index.php?rest_route=%2Fwp%2Fv2%2Fcomments&post=3207"}],"version-history":[{"count":1,"href":"https:\/\/diariodelsurdigital.com.ar\/index.php?rest_route=\/wp\/v2\/posts\/3207\/revisions"}],"predecessor-version":[{"id":3209,"href":"https:\/\/diariodelsurdigital.com.ar\/index.php?rest_route=\/wp\/v2\/posts\/3207\/revisions\/3209"}],"wp:featuredmedia":[{"embeddable":true,"href":"https:\/\/diariodelsurdigital.com.ar\/index.php?rest_route=\/wp\/v2\/media\/3208"}],"wp:attachment":[{"href":"https:\/\/diariodelsurdigital.com.ar\/index.php?rest_route=%2Fwp%2Fv2%2Fmedia&parent=3207"}],"wp:term":[{"taxonomy":"category","embeddable":true,"href":"https:\/\/diariodelsurdigital.com.ar\/index.php?rest_route=%2Fwp%2Fv2%2Fcategories&post=3207"},{"taxonomy":"post_tag","embeddable":true,"href":"https:\/\/diariodelsurdigital.com.ar\/index.php?rest_route=%2Fwp%2Fv2%2Ftags&post=3207"}],"curies":[{"name":"wp","href":"https:\/\/api.w.org\/{rel}","templated":true}]}}