{"id":3214,"date":"2025-06-17T23:48:18","date_gmt":"2025-06-18T02:48:18","guid":{"rendered":"https:\/\/diariodelsurdigital.com.ar\/?p=3214"},"modified":"2025-06-17T23:48:19","modified_gmt":"2025-06-18T02:48:19","slug":"se-recordo-la-figura-y-legado-de-martin-miguel-de-guemes","status":"publish","type":"post","link":"https:\/\/diariodelsurdigital.com.ar\/?p=3214","title":{"rendered":"Se record\u00f3 la figura y legado de Mart\u00edn Miguel de G\u00fcemes"},"content":{"rendered":"\n<p><strong>En el Escuadr\u00f3n 4 de Gendarmer\u00eda Nacional, se llev\u00f3 a cabo el acto conmemorativo por el 204\u00b0aniversario del paso a la inmortalidad del General Don Mart\u00edn Miguel de G\u00fcemes. En la oportunidad, el jefe del Escuadr\u00f3n 4 \u201cConcordia\u201d de Gendarmer\u00eda Nacional, Comandante Mat\u00edas Andr\u00e9s P\u00e9rez destac\u00f3 la figura y el legado del pr\u00f3cer, afirmando que con \u201csu astucia forj\u00f3 el destino de nuestra tierra, por lo que hombres y mujeres que vivimos en ella te estaremos agradecidos eternamente\u201d.<\/strong><\/p>\n\n\n\n<figure class=\"wp-block-image\"><img decoding=\"async\" src=\"https:\/\/cdnartic.ar\/XdCctv_VfpIafPH-obp3eo5MZdw=\/1500x0\/https:\/\/elheraldocdn.eleco.com.ar\/media\/2025\/06\/guemes.jpg\" alt=\"Se record\u00f3 la figura y legado de Mart\u00edn Miguel de G\u00fcemes\"\/><\/figure>\n\n\n\n<p>G\u00fcemes es el \u00fanico general argentino muerto en acci\u00f3n de guerra, el 17 de junio de 1821. Desde el a\u00f1o 2006 es considerado \u201cH\u00e9roe de la Naci\u00f3n Argentina\u201d y en 2022 fue declarado como \u201cDirector Nacional de Gendarmer\u00eda Nacional Honoris Causa\u201d. Estuvieron presentes la Viceintendente y Presidente del Concejo Deliberante Magdalena Reta de Urquiza, el Presidente de la Delegaci\u00f3n Argentina ante la Comisi\u00f3n T\u00e9cnica Mixta de Salto Grande (CTM) Alejandro Daneri, el Secretario de Desarrollo Humano, Sebasti\u00e1n Ar\u00edstide, el subsecretario de Educaci\u00f3n y Cultura Carlos Gatto, concejales; entre otros.<\/p>\n\n\n\n<p>Fuente: El Heraldo<\/p>\n","protected":false},"excerpt":{"rendered":"<p>En el Escuadr\u00f3n 4 de Gendarmer\u00eda Nacional, se llev\u00f3 a cabo el acto conmemorativo por el 204\u00b0aniversario del paso a la inmortalidad del General Don Mart\u00edn Miguel de G\u00fcemes. En la oportunidad, el jefe del Escuadr\u00f3n 4 \u201cConcordia\u201d de Gendarmer\u00eda Nacional, Comandante Mat\u00edas Andr\u00e9s P\u00e9rez destac\u00f3 la figura y el legado del pr\u00f3cer, afirmando que [&hellip;]<\/p>\n","protected":false},"author":3,"featured_media":3215,"comment_status":"open","ping_status":"open","sticky":false,"template":"","format":"standard","meta":{"footnotes":""},"categories":[19,16],"tags":[],"class_list":{"0":"post-3214","1":"post","2":"type-post","3":"status-publish","4":"format-standard","5":"has-post-thumbnail","7":"category-interes-general","8":"category-locales"},"yoast_head":"<!-- This site is optimized with the Yoast SEO plugin v27.4 - https:\/\/yoast.com\/product\/yoast-seo-wordpress\/ -->\n<title>Se record\u00f3 la figura y legado de Mart\u00edn Miguel de G\u00fcemes - Diario del Sur<\/title>\n<meta name=\"robots\" content=\"index, follow, max-snippet:-1, max-image-preview:large, max-video-preview:-1\" \/>\n<link rel=\"canonical\" href=\"https:\/\/diariodelsurdigital.com.ar\/?p=3214\" \/>\n<meta property=\"og:locale\" content=\"es_ES\" \/>\n<meta property=\"og:type\" content=\"article\" \/>\n<meta property=\"og:title\" content=\"Se record\u00f3 la figura y legado de Mart\u00edn Miguel de G\u00fcemes - Diario del Sur\" \/>\n<meta property=\"og:description\" content=\"En el Escuadr\u00f3n 4 de Gendarmer\u00eda Nacional, se llev\u00f3 a cabo el acto conmemorativo por el 204\u00b0aniversario del paso a la inmortalidad del General Don Mart\u00edn Miguel de G\u00fcemes. En la oportunidad, el jefe del Escuadr\u00f3n 4 \u201cConcordia\u201d de Gendarmer\u00eda Nacional, Comandante Mat\u00edas Andr\u00e9s P\u00e9rez destac\u00f3 la figura y el legado del pr\u00f3cer, afirmando que [&hellip;]\" \/>\n<meta property=\"og:url\" content=\"https:\/\/diariodelsurdigital.com.ar\/?p=3214\" \/>\n<meta property=\"og:site_name\" content=\"Diario del Sur\" \/>\n<meta property=\"article:published_time\" content=\"2025-06-18T02:48:18+00:00\" \/>\n<meta property=\"article:modified_time\" content=\"2025-06-18T02:48:19+00:00\" \/>\n<meta property=\"og:image\" content=\"https:\/\/diariodelsurdigital.com.ar\/wp-content\/uploads\/2025\/06\/guemes.jpg\" \/>\n\t<meta property=\"og:image:width\" content=\"1024\" \/>\n\t<meta property=\"og:image:height\" content=\"354\" \/>\n\t<meta property=\"og:image:type\" content=\"image\/jpeg\" \/>\n<meta name=\"author\" content=\"Diario del Sur Digital\" \/>\n<meta name=\"twitter:card\" content=\"summary_large_image\" \/>\n<meta name=\"twitter:label1\" content=\"Escrito por\" \/>\n\t<meta name=\"twitter:data1\" content=\"Diario del Sur Digital\" \/>\n\t<meta name=\"twitter:label2\" content=\"Tiempo de lectura\" \/>\n\t<meta name=\"twitter:data2\" content=\"2 minutos\" \/>\n<script type=\"application\/ld+json\" class=\"yoast-schema-graph\">{\"@context\":\"https:\\\/\\\/schema.org\",\"@graph\":[{\"@type\":\"Article\",\"@id\":\"https:\\\/\\\/diariodelsurdigital.com.ar\\\/?p=3214#article\",\"isPartOf\":{\"@id\":\"https:\\\/\\\/diariodelsurdigital.com.ar\\\/?p=3214\"},\"author\":{\"name\":\"Diario del Sur Digital\",\"@id\":\"https:\\\/\\\/diariodelsurdigital.com.ar\\\/#\\\/schema\\\/person\\\/d794acb23337e88c6e4004a39c32be62\"},\"headline\":\"Se record\u00f3 la figura y legado de Mart\u00edn Miguel de G\u00fcemes\",\"datePublished\":\"2025-06-18T02:48:18+00:00\",\"dateModified\":\"2025-06-18T02:48:19+00:00\",\"mainEntityOfPage\":{\"@id\":\"https:\\\/\\\/diariodelsurdigital.com.ar\\\/?p=3214\"},\"wordCount\":199,\"commentCount\":0,\"image\":{\"@id\":\"https:\\\/\\\/diariodelsurdigital.com.ar\\\/?p=3214#primaryimage\"},\"thumbnailUrl\":\"https:\\\/\\\/diariodelsurdigital.com.ar\\\/wp-content\\\/uploads\\\/2025\\\/06\\\/guemes.jpg\",\"articleSection\":[\"Inter\u00e9s General\",\"Locales\"],\"inLanguage\":\"es\",\"potentialAction\":[{\"@type\":\"CommentAction\",\"name\":\"Comment\",\"target\":[\"https:\\\/\\\/diariodelsurdigital.com.ar\\\/?p=3214#respond\"]}]},{\"@type\":\"WebPage\",\"@id\":\"https:\\\/\\\/diariodelsurdigital.com.ar\\\/?p=3214\",\"url\":\"https:\\\/\\\/diariodelsurdigital.com.ar\\\/?p=3214\",\"name\":\"Se record\u00f3 la figura y legado de Mart\u00edn Miguel de G\u00fcemes - Diario del Sur\",\"isPartOf\":{\"@id\":\"https:\\\/\\\/diariodelsurdigital.com.ar\\\/#website\"},\"primaryImageOfPage\":{\"@id\":\"https:\\\/\\\/diariodelsurdigital.com.ar\\\/?p=3214#primaryimage\"},\"image\":{\"@id\":\"https:\\\/\\\/diariodelsurdigital.com.ar\\\/?p=3214#primaryimage\"},\"thumbnailUrl\":\"https:\\\/\\\/diariodelsurdigital.com.ar\\\/wp-content\\\/uploads\\\/2025\\\/06\\\/guemes.jpg\",\"datePublished\":\"2025-06-18T02:48:18+00:00\",\"dateModified\":\"2025-06-18T02:48:19+00:00\",\"author\":{\"@id\":\"https:\\\/\\\/diariodelsurdigital.com.ar\\\/#\\\/schema\\\/person\\\/d794acb23337e88c6e4004a39c32be62\"},\"breadcrumb\":{\"@id\":\"https:\\\/\\\/diariodelsurdigital.com.ar\\\/?p=3214#breadcrumb\"},\"inLanguage\":\"es\",\"potentialAction\":[{\"@type\":\"ReadAction\",\"target\":[\"https:\\\/\\\/diariodelsurdigital.com.ar\\\/?p=3214\"]}]},{\"@type\":\"ImageObject\",\"inLanguage\":\"es\",\"@id\":\"https:\\\/\\\/diariodelsurdigital.com.ar\\\/?p=3214#primaryimage\",\"url\":\"https:\\\/\\\/diariodelsurdigital.com.ar\\\/wp-content\\\/uploads\\\/2025\\\/06\\\/guemes.jpg\",\"contentUrl\":\"https:\\\/\\\/diariodelsurdigital.com.ar\\\/wp-content\\\/uploads\\\/2025\\\/06\\\/guemes.jpg\",\"width\":1024,\"height\":354},{\"@type\":\"BreadcrumbList\",\"@id\":\"https:\\\/\\\/diariodelsurdigital.com.ar\\\/?p=3214#breadcrumb\",\"itemListElement\":[{\"@type\":\"ListItem\",\"position\":1,\"name\":\"Portada\",\"item\":\"https:\\\/\\\/diariodelsurdigital.com.ar\\\/\"},{\"@type\":\"ListItem\",\"position\":2,\"name\":\"Se record\u00f3 la figura y legado de Mart\u00edn Miguel de G\u00fcemes\"}]},{\"@type\":\"WebSite\",\"@id\":\"https:\\\/\\\/diariodelsurdigital.com.ar\\\/#website\",\"url\":\"https:\\\/\\\/diariodelsurdigital.com.ar\\\/\",\"name\":\"Diario del Sur\",\"description\":\"Digital\",\"potentialAction\":[{\"@type\":\"SearchAction\",\"target\":{\"@type\":\"EntryPoint\",\"urlTemplate\":\"https:\\\/\\\/diariodelsurdigital.com.ar\\\/?s={search_term_string}\"},\"query-input\":{\"@type\":\"PropertyValueSpecification\",\"valueRequired\":true,\"valueName\":\"search_term_string\"}}],\"inLanguage\":\"es\"},{\"@type\":\"Person\",\"@id\":\"https:\\\/\\\/diariodelsurdigital.com.ar\\\/#\\\/schema\\\/person\\\/d794acb23337e88c6e4004a39c32be62\",\"name\":\"Diario del Sur Digital\",\"image\":{\"@type\":\"ImageObject\",\"inLanguage\":\"es\",\"@id\":\"https:\\\/\\\/secure.gravatar.com\\\/avatar\\\/47679bcfa15734cfdefc176b6ad58adeeccac22b2e03e095ada6c622af2b463a?s=96&d=mm&r=g\",\"url\":\"https:\\\/\\\/secure.gravatar.com\\\/avatar\\\/47679bcfa15734cfdefc176b6ad58adeeccac22b2e03e095ada6c622af2b463a?s=96&d=mm&r=g\",\"contentUrl\":\"https:\\\/\\\/secure.gravatar.com\\\/avatar\\\/47679bcfa15734cfdefc176b6ad58adeeccac22b2e03e095ada6c622af2b463a?s=96&d=mm&r=g\",\"caption\":\"Diario del Sur Digital\"},\"url\":\"https:\\\/\\\/diariodelsurdigital.com.ar\\\/?author=3\"}]}<\/script>\n<!-- \/ Yoast SEO plugin. -->","yoast_head_json":{"title":"Se record\u00f3 la figura y legado de Mart\u00edn Miguel de G\u00fcemes - Diario del Sur","robots":{"index":"index","follow":"follow","max-snippet":"max-snippet:-1","max-image-preview":"max-image-preview:large","max-video-preview":"max-video-preview:-1"},"canonical":"https:\/\/diariodelsurdigital.com.ar\/?p=3214","og_locale":"es_ES","og_type":"article","og_title":"Se record\u00f3 la figura y legado de Mart\u00edn Miguel de G\u00fcemes - Diario del Sur","og_description":"En el Escuadr\u00f3n 4 de Gendarmer\u00eda Nacional, se llev\u00f3 a cabo el acto conmemorativo por el 204\u00b0aniversario del paso a la inmortalidad del General Don Mart\u00edn Miguel de G\u00fcemes. En la oportunidad, el jefe del Escuadr\u00f3n 4 \u201cConcordia\u201d de Gendarmer\u00eda Nacional, Comandante Mat\u00edas Andr\u00e9s P\u00e9rez destac\u00f3 la figura y el legado del pr\u00f3cer, afirmando que [&hellip;]","og_url":"https:\/\/diariodelsurdigital.com.ar\/?p=3214","og_site_name":"Diario del Sur","article_published_time":"2025-06-18T02:48:18+00:00","article_modified_time":"2025-06-18T02:48:19+00:00","og_image":[{"width":1024,"height":354,"url":"https:\/\/diariodelsurdigital.com.ar\/wp-content\/uploads\/2025\/06\/guemes.jpg","type":"image\/jpeg"}],"author":"Diario del Sur Digital","twitter_card":"summary_large_image","twitter_misc":{"Escrito por":"Diario del Sur Digital","Tiempo de lectura":"2 minutos"},"schema":{"@context":"https:\/\/schema.org","@graph":[{"@type":"Article","@id":"https:\/\/diariodelsurdigital.com.ar\/?p=3214#article","isPartOf":{"@id":"https:\/\/diariodelsurdigital.com.ar\/?p=3214"},"author":{"name":"Diario del Sur Digital","@id":"https:\/\/diariodelsurdigital.com.ar\/#\/schema\/person\/d794acb23337e88c6e4004a39c32be62"},"headline":"Se record\u00f3 la figura y legado de Mart\u00edn Miguel de G\u00fcemes","datePublished":"2025-06-18T02:48:18+00:00","dateModified":"2025-06-18T02:48:19+00:00","mainEntityOfPage":{"@id":"https:\/\/diariodelsurdigital.com.ar\/?p=3214"},"wordCount":199,"commentCount":0,"image":{"@id":"https:\/\/diariodelsurdigital.com.ar\/?p=3214#primaryimage"},"thumbnailUrl":"https:\/\/diariodelsurdigital.com.ar\/wp-content\/uploads\/2025\/06\/guemes.jpg","articleSection":["Inter\u00e9s General","Locales"],"inLanguage":"es","potentialAction":[{"@type":"CommentAction","name":"Comment","target":["https:\/\/diariodelsurdigital.com.ar\/?p=3214#respond"]}]},{"@type":"WebPage","@id":"https:\/\/diariodelsurdigital.com.ar\/?p=3214","url":"https:\/\/diariodelsurdigital.com.ar\/?p=3214","name":"Se record\u00f3 la figura y legado de Mart\u00edn Miguel de G\u00fcemes - Diario del Sur","isPartOf":{"@id":"https:\/\/diariodelsurdigital.com.ar\/#website"},"primaryImageOfPage":{"@id":"https:\/\/diariodelsurdigital.com.ar\/?p=3214#primaryimage"},"image":{"@id":"https:\/\/diariodelsurdigital.com.ar\/?p=3214#primaryimage"},"thumbnailUrl":"https:\/\/diariodelsurdigital.com.ar\/wp-content\/uploads\/2025\/06\/guemes.jpg","datePublished":"2025-06-18T02:48:18+00:00","dateModified":"2025-06-18T02:48:19+00:00","author":{"@id":"https:\/\/diariodelsurdigital.com.ar\/#\/schema\/person\/d794acb23337e88c6e4004a39c32be62"},"breadcrumb":{"@id":"https:\/\/diariodelsurdigital.com.ar\/?p=3214#breadcrumb"},"inLanguage":"es","potentialAction":[{"@type":"ReadAction","target":["https:\/\/diariodelsurdigital.com.ar\/?p=3214"]}]},{"@type":"ImageObject","inLanguage":"es","@id":"https:\/\/diariodelsurdigital.com.ar\/?p=3214#primaryimage","url":"https:\/\/diariodelsurdigital.com.ar\/wp-content\/uploads\/2025\/06\/guemes.jpg","contentUrl":"https:\/\/diariodelsurdigital.com.ar\/wp-content\/uploads\/2025\/06\/guemes.jpg","width":1024,"height":354},{"@type":"BreadcrumbList","@id":"https:\/\/diariodelsurdigital.com.ar\/?p=3214#breadcrumb","itemListElement":[{"@type":"ListItem","position":1,"name":"Portada","item":"https:\/\/diariodelsurdigital.com.ar\/"},{"@type":"ListItem","position":2,"name":"Se record\u00f3 la figura y legado de Mart\u00edn Miguel de G\u00fcemes"}]},{"@type":"WebSite","@id":"https:\/\/diariodelsurdigital.com.ar\/#website","url":"https:\/\/diariodelsurdigital.com.ar\/","name":"Diario del Sur","description":"Digital","potentialAction":[{"@type":"SearchAction","target":{"@type":"EntryPoint","urlTemplate":"https:\/\/diariodelsurdigital.com.ar\/?s={search_term_string}"},"query-input":{"@type":"PropertyValueSpecification","valueRequired":true,"valueName":"search_term_string"}}],"inLanguage":"es"},{"@type":"Person","@id":"https:\/\/diariodelsurdigital.com.ar\/#\/schema\/person\/d794acb23337e88c6e4004a39c32be62","name":"Diario del Sur Digital","image":{"@type":"ImageObject","inLanguage":"es","@id":"https:\/\/secure.gravatar.com\/avatar\/47679bcfa15734cfdefc176b6ad58adeeccac22b2e03e095ada6c622af2b463a?s=96&d=mm&r=g","url":"https:\/\/secure.gravatar.com\/avatar\/47679bcfa15734cfdefc176b6ad58adeeccac22b2e03e095ada6c622af2b463a?s=96&d=mm&r=g","contentUrl":"https:\/\/secure.gravatar.com\/avatar\/47679bcfa15734cfdefc176b6ad58adeeccac22b2e03e095ada6c622af2b463a?s=96&d=mm&r=g","caption":"Diario del Sur Digital"},"url":"https:\/\/diariodelsurdigital.com.ar\/?author=3"}]}},"_links":{"self":[{"href":"https:\/\/diariodelsurdigital.com.ar\/index.php?rest_route=\/wp\/v2\/posts\/3214","targetHints":{"allow":["GET"]}}],"collection":[{"href":"https:\/\/diariodelsurdigital.com.ar\/index.php?rest_route=\/wp\/v2\/posts"}],"about":[{"href":"https:\/\/diariodelsurdigital.com.ar\/index.php?rest_route=\/wp\/v2\/types\/post"}],"author":[{"embeddable":true,"href":"https:\/\/diariodelsurdigital.com.ar\/index.php?rest_route=\/wp\/v2\/users\/3"}],"replies":[{"embeddable":true,"href":"https:\/\/diariodelsurdigital.com.ar\/index.php?rest_route=%2Fwp%2Fv2%2Fcomments&post=3214"}],"version-history":[{"count":1,"href":"https:\/\/diariodelsurdigital.com.ar\/index.php?rest_route=\/wp\/v2\/posts\/3214\/revisions"}],"predecessor-version":[{"id":3216,"href":"https:\/\/diariodelsurdigital.com.ar\/index.php?rest_route=\/wp\/v2\/posts\/3214\/revisions\/3216"}],"wp:featuredmedia":[{"embeddable":true,"href":"https:\/\/diariodelsurdigital.com.ar\/index.php?rest_route=\/wp\/v2\/media\/3215"}],"wp:attachment":[{"href":"https:\/\/diariodelsurdigital.com.ar\/index.php?rest_route=%2Fwp%2Fv2%2Fmedia&parent=3214"}],"wp:term":[{"taxonomy":"category","embeddable":true,"href":"https:\/\/diariodelsurdigital.com.ar\/index.php?rest_route=%2Fwp%2Fv2%2Fcategories&post=3214"},{"taxonomy":"post_tag","embeddable":true,"href":"https:\/\/diariodelsurdigital.com.ar\/index.php?rest_route=%2Fwp%2Fv2%2Ftags&post=3214"}],"curies":[{"name":"wp","href":"https:\/\/api.w.org\/{rel}","templated":true}]}}