{"id":3226,"date":"2025-06-18T14:39:29","date_gmt":"2025-06-18T17:39:29","guid":{"rendered":"https:\/\/diariodelsurdigital.com.ar\/?p=3226"},"modified":"2025-06-18T14:39:30","modified_gmt":"2025-06-18T17:39:30","slug":"aseguran-que-lula-da-silva-visitara-a-cristina-kirchner-el-mes-que-viene","status":"publish","type":"post","link":"https:\/\/diariodelsurdigital.com.ar\/?p=3226","title":{"rendered":"Aseguran que Lula da Silva visitar\u00e1 a Cristina Kirchner el mes que viene"},"content":{"rendered":"\n<p>El presidente de Brasil, Luiz In\u00e1cio Lula da Silva, viajar\u00e1 a Buenos Aires en la primera semana de julio para visitar a Cristina Fern\u00e1ndez de Kirchner. As\u00ed lo confirm\u00f3 el diputado del Partido de los Trabajadores (PT), Paulo Pimenta, agregando que el arribo se dar\u00e1 en el contexto de la cumbre del Mercosur que se realizar\u00e1 el 2 y el 3 de julio en Argentina.<\/p>\n\n\n\n<p>\u00abLula va a visitar a su amiga Cristina para transmitirle su cari\u00f1o y su solidaridad\u00bb, se\u00f1al\u00f3 Pimenta en declaraciones radiales. El mandatario brasile\u00f1o ya se hab\u00eda solidarizado con la expresidenta por la condena a seis a\u00f1os de prisi\u00f3n que ratific\u00f3 la Corte Suprema en el marco de la Causa Vialidad.<\/p>\n\n\n\n<p>El dirigente brasile\u00f1o tambi\u00e9n afirm\u00f3 que el viaje es en el marco de una \u00abred de apoyo internacional\u00bb a la expresidenta. Pimenta viaj\u00f3 a Buenos Aires en representaci\u00f3n del Partido delos Trabajadores y el propio Lula da Silva para expresar apoyto.<\/p>\n\n\n\n<p>\u00abLula fue preso, muchos compa\u00f1eros y compa\u00f1eras que conozco se manifestaron en apoyo a Lula libre. Tenemos una relaci\u00f3n hist\u00f3rica. Un compromiso de lucha. Y entendemos que hay un proceso de persecuci\u00f3n a Cristina\u00bb, sostuvo el legislador brasile\u00f1o, public\u00f3 \u00c1mbito.<\/p>\n\n\n\n<p>Seg\u00fan explic\u00f3 Pimenta, la salida de Lula de prisi\u00f3n y su posterior triunfo en las elecciones presidenciales de 2022 se lograron gracias a una combinaci\u00f3n de elementos: \u00abAl coraje de Lula, al coraje de Cristina. Segundo, a la movilizaci\u00f3n social. Y en tercer lugar a la red de apoyo de los sectores internacionales. Esa movilizaci\u00f3n y estos aspectos es el camino que debemos escoger\u00bb, afirm\u00f3.<\/p>\n\n\n\n<p>Pimenta, quien particip\u00f3 de las marchas masivas del mi\u00e9rcoles en respaldo a Fern\u00e1ndez de Kirchner, destac\u00f3 el acompa\u00f1amiento que el Partido de los Trabajadores recibi\u00f3 desde Argentina durante los a\u00f1os en que Lula permanec\u00eda detenido. \u00abCada manifestaci\u00f3n y cada gesto de una dirigencia argentina fue una fuente de inspiraci\u00f3n\u00bb, record\u00f3.<\/p>\n\n\n\n<p>.\u00bbEra una forma de motivaci\u00f3n, una certeza de que no est\u00e1bamos solos. Por eso estoy hoy en Argentina: para representar a los millones de afiliados y afiliadas del Partido de los Trabajadores, a quienes simpatizan con nuestro proyecto, y que est\u00e1n profundamente agradecidos\u00bb, concluy\u00f3.<\/p>\n","protected":false},"excerpt":{"rendered":"<p>El presidente de Brasil, Luiz In\u00e1cio Lula da Silva, viajar\u00e1 a Buenos Aires en la primera semana de julio para visitar a Cristina Fern\u00e1ndez de Kirchner. As\u00ed lo confirm\u00f3 el diputado del Partido de los Trabajadores (PT), Paulo Pimenta, agregando que el arribo se dar\u00e1 en el contexto de la cumbre del Mercosur que se [&hellip;]<\/p>\n","protected":false},"author":4,"featured_media":3227,"comment_status":"open","ping_status":"open","sticky":false,"template":"","format":"standard","meta":{"footnotes":""},"categories":[20,22],"tags":[],"class_list":{"0":"post-3226","1":"post","2":"type-post","3":"status-publish","4":"format-standard","5":"has-post-thumbnail","7":"category-internacionales","8":"category-politica"},"yoast_head":"<!-- This site is optimized with the Yoast SEO plugin v27.4 - https:\/\/yoast.com\/product\/yoast-seo-wordpress\/ -->\n<title>Aseguran que Lula da Silva visitar\u00e1 a Cristina Kirchner el mes que viene - Diario del Sur<\/title>\n<meta name=\"robots\" content=\"index, follow, max-snippet:-1, max-image-preview:large, max-video-preview:-1\" \/>\n<link rel=\"canonical\" href=\"https:\/\/diariodelsurdigital.com.ar\/?p=3226\" \/>\n<meta property=\"og:locale\" content=\"es_ES\" \/>\n<meta property=\"og:type\" content=\"article\" \/>\n<meta property=\"og:title\" content=\"Aseguran que Lula da Silva visitar\u00e1 a Cristina Kirchner el mes que viene - Diario del Sur\" \/>\n<meta property=\"og:description\" content=\"El presidente de Brasil, Luiz In\u00e1cio Lula da Silva, viajar\u00e1 a Buenos Aires en la primera semana de julio para visitar a Cristina Fern\u00e1ndez de Kirchner. As\u00ed lo confirm\u00f3 el diputado del Partido de los Trabajadores (PT), Paulo Pimenta, agregando que el arribo se dar\u00e1 en el contexto de la cumbre del Mercosur que se [&hellip;]\" \/>\n<meta property=\"og:url\" content=\"https:\/\/diariodelsurdigital.com.ar\/?p=3226\" \/>\n<meta property=\"og:site_name\" content=\"Diario del Sur\" \/>\n<meta property=\"article:published_time\" content=\"2025-06-18T17:39:29+00:00\" \/>\n<meta property=\"article:modified_time\" content=\"2025-06-18T17:39:30+00:00\" \/>\n<meta property=\"og:image\" content=\"https:\/\/diariodelsurdigital.com.ar\/wp-content\/uploads\/2025\/06\/md-17.webp\" \/>\n\t<meta property=\"og:image:width\" content=\"992\" \/>\n\t<meta property=\"og:image:height\" content=\"558\" \/>\n\t<meta property=\"og:image:type\" content=\"image\/webp\" \/>\n<meta name=\"author\" content=\"Diario del Sur Digital\" \/>\n<meta name=\"twitter:card\" content=\"summary_large_image\" \/>\n<meta name=\"twitter:label1\" content=\"Escrito por\" \/>\n\t<meta name=\"twitter:data1\" content=\"Diario del Sur Digital\" \/>\n\t<meta name=\"twitter:label2\" content=\"Tiempo de lectura\" \/>\n\t<meta name=\"twitter:data2\" content=\"2 minutos\" \/>\n<script type=\"application\/ld+json\" class=\"yoast-schema-graph\">{\"@context\":\"https:\\\/\\\/schema.org\",\"@graph\":[{\"@type\":\"Article\",\"@id\":\"https:\\\/\\\/diariodelsurdigital.com.ar\\\/?p=3226#article\",\"isPartOf\":{\"@id\":\"https:\\\/\\\/diariodelsurdigital.com.ar\\\/?p=3226\"},\"author\":{\"name\":\"Diario del Sur Digital\",\"@id\":\"https:\\\/\\\/diariodelsurdigital.com.ar\\\/#\\\/schema\\\/person\\\/1a4992532ed62965c968031b49195c81\"},\"headline\":\"Aseguran que Lula da Silva visitar\u00e1 a Cristina Kirchner el mes que viene\",\"datePublished\":\"2025-06-18T17:39:29+00:00\",\"dateModified\":\"2025-06-18T17:39:30+00:00\",\"mainEntityOfPage\":{\"@id\":\"https:\\\/\\\/diariodelsurdigital.com.ar\\\/?p=3226\"},\"wordCount\":397,\"commentCount\":0,\"image\":{\"@id\":\"https:\\\/\\\/diariodelsurdigital.com.ar\\\/?p=3226#primaryimage\"},\"thumbnailUrl\":\"https:\\\/\\\/diariodelsurdigital.com.ar\\\/wp-content\\\/uploads\\\/2025\\\/06\\\/md-17.webp\",\"articleSection\":[\"Internacionales\",\"Pol\u00edtica\"],\"inLanguage\":\"es\",\"potentialAction\":[{\"@type\":\"CommentAction\",\"name\":\"Comment\",\"target\":[\"https:\\\/\\\/diariodelsurdigital.com.ar\\\/?p=3226#respond\"]}]},{\"@type\":\"WebPage\",\"@id\":\"https:\\\/\\\/diariodelsurdigital.com.ar\\\/?p=3226\",\"url\":\"https:\\\/\\\/diariodelsurdigital.com.ar\\\/?p=3226\",\"name\":\"Aseguran que Lula da Silva visitar\u00e1 a Cristina Kirchner el mes que viene - Diario del Sur\",\"isPartOf\":{\"@id\":\"https:\\\/\\\/diariodelsurdigital.com.ar\\\/#website\"},\"primaryImageOfPage\":{\"@id\":\"https:\\\/\\\/diariodelsurdigital.com.ar\\\/?p=3226#primaryimage\"},\"image\":{\"@id\":\"https:\\\/\\\/diariodelsurdigital.com.ar\\\/?p=3226#primaryimage\"},\"thumbnailUrl\":\"https:\\\/\\\/diariodelsurdigital.com.ar\\\/wp-content\\\/uploads\\\/2025\\\/06\\\/md-17.webp\",\"datePublished\":\"2025-06-18T17:39:29+00:00\",\"dateModified\":\"2025-06-18T17:39:30+00:00\",\"author\":{\"@id\":\"https:\\\/\\\/diariodelsurdigital.com.ar\\\/#\\\/schema\\\/person\\\/1a4992532ed62965c968031b49195c81\"},\"breadcrumb\":{\"@id\":\"https:\\\/\\\/diariodelsurdigital.com.ar\\\/?p=3226#breadcrumb\"},\"inLanguage\":\"es\",\"potentialAction\":[{\"@type\":\"ReadAction\",\"target\":[\"https:\\\/\\\/diariodelsurdigital.com.ar\\\/?p=3226\"]}]},{\"@type\":\"ImageObject\",\"inLanguage\":\"es\",\"@id\":\"https:\\\/\\\/diariodelsurdigital.com.ar\\\/?p=3226#primaryimage\",\"url\":\"https:\\\/\\\/diariodelsurdigital.com.ar\\\/wp-content\\\/uploads\\\/2025\\\/06\\\/md-17.webp\",\"contentUrl\":\"https:\\\/\\\/diariodelsurdigital.com.ar\\\/wp-content\\\/uploads\\\/2025\\\/06\\\/md-17.webp\",\"width\":992,\"height\":558},{\"@type\":\"BreadcrumbList\",\"@id\":\"https:\\\/\\\/diariodelsurdigital.com.ar\\\/?p=3226#breadcrumb\",\"itemListElement\":[{\"@type\":\"ListItem\",\"position\":1,\"name\":\"Portada\",\"item\":\"https:\\\/\\\/diariodelsurdigital.com.ar\\\/\"},{\"@type\":\"ListItem\",\"position\":2,\"name\":\"Aseguran que Lula da Silva visitar\u00e1 a Cristina Kirchner el mes que viene\"}]},{\"@type\":\"WebSite\",\"@id\":\"https:\\\/\\\/diariodelsurdigital.com.ar\\\/#website\",\"url\":\"https:\\\/\\\/diariodelsurdigital.com.ar\\\/\",\"name\":\"Diario del Sur\",\"description\":\"Digital\",\"potentialAction\":[{\"@type\":\"SearchAction\",\"target\":{\"@type\":\"EntryPoint\",\"urlTemplate\":\"https:\\\/\\\/diariodelsurdigital.com.ar\\\/?s={search_term_string}\"},\"query-input\":{\"@type\":\"PropertyValueSpecification\",\"valueRequired\":true,\"valueName\":\"search_term_string\"}}],\"inLanguage\":\"es\"},{\"@type\":\"Person\",\"@id\":\"https:\\\/\\\/diariodelsurdigital.com.ar\\\/#\\\/schema\\\/person\\\/1a4992532ed62965c968031b49195c81\",\"name\":\"Diario del Sur Digital\",\"image\":{\"@type\":\"ImageObject\",\"inLanguage\":\"es\",\"@id\":\"https:\\\/\\\/secure.gravatar.com\\\/avatar\\\/f0c7c47fc7146d19828273b9b8eda651c9c7ab583767e6338d3d3bee825adf76?s=96&d=mm&r=g\",\"url\":\"https:\\\/\\\/secure.gravatar.com\\\/avatar\\\/f0c7c47fc7146d19828273b9b8eda651c9c7ab583767e6338d3d3bee825adf76?s=96&d=mm&r=g\",\"contentUrl\":\"https:\\\/\\\/secure.gravatar.com\\\/avatar\\\/f0c7c47fc7146d19828273b9b8eda651c9c7ab583767e6338d3d3bee825adf76?s=96&d=mm&r=g\",\"caption\":\"Diario del Sur Digital\"},\"url\":\"https:\\\/\\\/diariodelsurdigital.com.ar\\\/?author=4\"}]}<\/script>\n<!-- \/ Yoast SEO plugin. -->","yoast_head_json":{"title":"Aseguran que Lula da Silva visitar\u00e1 a Cristina Kirchner el mes que viene - Diario del Sur","robots":{"index":"index","follow":"follow","max-snippet":"max-snippet:-1","max-image-preview":"max-image-preview:large","max-video-preview":"max-video-preview:-1"},"canonical":"https:\/\/diariodelsurdigital.com.ar\/?p=3226","og_locale":"es_ES","og_type":"article","og_title":"Aseguran que Lula da Silva visitar\u00e1 a Cristina Kirchner el mes que viene - Diario del Sur","og_description":"El presidente de Brasil, Luiz In\u00e1cio Lula da Silva, viajar\u00e1 a Buenos Aires en la primera semana de julio para visitar a Cristina Fern\u00e1ndez de Kirchner. As\u00ed lo confirm\u00f3 el diputado del Partido de los Trabajadores (PT), Paulo Pimenta, agregando que el arribo se dar\u00e1 en el contexto de la cumbre del Mercosur que se [&hellip;]","og_url":"https:\/\/diariodelsurdigital.com.ar\/?p=3226","og_site_name":"Diario del Sur","article_published_time":"2025-06-18T17:39:29+00:00","article_modified_time":"2025-06-18T17:39:30+00:00","og_image":[{"width":992,"height":558,"url":"https:\/\/diariodelsurdigital.com.ar\/wp-content\/uploads\/2025\/06\/md-17.webp","type":"image\/webp"}],"author":"Diario del Sur Digital","twitter_card":"summary_large_image","twitter_misc":{"Escrito por":"Diario del Sur Digital","Tiempo de lectura":"2 minutos"},"schema":{"@context":"https:\/\/schema.org","@graph":[{"@type":"Article","@id":"https:\/\/diariodelsurdigital.com.ar\/?p=3226#article","isPartOf":{"@id":"https:\/\/diariodelsurdigital.com.ar\/?p=3226"},"author":{"name":"Diario del Sur Digital","@id":"https:\/\/diariodelsurdigital.com.ar\/#\/schema\/person\/1a4992532ed62965c968031b49195c81"},"headline":"Aseguran que Lula da Silva visitar\u00e1 a Cristina Kirchner el mes que viene","datePublished":"2025-06-18T17:39:29+00:00","dateModified":"2025-06-18T17:39:30+00:00","mainEntityOfPage":{"@id":"https:\/\/diariodelsurdigital.com.ar\/?p=3226"},"wordCount":397,"commentCount":0,"image":{"@id":"https:\/\/diariodelsurdigital.com.ar\/?p=3226#primaryimage"},"thumbnailUrl":"https:\/\/diariodelsurdigital.com.ar\/wp-content\/uploads\/2025\/06\/md-17.webp","articleSection":["Internacionales","Pol\u00edtica"],"inLanguage":"es","potentialAction":[{"@type":"CommentAction","name":"Comment","target":["https:\/\/diariodelsurdigital.com.ar\/?p=3226#respond"]}]},{"@type":"WebPage","@id":"https:\/\/diariodelsurdigital.com.ar\/?p=3226","url":"https:\/\/diariodelsurdigital.com.ar\/?p=3226","name":"Aseguran que Lula da Silva visitar\u00e1 a Cristina Kirchner el mes que viene - Diario del Sur","isPartOf":{"@id":"https:\/\/diariodelsurdigital.com.ar\/#website"},"primaryImageOfPage":{"@id":"https:\/\/diariodelsurdigital.com.ar\/?p=3226#primaryimage"},"image":{"@id":"https:\/\/diariodelsurdigital.com.ar\/?p=3226#primaryimage"},"thumbnailUrl":"https:\/\/diariodelsurdigital.com.ar\/wp-content\/uploads\/2025\/06\/md-17.webp","datePublished":"2025-06-18T17:39:29+00:00","dateModified":"2025-06-18T17:39:30+00:00","author":{"@id":"https:\/\/diariodelsurdigital.com.ar\/#\/schema\/person\/1a4992532ed62965c968031b49195c81"},"breadcrumb":{"@id":"https:\/\/diariodelsurdigital.com.ar\/?p=3226#breadcrumb"},"inLanguage":"es","potentialAction":[{"@type":"ReadAction","target":["https:\/\/diariodelsurdigital.com.ar\/?p=3226"]}]},{"@type":"ImageObject","inLanguage":"es","@id":"https:\/\/diariodelsurdigital.com.ar\/?p=3226#primaryimage","url":"https:\/\/diariodelsurdigital.com.ar\/wp-content\/uploads\/2025\/06\/md-17.webp","contentUrl":"https:\/\/diariodelsurdigital.com.ar\/wp-content\/uploads\/2025\/06\/md-17.webp","width":992,"height":558},{"@type":"BreadcrumbList","@id":"https:\/\/diariodelsurdigital.com.ar\/?p=3226#breadcrumb","itemListElement":[{"@type":"ListItem","position":1,"name":"Portada","item":"https:\/\/diariodelsurdigital.com.ar\/"},{"@type":"ListItem","position":2,"name":"Aseguran que Lula da Silva visitar\u00e1 a Cristina Kirchner el mes que viene"}]},{"@type":"WebSite","@id":"https:\/\/diariodelsurdigital.com.ar\/#website","url":"https:\/\/diariodelsurdigital.com.ar\/","name":"Diario del Sur","description":"Digital","potentialAction":[{"@type":"SearchAction","target":{"@type":"EntryPoint","urlTemplate":"https:\/\/diariodelsurdigital.com.ar\/?s={search_term_string}"},"query-input":{"@type":"PropertyValueSpecification","valueRequired":true,"valueName":"search_term_string"}}],"inLanguage":"es"},{"@type":"Person","@id":"https:\/\/diariodelsurdigital.com.ar\/#\/schema\/person\/1a4992532ed62965c968031b49195c81","name":"Diario del Sur Digital","image":{"@type":"ImageObject","inLanguage":"es","@id":"https:\/\/secure.gravatar.com\/avatar\/f0c7c47fc7146d19828273b9b8eda651c9c7ab583767e6338d3d3bee825adf76?s=96&d=mm&r=g","url":"https:\/\/secure.gravatar.com\/avatar\/f0c7c47fc7146d19828273b9b8eda651c9c7ab583767e6338d3d3bee825adf76?s=96&d=mm&r=g","contentUrl":"https:\/\/secure.gravatar.com\/avatar\/f0c7c47fc7146d19828273b9b8eda651c9c7ab583767e6338d3d3bee825adf76?s=96&d=mm&r=g","caption":"Diario del Sur Digital"},"url":"https:\/\/diariodelsurdigital.com.ar\/?author=4"}]}},"_links":{"self":[{"href":"https:\/\/diariodelsurdigital.com.ar\/index.php?rest_route=\/wp\/v2\/posts\/3226","targetHints":{"allow":["GET"]}}],"collection":[{"href":"https:\/\/diariodelsurdigital.com.ar\/index.php?rest_route=\/wp\/v2\/posts"}],"about":[{"href":"https:\/\/diariodelsurdigital.com.ar\/index.php?rest_route=\/wp\/v2\/types\/post"}],"author":[{"embeddable":true,"href":"https:\/\/diariodelsurdigital.com.ar\/index.php?rest_route=\/wp\/v2\/users\/4"}],"replies":[{"embeddable":true,"href":"https:\/\/diariodelsurdigital.com.ar\/index.php?rest_route=%2Fwp%2Fv2%2Fcomments&post=3226"}],"version-history":[{"count":1,"href":"https:\/\/diariodelsurdigital.com.ar\/index.php?rest_route=\/wp\/v2\/posts\/3226\/revisions"}],"predecessor-version":[{"id":3228,"href":"https:\/\/diariodelsurdigital.com.ar\/index.php?rest_route=\/wp\/v2\/posts\/3226\/revisions\/3228"}],"wp:featuredmedia":[{"embeddable":true,"href":"https:\/\/diariodelsurdigital.com.ar\/index.php?rest_route=\/wp\/v2\/media\/3227"}],"wp:attachment":[{"href":"https:\/\/diariodelsurdigital.com.ar\/index.php?rest_route=%2Fwp%2Fv2%2Fmedia&parent=3226"}],"wp:term":[{"taxonomy":"category","embeddable":true,"href":"https:\/\/diariodelsurdigital.com.ar\/index.php?rest_route=%2Fwp%2Fv2%2Fcategories&post=3226"},{"taxonomy":"post_tag","embeddable":true,"href":"https:\/\/diariodelsurdigital.com.ar\/index.php?rest_route=%2Fwp%2Fv2%2Ftags&post=3226"}],"curies":[{"name":"wp","href":"https:\/\/api.w.org\/{rel}","templated":true}]}}