{"id":3239,"date":"2025-06-18T16:31:16","date_gmt":"2025-06-18T19:31:16","guid":{"rendered":"https:\/\/diariodelsurdigital.com.ar\/?p=3239"},"modified":"2025-06-18T16:36:54","modified_gmt":"2025-06-18T19:36:54","slug":"murua-una-estudiante-de-la-universidad-de-la-soborna-y-el-duo-ahora-voy-partarrie","status":"publish","type":"post","link":"https:\/\/diariodelsurdigital.com.ar\/?p=3239","title":{"rendered":"Mur\u00faa, una estudiante de la universidad de \u00abLa Soborna\u00bb y el d\u00fao \u00abAhora Voy\u00bb Partarri\u00e9"},"content":{"rendered":"\n<p> <br><strong>Por: Federico Odorisio<\/strong><\/p>\n\n\n\n<p>Mientras la ex coordinadora de comedores Silvina Mur\u00faa es investigada por desv\u00edo de fondos p\u00fablicos, elementos en la investigaci\u00f3n ponen, por ahora, en el centro a dos empresarios \u2014padre e hijo\u2014 quienes concentran millonarias contrataciones municipales y provinciales. Hay auditor\u00edas, expedientes abiertos en la Direcci\u00f3n Departamental de Escuelas y cartas documentos de directivos dirigidas a la propia Mur\u00faa en la que denuncian situaciones de maltrato, retiro intempestivo y arbitrario de las tarjetas SIDECREER para la compra de alimentos, direccionamiento de las adquisiciones hacia proveedores espec\u00edficos y faltantes de mercader\u00eda.<\/p>\n\n\n\n<p>I\u00f1aki Partarri\u00e9, titular de la firma \u00abAhora Voy\u00bb (Foto: Diario El Heraldo)<\/p>\n\n\n\n<figure class=\"wp-block-image size-full\"><img loading=\"lazy\" decoding=\"async\" width=\"768\" height=\"464\" src=\"https:\/\/diariodelsurdigital.com.ar\/wp-content\/uploads\/2025\/06\/inaki-partarrie.jpg\" alt=\"\" class=\"wp-image-3240\" srcset=\"https:\/\/diariodelsurdigital.com.ar\/wp-content\/uploads\/2025\/06\/inaki-partarrie.jpg 768w, https:\/\/diariodelsurdigital.com.ar\/wp-content\/uploads\/2025\/06\/inaki-partarrie-300x181.jpg 300w, https:\/\/diariodelsurdigital.com.ar\/wp-content\/uploads\/2025\/06\/inaki-partarrie-695x420.jpg 695w, https:\/\/diariodelsurdigital.com.ar\/wp-content\/uploads\/2025\/06\/inaki-partarrie-696x421.jpg 696w\" sizes=\"auto, (max-width: 768px) 100vw, 768px\" \/><\/figure>\n\n\n\n<p>La historia comienza a fines de 2022, cuando el joven empresario I\u00f1aki Partarri\u00e9, egresado de Ingenier\u00eda Industrial en la provincia de Santa Fe, se vuelca por la actividad comercial y presenta en medios locales su empresa \u201cAhora Voy\u201d SRL, una distribuidora mayorista y minorista de ventas online con entregas a domicilio. Con supuestos \u201cinversores\u201d detr\u00e1s, en apenas meses desde su inscripci\u00f3n en ATER (el 01\/09\/2023), la empresa logr\u00f3 transformarse de manera mete\u00f3rica en uno de los principales proveedores del sistema de comedores escolares de Concordia, dependientes del gobierno provincial.<\/p>\n\n\n\n<figure class=\"wp-block-image size-full\"><img loading=\"lazy\" decoding=\"async\" width=\"755\" height=\"479\" src=\"https:\/\/diariodelsurdigital.com.ar\/wp-content\/uploads\/2025\/06\/inaki-partarrie-ater.jpg\" alt=\"\" class=\"wp-image-3242\" srcset=\"https:\/\/diariodelsurdigital.com.ar\/wp-content\/uploads\/2025\/06\/inaki-partarrie-ater.jpg 755w, https:\/\/diariodelsurdigital.com.ar\/wp-content\/uploads\/2025\/06\/inaki-partarrie-ater-300x190.jpg 300w, https:\/\/diariodelsurdigital.com.ar\/wp-content\/uploads\/2025\/06\/inaki-partarrie-ater-662x420.jpg 662w, https:\/\/diariodelsurdigital.com.ar\/wp-content\/uploads\/2025\/06\/inaki-partarrie-ater-696x442.jpg 696w\" sizes=\"auto, (max-width: 755px) 100vw, 755px\" \/><\/figure>\n\n\n\n<figure class=\"wp-block-image size-full\"><img loading=\"lazy\" decoding=\"async\" width=\"556\" height=\"410\" src=\"https:\/\/diariodelsurdigital.com.ar\/wp-content\/uploads\/2025\/06\/partarrie-distribuciones.jpg\" alt=\"\" class=\"wp-image-3243\" srcset=\"https:\/\/diariodelsurdigital.com.ar\/wp-content\/uploads\/2025\/06\/partarrie-distribuciones.jpg 556w, https:\/\/diariodelsurdigital.com.ar\/wp-content\/uploads\/2025\/06\/partarrie-distribuciones-300x221.jpg 300w, https:\/\/diariodelsurdigital.com.ar\/wp-content\/uploads\/2025\/06\/partarrie-distribuciones-80x60.jpg 80w\" sizes=\"auto, (max-width: 556px) 100vw, 556px\" \/><\/figure>\n\n\n\n<p>Durante 2025, \u00abAhora Voy SRL\u00bb tambi\u00e9n se convirti\u00f3 en un importante proveedor de la secretar\u00eda de Desarrollo Humano, participando e imponi\u00e9ndose en numerosos \u00abConcursos de Precios\u00bb -el mecanismo m\u00e1s simple y r\u00e1pido destinado para compras de bajo monto- para abastecer a los comedores del municipio (CDI) con carne de pollo, pan y alimentos frescos, llegando a facturar unos 90 millones de pesos tan solo en los \u00faltimos tres meses.<\/p>\n\n\n\n<figure class=\"wp-block-image size-full\"><img loading=\"lazy\" decoding=\"async\" width=\"768\" height=\"299\" src=\"https:\/\/diariodelsurdigital.com.ar\/wp-content\/uploads\/2025\/06\/ahora-voy-09-04-768x299-1.jpg\" alt=\"\" class=\"wp-image-3248\" srcset=\"https:\/\/diariodelsurdigital.com.ar\/wp-content\/uploads\/2025\/06\/ahora-voy-09-04-768x299-1.jpg 768w, https:\/\/diariodelsurdigital.com.ar\/wp-content\/uploads\/2025\/06\/ahora-voy-09-04-768x299-1-300x117.jpg 300w, https:\/\/diariodelsurdigital.com.ar\/wp-content\/uploads\/2025\/06\/ahora-voy-09-04-768x299-1-696x271.jpg 696w\" sizes=\"auto, (max-width: 768px) 100vw, 768px\" \/><\/figure>\n\n\n\n<figure class=\"wp-block-image size-full\"><img loading=\"lazy\" decoding=\"async\" width=\"768\" height=\"337\" src=\"https:\/\/diariodelsurdigital.com.ar\/wp-content\/uploads\/2025\/06\/ahora-voy-06-03b-768x337-1.jpg\" alt=\"\" class=\"wp-image-3250\" srcset=\"https:\/\/diariodelsurdigital.com.ar\/wp-content\/uploads\/2025\/06\/ahora-voy-06-03b-768x337-1.jpg 768w, https:\/\/diariodelsurdigital.com.ar\/wp-content\/uploads\/2025\/06\/ahora-voy-06-03b-768x337-1-300x132.jpg 300w, https:\/\/diariodelsurdigital.com.ar\/wp-content\/uploads\/2025\/06\/ahora-voy-06-03b-768x337-1-696x305.jpg 696w\" sizes=\"auto, (max-width: 768px) 100vw, 768px\" \/><\/figure>\n\n\n\n<figure class=\"wp-block-image size-full\"><img loading=\"lazy\" decoding=\"async\" width=\"768\" height=\"254\" src=\"https:\/\/diariodelsurdigital.com.ar\/wp-content\/uploads\/2025\/06\/ahora-voy-11-03-768x254-1.jpg\" alt=\"\" class=\"wp-image-3252\" srcset=\"https:\/\/diariodelsurdigital.com.ar\/wp-content\/uploads\/2025\/06\/ahora-voy-11-03-768x254-1.jpg 768w, https:\/\/diariodelsurdigital.com.ar\/wp-content\/uploads\/2025\/06\/ahora-voy-11-03-768x254-1-300x99.jpg 300w, https:\/\/diariodelsurdigital.com.ar\/wp-content\/uploads\/2025\/06\/ahora-voy-11-03-768x254-1-696x230.jpg 696w\" sizes=\"auto, (max-width: 768px) 100vw, 768px\" \/><\/figure>\n\n\n\n<p><strong>De las carcasas de Niez al d\u00fao Partarri\u00e9<\/strong><\/p>\n\n\n\n<p>En paralelo, su padre, Mart\u00edn Partarri\u00e9, maneja Partarri\u00e9 Distribuciones SAS, que \u2014bajo la \u00f3rbita municipal\u2014 tambi\u00e9n provee alimentos secos a comedores dependientes de la Secretar\u00eda de Desarrollo Humano de Concordia. Hasta donde se puede comprobar en la p\u00e1gina de transparencia municipal, solo en el \u00faltimo a\u00f1o y medio, la empresa factur\u00f3 m\u00e1s de 400 millones de pesos al Estado local.<\/p>\n\n\n\n<p>As\u00ed, padre e hijo operan en dos niveles distintos de la administraci\u00f3n p\u00fablica, ambos vinculados a la provisi\u00f3n de alimentos para comedores.<\/p>\n\n\n\n<p><strong>La causa Mur\u00faa: auditor\u00edas, sospechas y desv\u00edo de fondos<\/strong><\/p>\n\n\n\n<p>Designada en marzo de 2024 por el gobernador Rogelio Frigerio como responsable de los comedores escolares en Concordia, Silvina Mur\u00faa inici\u00f3 su gesti\u00f3n denunciando presuntas irregularidades previas en el uso de los fondos. Sin embargo, con el correr de los meses, fue ella quien qued\u00f3 en el centro de una investigaci\u00f3n en curso por presunto desv\u00edo de recursos p\u00fablicos que, de acuerdo a fuentes oficiales, podr\u00eda involucrar m\u00e1s de 100 millones de pesos.<\/p>\n\n\n\n<figure class=\"wp-block-image size-full\"><img loading=\"lazy\" decoding=\"async\" width=\"558\" height=\"372\" src=\"https:\/\/diariodelsurdigital.com.ar\/wp-content\/uploads\/2025\/06\/FACTURA-PARTARRIE.jpg\" alt=\"\" class=\"wp-image-3244\" srcset=\"https:\/\/diariodelsurdigital.com.ar\/wp-content\/uploads\/2025\/06\/FACTURA-PARTARRIE.jpg 558w, https:\/\/diariodelsurdigital.com.ar\/wp-content\/uploads\/2025\/06\/FACTURA-PARTARRIE-300x200.jpg 300w\" sizes=\"auto, (max-width: 558px) 100vw, 558px\" \/><\/figure>\n\n\n\n<figure class=\"wp-block-image size-full\"><img loading=\"lazy\" decoding=\"async\" width=\"405\" height=\"548\" src=\"https:\/\/diariodelsurdigital.com.ar\/wp-content\/uploads\/2025\/06\/partarrie-venta-a-2.jpg\" alt=\"\" class=\"wp-image-3245\" srcset=\"https:\/\/diariodelsurdigital.com.ar\/wp-content\/uploads\/2025\/06\/partarrie-venta-a-2.jpg 405w, https:\/\/diariodelsurdigital.com.ar\/wp-content\/uploads\/2025\/06\/partarrie-venta-a-2-222x300.jpg 222w, https:\/\/diariodelsurdigital.com.ar\/wp-content\/uploads\/2025\/06\/partarrie-venta-a-2-310x420.jpg 310w\" sizes=\"auto, (max-width: 405px) 100vw, 405px\" \/><\/figure>\n\n\n\n<p>Auditor\u00edas llevadas adelante entre marzo y abril de 2025 habr\u00edan detectado irregularidades en al menos 37 escuelas, donde se encontraron diferencias sustanciales entre las compras declaradas y los alimentos efectivamente entregados. Solo en ese per\u00edodo, se habr\u00edan detectado m\u00e1s de 66 millones de pesos sin justificar.<\/p>\n\n\n\n<p>En medio del esc\u00e1ndalo, se filtraron audios que \u2014seg\u00fan fuentes\u2014 corresponder\u00edan a una conversaci\u00f3n entre Silvina Mur\u00faa e I\u00f1aki Partarri\u00e9. En el intercambio, Mur\u00faa le reclama al joven empresario un presunto faltante de dinero en unos fajos de billetes. All\u00ed, Partarri\u00e9 atribuye la responsabilidad a su padre, quien \u2014seg\u00fan sus propias palabras\u2014 habr\u00eda preparado los fajos.<\/p>\n\n\n\n<p><strong>Transcripci\u00f3n del audio:<\/strong><\/p>\n\n\n\n<p>Mur\u00faa:<br>\u2014\u00bfTrajiste 2.3 millones?<\/p>\n\n\n\n<p>I\u00f1aki:<br>\u2014Creo que eran 2.5 millones.<\/p>\n\n\n\n<p>Mur\u00faa:<br>\u2014No. Trescientos porque era lo que me ten\u00edas que dar para pagar lo de la fiesta. Otra cosa m\u00e1s, I\u00f1aki\u2026 Los toquitos que vos me tra\u00e9s, \u00bfde cu\u00e1nto es?<\/p>\n\n\n\n<p>I\u00f1aki:<br>\u2014Todos son de 100.<\/p>\n\n\n\n<p>Mur\u00faa:<br>\u2014Todos vinieron de 80. No s\u00e9 qui\u00e9n te est\u00e1 contando toda la plata, pero todos los toquitos vinieron de 80.<\/p>\n\n\n\n<p>I\u00f1aki:<br>\u2014\u00bfQu\u00e9?<\/p>\n\n\n\n<p>Mur\u00faa:<br>\u2014Por eso te lo pregunt\u00e9 antes de decirte. Si alguien te est\u00e1 contando la plata, te est\u00e1 robando.<\/p>\n\n\n\n<p>I\u00f1aki:<br>\u2014Es lo primero que se me est\u00e1 viniendo a la cabeza, porque ya tuve problemas una semana antes de irme de vacaciones\u2026<\/p>\n\n\n\n<p>Mur\u00faa:<br>\u2014No hubo un toquito, I\u00f1aki, que haya venido de 100.<\/p>\n\n\n\n<p>I\u00f1aki:<br>\u2014Todos esos fajos me los hab\u00eda preparado mi viejo\u2026<\/p>\n\n\n\n<p>Mur\u00faa:<br>\u2014Bueno, tu pap\u00e1 te est\u00e1 cagando mal.<\/p>\n\n\n\n<p>I\u00f1aki:<br>\u2014S\u00ed, ya s\u00e9.<\/p>\n\n\n\n<p>Mur\u00faa:<br>\u2014Fui a comprar los d\u00f3lares, y a todos (los fajos) les faltaban 20 mil pesos. A uno 19.000\u2026<\/p>\n\n\n\n<p>I\u00f1aki:<br>\u2014No, s\u00ed, esa plata puntualmente me la hab\u00eda dado mi viejo\u2026<\/p>\n\n\n\n<p><br>La conversaci\u00f3n, que deber\u00e1 ser sometida a peritajes para determinar su autenticidad y contexto, revelar\u00eda una posible trama de v\u00ednculos informales y manejo conjunto de fondos. No obstante, su valor probatorio a\u00fan est\u00e1 pendiente de an\u00e1lisis judicial.<\/p>\n\n\n\n<p>Durante la gesti\u00f3n de Mur\u00faa, diversos testimonios recogidos por este medio y que obran en expedientes administrativos, dan cuenta de presiones a directivos, cocineros y personal escolar, de que eran despojados de sus tarjetas SIDECREER para realizar las compras para los comedores y reemplazados por personal designado desde la Coordinaci\u00f3n Departamental, y tambi\u00e9n que muchos de ellos fueron puestos bajo sospecha sin pruebas fehacientes, afectando su honor e integridad laboral.<\/p>\n\n\n\n<p>A ello se suman cartas documento dirigidas a la propia Mur\u00faa y a la Coordinaci\u00f3n, en las que directivos advierten sobre faltantes de alimentos y problemas con las rendiciones.&nbsp;<\/p>\n\n\n\n<p>Aunque no se ha determinado qui\u00e9n grab\u00f3 el audio, se sugiere que la filtraci\u00f3n provendr\u00eda del entorno cercano de los proveedores, donde tambi\u00e9n habr\u00eda comenzado a instalarse un clima de desconfianza.<\/p>\n\n\n\n<p>En cuanto al esquema bajo sospecha, el mismo informante detall\u00f3 c\u00f3mo se habr\u00edan direccionado las compras desde las escuelas. \u201cElla (por Mur\u00faa) no manejaba directamente la plata, lo que manejaba era a la gente en las escuelas. Pon\u00eda personas de su confianza en algunas direcciones escolares, y esas personas decid\u00edan con qu\u00e9 proveedor gastar la tarjeta de SIDECREER que usaban para comprar los alimentos\u201d, explic\u00f3.<\/p>\n\n\n\n<p>El presunto mecanismo consist\u00eda en que, una vez acreditado el monto mensual en la tarjeta, ese personal de las escuelas lo entregaba completo a los proveedores se\u00f1alados por Mur\u00faa, quienes \u2014seg\u00fan la investigaci\u00f3n\u2014 habr\u00edan entregado mercader\u00eda por un valor menor al declarado. La diferencia, en efectivo, quedaba en manos de los empresarios, y parte de esos fondos se habr\u00edan usado para pagar sobornos o retornar el dinero a la funcionaria, seg\u00fan se sospecha.<\/p>\n\n\n\n<p>Fuentes cercanas al gobierno provincial anticiparon que en los pr\u00f3ximos d\u00edas podr\u00eda haber declaraciones p\u00fablicas desde Paran\u00e1 y el avance de medidas m\u00e1s contundentes en torno al caso.  <\/p>\n\n\n\n<p>Fuente: Diario Junio<\/p>\n","protected":false},"excerpt":{"rendered":"<p>Por: Federico Odorisio Mientras la ex coordinadora de comedores Silvina Mur\u00faa es investigada por desv\u00edo de fondos p\u00fablicos, elementos en la investigaci\u00f3n ponen, por ahora, en el centro a dos empresarios \u2014padre e hijo\u2014 quienes concentran millonarias contrataciones municipales y provinciales. Hay auditor\u00edas, expedientes abiertos en la Direcci\u00f3n Departamental de Escuelas y cartas documentos de [&hellip;]<\/p>\n","protected":false},"author":2,"featured_media":3241,"comment_status":"open","ping_status":"open","sticky":false,"template":"","format":"standard","meta":{"footnotes":""},"categories":[16],"tags":[],"class_list":{"0":"post-3239","1":"post","2":"type-post","3":"status-publish","4":"format-standard","5":"has-post-thumbnail","7":"category-locales"},"yoast_head":"<!-- This site is optimized with the Yoast SEO plugin v27.4 - https:\/\/yoast.com\/product\/yoast-seo-wordpress\/ -->\n<title>Mur\u00faa, una estudiante de la universidad de &quot;La Soborna&quot; y el d\u00fao &quot;Ahora Voy&quot; Partarri\u00e9 - Diario del Sur<\/title>\n<meta name=\"robots\" content=\"index, follow, max-snippet:-1, max-image-preview:large, max-video-preview:-1\" \/>\n<link rel=\"canonical\" href=\"https:\/\/diariodelsurdigital.com.ar\/?p=3239\" \/>\n<meta property=\"og:locale\" content=\"es_ES\" \/>\n<meta property=\"og:type\" content=\"article\" \/>\n<meta property=\"og:title\" content=\"Mur\u00faa, una estudiante de la universidad de &quot;La Soborna&quot; y el d\u00fao &quot;Ahora Voy&quot; Partarri\u00e9 - Diario del Sur\" \/>\n<meta property=\"og:description\" content=\"Por: Federico Odorisio Mientras la ex coordinadora de comedores Silvina Mur\u00faa es investigada por desv\u00edo de fondos p\u00fablicos, elementos en la investigaci\u00f3n ponen, por ahora, en el centro a dos empresarios \u2014padre e hijo\u2014 quienes concentran millonarias contrataciones municipales y provinciales. Hay auditor\u00edas, expedientes abiertos en la Direcci\u00f3n Departamental de Escuelas y cartas documentos de [&hellip;]\" \/>\n<meta property=\"og:url\" content=\"https:\/\/diariodelsurdigital.com.ar\/?p=3239\" \/>\n<meta property=\"og:site_name\" content=\"Diario del Sur\" \/>\n<meta property=\"article:published_time\" content=\"2025-06-18T19:31:16+00:00\" \/>\n<meta property=\"article:modified_time\" content=\"2025-06-18T19:36:54+00:00\" \/>\n<meta property=\"og:image\" content=\"https:\/\/diariodelsurdigital.com.ar\/wp-content\/uploads\/2025\/06\/f685x385-821279_858972_5743.png\" \/>\n\t<meta property=\"og:image:width\" content=\"490\" \/>\n\t<meta property=\"og:image:height\" content=\"308\" \/>\n\t<meta property=\"og:image:type\" content=\"image\/png\" \/>\n<meta name=\"author\" content=\"Diario del Sur Digital\" \/>\n<meta name=\"twitter:card\" content=\"summary_large_image\" \/>\n<meta name=\"twitter:label1\" content=\"Escrito por\" \/>\n\t<meta name=\"twitter:data1\" content=\"Diario del Sur Digital\" \/>\n\t<meta name=\"twitter:label2\" content=\"Tiempo de lectura\" \/>\n\t<meta name=\"twitter:data2\" content=\"7 minutos\" \/>\n<script type=\"application\/ld+json\" class=\"yoast-schema-graph\">{\"@context\":\"https:\\\/\\\/schema.org\",\"@graph\":[{\"@type\":\"Article\",\"@id\":\"https:\\\/\\\/diariodelsurdigital.com.ar\\\/?p=3239#article\",\"isPartOf\":{\"@id\":\"https:\\\/\\\/diariodelsurdigital.com.ar\\\/?p=3239\"},\"author\":{\"name\":\"Diario del Sur Digital\",\"@id\":\"https:\\\/\\\/diariodelsurdigital.com.ar\\\/#\\\/schema\\\/person\\\/6136a32571657f7dba980b88b04c5465\"},\"headline\":\"Mur\u00faa, una estudiante de la universidad de \u00abLa Soborna\u00bb y el d\u00fao \u00abAhora Voy\u00bb Partarri\u00e9\",\"datePublished\":\"2025-06-18T19:31:16+00:00\",\"dateModified\":\"2025-06-18T19:36:54+00:00\",\"mainEntityOfPage\":{\"@id\":\"https:\\\/\\\/diariodelsurdigital.com.ar\\\/?p=3239\"},\"wordCount\":1163,\"commentCount\":0,\"image\":{\"@id\":\"https:\\\/\\\/diariodelsurdigital.com.ar\\\/?p=3239#primaryimage\"},\"thumbnailUrl\":\"https:\\\/\\\/diariodelsurdigital.com.ar\\\/wp-content\\\/uploads\\\/2025\\\/06\\\/f685x385-821279_858972_5743.png\",\"articleSection\":[\"Locales\"],\"inLanguage\":\"es\",\"potentialAction\":[{\"@type\":\"CommentAction\",\"name\":\"Comment\",\"target\":[\"https:\\\/\\\/diariodelsurdigital.com.ar\\\/?p=3239#respond\"]}]},{\"@type\":\"WebPage\",\"@id\":\"https:\\\/\\\/diariodelsurdigital.com.ar\\\/?p=3239\",\"url\":\"https:\\\/\\\/diariodelsurdigital.com.ar\\\/?p=3239\",\"name\":\"Mur\u00faa, una estudiante de la universidad de \\\"La Soborna\\\" y el d\u00fao \\\"Ahora Voy\\\" Partarri\u00e9 - Diario del Sur\",\"isPartOf\":{\"@id\":\"https:\\\/\\\/diariodelsurdigital.com.ar\\\/#website\"},\"primaryImageOfPage\":{\"@id\":\"https:\\\/\\\/diariodelsurdigital.com.ar\\\/?p=3239#primaryimage\"},\"image\":{\"@id\":\"https:\\\/\\\/diariodelsurdigital.com.ar\\\/?p=3239#primaryimage\"},\"thumbnailUrl\":\"https:\\\/\\\/diariodelsurdigital.com.ar\\\/wp-content\\\/uploads\\\/2025\\\/06\\\/f685x385-821279_858972_5743.png\",\"datePublished\":\"2025-06-18T19:31:16+00:00\",\"dateModified\":\"2025-06-18T19:36:54+00:00\",\"author\":{\"@id\":\"https:\\\/\\\/diariodelsurdigital.com.ar\\\/#\\\/schema\\\/person\\\/6136a32571657f7dba980b88b04c5465\"},\"breadcrumb\":{\"@id\":\"https:\\\/\\\/diariodelsurdigital.com.ar\\\/?p=3239#breadcrumb\"},\"inLanguage\":\"es\",\"potentialAction\":[{\"@type\":\"ReadAction\",\"target\":[\"https:\\\/\\\/diariodelsurdigital.com.ar\\\/?p=3239\"]}]},{\"@type\":\"ImageObject\",\"inLanguage\":\"es\",\"@id\":\"https:\\\/\\\/diariodelsurdigital.com.ar\\\/?p=3239#primaryimage\",\"url\":\"https:\\\/\\\/diariodelsurdigital.com.ar\\\/wp-content\\\/uploads\\\/2025\\\/06\\\/f685x385-821279_858972_5743.png\",\"contentUrl\":\"https:\\\/\\\/diariodelsurdigital.com.ar\\\/wp-content\\\/uploads\\\/2025\\\/06\\\/f685x385-821279_858972_5743.png\",\"width\":490,\"height\":308},{\"@type\":\"BreadcrumbList\",\"@id\":\"https:\\\/\\\/diariodelsurdigital.com.ar\\\/?p=3239#breadcrumb\",\"itemListElement\":[{\"@type\":\"ListItem\",\"position\":1,\"name\":\"Portada\",\"item\":\"https:\\\/\\\/diariodelsurdigital.com.ar\\\/\"},{\"@type\":\"ListItem\",\"position\":2,\"name\":\"Mur\u00faa, una estudiante de la universidad de \u00abLa Soborna\u00bb y el d\u00fao \u00abAhora Voy\u00bb Partarri\u00e9\"}]},{\"@type\":\"WebSite\",\"@id\":\"https:\\\/\\\/diariodelsurdigital.com.ar\\\/#website\",\"url\":\"https:\\\/\\\/diariodelsurdigital.com.ar\\\/\",\"name\":\"Diario del Sur\",\"description\":\"Digital\",\"potentialAction\":[{\"@type\":\"SearchAction\",\"target\":{\"@type\":\"EntryPoint\",\"urlTemplate\":\"https:\\\/\\\/diariodelsurdigital.com.ar\\\/?s={search_term_string}\"},\"query-input\":{\"@type\":\"PropertyValueSpecification\",\"valueRequired\":true,\"valueName\":\"search_term_string\"}}],\"inLanguage\":\"es\"},{\"@type\":\"Person\",\"@id\":\"https:\\\/\\\/diariodelsurdigital.com.ar\\\/#\\\/schema\\\/person\\\/6136a32571657f7dba980b88b04c5465\",\"name\":\"Diario del Sur Digital\",\"image\":{\"@type\":\"ImageObject\",\"inLanguage\":\"es\",\"@id\":\"https:\\\/\\\/secure.gravatar.com\\\/avatar\\\/4c29ceac98541dd42460b2474aaa5dd37594d6ce6cb3cf2c101d09b48ee287ba?s=96&d=mm&r=g\",\"url\":\"https:\\\/\\\/secure.gravatar.com\\\/avatar\\\/4c29ceac98541dd42460b2474aaa5dd37594d6ce6cb3cf2c101d09b48ee287ba?s=96&d=mm&r=g\",\"contentUrl\":\"https:\\\/\\\/secure.gravatar.com\\\/avatar\\\/4c29ceac98541dd42460b2474aaa5dd37594d6ce6cb3cf2c101d09b48ee287ba?s=96&d=mm&r=g\",\"caption\":\"Diario del Sur Digital\"},\"url\":\"https:\\\/\\\/diariodelsurdigital.com.ar\\\/?author=2\"}]}<\/script>\n<!-- \/ Yoast SEO plugin. -->","yoast_head_json":{"title":"Mur\u00faa, una estudiante de la universidad de \"La Soborna\" y el d\u00fao \"Ahora Voy\" Partarri\u00e9 - Diario del Sur","robots":{"index":"index","follow":"follow","max-snippet":"max-snippet:-1","max-image-preview":"max-image-preview:large","max-video-preview":"max-video-preview:-1"},"canonical":"https:\/\/diariodelsurdigital.com.ar\/?p=3239","og_locale":"es_ES","og_type":"article","og_title":"Mur\u00faa, una estudiante de la universidad de \"La Soborna\" y el d\u00fao \"Ahora Voy\" Partarri\u00e9 - Diario del Sur","og_description":"Por: Federico Odorisio Mientras la ex coordinadora de comedores Silvina Mur\u00faa es investigada por desv\u00edo de fondos p\u00fablicos, elementos en la investigaci\u00f3n ponen, por ahora, en el centro a dos empresarios \u2014padre e hijo\u2014 quienes concentran millonarias contrataciones municipales y provinciales. Hay auditor\u00edas, expedientes abiertos en la Direcci\u00f3n Departamental de Escuelas y cartas documentos de [&hellip;]","og_url":"https:\/\/diariodelsurdigital.com.ar\/?p=3239","og_site_name":"Diario del Sur","article_published_time":"2025-06-18T19:31:16+00:00","article_modified_time":"2025-06-18T19:36:54+00:00","og_image":[{"width":490,"height":308,"url":"https:\/\/diariodelsurdigital.com.ar\/wp-content\/uploads\/2025\/06\/f685x385-821279_858972_5743.png","type":"image\/png"}],"author":"Diario del Sur Digital","twitter_card":"summary_large_image","twitter_misc":{"Escrito por":"Diario del Sur Digital","Tiempo de lectura":"7 minutos"},"schema":{"@context":"https:\/\/schema.org","@graph":[{"@type":"Article","@id":"https:\/\/diariodelsurdigital.com.ar\/?p=3239#article","isPartOf":{"@id":"https:\/\/diariodelsurdigital.com.ar\/?p=3239"},"author":{"name":"Diario del Sur Digital","@id":"https:\/\/diariodelsurdigital.com.ar\/#\/schema\/person\/6136a32571657f7dba980b88b04c5465"},"headline":"Mur\u00faa, una estudiante de la universidad de \u00abLa Soborna\u00bb y el d\u00fao \u00abAhora Voy\u00bb Partarri\u00e9","datePublished":"2025-06-18T19:31:16+00:00","dateModified":"2025-06-18T19:36:54+00:00","mainEntityOfPage":{"@id":"https:\/\/diariodelsurdigital.com.ar\/?p=3239"},"wordCount":1163,"commentCount":0,"image":{"@id":"https:\/\/diariodelsurdigital.com.ar\/?p=3239#primaryimage"},"thumbnailUrl":"https:\/\/diariodelsurdigital.com.ar\/wp-content\/uploads\/2025\/06\/f685x385-821279_858972_5743.png","articleSection":["Locales"],"inLanguage":"es","potentialAction":[{"@type":"CommentAction","name":"Comment","target":["https:\/\/diariodelsurdigital.com.ar\/?p=3239#respond"]}]},{"@type":"WebPage","@id":"https:\/\/diariodelsurdigital.com.ar\/?p=3239","url":"https:\/\/diariodelsurdigital.com.ar\/?p=3239","name":"Mur\u00faa, una estudiante de la universidad de \"La Soborna\" y el d\u00fao \"Ahora Voy\" Partarri\u00e9 - Diario del Sur","isPartOf":{"@id":"https:\/\/diariodelsurdigital.com.ar\/#website"},"primaryImageOfPage":{"@id":"https:\/\/diariodelsurdigital.com.ar\/?p=3239#primaryimage"},"image":{"@id":"https:\/\/diariodelsurdigital.com.ar\/?p=3239#primaryimage"},"thumbnailUrl":"https:\/\/diariodelsurdigital.com.ar\/wp-content\/uploads\/2025\/06\/f685x385-821279_858972_5743.png","datePublished":"2025-06-18T19:31:16+00:00","dateModified":"2025-06-18T19:36:54+00:00","author":{"@id":"https:\/\/diariodelsurdigital.com.ar\/#\/schema\/person\/6136a32571657f7dba980b88b04c5465"},"breadcrumb":{"@id":"https:\/\/diariodelsurdigital.com.ar\/?p=3239#breadcrumb"},"inLanguage":"es","potentialAction":[{"@type":"ReadAction","target":["https:\/\/diariodelsurdigital.com.ar\/?p=3239"]}]},{"@type":"ImageObject","inLanguage":"es","@id":"https:\/\/diariodelsurdigital.com.ar\/?p=3239#primaryimage","url":"https:\/\/diariodelsurdigital.com.ar\/wp-content\/uploads\/2025\/06\/f685x385-821279_858972_5743.png","contentUrl":"https:\/\/diariodelsurdigital.com.ar\/wp-content\/uploads\/2025\/06\/f685x385-821279_858972_5743.png","width":490,"height":308},{"@type":"BreadcrumbList","@id":"https:\/\/diariodelsurdigital.com.ar\/?p=3239#breadcrumb","itemListElement":[{"@type":"ListItem","position":1,"name":"Portada","item":"https:\/\/diariodelsurdigital.com.ar\/"},{"@type":"ListItem","position":2,"name":"Mur\u00faa, una estudiante de la universidad de \u00abLa Soborna\u00bb y el d\u00fao \u00abAhora Voy\u00bb Partarri\u00e9"}]},{"@type":"WebSite","@id":"https:\/\/diariodelsurdigital.com.ar\/#website","url":"https:\/\/diariodelsurdigital.com.ar\/","name":"Diario del Sur","description":"Digital","potentialAction":[{"@type":"SearchAction","target":{"@type":"EntryPoint","urlTemplate":"https:\/\/diariodelsurdigital.com.ar\/?s={search_term_string}"},"query-input":{"@type":"PropertyValueSpecification","valueRequired":true,"valueName":"search_term_string"}}],"inLanguage":"es"},{"@type":"Person","@id":"https:\/\/diariodelsurdigital.com.ar\/#\/schema\/person\/6136a32571657f7dba980b88b04c5465","name":"Diario del Sur Digital","image":{"@type":"ImageObject","inLanguage":"es","@id":"https:\/\/secure.gravatar.com\/avatar\/4c29ceac98541dd42460b2474aaa5dd37594d6ce6cb3cf2c101d09b48ee287ba?s=96&d=mm&r=g","url":"https:\/\/secure.gravatar.com\/avatar\/4c29ceac98541dd42460b2474aaa5dd37594d6ce6cb3cf2c101d09b48ee287ba?s=96&d=mm&r=g","contentUrl":"https:\/\/secure.gravatar.com\/avatar\/4c29ceac98541dd42460b2474aaa5dd37594d6ce6cb3cf2c101d09b48ee287ba?s=96&d=mm&r=g","caption":"Diario del Sur Digital"},"url":"https:\/\/diariodelsurdigital.com.ar\/?author=2"}]}},"_links":{"self":[{"href":"https:\/\/diariodelsurdigital.com.ar\/index.php?rest_route=\/wp\/v2\/posts\/3239","targetHints":{"allow":["GET"]}}],"collection":[{"href":"https:\/\/diariodelsurdigital.com.ar\/index.php?rest_route=\/wp\/v2\/posts"}],"about":[{"href":"https:\/\/diariodelsurdigital.com.ar\/index.php?rest_route=\/wp\/v2\/types\/post"}],"author":[{"embeddable":true,"href":"https:\/\/diariodelsurdigital.com.ar\/index.php?rest_route=\/wp\/v2\/users\/2"}],"replies":[{"embeddable":true,"href":"https:\/\/diariodelsurdigital.com.ar\/index.php?rest_route=%2Fwp%2Fv2%2Fcomments&post=3239"}],"version-history":[{"count":3,"href":"https:\/\/diariodelsurdigital.com.ar\/index.php?rest_route=\/wp\/v2\/posts\/3239\/revisions"}],"predecessor-version":[{"id":3253,"href":"https:\/\/diariodelsurdigital.com.ar\/index.php?rest_route=\/wp\/v2\/posts\/3239\/revisions\/3253"}],"wp:featuredmedia":[{"embeddable":true,"href":"https:\/\/diariodelsurdigital.com.ar\/index.php?rest_route=\/wp\/v2\/media\/3241"}],"wp:attachment":[{"href":"https:\/\/diariodelsurdigital.com.ar\/index.php?rest_route=%2Fwp%2Fv2%2Fmedia&parent=3239"}],"wp:term":[{"taxonomy":"category","embeddable":true,"href":"https:\/\/diariodelsurdigital.com.ar\/index.php?rest_route=%2Fwp%2Fv2%2Fcategories&post=3239"},{"taxonomy":"post_tag","embeddable":true,"href":"https:\/\/diariodelsurdigital.com.ar\/index.php?rest_route=%2Fwp%2Fv2%2Ftags&post=3239"}],"curies":[{"name":"wp","href":"https:\/\/api.w.org\/{rel}","templated":true}]}}