{"id":3257,"date":"2025-06-19T13:01:42","date_gmt":"2025-06-19T16:01:42","guid":{"rendered":"https:\/\/diariodelsurdigital.com.ar\/?p=3257"},"modified":"2025-06-19T13:01:43","modified_gmt":"2025-06-19T16:01:43","slug":"artigas-la-vigencia-del-pensamiento-federal-a-260-anos-de-su-nacimiento","status":"publish","type":"post","link":"https:\/\/diariodelsurdigital.com.ar\/?p=3257","title":{"rendered":"Artigas: la vigencia del pensamiento federal a 260 A\u00f1os de su nacimiento"},"content":{"rendered":"\n<p>En el 260\u00b0 aniversario de su nacimiento, el historiador Ladislao Ferm\u00edn Uz\u00edn Olleros reflexiona sobre la figura de Jos\u00e9 Gervasio Artigas, destacando su profundo ideario federalista, su defensa de los sectores m\u00e1s desfavorecidos y su incansable lucha por la independencia y la autonom\u00eda de los pueblos, elementos que lo consolidan como Padre de la Patria.<\/p>\n\n\n\n<p><\/p>\n\n\n\n<p>A continuaci\u00f3n, la columna de opini\u00f3n completa:<\/p>\n\n\n\n<p>\u201cMirar por los infelices y no desampararlos,<\/p>\n\n\n\n<p>olvidemos esa maldita costumbre,<\/p>\n\n\n\n<p>que los engrandecimientos nacen de la cuna\u201d.<\/p>\n\n\n\n<p>El 19 de junio de 1764 nac\u00eda Jos\u00e9 Gervasio Artigas en Montevideo; proven\u00eda de una noble familia aragonesa de la comuna de Puebla de Albort\u00f3n, provincia de Zaragoza, Espa\u00f1a. Su abuelo, Juan Antonio Artigas, se traslad\u00f3 al R\u00edo de la Plata en el a\u00f1o 1713 y luego se asent\u00f3 en la Banda Oriental en ocasi\u00f3n que Bruno de Zabala desaloj\u00f3 a los portugueses que la hab\u00edan ocupado; radicado definitivamente ah\u00ed, est\u00e1 considerado entre los primeros habitantes permanentes de Montevideo.<\/p>\n\n\n\n<p>Jos\u00e9 Gervasio recibi\u00f3 educaci\u00f3n de los padres franciscanos y abrev\u00f3 en las doctrinas pol\u00edticas de la \u00e9poca leyendo a Thomas Paine y a Rousseau, cuyas ideas influyeron profundamente en \u00e9l y en el dise\u00f1o de su ideario pol\u00edtico.- Desde muy joven se dedic\u00f3 a las tareas rurales conviviendo con el gaucho y con el indio, aprendiendo las destrezas propias de ellos y el conocimiento del territorio. Siendo un cristiano practicante siempre propici\u00f3 la libertad de cultos.<\/p>\n\n\n\n<p>En su persona se exterioriza la concepci\u00f3n de un pa\u00eds federal, lo cual testimonian sus instrucciones a los representantes de la Banda Oriental para asistir a la Asamblea del a\u00f1o XIII, en las que postulaba la organizaci\u00f3n pol\u00edtica bajo la forma de una confederaci\u00f3n con la capital fuera de Buenos Aires, lo cual le aparej\u00f3 ser estigmatizado como traidor y ponerle precio a su cabeza, seis mil pesos fuertes, vivo o muerto; Buenos Aires jam\u00e1s tolerar\u00eda perder su centralismo.<\/p>\n\n\n\n<p>Entre tantas, sus luchas abarcan la Batalla de las Piedras (mayo de 1811) en la que derrot\u00f3 a las tropas realistas del virrey De El\u00edo, asentado en Montevideo; el armisticio de \u00e9ste con el Triunvirato de Buenos Aires, provoc\u00f3 el levantamiento del sitio de Montevideo y el Exilio del Pueblo Oriental, en el que m\u00e1s de diez mil almas siguieron al caudillo, cruzaron el r\u00edo Uruguay y se establecieron en la zona del arroyo Ayu\u00ed, Concordia, Entre R\u00edos, hecho hist\u00f3rico conocido con \u201cla redota\u201d y que dio lugar al primer censo o relevamiento de poblaci\u00f3n.<\/p>\n\n\n\n<p>Siempre en inferioridad de medios, debi\u00f3 combatir contra espa\u00f1oles, portugueses y Buenos Aires, para quien Artigas representaba la oposici\u00f3n a los intereses centralistas.- Sus ideas postulaban el reparto de la tierra entre los m\u00e1s pobres, a condici\u00f3n de formar familia, arraigarse y ocuparse del trabajo agrario, lo cual implicaba un acto de exteriorizaci\u00f3n de soberan\u00eda al tener presencia en zona de fronteras y poner un vallado al expansionismo portugu\u00e9s.<\/p>\n\n\n\n<p>En junio de 1815 convoc\u00f3 al Congreso de Arroyo de la China, o Congreso de Oriente o Congreso de los Pueblos Libres (en la actual Concepci\u00f3n del Uruguay), en la que se declar\u00f3 la independencia de Espa\u00f1a y de todo poder extranjero; por esa raz\u00f3n, las provincias de la Mesopotamia, Santa Fe y la Banda Oriental no enviaron representantes al Congreso de Tucum\u00e1n para la declaraci\u00f3n de independencia en julio de 1816, pues consideraban -con raz\u00f3n- que el acto independentista ya hab\u00eda sido proclamado en junio de 1815.<\/p>\n\n\n\n<p>Su doctrina reprobaba la esclavitud y de ello da cuenta la compra del \u201cNegro\u201d Ansina, esclavizado por los brasileros, Artigas lo libera de inmediato y el liberto lo acompa\u00f1a hasta su muerte, ocurrida en el exilio del caudillo en Paraguay, donde vivi\u00f3 los \u00faltimos treinta a\u00f1os de su vida, falleciendo en Ibiray el 23 de septiembre de 1850.<\/p>\n\n\n\n<p>El presidente del Paraguay, don Carlos L\u00f3pez \u2013padre de Francisco Solano- lleg\u00f3 a profesar admiraci\u00f3n y afecto por el caudillo oriental y le provey\u00f3 vivienda, una peque\u00f1a pensi\u00f3n, asistencia m\u00e9dica y la presencia de un sacerdote confesor, hasta el momento de su deceso.<\/p>\n\n\n\n<p>Artigas resume la s\u00edntesis del pensamiento pol\u00edtico federal, con la integraci\u00f3n de los pueblos, las ideas de libertad, autonom\u00eda y progreso, sin renunciar a los or\u00edgenes y al respeto a las tradiciones que identificaron a una identidad criolla. Sus restos fueron repatriados en 1855 durante la presidencia de Venancio Flores y descansan en el mausoleo erigido en su memoria en Montevideo. Est\u00e1 considerado, con justicia, el Padre de la Patria.<\/p>\n","protected":false},"excerpt":{"rendered":"<p>En el 260\u00b0 aniversario de su nacimiento, el historiador Ladislao Ferm\u00edn Uz\u00edn Olleros reflexiona sobre la figura de Jos\u00e9 Gervasio Artigas, destacando su profundo ideario federalista, su defensa de los sectores m\u00e1s desfavorecidos y su incansable lucha por la independencia y la autonom\u00eda de los pueblos, elementos que lo consolidan como Padre de la Patria. [&hellip;]<\/p>\n","protected":false},"author":4,"featured_media":3258,"comment_status":"open","ping_status":"open","sticky":false,"template":"","format":"standard","meta":{"footnotes":""},"categories":[19],"tags":[],"class_list":{"0":"post-3257","1":"post","2":"type-post","3":"status-publish","4":"format-standard","5":"has-post-thumbnail","7":"category-interes-general"},"yoast_head":"<!-- This site is optimized with the Yoast SEO plugin v27.4 - https:\/\/yoast.com\/product\/yoast-seo-wordpress\/ -->\n<title>Artigas: la vigencia del pensamiento federal a 260 A\u00f1os de su nacimiento - Diario del Sur<\/title>\n<meta name=\"robots\" content=\"index, follow, max-snippet:-1, max-image-preview:large, max-video-preview:-1\" \/>\n<link rel=\"canonical\" href=\"https:\/\/diariodelsurdigital.com.ar\/?p=3257\" \/>\n<meta property=\"og:locale\" content=\"es_ES\" \/>\n<meta property=\"og:type\" content=\"article\" \/>\n<meta property=\"og:title\" content=\"Artigas: la vigencia del pensamiento federal a 260 A\u00f1os de su nacimiento - Diario del Sur\" \/>\n<meta property=\"og:description\" content=\"En el 260\u00b0 aniversario de su nacimiento, el historiador Ladislao Ferm\u00edn Uz\u00edn Olleros reflexiona sobre la figura de Jos\u00e9 Gervasio Artigas, destacando su profundo ideario federalista, su defensa de los sectores m\u00e1s desfavorecidos y su incansable lucha por la independencia y la autonom\u00eda de los pueblos, elementos que lo consolidan como Padre de la Patria. [&hellip;]\" \/>\n<meta property=\"og:url\" content=\"https:\/\/diariodelsurdigital.com.ar\/?p=3257\" \/>\n<meta property=\"og:site_name\" content=\"Diario del Sur\" \/>\n<meta property=\"article:published_time\" content=\"2025-06-19T16:01:42+00:00\" \/>\n<meta property=\"article:modified_time\" content=\"2025-06-19T16:01:43+00:00\" \/>\n<meta property=\"og:image\" content=\"https:\/\/diariodelsurdigital.com.ar\/wp-content\/uploads\/2025\/06\/md-21.webp\" \/>\n\t<meta property=\"og:image:width\" content=\"992\" \/>\n\t<meta property=\"og:image:height\" content=\"775\" \/>\n\t<meta property=\"og:image:type\" content=\"image\/webp\" \/>\n<meta name=\"author\" content=\"Diario del Sur Digital\" \/>\n<meta name=\"twitter:card\" content=\"summary_large_image\" \/>\n<meta name=\"twitter:label1\" content=\"Escrito por\" \/>\n\t<meta name=\"twitter:data1\" content=\"Diario del Sur Digital\" \/>\n\t<meta name=\"twitter:label2\" content=\"Tiempo de lectura\" \/>\n\t<meta name=\"twitter:data2\" content=\"4 minutos\" \/>\n<script type=\"application\/ld+json\" class=\"yoast-schema-graph\">{\"@context\":\"https:\\\/\\\/schema.org\",\"@graph\":[{\"@type\":\"Article\",\"@id\":\"https:\\\/\\\/diariodelsurdigital.com.ar\\\/?p=3257#article\",\"isPartOf\":{\"@id\":\"https:\\\/\\\/diariodelsurdigital.com.ar\\\/?p=3257\"},\"author\":{\"name\":\"Diario del Sur Digital\",\"@id\":\"https:\\\/\\\/diariodelsurdigital.com.ar\\\/#\\\/schema\\\/person\\\/1a4992532ed62965c968031b49195c81\"},\"headline\":\"Artigas: la vigencia del pensamiento federal a 260 A\u00f1os de su nacimiento\",\"datePublished\":\"2025-06-19T16:01:42+00:00\",\"dateModified\":\"2025-06-19T16:01:43+00:00\",\"mainEntityOfPage\":{\"@id\":\"https:\\\/\\\/diariodelsurdigital.com.ar\\\/?p=3257\"},\"wordCount\":798,\"commentCount\":0,\"image\":{\"@id\":\"https:\\\/\\\/diariodelsurdigital.com.ar\\\/?p=3257#primaryimage\"},\"thumbnailUrl\":\"https:\\\/\\\/diariodelsurdigital.com.ar\\\/wp-content\\\/uploads\\\/2025\\\/06\\\/md-21.webp\",\"articleSection\":[\"Inter\u00e9s General\"],\"inLanguage\":\"es\",\"potentialAction\":[{\"@type\":\"CommentAction\",\"name\":\"Comment\",\"target\":[\"https:\\\/\\\/diariodelsurdigital.com.ar\\\/?p=3257#respond\"]}]},{\"@type\":\"WebPage\",\"@id\":\"https:\\\/\\\/diariodelsurdigital.com.ar\\\/?p=3257\",\"url\":\"https:\\\/\\\/diariodelsurdigital.com.ar\\\/?p=3257\",\"name\":\"Artigas: la vigencia del pensamiento federal a 260 A\u00f1os de su nacimiento - Diario del Sur\",\"isPartOf\":{\"@id\":\"https:\\\/\\\/diariodelsurdigital.com.ar\\\/#website\"},\"primaryImageOfPage\":{\"@id\":\"https:\\\/\\\/diariodelsurdigital.com.ar\\\/?p=3257#primaryimage\"},\"image\":{\"@id\":\"https:\\\/\\\/diariodelsurdigital.com.ar\\\/?p=3257#primaryimage\"},\"thumbnailUrl\":\"https:\\\/\\\/diariodelsurdigital.com.ar\\\/wp-content\\\/uploads\\\/2025\\\/06\\\/md-21.webp\",\"datePublished\":\"2025-06-19T16:01:42+00:00\",\"dateModified\":\"2025-06-19T16:01:43+00:00\",\"author\":{\"@id\":\"https:\\\/\\\/diariodelsurdigital.com.ar\\\/#\\\/schema\\\/person\\\/1a4992532ed62965c968031b49195c81\"},\"breadcrumb\":{\"@id\":\"https:\\\/\\\/diariodelsurdigital.com.ar\\\/?p=3257#breadcrumb\"},\"inLanguage\":\"es\",\"potentialAction\":[{\"@type\":\"ReadAction\",\"target\":[\"https:\\\/\\\/diariodelsurdigital.com.ar\\\/?p=3257\"]}]},{\"@type\":\"ImageObject\",\"inLanguage\":\"es\",\"@id\":\"https:\\\/\\\/diariodelsurdigital.com.ar\\\/?p=3257#primaryimage\",\"url\":\"https:\\\/\\\/diariodelsurdigital.com.ar\\\/wp-content\\\/uploads\\\/2025\\\/06\\\/md-21.webp\",\"contentUrl\":\"https:\\\/\\\/diariodelsurdigital.com.ar\\\/wp-content\\\/uploads\\\/2025\\\/06\\\/md-21.webp\",\"width\":992,\"height\":775},{\"@type\":\"BreadcrumbList\",\"@id\":\"https:\\\/\\\/diariodelsurdigital.com.ar\\\/?p=3257#breadcrumb\",\"itemListElement\":[{\"@type\":\"ListItem\",\"position\":1,\"name\":\"Portada\",\"item\":\"https:\\\/\\\/diariodelsurdigital.com.ar\\\/\"},{\"@type\":\"ListItem\",\"position\":2,\"name\":\"Artigas: la vigencia del pensamiento federal a 260 A\u00f1os de su nacimiento\"}]},{\"@type\":\"WebSite\",\"@id\":\"https:\\\/\\\/diariodelsurdigital.com.ar\\\/#website\",\"url\":\"https:\\\/\\\/diariodelsurdigital.com.ar\\\/\",\"name\":\"Diario del Sur\",\"description\":\"Digital\",\"potentialAction\":[{\"@type\":\"SearchAction\",\"target\":{\"@type\":\"EntryPoint\",\"urlTemplate\":\"https:\\\/\\\/diariodelsurdigital.com.ar\\\/?s={search_term_string}\"},\"query-input\":{\"@type\":\"PropertyValueSpecification\",\"valueRequired\":true,\"valueName\":\"search_term_string\"}}],\"inLanguage\":\"es\"},{\"@type\":\"Person\",\"@id\":\"https:\\\/\\\/diariodelsurdigital.com.ar\\\/#\\\/schema\\\/person\\\/1a4992532ed62965c968031b49195c81\",\"name\":\"Diario del Sur Digital\",\"image\":{\"@type\":\"ImageObject\",\"inLanguage\":\"es\",\"@id\":\"https:\\\/\\\/secure.gravatar.com\\\/avatar\\\/f0c7c47fc7146d19828273b9b8eda651c9c7ab583767e6338d3d3bee825adf76?s=96&d=mm&r=g\",\"url\":\"https:\\\/\\\/secure.gravatar.com\\\/avatar\\\/f0c7c47fc7146d19828273b9b8eda651c9c7ab583767e6338d3d3bee825adf76?s=96&d=mm&r=g\",\"contentUrl\":\"https:\\\/\\\/secure.gravatar.com\\\/avatar\\\/f0c7c47fc7146d19828273b9b8eda651c9c7ab583767e6338d3d3bee825adf76?s=96&d=mm&r=g\",\"caption\":\"Diario del Sur Digital\"},\"url\":\"https:\\\/\\\/diariodelsurdigital.com.ar\\\/?author=4\"}]}<\/script>\n<!-- \/ Yoast SEO plugin. -->","yoast_head_json":{"title":"Artigas: la vigencia del pensamiento federal a 260 A\u00f1os de su nacimiento - Diario del Sur","robots":{"index":"index","follow":"follow","max-snippet":"max-snippet:-1","max-image-preview":"max-image-preview:large","max-video-preview":"max-video-preview:-1"},"canonical":"https:\/\/diariodelsurdigital.com.ar\/?p=3257","og_locale":"es_ES","og_type":"article","og_title":"Artigas: la vigencia del pensamiento federal a 260 A\u00f1os de su nacimiento - Diario del Sur","og_description":"En el 260\u00b0 aniversario de su nacimiento, el historiador Ladislao Ferm\u00edn Uz\u00edn Olleros reflexiona sobre la figura de Jos\u00e9 Gervasio Artigas, destacando su profundo ideario federalista, su defensa de los sectores m\u00e1s desfavorecidos y su incansable lucha por la independencia y la autonom\u00eda de los pueblos, elementos que lo consolidan como Padre de la Patria. [&hellip;]","og_url":"https:\/\/diariodelsurdigital.com.ar\/?p=3257","og_site_name":"Diario del Sur","article_published_time":"2025-06-19T16:01:42+00:00","article_modified_time":"2025-06-19T16:01:43+00:00","og_image":[{"width":992,"height":775,"url":"https:\/\/diariodelsurdigital.com.ar\/wp-content\/uploads\/2025\/06\/md-21.webp","type":"image\/webp"}],"author":"Diario del Sur Digital","twitter_card":"summary_large_image","twitter_misc":{"Escrito por":"Diario del Sur Digital","Tiempo de lectura":"4 minutos"},"schema":{"@context":"https:\/\/schema.org","@graph":[{"@type":"Article","@id":"https:\/\/diariodelsurdigital.com.ar\/?p=3257#article","isPartOf":{"@id":"https:\/\/diariodelsurdigital.com.ar\/?p=3257"},"author":{"name":"Diario del Sur Digital","@id":"https:\/\/diariodelsurdigital.com.ar\/#\/schema\/person\/1a4992532ed62965c968031b49195c81"},"headline":"Artigas: la vigencia del pensamiento federal a 260 A\u00f1os de su nacimiento","datePublished":"2025-06-19T16:01:42+00:00","dateModified":"2025-06-19T16:01:43+00:00","mainEntityOfPage":{"@id":"https:\/\/diariodelsurdigital.com.ar\/?p=3257"},"wordCount":798,"commentCount":0,"image":{"@id":"https:\/\/diariodelsurdigital.com.ar\/?p=3257#primaryimage"},"thumbnailUrl":"https:\/\/diariodelsurdigital.com.ar\/wp-content\/uploads\/2025\/06\/md-21.webp","articleSection":["Inter\u00e9s General"],"inLanguage":"es","potentialAction":[{"@type":"CommentAction","name":"Comment","target":["https:\/\/diariodelsurdigital.com.ar\/?p=3257#respond"]}]},{"@type":"WebPage","@id":"https:\/\/diariodelsurdigital.com.ar\/?p=3257","url":"https:\/\/diariodelsurdigital.com.ar\/?p=3257","name":"Artigas: la vigencia del pensamiento federal a 260 A\u00f1os de su nacimiento - Diario del Sur","isPartOf":{"@id":"https:\/\/diariodelsurdigital.com.ar\/#website"},"primaryImageOfPage":{"@id":"https:\/\/diariodelsurdigital.com.ar\/?p=3257#primaryimage"},"image":{"@id":"https:\/\/diariodelsurdigital.com.ar\/?p=3257#primaryimage"},"thumbnailUrl":"https:\/\/diariodelsurdigital.com.ar\/wp-content\/uploads\/2025\/06\/md-21.webp","datePublished":"2025-06-19T16:01:42+00:00","dateModified":"2025-06-19T16:01:43+00:00","author":{"@id":"https:\/\/diariodelsurdigital.com.ar\/#\/schema\/person\/1a4992532ed62965c968031b49195c81"},"breadcrumb":{"@id":"https:\/\/diariodelsurdigital.com.ar\/?p=3257#breadcrumb"},"inLanguage":"es","potentialAction":[{"@type":"ReadAction","target":["https:\/\/diariodelsurdigital.com.ar\/?p=3257"]}]},{"@type":"ImageObject","inLanguage":"es","@id":"https:\/\/diariodelsurdigital.com.ar\/?p=3257#primaryimage","url":"https:\/\/diariodelsurdigital.com.ar\/wp-content\/uploads\/2025\/06\/md-21.webp","contentUrl":"https:\/\/diariodelsurdigital.com.ar\/wp-content\/uploads\/2025\/06\/md-21.webp","width":992,"height":775},{"@type":"BreadcrumbList","@id":"https:\/\/diariodelsurdigital.com.ar\/?p=3257#breadcrumb","itemListElement":[{"@type":"ListItem","position":1,"name":"Portada","item":"https:\/\/diariodelsurdigital.com.ar\/"},{"@type":"ListItem","position":2,"name":"Artigas: la vigencia del pensamiento federal a 260 A\u00f1os de su nacimiento"}]},{"@type":"WebSite","@id":"https:\/\/diariodelsurdigital.com.ar\/#website","url":"https:\/\/diariodelsurdigital.com.ar\/","name":"Diario del Sur","description":"Digital","potentialAction":[{"@type":"SearchAction","target":{"@type":"EntryPoint","urlTemplate":"https:\/\/diariodelsurdigital.com.ar\/?s={search_term_string}"},"query-input":{"@type":"PropertyValueSpecification","valueRequired":true,"valueName":"search_term_string"}}],"inLanguage":"es"},{"@type":"Person","@id":"https:\/\/diariodelsurdigital.com.ar\/#\/schema\/person\/1a4992532ed62965c968031b49195c81","name":"Diario del Sur Digital","image":{"@type":"ImageObject","inLanguage":"es","@id":"https:\/\/secure.gravatar.com\/avatar\/f0c7c47fc7146d19828273b9b8eda651c9c7ab583767e6338d3d3bee825adf76?s=96&d=mm&r=g","url":"https:\/\/secure.gravatar.com\/avatar\/f0c7c47fc7146d19828273b9b8eda651c9c7ab583767e6338d3d3bee825adf76?s=96&d=mm&r=g","contentUrl":"https:\/\/secure.gravatar.com\/avatar\/f0c7c47fc7146d19828273b9b8eda651c9c7ab583767e6338d3d3bee825adf76?s=96&d=mm&r=g","caption":"Diario del Sur Digital"},"url":"https:\/\/diariodelsurdigital.com.ar\/?author=4"}]}},"_links":{"self":[{"href":"https:\/\/diariodelsurdigital.com.ar\/index.php?rest_route=\/wp\/v2\/posts\/3257","targetHints":{"allow":["GET"]}}],"collection":[{"href":"https:\/\/diariodelsurdigital.com.ar\/index.php?rest_route=\/wp\/v2\/posts"}],"about":[{"href":"https:\/\/diariodelsurdigital.com.ar\/index.php?rest_route=\/wp\/v2\/types\/post"}],"author":[{"embeddable":true,"href":"https:\/\/diariodelsurdigital.com.ar\/index.php?rest_route=\/wp\/v2\/users\/4"}],"replies":[{"embeddable":true,"href":"https:\/\/diariodelsurdigital.com.ar\/index.php?rest_route=%2Fwp%2Fv2%2Fcomments&post=3257"}],"version-history":[{"count":1,"href":"https:\/\/diariodelsurdigital.com.ar\/index.php?rest_route=\/wp\/v2\/posts\/3257\/revisions"}],"predecessor-version":[{"id":3259,"href":"https:\/\/diariodelsurdigital.com.ar\/index.php?rest_route=\/wp\/v2\/posts\/3257\/revisions\/3259"}],"wp:featuredmedia":[{"embeddable":true,"href":"https:\/\/diariodelsurdigital.com.ar\/index.php?rest_route=\/wp\/v2\/media\/3258"}],"wp:attachment":[{"href":"https:\/\/diariodelsurdigital.com.ar\/index.php?rest_route=%2Fwp%2Fv2%2Fmedia&parent=3257"}],"wp:term":[{"taxonomy":"category","embeddable":true,"href":"https:\/\/diariodelsurdigital.com.ar\/index.php?rest_route=%2Fwp%2Fv2%2Fcategories&post=3257"},{"taxonomy":"post_tag","embeddable":true,"href":"https:\/\/diariodelsurdigital.com.ar\/index.php?rest_route=%2Fwp%2Fv2%2Ftags&post=3257"}],"curies":[{"name":"wp","href":"https:\/\/api.w.org\/{rel}","templated":true}]}}