{"id":3262,"date":"2025-06-19T13:07:46","date_gmt":"2025-06-19T16:07:46","guid":{"rendered":"https:\/\/diariodelsurdigital.com.ar\/?p=3262"},"modified":"2025-06-19T13:07:47","modified_gmt":"2025-06-19T16:07:47","slug":"la-uom-le-reclama-a-la-cgt-un-plan-de-lucha-con-paros-y-movilizaciones-contra-el-ajuste-y-la-proscripcion","status":"publish","type":"post","link":"https:\/\/diariodelsurdigital.com.ar\/?p=3262","title":{"rendered":"La UOM le reclama a la CGT un plan de lucha con paros y movilizaciones contra el ajuste y la \u201cproscripci\u00f3n\u201d"},"content":{"rendered":"\n<p>La Uni\u00f3n Obrera Metal\u00fargica (UOM), bajo el liderazgo de Abel Furl\u00e1n, exigi\u00f3 con urgencia a la CGT que convoque a un Comit\u00e9 Central Confederal y lance un plan de lucha nacional. \u201cNo puede permanecer inm\u00f3vil\u201d, dispar\u00f3 el gremio.<\/p>\n\n\n\n<p>La Uni\u00f3n Obrera Metal\u00fargica (UOM) le mete presi\u00f3n a la conducci\u00f3n de la CGT. A trav\u00e9s de un duro comunicado titulado \u201cLa CGT debe actuar\u201d, el sindicato que lidera Abel Furl\u00e1n que la central obrera defina un plan de lucha nacional ante el ajuste, la represi\u00f3n y la proscripci\u00f3n pol\u00edtica.<\/p>\n\n\n\n<p>La entidad sindical advierte que \u201cel pueblo trabajador atraviesa una emergencia social: ca\u00edda del salario real, desempleo y cierre de industrias, mientras el gobierno de Javier Milei aplica un plan de ajuste, endeudamiento y privatizaciones al servicio del poder econ\u00f3mico y financiero\u201d.<\/p>\n\n\n\n<p>Denuncian tambi\u00e9n la delegaci\u00f3n de \u201csuperpoderes a las fuerzas de seguridad para vigilar y reprimir sin control judicial, criminalizando la protesta\u201d, public\u00f3 Mundo Gremial.<\/p>\n\n\n\n<p>En este contexto, se\u00f1alan que \u201cavanza la condena arbitraria contra Cristina Fern\u00e1ndez de Kirchner\u201d, calific\u00e1ndola como \u201cel cap\u00edtulo m\u00e1s grave del lawfare para proscribir al liderazgo popular e intimidar a quienes luchan\u201d.<\/p>\n\n\n\n<p>\u201cLa CGT no puede permanecer inm\u00f3vil\u201d<br>Ante este panorama, la UOM es contundente: \u201cLa CGT no puede permanecer inm\u00f3vil. El movimiento obrero debe encabezar una gran confluencia de luchas junto a estudiantes, jubilados, pymes y sectores golpeados por el ajuste\u201d.<\/p>\n\n\n\n<p>El gremio metal\u00fargico exige a la CGT:<\/p>\n\n\n\n<p>-Convocar a un Comit\u00e9 Central Confederal para debatir la situaci\u00f3n nacional y coordinar una respuesta com\u00fan y federal del conjunto del movimiento obrero.<\/p>\n\n\n\n<p>-Lanzar un plan de lucha nacional, sostenido y escalonado con movilizaciones, plenarios regionales y paros generales, articulado con todos los sectores populares afectados.<\/p>\n\n\n\n<p>-Pronunciarse firmemente en defensa de: la absoluci\u00f3n y plena reivindicaci\u00f3n pol\u00edtica de Cristina Fern\u00e1ndez de Kirchner, el rechazo contundente al lawfare, y la protecci\u00f3n de las libertades democr\u00e1ticas junto a la derogaci\u00f3n de los superpoderes represivos.<\/p>\n\n\n\n<p>\u201cAsumir el rol de conducci\u00f3n que la historia le demanda\u201d<br>El comunicado de la UOM cierra con un llamado directo a la c\u00fapula cegetista: \u201cEs tiempo de transformar la preocupaci\u00f3n en acci\u00f3n colectiva. Convocamos a la CGT a asumir el rol de conducci\u00f3n que la historia le demanda y a impulsar, junto a todos los sectores populares, un plan de lucha que frene el ajuste, la persecuci\u00f3n y la entrega de patrimonio y soberan\u00eda, defienda la democracia, los derechos conquistados y el futuro del pueblo argentino\u201d.<\/p>\n\n\n\n<p>La consigna final es clara: \u201cUnidad, organizaci\u00f3n y lucha\u201d. (<\/p>\n","protected":false},"excerpt":{"rendered":"<p>La Uni\u00f3n Obrera Metal\u00fargica (UOM), bajo el liderazgo de Abel Furl\u00e1n, exigi\u00f3 con urgencia a la CGT que convoque a un Comit\u00e9 Central Confederal y lance un plan de lucha nacional. \u201cNo puede permanecer inm\u00f3vil\u201d, dispar\u00f3 el gremio. La Uni\u00f3n Obrera Metal\u00fargica (UOM) le mete presi\u00f3n a la conducci\u00f3n de la CGT. A trav\u00e9s de [&hellip;]<\/p>\n","protected":false},"author":4,"featured_media":3263,"comment_status":"open","ping_status":"open","sticky":false,"template":"","format":"standard","meta":{"footnotes":""},"categories":[18,22],"tags":[],"class_list":{"0":"post-3262","1":"post","2":"type-post","3":"status-publish","4":"format-standard","5":"has-post-thumbnail","7":"category-nacionales","8":"category-politica"},"yoast_head":"<!-- This site is optimized with the Yoast SEO plugin v27.4 - https:\/\/yoast.com\/product\/yoast-seo-wordpress\/ -->\n<title>La UOM le reclama a la CGT un plan de lucha con paros y movilizaciones contra el ajuste y la \u201cproscripci\u00f3n\u201d - Diario del Sur<\/title>\n<meta name=\"robots\" content=\"index, follow, max-snippet:-1, max-image-preview:large, max-video-preview:-1\" \/>\n<link rel=\"canonical\" href=\"https:\/\/diariodelsurdigital.com.ar\/?p=3262\" \/>\n<meta property=\"og:locale\" content=\"es_ES\" \/>\n<meta property=\"og:type\" content=\"article\" \/>\n<meta property=\"og:title\" content=\"La UOM le reclama a la CGT un plan de lucha con paros y movilizaciones contra el ajuste y la \u201cproscripci\u00f3n\u201d - Diario del Sur\" \/>\n<meta property=\"og:description\" content=\"La Uni\u00f3n Obrera Metal\u00fargica (UOM), bajo el liderazgo de Abel Furl\u00e1n, exigi\u00f3 con urgencia a la CGT que convoque a un Comit\u00e9 Central Confederal y lance un plan de lucha nacional. \u201cNo puede permanecer inm\u00f3vil\u201d, dispar\u00f3 el gremio. La Uni\u00f3n Obrera Metal\u00fargica (UOM) le mete presi\u00f3n a la conducci\u00f3n de la CGT. A trav\u00e9s de [&hellip;]\" \/>\n<meta property=\"og:url\" content=\"https:\/\/diariodelsurdigital.com.ar\/?p=3262\" \/>\n<meta property=\"og:site_name\" content=\"Diario del Sur\" \/>\n<meta property=\"article:published_time\" content=\"2025-06-19T16:07:46+00:00\" \/>\n<meta property=\"article:modified_time\" content=\"2025-06-19T16:07:47+00:00\" \/>\n<meta property=\"og:image\" content=\"https:\/\/diariodelsurdigital.com.ar\/wp-content\/uploads\/2025\/06\/md-22.webp\" \/>\n\t<meta property=\"og:image:width\" content=\"992\" \/>\n\t<meta property=\"og:image:height\" content=\"662\" \/>\n\t<meta property=\"og:image:type\" content=\"image\/webp\" \/>\n<meta name=\"author\" content=\"Diario del Sur Digital\" \/>\n<meta name=\"twitter:card\" content=\"summary_large_image\" \/>\n<meta name=\"twitter:label1\" content=\"Escrito por\" \/>\n\t<meta name=\"twitter:data1\" content=\"Diario del Sur Digital\" \/>\n\t<meta name=\"twitter:label2\" content=\"Tiempo de lectura\" \/>\n\t<meta name=\"twitter:data2\" content=\"3 minutos\" \/>\n<script type=\"application\/ld+json\" class=\"yoast-schema-graph\">{\"@context\":\"https:\\\/\\\/schema.org\",\"@graph\":[{\"@type\":\"Article\",\"@id\":\"https:\\\/\\\/diariodelsurdigital.com.ar\\\/?p=3262#article\",\"isPartOf\":{\"@id\":\"https:\\\/\\\/diariodelsurdigital.com.ar\\\/?p=3262\"},\"author\":{\"name\":\"Diario del Sur Digital\",\"@id\":\"https:\\\/\\\/diariodelsurdigital.com.ar\\\/#\\\/schema\\\/person\\\/1a4992532ed62965c968031b49195c81\"},\"headline\":\"La UOM le reclama a la CGT un plan de lucha con paros y movilizaciones contra el ajuste y la \u201cproscripci\u00f3n\u201d\",\"datePublished\":\"2025-06-19T16:07:46+00:00\",\"dateModified\":\"2025-06-19T16:07:47+00:00\",\"mainEntityOfPage\":{\"@id\":\"https:\\\/\\\/diariodelsurdigital.com.ar\\\/?p=3262\"},\"wordCount\":474,\"commentCount\":0,\"image\":{\"@id\":\"https:\\\/\\\/diariodelsurdigital.com.ar\\\/?p=3262#primaryimage\"},\"thumbnailUrl\":\"https:\\\/\\\/diariodelsurdigital.com.ar\\\/wp-content\\\/uploads\\\/2025\\\/06\\\/md-22.webp\",\"articleSection\":[\"Nacionales\",\"Pol\u00edtica\"],\"inLanguage\":\"es\",\"potentialAction\":[{\"@type\":\"CommentAction\",\"name\":\"Comment\",\"target\":[\"https:\\\/\\\/diariodelsurdigital.com.ar\\\/?p=3262#respond\"]}]},{\"@type\":\"WebPage\",\"@id\":\"https:\\\/\\\/diariodelsurdigital.com.ar\\\/?p=3262\",\"url\":\"https:\\\/\\\/diariodelsurdigital.com.ar\\\/?p=3262\",\"name\":\"La UOM le reclama a la CGT un plan de lucha con paros y movilizaciones contra el ajuste y la \u201cproscripci\u00f3n\u201d - Diario del Sur\",\"isPartOf\":{\"@id\":\"https:\\\/\\\/diariodelsurdigital.com.ar\\\/#website\"},\"primaryImageOfPage\":{\"@id\":\"https:\\\/\\\/diariodelsurdigital.com.ar\\\/?p=3262#primaryimage\"},\"image\":{\"@id\":\"https:\\\/\\\/diariodelsurdigital.com.ar\\\/?p=3262#primaryimage\"},\"thumbnailUrl\":\"https:\\\/\\\/diariodelsurdigital.com.ar\\\/wp-content\\\/uploads\\\/2025\\\/06\\\/md-22.webp\",\"datePublished\":\"2025-06-19T16:07:46+00:00\",\"dateModified\":\"2025-06-19T16:07:47+00:00\",\"author\":{\"@id\":\"https:\\\/\\\/diariodelsurdigital.com.ar\\\/#\\\/schema\\\/person\\\/1a4992532ed62965c968031b49195c81\"},\"breadcrumb\":{\"@id\":\"https:\\\/\\\/diariodelsurdigital.com.ar\\\/?p=3262#breadcrumb\"},\"inLanguage\":\"es\",\"potentialAction\":[{\"@type\":\"ReadAction\",\"target\":[\"https:\\\/\\\/diariodelsurdigital.com.ar\\\/?p=3262\"]}]},{\"@type\":\"ImageObject\",\"inLanguage\":\"es\",\"@id\":\"https:\\\/\\\/diariodelsurdigital.com.ar\\\/?p=3262#primaryimage\",\"url\":\"https:\\\/\\\/diariodelsurdigital.com.ar\\\/wp-content\\\/uploads\\\/2025\\\/06\\\/md-22.webp\",\"contentUrl\":\"https:\\\/\\\/diariodelsurdigital.com.ar\\\/wp-content\\\/uploads\\\/2025\\\/06\\\/md-22.webp\",\"width\":992,\"height\":662},{\"@type\":\"BreadcrumbList\",\"@id\":\"https:\\\/\\\/diariodelsurdigital.com.ar\\\/?p=3262#breadcrumb\",\"itemListElement\":[{\"@type\":\"ListItem\",\"position\":1,\"name\":\"Portada\",\"item\":\"https:\\\/\\\/diariodelsurdigital.com.ar\\\/\"},{\"@type\":\"ListItem\",\"position\":2,\"name\":\"La UOM le reclama a la CGT un plan de lucha con paros y movilizaciones contra el ajuste y la \u201cproscripci\u00f3n\u201d\"}]},{\"@type\":\"WebSite\",\"@id\":\"https:\\\/\\\/diariodelsurdigital.com.ar\\\/#website\",\"url\":\"https:\\\/\\\/diariodelsurdigital.com.ar\\\/\",\"name\":\"Diario del Sur\",\"description\":\"Digital\",\"potentialAction\":[{\"@type\":\"SearchAction\",\"target\":{\"@type\":\"EntryPoint\",\"urlTemplate\":\"https:\\\/\\\/diariodelsurdigital.com.ar\\\/?s={search_term_string}\"},\"query-input\":{\"@type\":\"PropertyValueSpecification\",\"valueRequired\":true,\"valueName\":\"search_term_string\"}}],\"inLanguage\":\"es\"},{\"@type\":\"Person\",\"@id\":\"https:\\\/\\\/diariodelsurdigital.com.ar\\\/#\\\/schema\\\/person\\\/1a4992532ed62965c968031b49195c81\",\"name\":\"Diario del Sur Digital\",\"image\":{\"@type\":\"ImageObject\",\"inLanguage\":\"es\",\"@id\":\"https:\\\/\\\/secure.gravatar.com\\\/avatar\\\/f0c7c47fc7146d19828273b9b8eda651c9c7ab583767e6338d3d3bee825adf76?s=96&d=mm&r=g\",\"url\":\"https:\\\/\\\/secure.gravatar.com\\\/avatar\\\/f0c7c47fc7146d19828273b9b8eda651c9c7ab583767e6338d3d3bee825adf76?s=96&d=mm&r=g\",\"contentUrl\":\"https:\\\/\\\/secure.gravatar.com\\\/avatar\\\/f0c7c47fc7146d19828273b9b8eda651c9c7ab583767e6338d3d3bee825adf76?s=96&d=mm&r=g\",\"caption\":\"Diario del Sur Digital\"},\"url\":\"https:\\\/\\\/diariodelsurdigital.com.ar\\\/?author=4\"}]}<\/script>\n<!-- \/ Yoast SEO plugin. -->","yoast_head_json":{"title":"La UOM le reclama a la CGT un plan de lucha con paros y movilizaciones contra el ajuste y la \u201cproscripci\u00f3n\u201d - Diario del Sur","robots":{"index":"index","follow":"follow","max-snippet":"max-snippet:-1","max-image-preview":"max-image-preview:large","max-video-preview":"max-video-preview:-1"},"canonical":"https:\/\/diariodelsurdigital.com.ar\/?p=3262","og_locale":"es_ES","og_type":"article","og_title":"La UOM le reclama a la CGT un plan de lucha con paros y movilizaciones contra el ajuste y la \u201cproscripci\u00f3n\u201d - Diario del Sur","og_description":"La Uni\u00f3n Obrera Metal\u00fargica (UOM), bajo el liderazgo de Abel Furl\u00e1n, exigi\u00f3 con urgencia a la CGT que convoque a un Comit\u00e9 Central Confederal y lance un plan de lucha nacional. \u201cNo puede permanecer inm\u00f3vil\u201d, dispar\u00f3 el gremio. La Uni\u00f3n Obrera Metal\u00fargica (UOM) le mete presi\u00f3n a la conducci\u00f3n de la CGT. A trav\u00e9s de [&hellip;]","og_url":"https:\/\/diariodelsurdigital.com.ar\/?p=3262","og_site_name":"Diario del Sur","article_published_time":"2025-06-19T16:07:46+00:00","article_modified_time":"2025-06-19T16:07:47+00:00","og_image":[{"width":992,"height":662,"url":"https:\/\/diariodelsurdigital.com.ar\/wp-content\/uploads\/2025\/06\/md-22.webp","type":"image\/webp"}],"author":"Diario del Sur Digital","twitter_card":"summary_large_image","twitter_misc":{"Escrito por":"Diario del Sur Digital","Tiempo de lectura":"3 minutos"},"schema":{"@context":"https:\/\/schema.org","@graph":[{"@type":"Article","@id":"https:\/\/diariodelsurdigital.com.ar\/?p=3262#article","isPartOf":{"@id":"https:\/\/diariodelsurdigital.com.ar\/?p=3262"},"author":{"name":"Diario del Sur Digital","@id":"https:\/\/diariodelsurdigital.com.ar\/#\/schema\/person\/1a4992532ed62965c968031b49195c81"},"headline":"La UOM le reclama a la CGT un plan de lucha con paros y movilizaciones contra el ajuste y la \u201cproscripci\u00f3n\u201d","datePublished":"2025-06-19T16:07:46+00:00","dateModified":"2025-06-19T16:07:47+00:00","mainEntityOfPage":{"@id":"https:\/\/diariodelsurdigital.com.ar\/?p=3262"},"wordCount":474,"commentCount":0,"image":{"@id":"https:\/\/diariodelsurdigital.com.ar\/?p=3262#primaryimage"},"thumbnailUrl":"https:\/\/diariodelsurdigital.com.ar\/wp-content\/uploads\/2025\/06\/md-22.webp","articleSection":["Nacionales","Pol\u00edtica"],"inLanguage":"es","potentialAction":[{"@type":"CommentAction","name":"Comment","target":["https:\/\/diariodelsurdigital.com.ar\/?p=3262#respond"]}]},{"@type":"WebPage","@id":"https:\/\/diariodelsurdigital.com.ar\/?p=3262","url":"https:\/\/diariodelsurdigital.com.ar\/?p=3262","name":"La UOM le reclama a la CGT un plan de lucha con paros y movilizaciones contra el ajuste y la \u201cproscripci\u00f3n\u201d - Diario del Sur","isPartOf":{"@id":"https:\/\/diariodelsurdigital.com.ar\/#website"},"primaryImageOfPage":{"@id":"https:\/\/diariodelsurdigital.com.ar\/?p=3262#primaryimage"},"image":{"@id":"https:\/\/diariodelsurdigital.com.ar\/?p=3262#primaryimage"},"thumbnailUrl":"https:\/\/diariodelsurdigital.com.ar\/wp-content\/uploads\/2025\/06\/md-22.webp","datePublished":"2025-06-19T16:07:46+00:00","dateModified":"2025-06-19T16:07:47+00:00","author":{"@id":"https:\/\/diariodelsurdigital.com.ar\/#\/schema\/person\/1a4992532ed62965c968031b49195c81"},"breadcrumb":{"@id":"https:\/\/diariodelsurdigital.com.ar\/?p=3262#breadcrumb"},"inLanguage":"es","potentialAction":[{"@type":"ReadAction","target":["https:\/\/diariodelsurdigital.com.ar\/?p=3262"]}]},{"@type":"ImageObject","inLanguage":"es","@id":"https:\/\/diariodelsurdigital.com.ar\/?p=3262#primaryimage","url":"https:\/\/diariodelsurdigital.com.ar\/wp-content\/uploads\/2025\/06\/md-22.webp","contentUrl":"https:\/\/diariodelsurdigital.com.ar\/wp-content\/uploads\/2025\/06\/md-22.webp","width":992,"height":662},{"@type":"BreadcrumbList","@id":"https:\/\/diariodelsurdigital.com.ar\/?p=3262#breadcrumb","itemListElement":[{"@type":"ListItem","position":1,"name":"Portada","item":"https:\/\/diariodelsurdigital.com.ar\/"},{"@type":"ListItem","position":2,"name":"La UOM le reclama a la CGT un plan de lucha con paros y movilizaciones contra el ajuste y la \u201cproscripci\u00f3n\u201d"}]},{"@type":"WebSite","@id":"https:\/\/diariodelsurdigital.com.ar\/#website","url":"https:\/\/diariodelsurdigital.com.ar\/","name":"Diario del Sur","description":"Digital","potentialAction":[{"@type":"SearchAction","target":{"@type":"EntryPoint","urlTemplate":"https:\/\/diariodelsurdigital.com.ar\/?s={search_term_string}"},"query-input":{"@type":"PropertyValueSpecification","valueRequired":true,"valueName":"search_term_string"}}],"inLanguage":"es"},{"@type":"Person","@id":"https:\/\/diariodelsurdigital.com.ar\/#\/schema\/person\/1a4992532ed62965c968031b49195c81","name":"Diario del Sur Digital","image":{"@type":"ImageObject","inLanguage":"es","@id":"https:\/\/secure.gravatar.com\/avatar\/f0c7c47fc7146d19828273b9b8eda651c9c7ab583767e6338d3d3bee825adf76?s=96&d=mm&r=g","url":"https:\/\/secure.gravatar.com\/avatar\/f0c7c47fc7146d19828273b9b8eda651c9c7ab583767e6338d3d3bee825adf76?s=96&d=mm&r=g","contentUrl":"https:\/\/secure.gravatar.com\/avatar\/f0c7c47fc7146d19828273b9b8eda651c9c7ab583767e6338d3d3bee825adf76?s=96&d=mm&r=g","caption":"Diario del Sur Digital"},"url":"https:\/\/diariodelsurdigital.com.ar\/?author=4"}]}},"_links":{"self":[{"href":"https:\/\/diariodelsurdigital.com.ar\/index.php?rest_route=\/wp\/v2\/posts\/3262","targetHints":{"allow":["GET"]}}],"collection":[{"href":"https:\/\/diariodelsurdigital.com.ar\/index.php?rest_route=\/wp\/v2\/posts"}],"about":[{"href":"https:\/\/diariodelsurdigital.com.ar\/index.php?rest_route=\/wp\/v2\/types\/post"}],"author":[{"embeddable":true,"href":"https:\/\/diariodelsurdigital.com.ar\/index.php?rest_route=\/wp\/v2\/users\/4"}],"replies":[{"embeddable":true,"href":"https:\/\/diariodelsurdigital.com.ar\/index.php?rest_route=%2Fwp%2Fv2%2Fcomments&post=3262"}],"version-history":[{"count":1,"href":"https:\/\/diariodelsurdigital.com.ar\/index.php?rest_route=\/wp\/v2\/posts\/3262\/revisions"}],"predecessor-version":[{"id":3264,"href":"https:\/\/diariodelsurdigital.com.ar\/index.php?rest_route=\/wp\/v2\/posts\/3262\/revisions\/3264"}],"wp:featuredmedia":[{"embeddable":true,"href":"https:\/\/diariodelsurdigital.com.ar\/index.php?rest_route=\/wp\/v2\/media\/3263"}],"wp:attachment":[{"href":"https:\/\/diariodelsurdigital.com.ar\/index.php?rest_route=%2Fwp%2Fv2%2Fmedia&parent=3262"}],"wp:term":[{"taxonomy":"category","embeddable":true,"href":"https:\/\/diariodelsurdigital.com.ar\/index.php?rest_route=%2Fwp%2Fv2%2Fcategories&post=3262"},{"taxonomy":"post_tag","embeddable":true,"href":"https:\/\/diariodelsurdigital.com.ar\/index.php?rest_route=%2Fwp%2Fv2%2Ftags&post=3262"}],"curies":[{"name":"wp","href":"https:\/\/api.w.org\/{rel}","templated":true}]}}