{"id":3265,"date":"2025-06-19T13:11:04","date_gmt":"2025-06-19T16:11:04","guid":{"rendered":"https:\/\/diariodelsurdigital.com.ar\/?p=3265"},"modified":"2025-06-19T13:11:05","modified_gmt":"2025-06-19T16:11:05","slug":"la-deuda-publica-provincial-disminuyo-un-15-en-terminos-reales","status":"publish","type":"post","link":"https:\/\/diariodelsurdigital.com.ar\/?p=3265","title":{"rendered":"La deuda p\u00fablica Provincial disminuy\u00f3 un 15% en t\u00e9rminos reales"},"content":{"rendered":"\n<p>Si bien el valor nominal de la deuda se increment\u00f3 un 33% respecto a marzo de 2024, el informe destaca un aspecto crucial: considerando la inflaci\u00f3n interanual del 55.9%, la deuda p\u00fablica provincial registr\u00f3 una disminuci\u00f3n del 15% en t\u00e9rminos reales. El dato se desprende de un informe elaborado por el Consejo Empresario de Entre R\u00edos.<\/p>\n\n\n\n<p><\/p>\n\n\n\n<p>El Instituto de Investigaciones de la entidad que nuclea al empresariado entrerriano difundi\u00f3 un \u201cAn\u00e1lisis de la ejecuci\u00f3n presupuestaria de la provincia de Entre R\u00edos a marzo de 2025\u201d en el que realiza un estudio sobre el comportamiento de los ingresos, gastos y resultado presupuestario de Entre R\u00edos con el objetivo de volcar informaci\u00f3n clara y objetiva sobre el funcionamiento del Estado Provincial.<\/p>\n\n\n\n<p>Resultado Presupuestario<\/p>\n\n\n\n<p>En el primer trimestre del a\u00f1o 2025, el resultado primario del Estado Provincial fue superavitario en $20 mil millones. Si se incluye el pago de intereses de deuda que llega a $33 mil millones, el resultado financiero\u2013es decir, la diferencia entre el total de ingresos y total de egresos\u2013 es negativo en -$13 mil millones.<\/p>\n\n\n\n<p>Tomando los datos de inflaci\u00f3n mensual y llevando a precios de marzo 2025, podemos establecer que los recursos totales crecieron un 14%, as\u00ed como gastos primarios aumentaron un 12%, por encima de la inflaci\u00f3n.<\/p>\n\n\n\n<p>Recursos p\u00fablicos provinciales<\/p>\n\n\n\n<p>Los recursos tributarios nacionales, que son la principal fuente de financiamiento de la provincia, lograron superar la inflaci\u00f3n, aumentando en un 14% real. Lo mismo sucedi\u00f3 con los impuestos provinciales que lo hicieron en un 11 %.<\/p>\n\n\n\n<p>Las transferencias discrecionales enviada desde el gobierno nacional aumentaron en un 106% en t\u00e9rminos reales.<\/p>\n\n\n\n<p>El concepto otros recursos no tributarios compuesto por ventas de bienes y servicios y otros ingresos, disminuyeron en t\u00e9rminos reales en -27% y las rentas generadas por inversiones financieras crecieron en un 11%.<\/p>\n\n\n\n<p>Evoluci\u00f3n de los recursos p\u00fablicos<\/p>\n\n\n\n<p>Dentro de los recursos tributarios provinciales recaudados en el primer trimestre (acumulado), los Ingresos Brutos ocupa la mayor de la recaudaci\u00f3n provincial (77% del total de impuestos provinciales) el cual creci\u00f3 60% sin contar el efecto del aumento de los precios, es decir que, si se ajusta por inflaci\u00f3n, tuvo una leve ca\u00edda en t\u00e9rminos reales de -5%.<\/p>\n\n\n\n<p>El convenio multilateral (40%) disminuyo un -11% en t\u00e9rminos reales, mientras que el directo (37%) aument\u00f3 apenas en un 1%.<\/p>\n\n\n\n<p>Composici\u00f3n de los recursos tributarios provinciales<\/p>\n\n\n\n<p>En participaci\u00f3n sobre el total recaudado, sigue en importancia el Impuesto a los automotores, en donde se destaca una particularidad: En el acumulado del primer trimestre del 2025, se ve un gran crecimiento de su recaudaci\u00f3n, dado que el vencimiento y cobro del mismo en el corriente a\u00f1o se realiz\u00f3 en el mes de marzo mientras que en el a\u00f1o pasado, es decir, 2024, esta fecha l\u00edmite se da en el mes de mayo. Lo que genera que la recaudaci\u00f3n del mismo haya crecido en su variaci\u00f3n interanual un 909% real.<\/p>\n\n\n\n<p>En cuanto al resto de los tributos, la recaudaci\u00f3n por sellos (10%) creci\u00f3 en un 61% real, el inmobiliario urbano (1%) lo hizo en 3% en t\u00e9rminos reales, el inmobiliario rural (1%) disminuy\u00f3 en -28%.<\/p>\n\n\n\n<p>Evoluci\u00f3n del gasto p\u00fablico provincial<\/p>\n\n\n\n<p>El total de gastos se increment\u00f3 por encima de la inflaci\u00f3n en un 10%, como resultado de que los gastos corrientes aumentaron en un 20% real y los gastos de capital un 35%.<\/p>\n\n\n\n<p>Dentro de los gastos corrientes, los de mayor rigidez y participaci\u00f3n son el gasto en empleo p\u00fablico (45% del total) y seguridad social (25%) que tambi\u00e9n crecieron en su variaci\u00f3n real en 7% y 11% respectivamente, mientras que la coparticipaci\u00f3n a municipios (12%) lo hizo un 18% real.<\/p>\n\n\n\n<p>Los intereses de la deuda no superaron la inflaci\u00f3n del trimestre disminuyendo en un -28% interanual.<\/p>\n\n\n\n<p>Deuda p\u00fablica<\/p>\n\n\n\n<p>El total de la deuda provincial al mes de marzo de 2025, se ubic\u00f3 en $778 mil millones. Este total representa 74% del total recursos p\u00fablicos provinciales acumulados al mes de marzo (a precios de marzo 2025).<\/p>\n\n\n\n<p>Si bien el monto se increment\u00f3 un 33% respecto al mes de marzo de 2024, dado que la inflaci\u00f3n interanual fue de 55,9%, la disminuci\u00f3n de la deuda p\u00fablica fue de -15% en t\u00e9rminos reales.<\/p>\n\n\n\n<p>Del total adeudado, el 46% son t\u00edtulos p\u00fablicos teniendo un valor de $355 mil millones, el 33% son con el Estado nacional con un valor $260 mil millones y el 21% es con bancos privados que son $162 mil millones.<\/p>\n\n\n\n<p>Por otro lado, la deuda con el Estado Nacional creci\u00f3 en 18% (su variaci\u00f3n real fue de -24%) y el monto de los bonos p\u00fablicos se disminuy\u00f3 en -3% (-38% variaci\u00f3n real).<\/p>\n\n\n\n<p>Lo que resalta entre las variaciones interanuales de la deuda con los acreedores es especialmente la deuda con entidades financieras (o bancos privados) que pas\u00f3 de apenas $260 mil a unos $160 mil millones en el transcurso de un a\u00f1o. En junio del a\u00f1o 2025, en el bolet\u00edn oficial del Gobierno de la provincia de Entre R\u00edos se anunci\u00f3 la autorizaci\u00f3n para la toma de un \u201cpr\u00e9stamo sindicado\u201d otorgado por el Nuevo Banco de Entre R\u00edos por un valor de $70 mil millones, para afrontar el pago de la deuda del Bono ER2025 en agosto del 2024, de U$S 65 millones.<\/p>\n\n\n\n<p>Este pr\u00e9stamo se obtuvo gracias a la cancelaci\u00f3n en junio de 2024 de otro tomado a principios del a\u00f1o pasado con la misma entidad financiera, que fue de $40 mil millones (m\u00e1s $14 mil millones de intereses). Esto mejor\u00f3 el perfil crediticio del Estado Provincial posibilitando esta segunda deuda.<\/p>\n\n\n\n<p>En el mes de enero, se incluye una nueva deuda con \u201centidades bancarias\u201d, la cual se val\u00faa en $52 mil millones de pesos, tomados con el Banco de la Naci\u00f3n.<\/p>\n\n\n\n<p>Intereses de la deuda<\/p>\n\n\n\n<p>Los intereses devengados acumulados a marzo de 2025, son de $33 mil millones, de los cuales el 48% corresponden a los pagados por el bono ER2025, es decir la deuda en d\u00f3lares (U$S 14,5 millones).<\/p>\n\n\n\n<p>Vencimientos pr\u00f3ximos del bono ER2025<\/p>\n\n\n\n<p>Para el corriente a\u00f1o el perfil de vencimiento de esta deuda, ser\u00e1 de U$S122 millones que se deben afrontar en dos pagos del bono ER2025, uno ya realizado en febrero y el pr\u00f3ximo en agosto, de U$S 61 millones cada uno.<\/p>\n","protected":false},"excerpt":{"rendered":"<p>Si bien el valor nominal de la deuda se increment\u00f3 un 33% respecto a marzo de 2024, el informe destaca un aspecto crucial: considerando la inflaci\u00f3n interanual del 55.9%, la deuda p\u00fablica provincial registr\u00f3 una disminuci\u00f3n del 15% en t\u00e9rminos reales. El dato se desprende de un informe elaborado por el Consejo Empresario de Entre [&hellip;]<\/p>\n","protected":false},"author":4,"featured_media":3266,"comment_status":"open","ping_status":"open","sticky":false,"template":"","format":"standard","meta":{"footnotes":""},"categories":[17],"tags":[],"class_list":{"0":"post-3265","1":"post","2":"type-post","3":"status-publish","4":"format-standard","5":"has-post-thumbnail","7":"category-provinciales"},"yoast_head":"<!-- This site is optimized with the Yoast SEO plugin v27.4 - https:\/\/yoast.com\/product\/yoast-seo-wordpress\/ -->\n<title>La deuda p\u00fablica Provincial disminuy\u00f3 un 15% en t\u00e9rminos reales - Diario del Sur<\/title>\n<meta name=\"robots\" content=\"index, follow, max-snippet:-1, max-image-preview:large, max-video-preview:-1\" \/>\n<link rel=\"canonical\" href=\"https:\/\/diariodelsurdigital.com.ar\/?p=3265\" \/>\n<meta property=\"og:locale\" content=\"es_ES\" \/>\n<meta property=\"og:type\" content=\"article\" \/>\n<meta property=\"og:title\" content=\"La deuda p\u00fablica Provincial disminuy\u00f3 un 15% en t\u00e9rminos reales - Diario del Sur\" \/>\n<meta property=\"og:description\" content=\"Si bien el valor nominal de la deuda se increment\u00f3 un 33% respecto a marzo de 2024, el informe destaca un aspecto crucial: considerando la inflaci\u00f3n interanual del 55.9%, la deuda p\u00fablica provincial registr\u00f3 una disminuci\u00f3n del 15% en t\u00e9rminos reales. El dato se desprende de un informe elaborado por el Consejo Empresario de Entre [&hellip;]\" \/>\n<meta property=\"og:url\" content=\"https:\/\/diariodelsurdigital.com.ar\/?p=3265\" \/>\n<meta property=\"og:site_name\" content=\"Diario del Sur\" \/>\n<meta property=\"article:published_time\" content=\"2025-06-19T16:11:04+00:00\" \/>\n<meta property=\"article:modified_time\" content=\"2025-06-19T16:11:05+00:00\" \/>\n<meta property=\"og:image\" content=\"https:\/\/diariodelsurdigital.com.ar\/wp-content\/uploads\/2025\/06\/md-23.webp\" \/>\n\t<meta property=\"og:image:width\" content=\"992\" \/>\n\t<meta property=\"og:image:height\" content=\"639\" \/>\n\t<meta property=\"og:image:type\" content=\"image\/webp\" \/>\n<meta name=\"author\" content=\"Diario del Sur Digital\" \/>\n<meta name=\"twitter:card\" content=\"summary_large_image\" \/>\n<meta name=\"twitter:label1\" content=\"Escrito por\" \/>\n\t<meta name=\"twitter:data1\" content=\"Diario del Sur Digital\" \/>\n\t<meta name=\"twitter:label2\" content=\"Tiempo de lectura\" \/>\n\t<meta name=\"twitter:data2\" content=\"5 minutos\" \/>\n<script type=\"application\/ld+json\" class=\"yoast-schema-graph\">{\"@context\":\"https:\\\/\\\/schema.org\",\"@graph\":[{\"@type\":\"Article\",\"@id\":\"https:\\\/\\\/diariodelsurdigital.com.ar\\\/?p=3265#article\",\"isPartOf\":{\"@id\":\"https:\\\/\\\/diariodelsurdigital.com.ar\\\/?p=3265\"},\"author\":{\"name\":\"Diario del Sur Digital\",\"@id\":\"https:\\\/\\\/diariodelsurdigital.com.ar\\\/#\\\/schema\\\/person\\\/1a4992532ed62965c968031b49195c81\"},\"headline\":\"La deuda p\u00fablica Provincial disminuy\u00f3 un 15% en t\u00e9rminos reales\",\"datePublished\":\"2025-06-19T16:11:04+00:00\",\"dateModified\":\"2025-06-19T16:11:05+00:00\",\"mainEntityOfPage\":{\"@id\":\"https:\\\/\\\/diariodelsurdigital.com.ar\\\/?p=3265\"},\"wordCount\":1046,\"commentCount\":0,\"image\":{\"@id\":\"https:\\\/\\\/diariodelsurdigital.com.ar\\\/?p=3265#primaryimage\"},\"thumbnailUrl\":\"https:\\\/\\\/diariodelsurdigital.com.ar\\\/wp-content\\\/uploads\\\/2025\\\/06\\\/md-23.webp\",\"articleSection\":[\"Provinciales\"],\"inLanguage\":\"es\",\"potentialAction\":[{\"@type\":\"CommentAction\",\"name\":\"Comment\",\"target\":[\"https:\\\/\\\/diariodelsurdigital.com.ar\\\/?p=3265#respond\"]}]},{\"@type\":\"WebPage\",\"@id\":\"https:\\\/\\\/diariodelsurdigital.com.ar\\\/?p=3265\",\"url\":\"https:\\\/\\\/diariodelsurdigital.com.ar\\\/?p=3265\",\"name\":\"La deuda p\u00fablica Provincial disminuy\u00f3 un 15% en t\u00e9rminos reales - Diario del Sur\",\"isPartOf\":{\"@id\":\"https:\\\/\\\/diariodelsurdigital.com.ar\\\/#website\"},\"primaryImageOfPage\":{\"@id\":\"https:\\\/\\\/diariodelsurdigital.com.ar\\\/?p=3265#primaryimage\"},\"image\":{\"@id\":\"https:\\\/\\\/diariodelsurdigital.com.ar\\\/?p=3265#primaryimage\"},\"thumbnailUrl\":\"https:\\\/\\\/diariodelsurdigital.com.ar\\\/wp-content\\\/uploads\\\/2025\\\/06\\\/md-23.webp\",\"datePublished\":\"2025-06-19T16:11:04+00:00\",\"dateModified\":\"2025-06-19T16:11:05+00:00\",\"author\":{\"@id\":\"https:\\\/\\\/diariodelsurdigital.com.ar\\\/#\\\/schema\\\/person\\\/1a4992532ed62965c968031b49195c81\"},\"breadcrumb\":{\"@id\":\"https:\\\/\\\/diariodelsurdigital.com.ar\\\/?p=3265#breadcrumb\"},\"inLanguage\":\"es\",\"potentialAction\":[{\"@type\":\"ReadAction\",\"target\":[\"https:\\\/\\\/diariodelsurdigital.com.ar\\\/?p=3265\"]}]},{\"@type\":\"ImageObject\",\"inLanguage\":\"es\",\"@id\":\"https:\\\/\\\/diariodelsurdigital.com.ar\\\/?p=3265#primaryimage\",\"url\":\"https:\\\/\\\/diariodelsurdigital.com.ar\\\/wp-content\\\/uploads\\\/2025\\\/06\\\/md-23.webp\",\"contentUrl\":\"https:\\\/\\\/diariodelsurdigital.com.ar\\\/wp-content\\\/uploads\\\/2025\\\/06\\\/md-23.webp\",\"width\":992,\"height\":639},{\"@type\":\"BreadcrumbList\",\"@id\":\"https:\\\/\\\/diariodelsurdigital.com.ar\\\/?p=3265#breadcrumb\",\"itemListElement\":[{\"@type\":\"ListItem\",\"position\":1,\"name\":\"Portada\",\"item\":\"https:\\\/\\\/diariodelsurdigital.com.ar\\\/\"},{\"@type\":\"ListItem\",\"position\":2,\"name\":\"La deuda p\u00fablica Provincial disminuy\u00f3 un 15% en t\u00e9rminos reales\"}]},{\"@type\":\"WebSite\",\"@id\":\"https:\\\/\\\/diariodelsurdigital.com.ar\\\/#website\",\"url\":\"https:\\\/\\\/diariodelsurdigital.com.ar\\\/\",\"name\":\"Diario del Sur\",\"description\":\"Digital\",\"potentialAction\":[{\"@type\":\"SearchAction\",\"target\":{\"@type\":\"EntryPoint\",\"urlTemplate\":\"https:\\\/\\\/diariodelsurdigital.com.ar\\\/?s={search_term_string}\"},\"query-input\":{\"@type\":\"PropertyValueSpecification\",\"valueRequired\":true,\"valueName\":\"search_term_string\"}}],\"inLanguage\":\"es\"},{\"@type\":\"Person\",\"@id\":\"https:\\\/\\\/diariodelsurdigital.com.ar\\\/#\\\/schema\\\/person\\\/1a4992532ed62965c968031b49195c81\",\"name\":\"Diario del Sur Digital\",\"image\":{\"@type\":\"ImageObject\",\"inLanguage\":\"es\",\"@id\":\"https:\\\/\\\/secure.gravatar.com\\\/avatar\\\/f0c7c47fc7146d19828273b9b8eda651c9c7ab583767e6338d3d3bee825adf76?s=96&d=mm&r=g\",\"url\":\"https:\\\/\\\/secure.gravatar.com\\\/avatar\\\/f0c7c47fc7146d19828273b9b8eda651c9c7ab583767e6338d3d3bee825adf76?s=96&d=mm&r=g\",\"contentUrl\":\"https:\\\/\\\/secure.gravatar.com\\\/avatar\\\/f0c7c47fc7146d19828273b9b8eda651c9c7ab583767e6338d3d3bee825adf76?s=96&d=mm&r=g\",\"caption\":\"Diario del Sur Digital\"},\"url\":\"https:\\\/\\\/diariodelsurdigital.com.ar\\\/?author=4\"}]}<\/script>\n<!-- \/ Yoast SEO plugin. -->","yoast_head_json":{"title":"La deuda p\u00fablica Provincial disminuy\u00f3 un 15% en t\u00e9rminos reales - Diario del Sur","robots":{"index":"index","follow":"follow","max-snippet":"max-snippet:-1","max-image-preview":"max-image-preview:large","max-video-preview":"max-video-preview:-1"},"canonical":"https:\/\/diariodelsurdigital.com.ar\/?p=3265","og_locale":"es_ES","og_type":"article","og_title":"La deuda p\u00fablica Provincial disminuy\u00f3 un 15% en t\u00e9rminos reales - Diario del Sur","og_description":"Si bien el valor nominal de la deuda se increment\u00f3 un 33% respecto a marzo de 2024, el informe destaca un aspecto crucial: considerando la inflaci\u00f3n interanual del 55.9%, la deuda p\u00fablica provincial registr\u00f3 una disminuci\u00f3n del 15% en t\u00e9rminos reales. El dato se desprende de un informe elaborado por el Consejo Empresario de Entre [&hellip;]","og_url":"https:\/\/diariodelsurdigital.com.ar\/?p=3265","og_site_name":"Diario del Sur","article_published_time":"2025-06-19T16:11:04+00:00","article_modified_time":"2025-06-19T16:11:05+00:00","og_image":[{"width":992,"height":639,"url":"https:\/\/diariodelsurdigital.com.ar\/wp-content\/uploads\/2025\/06\/md-23.webp","type":"image\/webp"}],"author":"Diario del Sur Digital","twitter_card":"summary_large_image","twitter_misc":{"Escrito por":"Diario del Sur Digital","Tiempo de lectura":"5 minutos"},"schema":{"@context":"https:\/\/schema.org","@graph":[{"@type":"Article","@id":"https:\/\/diariodelsurdigital.com.ar\/?p=3265#article","isPartOf":{"@id":"https:\/\/diariodelsurdigital.com.ar\/?p=3265"},"author":{"name":"Diario del Sur Digital","@id":"https:\/\/diariodelsurdigital.com.ar\/#\/schema\/person\/1a4992532ed62965c968031b49195c81"},"headline":"La deuda p\u00fablica Provincial disminuy\u00f3 un 15% en t\u00e9rminos reales","datePublished":"2025-06-19T16:11:04+00:00","dateModified":"2025-06-19T16:11:05+00:00","mainEntityOfPage":{"@id":"https:\/\/diariodelsurdigital.com.ar\/?p=3265"},"wordCount":1046,"commentCount":0,"image":{"@id":"https:\/\/diariodelsurdigital.com.ar\/?p=3265#primaryimage"},"thumbnailUrl":"https:\/\/diariodelsurdigital.com.ar\/wp-content\/uploads\/2025\/06\/md-23.webp","articleSection":["Provinciales"],"inLanguage":"es","potentialAction":[{"@type":"CommentAction","name":"Comment","target":["https:\/\/diariodelsurdigital.com.ar\/?p=3265#respond"]}]},{"@type":"WebPage","@id":"https:\/\/diariodelsurdigital.com.ar\/?p=3265","url":"https:\/\/diariodelsurdigital.com.ar\/?p=3265","name":"La deuda p\u00fablica Provincial disminuy\u00f3 un 15% en t\u00e9rminos reales - Diario del Sur","isPartOf":{"@id":"https:\/\/diariodelsurdigital.com.ar\/#website"},"primaryImageOfPage":{"@id":"https:\/\/diariodelsurdigital.com.ar\/?p=3265#primaryimage"},"image":{"@id":"https:\/\/diariodelsurdigital.com.ar\/?p=3265#primaryimage"},"thumbnailUrl":"https:\/\/diariodelsurdigital.com.ar\/wp-content\/uploads\/2025\/06\/md-23.webp","datePublished":"2025-06-19T16:11:04+00:00","dateModified":"2025-06-19T16:11:05+00:00","author":{"@id":"https:\/\/diariodelsurdigital.com.ar\/#\/schema\/person\/1a4992532ed62965c968031b49195c81"},"breadcrumb":{"@id":"https:\/\/diariodelsurdigital.com.ar\/?p=3265#breadcrumb"},"inLanguage":"es","potentialAction":[{"@type":"ReadAction","target":["https:\/\/diariodelsurdigital.com.ar\/?p=3265"]}]},{"@type":"ImageObject","inLanguage":"es","@id":"https:\/\/diariodelsurdigital.com.ar\/?p=3265#primaryimage","url":"https:\/\/diariodelsurdigital.com.ar\/wp-content\/uploads\/2025\/06\/md-23.webp","contentUrl":"https:\/\/diariodelsurdigital.com.ar\/wp-content\/uploads\/2025\/06\/md-23.webp","width":992,"height":639},{"@type":"BreadcrumbList","@id":"https:\/\/diariodelsurdigital.com.ar\/?p=3265#breadcrumb","itemListElement":[{"@type":"ListItem","position":1,"name":"Portada","item":"https:\/\/diariodelsurdigital.com.ar\/"},{"@type":"ListItem","position":2,"name":"La deuda p\u00fablica Provincial disminuy\u00f3 un 15% en t\u00e9rminos reales"}]},{"@type":"WebSite","@id":"https:\/\/diariodelsurdigital.com.ar\/#website","url":"https:\/\/diariodelsurdigital.com.ar\/","name":"Diario del Sur","description":"Digital","potentialAction":[{"@type":"SearchAction","target":{"@type":"EntryPoint","urlTemplate":"https:\/\/diariodelsurdigital.com.ar\/?s={search_term_string}"},"query-input":{"@type":"PropertyValueSpecification","valueRequired":true,"valueName":"search_term_string"}}],"inLanguage":"es"},{"@type":"Person","@id":"https:\/\/diariodelsurdigital.com.ar\/#\/schema\/person\/1a4992532ed62965c968031b49195c81","name":"Diario del Sur Digital","image":{"@type":"ImageObject","inLanguage":"es","@id":"https:\/\/secure.gravatar.com\/avatar\/f0c7c47fc7146d19828273b9b8eda651c9c7ab583767e6338d3d3bee825adf76?s=96&d=mm&r=g","url":"https:\/\/secure.gravatar.com\/avatar\/f0c7c47fc7146d19828273b9b8eda651c9c7ab583767e6338d3d3bee825adf76?s=96&d=mm&r=g","contentUrl":"https:\/\/secure.gravatar.com\/avatar\/f0c7c47fc7146d19828273b9b8eda651c9c7ab583767e6338d3d3bee825adf76?s=96&d=mm&r=g","caption":"Diario del Sur Digital"},"url":"https:\/\/diariodelsurdigital.com.ar\/?author=4"}]}},"_links":{"self":[{"href":"https:\/\/diariodelsurdigital.com.ar\/index.php?rest_route=\/wp\/v2\/posts\/3265","targetHints":{"allow":["GET"]}}],"collection":[{"href":"https:\/\/diariodelsurdigital.com.ar\/index.php?rest_route=\/wp\/v2\/posts"}],"about":[{"href":"https:\/\/diariodelsurdigital.com.ar\/index.php?rest_route=\/wp\/v2\/types\/post"}],"author":[{"embeddable":true,"href":"https:\/\/diariodelsurdigital.com.ar\/index.php?rest_route=\/wp\/v2\/users\/4"}],"replies":[{"embeddable":true,"href":"https:\/\/diariodelsurdigital.com.ar\/index.php?rest_route=%2Fwp%2Fv2%2Fcomments&post=3265"}],"version-history":[{"count":1,"href":"https:\/\/diariodelsurdigital.com.ar\/index.php?rest_route=\/wp\/v2\/posts\/3265\/revisions"}],"predecessor-version":[{"id":3267,"href":"https:\/\/diariodelsurdigital.com.ar\/index.php?rest_route=\/wp\/v2\/posts\/3265\/revisions\/3267"}],"wp:featuredmedia":[{"embeddable":true,"href":"https:\/\/diariodelsurdigital.com.ar\/index.php?rest_route=\/wp\/v2\/media\/3266"}],"wp:attachment":[{"href":"https:\/\/diariodelsurdigital.com.ar\/index.php?rest_route=%2Fwp%2Fv2%2Fmedia&parent=3265"}],"wp:term":[{"taxonomy":"category","embeddable":true,"href":"https:\/\/diariodelsurdigital.com.ar\/index.php?rest_route=%2Fwp%2Fv2%2Fcategories&post=3265"},{"taxonomy":"post_tag","embeddable":true,"href":"https:\/\/diariodelsurdigital.com.ar\/index.php?rest_route=%2Fwp%2Fv2%2Ftags&post=3265"}],"curies":[{"name":"wp","href":"https:\/\/api.w.org\/{rel}","templated":true}]}}