{"id":3283,"date":"2025-06-20T13:08:08","date_gmt":"2025-06-20T16:08:08","guid":{"rendered":"https:\/\/diariodelsurdigital.com.ar\/?p=3283"},"modified":"2025-06-20T13:08:09","modified_gmt":"2025-06-20T16:08:09","slug":"exministra-de-salud-denuncio-escasez-de-insulina-en-hospitales-entrerrianos-la-respuesta-del-gobierno","status":"publish","type":"post","link":"https:\/\/diariodelsurdigital.com.ar\/?p=3283","title":{"rendered":"Exministra de Salud denunci\u00f3 escasez de insulina en hospitales entrerrianos. La respuesta del gobierno"},"content":{"rendered":"\n<p>Sonia Vel\u00e1zquez, quien hab\u00eda sido titular de la cartera a nivel provincial public\u00f3 este mediod\u00eda en Facebook que hay \u201cStock 0 en el programa provincial\u201d. Mencion\u00f3 que la insuficiencia de estos materiales se da en hospitales y centros de salud p\u00fablicos. Desde el Ministerio de Salud indicaron que no hubo reclamos formales en las \u00faltimas semanas.<\/p>\n\n\n\n<p>\u00abEn la provincia de Entre R\u00edos, hace 25 d\u00edas que los pacientes con diabetes no tienen acceso a la insulina en la red p\u00fablica del sistema de salud\u201d, asegur\u00f3 en sus redes sociales personales, a pesar de ello no revela la fuente en la cual se basa. <\/p>\n\n\n\n<p> La exfuncionaria advirti\u00f3 que \u201clas consecuencias para los 8 mil pacientes bajo programa repercuten en el retroceso para la salud de los pacientes y en nuevas consultas hospitalarias y de los centros de salud\u201d.De esta manera, seg\u00fan Vel\u00e1zquez, el Programa Provincial de Diabetes puesto en marcha durante 2015, bajo su gesti\u00f3n se encuentra sin recursos para funcionar de manera adecuada.<\/p>\n\n\n\n<p>Seg\u00fan pudo saber este medio, desde el Ministerio de Salud de Entre R\u00edos aclararon que en estas \u00faltimas semanas no han tenido reclamos por faltantes de insulinas y se ha hecho cobertura a los pacientes que requirieron los insumos. Adem\u00e1s, agregan que el martes 24 de junio llegar\u00e1 una nueva tanda que ser\u00e1 repartida en toda la provincia. Tambi\u00e9n, recordaron que para las compras de insulina y otros insumos del Programa Provincial de Diabetes se inician expedientes que respetan el procedimiento legal y administrativo de la provincia, es decir, cumpir los pasos de una licitaci\u00f3n p\u00fablica. <\/p>\n\n\n\n<p>En este sentido, indican que \u00abestas gestiones se iniciaron oportunamente y se ha hecho el seguimiento correspondiente desde cada \u00e1rea del Ministerio de Salud\u00bb. \u00abCuando el Programa Provincial de Diabetes se encuentra a la espera de la recepci\u00f3n de los insumos licitados, se garantiza a trav\u00e9s de los servicios hospitalarios la provisi\u00f3n y entrega de la medicaci\u00f3n correspondiente a cada paciente nominalizado\u00bb, concluyeron.<\/p>\n\n\n\n<p><\/p>\n\n\n\n<p>Programa Provincial de Diabetes y Factores de Riesgo Cardiovasculares<\/p>\n\n\n\n<p>Fue creado por ley N\u00ba 10.401, trabaja en articulaci\u00f3n con todas las \u00e1reas, para la prevenci\u00f3n y control de los factores de riesgo, as\u00ed como tambi\u00e9n aborda la implementaci\u00f3n de un modelo de atenci\u00f3n para mejorar el acceso y la calidad del servicio.<\/p>\n\n\n\n<p>Su objetivo es favorecer la accesibilidad a trav\u00e9s de la entrega de tratamientos en centros de salud cercanos al domicilio de cada persona, con lo cual todos los efectores de salud (provinciales y municipales) cuentan con registro nominalizado y control de stock.<\/p>\n\n\n\n<p>A su vez, realiza la formaci\u00f3n permanente en los equipos con una frecuencia mensual en forma virtual y semestral de forma presencial.<\/p>\n","protected":false},"excerpt":{"rendered":"<p>Sonia Vel\u00e1zquez, quien hab\u00eda sido titular de la cartera a nivel provincial public\u00f3 este mediod\u00eda en Facebook que hay \u201cStock 0 en el programa provincial\u201d. Mencion\u00f3 que la insuficiencia de estos materiales se da en hospitales y centros de salud p\u00fablicos. Desde el Ministerio de Salud indicaron que no hubo reclamos formales en las \u00faltimas [&hellip;]<\/p>\n","protected":false},"author":4,"featured_media":3284,"comment_status":"open","ping_status":"open","sticky":false,"template":"","format":"standard","meta":{"footnotes":""},"categories":[17],"tags":[],"class_list":{"0":"post-3283","1":"post","2":"type-post","3":"status-publish","4":"format-standard","5":"has-post-thumbnail","7":"category-provinciales"},"yoast_head":"<!-- This site is optimized with the Yoast SEO plugin v27.4 - https:\/\/yoast.com\/product\/yoast-seo-wordpress\/ -->\n<title>Exministra de Salud denunci\u00f3 escasez de insulina en hospitales entrerrianos. La respuesta del gobierno - Diario del Sur<\/title>\n<meta name=\"robots\" content=\"index, follow, max-snippet:-1, max-image-preview:large, max-video-preview:-1\" \/>\n<link rel=\"canonical\" href=\"https:\/\/diariodelsurdigital.com.ar\/?p=3283\" \/>\n<meta property=\"og:locale\" content=\"es_ES\" \/>\n<meta property=\"og:type\" content=\"article\" \/>\n<meta property=\"og:title\" content=\"Exministra de Salud denunci\u00f3 escasez de insulina en hospitales entrerrianos. La respuesta del gobierno - Diario del Sur\" \/>\n<meta property=\"og:description\" content=\"Sonia Vel\u00e1zquez, quien hab\u00eda sido titular de la cartera a nivel provincial public\u00f3 este mediod\u00eda en Facebook que hay \u201cStock 0 en el programa provincial\u201d. Mencion\u00f3 que la insuficiencia de estos materiales se da en hospitales y centros de salud p\u00fablicos. Desde el Ministerio de Salud indicaron que no hubo reclamos formales en las \u00faltimas [&hellip;]\" \/>\n<meta property=\"og:url\" content=\"https:\/\/diariodelsurdigital.com.ar\/?p=3283\" \/>\n<meta property=\"og:site_name\" content=\"Diario del Sur\" \/>\n<meta property=\"article:published_time\" content=\"2025-06-20T16:08:08+00:00\" \/>\n<meta property=\"article:modified_time\" content=\"2025-06-20T16:08:09+00:00\" \/>\n<meta property=\"og:image\" content=\"https:\/\/diariodelsurdigital.com.ar\/wp-content\/uploads\/2025\/06\/md-24.webp\" \/>\n\t<meta property=\"og:image:width\" content=\"992\" \/>\n\t<meta property=\"og:image:height\" content=\"660\" \/>\n\t<meta property=\"og:image:type\" content=\"image\/webp\" \/>\n<meta name=\"author\" content=\"Diario del Sur Digital\" \/>\n<meta name=\"twitter:card\" content=\"summary_large_image\" \/>\n<meta name=\"twitter:label1\" content=\"Escrito por\" \/>\n\t<meta name=\"twitter:data1\" content=\"Diario del Sur Digital\" \/>\n\t<meta name=\"twitter:label2\" content=\"Tiempo de lectura\" \/>\n\t<meta name=\"twitter:data2\" content=\"3 minutos\" \/>\n<script type=\"application\/ld+json\" class=\"yoast-schema-graph\">{\"@context\":\"https:\\\/\\\/schema.org\",\"@graph\":[{\"@type\":\"Article\",\"@id\":\"https:\\\/\\\/diariodelsurdigital.com.ar\\\/?p=3283#article\",\"isPartOf\":{\"@id\":\"https:\\\/\\\/diariodelsurdigital.com.ar\\\/?p=3283\"},\"author\":{\"name\":\"Diario del Sur Digital\",\"@id\":\"https:\\\/\\\/diariodelsurdigital.com.ar\\\/#\\\/schema\\\/person\\\/1a4992532ed62965c968031b49195c81\"},\"headline\":\"Exministra de Salud denunci\u00f3 escasez de insulina en hospitales entrerrianos. La respuesta del gobierno\",\"datePublished\":\"2025-06-20T16:08:08+00:00\",\"dateModified\":\"2025-06-20T16:08:09+00:00\",\"mainEntityOfPage\":{\"@id\":\"https:\\\/\\\/diariodelsurdigital.com.ar\\\/?p=3283\"},\"wordCount\":474,\"commentCount\":0,\"image\":{\"@id\":\"https:\\\/\\\/diariodelsurdigital.com.ar\\\/?p=3283#primaryimage\"},\"thumbnailUrl\":\"https:\\\/\\\/diariodelsurdigital.com.ar\\\/wp-content\\\/uploads\\\/2025\\\/06\\\/md-24.webp\",\"articleSection\":[\"Provinciales\"],\"inLanguage\":\"es\",\"potentialAction\":[{\"@type\":\"CommentAction\",\"name\":\"Comment\",\"target\":[\"https:\\\/\\\/diariodelsurdigital.com.ar\\\/?p=3283#respond\"]}]},{\"@type\":\"WebPage\",\"@id\":\"https:\\\/\\\/diariodelsurdigital.com.ar\\\/?p=3283\",\"url\":\"https:\\\/\\\/diariodelsurdigital.com.ar\\\/?p=3283\",\"name\":\"Exministra de Salud denunci\u00f3 escasez de insulina en hospitales entrerrianos. La respuesta del gobierno - Diario del Sur\",\"isPartOf\":{\"@id\":\"https:\\\/\\\/diariodelsurdigital.com.ar\\\/#website\"},\"primaryImageOfPage\":{\"@id\":\"https:\\\/\\\/diariodelsurdigital.com.ar\\\/?p=3283#primaryimage\"},\"image\":{\"@id\":\"https:\\\/\\\/diariodelsurdigital.com.ar\\\/?p=3283#primaryimage\"},\"thumbnailUrl\":\"https:\\\/\\\/diariodelsurdigital.com.ar\\\/wp-content\\\/uploads\\\/2025\\\/06\\\/md-24.webp\",\"datePublished\":\"2025-06-20T16:08:08+00:00\",\"dateModified\":\"2025-06-20T16:08:09+00:00\",\"author\":{\"@id\":\"https:\\\/\\\/diariodelsurdigital.com.ar\\\/#\\\/schema\\\/person\\\/1a4992532ed62965c968031b49195c81\"},\"breadcrumb\":{\"@id\":\"https:\\\/\\\/diariodelsurdigital.com.ar\\\/?p=3283#breadcrumb\"},\"inLanguage\":\"es\",\"potentialAction\":[{\"@type\":\"ReadAction\",\"target\":[\"https:\\\/\\\/diariodelsurdigital.com.ar\\\/?p=3283\"]}]},{\"@type\":\"ImageObject\",\"inLanguage\":\"es\",\"@id\":\"https:\\\/\\\/diariodelsurdigital.com.ar\\\/?p=3283#primaryimage\",\"url\":\"https:\\\/\\\/diariodelsurdigital.com.ar\\\/wp-content\\\/uploads\\\/2025\\\/06\\\/md-24.webp\",\"contentUrl\":\"https:\\\/\\\/diariodelsurdigital.com.ar\\\/wp-content\\\/uploads\\\/2025\\\/06\\\/md-24.webp\",\"width\":992,\"height\":660},{\"@type\":\"BreadcrumbList\",\"@id\":\"https:\\\/\\\/diariodelsurdigital.com.ar\\\/?p=3283#breadcrumb\",\"itemListElement\":[{\"@type\":\"ListItem\",\"position\":1,\"name\":\"Portada\",\"item\":\"https:\\\/\\\/diariodelsurdigital.com.ar\\\/\"},{\"@type\":\"ListItem\",\"position\":2,\"name\":\"Exministra de Salud denunci\u00f3 escasez de insulina en hospitales entrerrianos. La respuesta del gobierno\"}]},{\"@type\":\"WebSite\",\"@id\":\"https:\\\/\\\/diariodelsurdigital.com.ar\\\/#website\",\"url\":\"https:\\\/\\\/diariodelsurdigital.com.ar\\\/\",\"name\":\"Diario del Sur\",\"description\":\"Digital\",\"potentialAction\":[{\"@type\":\"SearchAction\",\"target\":{\"@type\":\"EntryPoint\",\"urlTemplate\":\"https:\\\/\\\/diariodelsurdigital.com.ar\\\/?s={search_term_string}\"},\"query-input\":{\"@type\":\"PropertyValueSpecification\",\"valueRequired\":true,\"valueName\":\"search_term_string\"}}],\"inLanguage\":\"es\"},{\"@type\":\"Person\",\"@id\":\"https:\\\/\\\/diariodelsurdigital.com.ar\\\/#\\\/schema\\\/person\\\/1a4992532ed62965c968031b49195c81\",\"name\":\"Diario del Sur Digital\",\"image\":{\"@type\":\"ImageObject\",\"inLanguage\":\"es\",\"@id\":\"https:\\\/\\\/secure.gravatar.com\\\/avatar\\\/f0c7c47fc7146d19828273b9b8eda651c9c7ab583767e6338d3d3bee825adf76?s=96&d=mm&r=g\",\"url\":\"https:\\\/\\\/secure.gravatar.com\\\/avatar\\\/f0c7c47fc7146d19828273b9b8eda651c9c7ab583767e6338d3d3bee825adf76?s=96&d=mm&r=g\",\"contentUrl\":\"https:\\\/\\\/secure.gravatar.com\\\/avatar\\\/f0c7c47fc7146d19828273b9b8eda651c9c7ab583767e6338d3d3bee825adf76?s=96&d=mm&r=g\",\"caption\":\"Diario del Sur Digital\"},\"url\":\"https:\\\/\\\/diariodelsurdigital.com.ar\\\/?author=4\"}]}<\/script>\n<!-- \/ Yoast SEO plugin. -->","yoast_head_json":{"title":"Exministra de Salud denunci\u00f3 escasez de insulina en hospitales entrerrianos. La respuesta del gobierno - Diario del Sur","robots":{"index":"index","follow":"follow","max-snippet":"max-snippet:-1","max-image-preview":"max-image-preview:large","max-video-preview":"max-video-preview:-1"},"canonical":"https:\/\/diariodelsurdigital.com.ar\/?p=3283","og_locale":"es_ES","og_type":"article","og_title":"Exministra de Salud denunci\u00f3 escasez de insulina en hospitales entrerrianos. La respuesta del gobierno - Diario del Sur","og_description":"Sonia Vel\u00e1zquez, quien hab\u00eda sido titular de la cartera a nivel provincial public\u00f3 este mediod\u00eda en Facebook que hay \u201cStock 0 en el programa provincial\u201d. Mencion\u00f3 que la insuficiencia de estos materiales se da en hospitales y centros de salud p\u00fablicos. Desde el Ministerio de Salud indicaron que no hubo reclamos formales en las \u00faltimas [&hellip;]","og_url":"https:\/\/diariodelsurdigital.com.ar\/?p=3283","og_site_name":"Diario del Sur","article_published_time":"2025-06-20T16:08:08+00:00","article_modified_time":"2025-06-20T16:08:09+00:00","og_image":[{"width":992,"height":660,"url":"https:\/\/diariodelsurdigital.com.ar\/wp-content\/uploads\/2025\/06\/md-24.webp","type":"image\/webp"}],"author":"Diario del Sur Digital","twitter_card":"summary_large_image","twitter_misc":{"Escrito por":"Diario del Sur Digital","Tiempo de lectura":"3 minutos"},"schema":{"@context":"https:\/\/schema.org","@graph":[{"@type":"Article","@id":"https:\/\/diariodelsurdigital.com.ar\/?p=3283#article","isPartOf":{"@id":"https:\/\/diariodelsurdigital.com.ar\/?p=3283"},"author":{"name":"Diario del Sur Digital","@id":"https:\/\/diariodelsurdigital.com.ar\/#\/schema\/person\/1a4992532ed62965c968031b49195c81"},"headline":"Exministra de Salud denunci\u00f3 escasez de insulina en hospitales entrerrianos. La respuesta del gobierno","datePublished":"2025-06-20T16:08:08+00:00","dateModified":"2025-06-20T16:08:09+00:00","mainEntityOfPage":{"@id":"https:\/\/diariodelsurdigital.com.ar\/?p=3283"},"wordCount":474,"commentCount":0,"image":{"@id":"https:\/\/diariodelsurdigital.com.ar\/?p=3283#primaryimage"},"thumbnailUrl":"https:\/\/diariodelsurdigital.com.ar\/wp-content\/uploads\/2025\/06\/md-24.webp","articleSection":["Provinciales"],"inLanguage":"es","potentialAction":[{"@type":"CommentAction","name":"Comment","target":["https:\/\/diariodelsurdigital.com.ar\/?p=3283#respond"]}]},{"@type":"WebPage","@id":"https:\/\/diariodelsurdigital.com.ar\/?p=3283","url":"https:\/\/diariodelsurdigital.com.ar\/?p=3283","name":"Exministra de Salud denunci\u00f3 escasez de insulina en hospitales entrerrianos. La respuesta del gobierno - Diario del Sur","isPartOf":{"@id":"https:\/\/diariodelsurdigital.com.ar\/#website"},"primaryImageOfPage":{"@id":"https:\/\/diariodelsurdigital.com.ar\/?p=3283#primaryimage"},"image":{"@id":"https:\/\/diariodelsurdigital.com.ar\/?p=3283#primaryimage"},"thumbnailUrl":"https:\/\/diariodelsurdigital.com.ar\/wp-content\/uploads\/2025\/06\/md-24.webp","datePublished":"2025-06-20T16:08:08+00:00","dateModified":"2025-06-20T16:08:09+00:00","author":{"@id":"https:\/\/diariodelsurdigital.com.ar\/#\/schema\/person\/1a4992532ed62965c968031b49195c81"},"breadcrumb":{"@id":"https:\/\/diariodelsurdigital.com.ar\/?p=3283#breadcrumb"},"inLanguage":"es","potentialAction":[{"@type":"ReadAction","target":["https:\/\/diariodelsurdigital.com.ar\/?p=3283"]}]},{"@type":"ImageObject","inLanguage":"es","@id":"https:\/\/diariodelsurdigital.com.ar\/?p=3283#primaryimage","url":"https:\/\/diariodelsurdigital.com.ar\/wp-content\/uploads\/2025\/06\/md-24.webp","contentUrl":"https:\/\/diariodelsurdigital.com.ar\/wp-content\/uploads\/2025\/06\/md-24.webp","width":992,"height":660},{"@type":"BreadcrumbList","@id":"https:\/\/diariodelsurdigital.com.ar\/?p=3283#breadcrumb","itemListElement":[{"@type":"ListItem","position":1,"name":"Portada","item":"https:\/\/diariodelsurdigital.com.ar\/"},{"@type":"ListItem","position":2,"name":"Exministra de Salud denunci\u00f3 escasez de insulina en hospitales entrerrianos. La respuesta del gobierno"}]},{"@type":"WebSite","@id":"https:\/\/diariodelsurdigital.com.ar\/#website","url":"https:\/\/diariodelsurdigital.com.ar\/","name":"Diario del Sur","description":"Digital","potentialAction":[{"@type":"SearchAction","target":{"@type":"EntryPoint","urlTemplate":"https:\/\/diariodelsurdigital.com.ar\/?s={search_term_string}"},"query-input":{"@type":"PropertyValueSpecification","valueRequired":true,"valueName":"search_term_string"}}],"inLanguage":"es"},{"@type":"Person","@id":"https:\/\/diariodelsurdigital.com.ar\/#\/schema\/person\/1a4992532ed62965c968031b49195c81","name":"Diario del Sur Digital","image":{"@type":"ImageObject","inLanguage":"es","@id":"https:\/\/secure.gravatar.com\/avatar\/f0c7c47fc7146d19828273b9b8eda651c9c7ab583767e6338d3d3bee825adf76?s=96&d=mm&r=g","url":"https:\/\/secure.gravatar.com\/avatar\/f0c7c47fc7146d19828273b9b8eda651c9c7ab583767e6338d3d3bee825adf76?s=96&d=mm&r=g","contentUrl":"https:\/\/secure.gravatar.com\/avatar\/f0c7c47fc7146d19828273b9b8eda651c9c7ab583767e6338d3d3bee825adf76?s=96&d=mm&r=g","caption":"Diario del Sur Digital"},"url":"https:\/\/diariodelsurdigital.com.ar\/?author=4"}]}},"_links":{"self":[{"href":"https:\/\/diariodelsurdigital.com.ar\/index.php?rest_route=\/wp\/v2\/posts\/3283","targetHints":{"allow":["GET"]}}],"collection":[{"href":"https:\/\/diariodelsurdigital.com.ar\/index.php?rest_route=\/wp\/v2\/posts"}],"about":[{"href":"https:\/\/diariodelsurdigital.com.ar\/index.php?rest_route=\/wp\/v2\/types\/post"}],"author":[{"embeddable":true,"href":"https:\/\/diariodelsurdigital.com.ar\/index.php?rest_route=\/wp\/v2\/users\/4"}],"replies":[{"embeddable":true,"href":"https:\/\/diariodelsurdigital.com.ar\/index.php?rest_route=%2Fwp%2Fv2%2Fcomments&post=3283"}],"version-history":[{"count":1,"href":"https:\/\/diariodelsurdigital.com.ar\/index.php?rest_route=\/wp\/v2\/posts\/3283\/revisions"}],"predecessor-version":[{"id":3285,"href":"https:\/\/diariodelsurdigital.com.ar\/index.php?rest_route=\/wp\/v2\/posts\/3283\/revisions\/3285"}],"wp:featuredmedia":[{"embeddable":true,"href":"https:\/\/diariodelsurdigital.com.ar\/index.php?rest_route=\/wp\/v2\/media\/3284"}],"wp:attachment":[{"href":"https:\/\/diariodelsurdigital.com.ar\/index.php?rest_route=%2Fwp%2Fv2%2Fmedia&parent=3283"}],"wp:term":[{"taxonomy":"category","embeddable":true,"href":"https:\/\/diariodelsurdigital.com.ar\/index.php?rest_route=%2Fwp%2Fv2%2Fcategories&post=3283"},{"taxonomy":"post_tag","embeddable":true,"href":"https:\/\/diariodelsurdigital.com.ar\/index.php?rest_route=%2Fwp%2Fv2%2Ftags&post=3283"}],"curies":[{"name":"wp","href":"https:\/\/api.w.org\/{rel}","templated":true}]}}