{"id":3286,"date":"2025-06-20T13:13:19","date_gmt":"2025-06-20T16:13:19","guid":{"rendered":"https:\/\/diariodelsurdigital.com.ar\/?p=3286"},"modified":"2025-06-20T13:13:20","modified_gmt":"2025-06-20T16:13:20","slug":"el-cancer-de-rinon-es-el-sexto-mas-frecuente-en-argentina","status":"publish","type":"post","link":"https:\/\/diariodelsurdigital.com.ar\/?p=3286","title":{"rendered":"El c\u00e1ncer de ri\u00f1\u00f3n es el sexto m\u00e1s frecuente en Argentina"},"content":{"rendered":"\n<p>En el marco del D\u00eda Mundial del C\u00e1ncer de Ri\u00f1\u00f3n, que se conmemora cada tercer jueves de junio, el Ministerio de Salud de Entre R\u00edos se suma a la campa\u00f1a global 2025 bajo el lema \u00ab\u00bfEst\u00e1n bien sus ri\u00f1ones? Detecte a tiempo, proteja la salud renal\u00bb, con el objetivo de concientizar sobre la importancia de reconocer los factores de riesgo de las enfermedades renales y fomentar su detecci\u00f3n temprana.<\/p>\n\n\n\n<p>El c\u00e1ncer renal representa uno de los desaf\u00edos m\u00e1s relevantes dentro de este grupo de patolog\u00edas, ya que se ubica como el sexto tumor m\u00e1s frecuente en Argentina y el cuarto entre los hombres, seg\u00fan datos de Globocan 2022. Se caracteriza por el desarrollo de un tumor maligno en uno o ambos ri\u00f1ones, siendo el Carcinoma de C\u00e9lulas Claras la variedad m\u00e1s com\u00fan. Su evoluci\u00f3n suele ser lenta y silenciosa, y en muchos casos se diagnostica de forma incidental al realizar estudios por otras causas, fen\u00f3meno conocido como incidentaloma.<\/p>\n\n\n\n<p>Entre los factores de riesgo m\u00e1s relevantes se encuentran el tabaquismo, la obesidad, la hipertensi\u00f3n arterial, la enfermedad renal cr\u00f3nica, la enfermedad renal poliqu\u00edstica y algunas condiciones hereditarias poco frecuentes, como el s\u00edndrome de von Hippel-Lindau. Es m\u00e1s frecuente en hombres y suele diagnosticarse alrededor de los 64 a\u00f1os.<\/p>\n\n\n\n<p>El m\u00e9dico onc\u00f3logo Mat\u00edas Cerini, explic\u00f3 que \u00abse trata de un tumor cl\u00ednicamente silente. Muchas veces se lo detecta de manera casual, pero cuando se manifiesta puede generar dolor lumbar o abdominal, presencia de sangre en la orina (hematuria), masa palpable en el abdomen, anemia y p\u00e9rdida de peso\u00bb.<\/p>\n\n\n\n<p>Aunque actualmente no existen programas de cribado poblacional (pruebas diagn\u00f3sticas) para este tipo de c\u00e1ncer, se recomienda realizar una ecograf\u00eda o una tomograf\u00eda ante la aparici\u00f3n de s\u00edntomas compatibles. En casos localizados, el tratamiento principal es la cirug\u00eda, que puede combinarse con inmunoterapia preventiva. En estadios m\u00e1s avanzados, se utilizan terapias inmunol\u00f3gicas y f\u00e1rmacos antiangiog\u00e9nicos por v\u00eda oral.<\/p>\n\n\n\n<p>Desde el Ministerio de Salud se recuerda que mantener h\u00e1bitos saludables como dejar de fumar, seguir una alimentaci\u00f3n equilibrada, controlar la presi\u00f3n arterial y el peso corporal puede reducir significativamente el riesgo de desarrollar esta enfermedad. Adem\u00e1s, se recomienda realizar controles peri\u00f3dicos en personas con antecedentes familiares de c\u00e1ncer renal a edad temprana.<\/p>\n\n\n\n<p>La detecci\u00f3n oportuna, la conciencia sobre los factores de riesgo y el acceso oportuno a la atenci\u00f3n m\u00e9dica son herramientas fundamentales para cuidar la salud renal y mejorar el pron\u00f3stico de esta enfermedad.<\/p>\n","protected":false},"excerpt":{"rendered":"<p>En el marco del D\u00eda Mundial del C\u00e1ncer de Ri\u00f1\u00f3n, que se conmemora cada tercer jueves de junio, el Ministerio de Salud de Entre R\u00edos se suma a la campa\u00f1a global 2025 bajo el lema \u00ab\u00bfEst\u00e1n bien sus ri\u00f1ones? Detecte a tiempo, proteja la salud renal\u00bb, con el objetivo de concientizar sobre la importancia de [&hellip;]<\/p>\n","protected":false},"author":4,"featured_media":3287,"comment_status":"open","ping_status":"open","sticky":false,"template":"","format":"standard","meta":{"footnotes":""},"categories":[19,18],"tags":[],"class_list":{"0":"post-3286","1":"post","2":"type-post","3":"status-publish","4":"format-standard","5":"has-post-thumbnail","7":"category-interes-general","8":"category-nacionales"},"yoast_head":"<!-- This site is optimized with the Yoast SEO plugin v27.4 - https:\/\/yoast.com\/product\/yoast-seo-wordpress\/ -->\n<title>El c\u00e1ncer de ri\u00f1\u00f3n es el sexto m\u00e1s frecuente en Argentina - Diario del Sur<\/title>\n<meta name=\"robots\" content=\"index, follow, max-snippet:-1, max-image-preview:large, max-video-preview:-1\" \/>\n<link rel=\"canonical\" href=\"https:\/\/diariodelsurdigital.com.ar\/?p=3286\" \/>\n<meta property=\"og:locale\" content=\"es_ES\" \/>\n<meta property=\"og:type\" content=\"article\" \/>\n<meta property=\"og:title\" content=\"El c\u00e1ncer de ri\u00f1\u00f3n es el sexto m\u00e1s frecuente en Argentina - Diario del Sur\" \/>\n<meta property=\"og:description\" content=\"En el marco del D\u00eda Mundial del C\u00e1ncer de Ri\u00f1\u00f3n, que se conmemora cada tercer jueves de junio, el Ministerio de Salud de Entre R\u00edos se suma a la campa\u00f1a global 2025 bajo el lema \u00ab\u00bfEst\u00e1n bien sus ri\u00f1ones? Detecte a tiempo, proteja la salud renal\u00bb, con el objetivo de concientizar sobre la importancia de [&hellip;]\" \/>\n<meta property=\"og:url\" content=\"https:\/\/diariodelsurdigital.com.ar\/?p=3286\" \/>\n<meta property=\"og:site_name\" content=\"Diario del Sur\" \/>\n<meta property=\"article:published_time\" content=\"2025-06-20T16:13:19+00:00\" \/>\n<meta property=\"article:modified_time\" content=\"2025-06-20T16:13:20+00:00\" \/>\n<meta property=\"og:image\" content=\"https:\/\/diariodelsurdigital.com.ar\/wp-content\/uploads\/2025\/06\/md-25.webp\" \/>\n\t<meta property=\"og:image:width\" content=\"992\" \/>\n\t<meta property=\"og:image:height\" content=\"661\" \/>\n\t<meta property=\"og:image:type\" content=\"image\/webp\" \/>\n<meta name=\"author\" content=\"Diario del Sur Digital\" \/>\n<meta name=\"twitter:card\" content=\"summary_large_image\" \/>\n<meta name=\"twitter:label1\" content=\"Escrito por\" \/>\n\t<meta name=\"twitter:data1\" content=\"Diario del Sur Digital\" \/>\n\t<meta name=\"twitter:label2\" content=\"Tiempo de lectura\" \/>\n\t<meta name=\"twitter:data2\" content=\"3 minutos\" \/>\n<script type=\"application\/ld+json\" class=\"yoast-schema-graph\">{\"@context\":\"https:\\\/\\\/schema.org\",\"@graph\":[{\"@type\":\"Article\",\"@id\":\"https:\\\/\\\/diariodelsurdigital.com.ar\\\/?p=3286#article\",\"isPartOf\":{\"@id\":\"https:\\\/\\\/diariodelsurdigital.com.ar\\\/?p=3286\"},\"author\":{\"name\":\"Diario del Sur Digital\",\"@id\":\"https:\\\/\\\/diariodelsurdigital.com.ar\\\/#\\\/schema\\\/person\\\/1a4992532ed62965c968031b49195c81\"},\"headline\":\"El c\u00e1ncer de ri\u00f1\u00f3n es el sexto m\u00e1s frecuente en Argentina\",\"datePublished\":\"2025-06-20T16:13:19+00:00\",\"dateModified\":\"2025-06-20T16:13:20+00:00\",\"mainEntityOfPage\":{\"@id\":\"https:\\\/\\\/diariodelsurdigital.com.ar\\\/?p=3286\"},\"wordCount\":465,\"commentCount\":0,\"image\":{\"@id\":\"https:\\\/\\\/diariodelsurdigital.com.ar\\\/?p=3286#primaryimage\"},\"thumbnailUrl\":\"https:\\\/\\\/diariodelsurdigital.com.ar\\\/wp-content\\\/uploads\\\/2025\\\/06\\\/md-25.webp\",\"articleSection\":[\"Inter\u00e9s General\",\"Nacionales\"],\"inLanguage\":\"es\",\"potentialAction\":[{\"@type\":\"CommentAction\",\"name\":\"Comment\",\"target\":[\"https:\\\/\\\/diariodelsurdigital.com.ar\\\/?p=3286#respond\"]}]},{\"@type\":\"WebPage\",\"@id\":\"https:\\\/\\\/diariodelsurdigital.com.ar\\\/?p=3286\",\"url\":\"https:\\\/\\\/diariodelsurdigital.com.ar\\\/?p=3286\",\"name\":\"El c\u00e1ncer de ri\u00f1\u00f3n es el sexto m\u00e1s frecuente en Argentina - Diario del Sur\",\"isPartOf\":{\"@id\":\"https:\\\/\\\/diariodelsurdigital.com.ar\\\/#website\"},\"primaryImageOfPage\":{\"@id\":\"https:\\\/\\\/diariodelsurdigital.com.ar\\\/?p=3286#primaryimage\"},\"image\":{\"@id\":\"https:\\\/\\\/diariodelsurdigital.com.ar\\\/?p=3286#primaryimage\"},\"thumbnailUrl\":\"https:\\\/\\\/diariodelsurdigital.com.ar\\\/wp-content\\\/uploads\\\/2025\\\/06\\\/md-25.webp\",\"datePublished\":\"2025-06-20T16:13:19+00:00\",\"dateModified\":\"2025-06-20T16:13:20+00:00\",\"author\":{\"@id\":\"https:\\\/\\\/diariodelsurdigital.com.ar\\\/#\\\/schema\\\/person\\\/1a4992532ed62965c968031b49195c81\"},\"breadcrumb\":{\"@id\":\"https:\\\/\\\/diariodelsurdigital.com.ar\\\/?p=3286#breadcrumb\"},\"inLanguage\":\"es\",\"potentialAction\":[{\"@type\":\"ReadAction\",\"target\":[\"https:\\\/\\\/diariodelsurdigital.com.ar\\\/?p=3286\"]}]},{\"@type\":\"ImageObject\",\"inLanguage\":\"es\",\"@id\":\"https:\\\/\\\/diariodelsurdigital.com.ar\\\/?p=3286#primaryimage\",\"url\":\"https:\\\/\\\/diariodelsurdigital.com.ar\\\/wp-content\\\/uploads\\\/2025\\\/06\\\/md-25.webp\",\"contentUrl\":\"https:\\\/\\\/diariodelsurdigital.com.ar\\\/wp-content\\\/uploads\\\/2025\\\/06\\\/md-25.webp\",\"width\":992,\"height\":661},{\"@type\":\"BreadcrumbList\",\"@id\":\"https:\\\/\\\/diariodelsurdigital.com.ar\\\/?p=3286#breadcrumb\",\"itemListElement\":[{\"@type\":\"ListItem\",\"position\":1,\"name\":\"Portada\",\"item\":\"https:\\\/\\\/diariodelsurdigital.com.ar\\\/\"},{\"@type\":\"ListItem\",\"position\":2,\"name\":\"El c\u00e1ncer de ri\u00f1\u00f3n es el sexto m\u00e1s frecuente en Argentina\"}]},{\"@type\":\"WebSite\",\"@id\":\"https:\\\/\\\/diariodelsurdigital.com.ar\\\/#website\",\"url\":\"https:\\\/\\\/diariodelsurdigital.com.ar\\\/\",\"name\":\"Diario del Sur\",\"description\":\"Digital\",\"potentialAction\":[{\"@type\":\"SearchAction\",\"target\":{\"@type\":\"EntryPoint\",\"urlTemplate\":\"https:\\\/\\\/diariodelsurdigital.com.ar\\\/?s={search_term_string}\"},\"query-input\":{\"@type\":\"PropertyValueSpecification\",\"valueRequired\":true,\"valueName\":\"search_term_string\"}}],\"inLanguage\":\"es\"},{\"@type\":\"Person\",\"@id\":\"https:\\\/\\\/diariodelsurdigital.com.ar\\\/#\\\/schema\\\/person\\\/1a4992532ed62965c968031b49195c81\",\"name\":\"Diario del Sur Digital\",\"image\":{\"@type\":\"ImageObject\",\"inLanguage\":\"es\",\"@id\":\"https:\\\/\\\/secure.gravatar.com\\\/avatar\\\/f0c7c47fc7146d19828273b9b8eda651c9c7ab583767e6338d3d3bee825adf76?s=96&d=mm&r=g\",\"url\":\"https:\\\/\\\/secure.gravatar.com\\\/avatar\\\/f0c7c47fc7146d19828273b9b8eda651c9c7ab583767e6338d3d3bee825adf76?s=96&d=mm&r=g\",\"contentUrl\":\"https:\\\/\\\/secure.gravatar.com\\\/avatar\\\/f0c7c47fc7146d19828273b9b8eda651c9c7ab583767e6338d3d3bee825adf76?s=96&d=mm&r=g\",\"caption\":\"Diario del Sur Digital\"},\"url\":\"https:\\\/\\\/diariodelsurdigital.com.ar\\\/?author=4\"}]}<\/script>\n<!-- \/ Yoast SEO plugin. -->","yoast_head_json":{"title":"El c\u00e1ncer de ri\u00f1\u00f3n es el sexto m\u00e1s frecuente en Argentina - Diario del Sur","robots":{"index":"index","follow":"follow","max-snippet":"max-snippet:-1","max-image-preview":"max-image-preview:large","max-video-preview":"max-video-preview:-1"},"canonical":"https:\/\/diariodelsurdigital.com.ar\/?p=3286","og_locale":"es_ES","og_type":"article","og_title":"El c\u00e1ncer de ri\u00f1\u00f3n es el sexto m\u00e1s frecuente en Argentina - Diario del Sur","og_description":"En el marco del D\u00eda Mundial del C\u00e1ncer de Ri\u00f1\u00f3n, que se conmemora cada tercer jueves de junio, el Ministerio de Salud de Entre R\u00edos se suma a la campa\u00f1a global 2025 bajo el lema \u00ab\u00bfEst\u00e1n bien sus ri\u00f1ones? Detecte a tiempo, proteja la salud renal\u00bb, con el objetivo de concientizar sobre la importancia de [&hellip;]","og_url":"https:\/\/diariodelsurdigital.com.ar\/?p=3286","og_site_name":"Diario del Sur","article_published_time":"2025-06-20T16:13:19+00:00","article_modified_time":"2025-06-20T16:13:20+00:00","og_image":[{"width":992,"height":661,"url":"https:\/\/diariodelsurdigital.com.ar\/wp-content\/uploads\/2025\/06\/md-25.webp","type":"image\/webp"}],"author":"Diario del Sur Digital","twitter_card":"summary_large_image","twitter_misc":{"Escrito por":"Diario del Sur Digital","Tiempo de lectura":"3 minutos"},"schema":{"@context":"https:\/\/schema.org","@graph":[{"@type":"Article","@id":"https:\/\/diariodelsurdigital.com.ar\/?p=3286#article","isPartOf":{"@id":"https:\/\/diariodelsurdigital.com.ar\/?p=3286"},"author":{"name":"Diario del Sur Digital","@id":"https:\/\/diariodelsurdigital.com.ar\/#\/schema\/person\/1a4992532ed62965c968031b49195c81"},"headline":"El c\u00e1ncer de ri\u00f1\u00f3n es el sexto m\u00e1s frecuente en Argentina","datePublished":"2025-06-20T16:13:19+00:00","dateModified":"2025-06-20T16:13:20+00:00","mainEntityOfPage":{"@id":"https:\/\/diariodelsurdigital.com.ar\/?p=3286"},"wordCount":465,"commentCount":0,"image":{"@id":"https:\/\/diariodelsurdigital.com.ar\/?p=3286#primaryimage"},"thumbnailUrl":"https:\/\/diariodelsurdigital.com.ar\/wp-content\/uploads\/2025\/06\/md-25.webp","articleSection":["Inter\u00e9s General","Nacionales"],"inLanguage":"es","potentialAction":[{"@type":"CommentAction","name":"Comment","target":["https:\/\/diariodelsurdigital.com.ar\/?p=3286#respond"]}]},{"@type":"WebPage","@id":"https:\/\/diariodelsurdigital.com.ar\/?p=3286","url":"https:\/\/diariodelsurdigital.com.ar\/?p=3286","name":"El c\u00e1ncer de ri\u00f1\u00f3n es el sexto m\u00e1s frecuente en Argentina - Diario del Sur","isPartOf":{"@id":"https:\/\/diariodelsurdigital.com.ar\/#website"},"primaryImageOfPage":{"@id":"https:\/\/diariodelsurdigital.com.ar\/?p=3286#primaryimage"},"image":{"@id":"https:\/\/diariodelsurdigital.com.ar\/?p=3286#primaryimage"},"thumbnailUrl":"https:\/\/diariodelsurdigital.com.ar\/wp-content\/uploads\/2025\/06\/md-25.webp","datePublished":"2025-06-20T16:13:19+00:00","dateModified":"2025-06-20T16:13:20+00:00","author":{"@id":"https:\/\/diariodelsurdigital.com.ar\/#\/schema\/person\/1a4992532ed62965c968031b49195c81"},"breadcrumb":{"@id":"https:\/\/diariodelsurdigital.com.ar\/?p=3286#breadcrumb"},"inLanguage":"es","potentialAction":[{"@type":"ReadAction","target":["https:\/\/diariodelsurdigital.com.ar\/?p=3286"]}]},{"@type":"ImageObject","inLanguage":"es","@id":"https:\/\/diariodelsurdigital.com.ar\/?p=3286#primaryimage","url":"https:\/\/diariodelsurdigital.com.ar\/wp-content\/uploads\/2025\/06\/md-25.webp","contentUrl":"https:\/\/diariodelsurdigital.com.ar\/wp-content\/uploads\/2025\/06\/md-25.webp","width":992,"height":661},{"@type":"BreadcrumbList","@id":"https:\/\/diariodelsurdigital.com.ar\/?p=3286#breadcrumb","itemListElement":[{"@type":"ListItem","position":1,"name":"Portada","item":"https:\/\/diariodelsurdigital.com.ar\/"},{"@type":"ListItem","position":2,"name":"El c\u00e1ncer de ri\u00f1\u00f3n es el sexto m\u00e1s frecuente en Argentina"}]},{"@type":"WebSite","@id":"https:\/\/diariodelsurdigital.com.ar\/#website","url":"https:\/\/diariodelsurdigital.com.ar\/","name":"Diario del Sur","description":"Digital","potentialAction":[{"@type":"SearchAction","target":{"@type":"EntryPoint","urlTemplate":"https:\/\/diariodelsurdigital.com.ar\/?s={search_term_string}"},"query-input":{"@type":"PropertyValueSpecification","valueRequired":true,"valueName":"search_term_string"}}],"inLanguage":"es"},{"@type":"Person","@id":"https:\/\/diariodelsurdigital.com.ar\/#\/schema\/person\/1a4992532ed62965c968031b49195c81","name":"Diario del Sur Digital","image":{"@type":"ImageObject","inLanguage":"es","@id":"https:\/\/secure.gravatar.com\/avatar\/f0c7c47fc7146d19828273b9b8eda651c9c7ab583767e6338d3d3bee825adf76?s=96&d=mm&r=g","url":"https:\/\/secure.gravatar.com\/avatar\/f0c7c47fc7146d19828273b9b8eda651c9c7ab583767e6338d3d3bee825adf76?s=96&d=mm&r=g","contentUrl":"https:\/\/secure.gravatar.com\/avatar\/f0c7c47fc7146d19828273b9b8eda651c9c7ab583767e6338d3d3bee825adf76?s=96&d=mm&r=g","caption":"Diario del Sur Digital"},"url":"https:\/\/diariodelsurdigital.com.ar\/?author=4"}]}},"_links":{"self":[{"href":"https:\/\/diariodelsurdigital.com.ar\/index.php?rest_route=\/wp\/v2\/posts\/3286","targetHints":{"allow":["GET"]}}],"collection":[{"href":"https:\/\/diariodelsurdigital.com.ar\/index.php?rest_route=\/wp\/v2\/posts"}],"about":[{"href":"https:\/\/diariodelsurdigital.com.ar\/index.php?rest_route=\/wp\/v2\/types\/post"}],"author":[{"embeddable":true,"href":"https:\/\/diariodelsurdigital.com.ar\/index.php?rest_route=\/wp\/v2\/users\/4"}],"replies":[{"embeddable":true,"href":"https:\/\/diariodelsurdigital.com.ar\/index.php?rest_route=%2Fwp%2Fv2%2Fcomments&post=3286"}],"version-history":[{"count":1,"href":"https:\/\/diariodelsurdigital.com.ar\/index.php?rest_route=\/wp\/v2\/posts\/3286\/revisions"}],"predecessor-version":[{"id":3288,"href":"https:\/\/diariodelsurdigital.com.ar\/index.php?rest_route=\/wp\/v2\/posts\/3286\/revisions\/3288"}],"wp:featuredmedia":[{"embeddable":true,"href":"https:\/\/diariodelsurdigital.com.ar\/index.php?rest_route=\/wp\/v2\/media\/3287"}],"wp:attachment":[{"href":"https:\/\/diariodelsurdigital.com.ar\/index.php?rest_route=%2Fwp%2Fv2%2Fmedia&parent=3286"}],"wp:term":[{"taxonomy":"category","embeddable":true,"href":"https:\/\/diariodelsurdigital.com.ar\/index.php?rest_route=%2Fwp%2Fv2%2Fcategories&post=3286"},{"taxonomy":"post_tag","embeddable":true,"href":"https:\/\/diariodelsurdigital.com.ar\/index.php?rest_route=%2Fwp%2Fv2%2Ftags&post=3286"}],"curies":[{"name":"wp","href":"https:\/\/api.w.org\/{rel}","templated":true}]}}