{"id":3289,"date":"2025-06-20T13:21:00","date_gmt":"2025-06-20T16:21:00","guid":{"rendered":"https:\/\/diariodelsurdigital.com.ar\/?p=3289"},"modified":"2025-06-20T13:21:01","modified_gmt":"2025-06-20T16:21:01","slug":"a-pesar-de-haber-una-leve-estabilizacion-de-precios-el-consumo-sigue-estancado","status":"publish","type":"post","link":"https:\/\/diariodelsurdigital.com.ar\/?p=3289","title":{"rendered":"A pesar de haber una leve estabilizaci\u00f3n de precios, el consumo sigue \u201cestancado\u201d"},"content":{"rendered":"\n<p>As\u00ed lo dio a conocer el presidente del Centro de Almaceneros de Paran\u00e1, Mario Sarli, a APFDigital. La causa la atribuye a la falta de mejoras salariales y la p\u00e9rdida de poder adquisitivo con el pasar del tiempo que, seg\u00fan su experiencia en el rubro, hacen de esta crisis econ\u00f3mica \u201cla peor de todas\u201d.<\/p>\n\n\n\n<p>Pese a que los precios en el mes no han tenido subas, el consumo en junio sigue sin poder estabilizarse tras varios a\u00f1os de bajas. As\u00ed lo dio a conocer Mario Sarli, que ocupa el rol de presidente del Centro de Almaceneros e Paran\u00e1 a APFDigital ante la consulta de c\u00f3mo se encuentra el sector. Adem\u00e1s, remarc\u00f3 que muchos consumidores elijen la opci\u00f3n de la tarjeta de cr\u00e9dito o el hist\u00f3rico \u201cfiado\u201d.<\/p>\n\n\n\n<p>Como principal motivo a esta problem\u00e1tica, Sarli lo adjudica a la falta de buenos salarios debido a que el Gobierno nacional est\u00e1 centrado en \u201cseguir acomodando los precios hasta despu\u00e9s de las elecciones legislativas de octubre\u201d. <\/p>\n\n\n\n<p>El dato m\u00e1s aun alarmante que el titular del Centro de Amaneceros indic\u00f3 es la situaci\u00f3n \u201ces la peor de todas\u201d que ha tenido que vivir como crisis a lo largo de los a\u00f1os en el rubro. \u201cEn los 90, cuando se puso el uno a uno, se restringi\u00f3 bastante el consumo pero no tanto como ahora y esto se debe a la diferencia en los poderes adquisitivos de esa \u00e9poca\u201d. Y agreg\u00f3: \u201cEn la d\u00e9cada del 80 hab\u00eda altos porcentajes de inflaci\u00f3n ya que las cosas sub\u00edan tres veces por d\u00eda pero pod\u00eda construir la casa. Hoy a un asalariado se le hace imposible.Poco di\u00e1logo con Gobierno y Municipio<\/p>\n\n\n\n<p>Ante la consulta de APFDigital de s\u00edhan surgido debates con el gobernador y la intendenta acerca de la preocupaci\u00f3n en el consumo, Sarli reconoci\u00f3 que ha intentado \u201creiteradas veces\u201d tener una audiencia con Frigerio pero no se la otorgado.Es que m\u00e1s all\u00e1 de esta problem\u00e1tica, las almacenes sufren las tasas \u201celevadas\u201d de energ\u00eda el\u00e9ctrica. \u201cNosotros no podemos estar pr\u00e1cticamente en el mismo r\u00e9gimen o cuadro tarifario que un domiciliario, que cada vez que supera el l\u00edmite recibe un incremento extra\u201d. Y agreg\u00f3 no hay un comercio que gaste menos de 3.000 kilovatios mensual.<\/p>\n","protected":false},"excerpt":{"rendered":"<p>As\u00ed lo dio a conocer el presidente del Centro de Almaceneros de Paran\u00e1, Mario Sarli, a APFDigital. La causa la atribuye a la falta de mejoras salariales y la p\u00e9rdida de poder adquisitivo con el pasar del tiempo que, seg\u00fan su experiencia en el rubro, hacen de esta crisis econ\u00f3mica \u201cla peor de todas\u201d. Pese [&hellip;]<\/p>\n","protected":false},"author":4,"featured_media":3292,"comment_status":"open","ping_status":"open","sticky":false,"template":"","format":"standard","meta":{"footnotes":""},"categories":[17],"tags":[],"class_list":{"0":"post-3289","1":"post","2":"type-post","3":"status-publish","4":"format-standard","5":"has-post-thumbnail","7":"category-provinciales"},"yoast_head":"<!-- This site is optimized with the Yoast SEO plugin v27.4 - https:\/\/yoast.com\/product\/yoast-seo-wordpress\/ -->\n<title>A pesar de haber una leve estabilizaci\u00f3n de precios, el consumo sigue \u201cestancado\u201d - Diario del Sur<\/title>\n<meta name=\"robots\" content=\"index, follow, max-snippet:-1, max-image-preview:large, max-video-preview:-1\" \/>\n<link rel=\"canonical\" href=\"https:\/\/diariodelsurdigital.com.ar\/?p=3289\" \/>\n<meta property=\"og:locale\" content=\"es_ES\" \/>\n<meta property=\"og:type\" content=\"article\" \/>\n<meta property=\"og:title\" content=\"A pesar de haber una leve estabilizaci\u00f3n de precios, el consumo sigue \u201cestancado\u201d - Diario del Sur\" \/>\n<meta property=\"og:description\" content=\"As\u00ed lo dio a conocer el presidente del Centro de Almaceneros de Paran\u00e1, Mario Sarli, a APFDigital. La causa la atribuye a la falta de mejoras salariales y la p\u00e9rdida de poder adquisitivo con el pasar del tiempo que, seg\u00fan su experiencia en el rubro, hacen de esta crisis econ\u00f3mica \u201cla peor de todas\u201d. Pese [&hellip;]\" \/>\n<meta property=\"og:url\" content=\"https:\/\/diariodelsurdigital.com.ar\/?p=3289\" \/>\n<meta property=\"og:site_name\" content=\"Diario del Sur\" \/>\n<meta property=\"article:published_time\" content=\"2025-06-20T16:21:00+00:00\" \/>\n<meta property=\"article:modified_time\" content=\"2025-06-20T16:21:01+00:00\" \/>\n<meta property=\"og:image\" content=\"https:\/\/diariodelsurdigital.com.ar\/wp-content\/uploads\/2025\/06\/md-26.webp\" \/>\n\t<meta property=\"og:image:width\" content=\"992\" \/>\n\t<meta property=\"og:image:height\" content=\"558\" \/>\n\t<meta property=\"og:image:type\" content=\"image\/webp\" \/>\n<meta name=\"author\" content=\"Diario del Sur Digital\" \/>\n<meta name=\"twitter:card\" content=\"summary_large_image\" \/>\n<meta name=\"twitter:label1\" content=\"Escrito por\" \/>\n\t<meta name=\"twitter:data1\" content=\"Diario del Sur Digital\" \/>\n\t<meta name=\"twitter:label2\" content=\"Tiempo de lectura\" \/>\n\t<meta name=\"twitter:data2\" content=\"2 minutos\" \/>\n<script type=\"application\/ld+json\" class=\"yoast-schema-graph\">{\"@context\":\"https:\\\/\\\/schema.org\",\"@graph\":[{\"@type\":\"Article\",\"@id\":\"https:\\\/\\\/diariodelsurdigital.com.ar\\\/?p=3289#article\",\"isPartOf\":{\"@id\":\"https:\\\/\\\/diariodelsurdigital.com.ar\\\/?p=3289\"},\"author\":{\"name\":\"Diario del Sur Digital\",\"@id\":\"https:\\\/\\\/diariodelsurdigital.com.ar\\\/#\\\/schema\\\/person\\\/1a4992532ed62965c968031b49195c81\"},\"headline\":\"A pesar de haber una leve estabilizaci\u00f3n de precios, el consumo sigue \u201cestancado\u201d\",\"datePublished\":\"2025-06-20T16:21:00+00:00\",\"dateModified\":\"2025-06-20T16:21:01+00:00\",\"mainEntityOfPage\":{\"@id\":\"https:\\\/\\\/diariodelsurdigital.com.ar\\\/?p=3289\"},\"wordCount\":408,\"commentCount\":0,\"image\":{\"@id\":\"https:\\\/\\\/diariodelsurdigital.com.ar\\\/?p=3289#primaryimage\"},\"thumbnailUrl\":\"https:\\\/\\\/diariodelsurdigital.com.ar\\\/wp-content\\\/uploads\\\/2025\\\/06\\\/md-26.webp\",\"articleSection\":[\"Provinciales\"],\"inLanguage\":\"es\",\"potentialAction\":[{\"@type\":\"CommentAction\",\"name\":\"Comment\",\"target\":[\"https:\\\/\\\/diariodelsurdigital.com.ar\\\/?p=3289#respond\"]}]},{\"@type\":\"WebPage\",\"@id\":\"https:\\\/\\\/diariodelsurdigital.com.ar\\\/?p=3289\",\"url\":\"https:\\\/\\\/diariodelsurdigital.com.ar\\\/?p=3289\",\"name\":\"A pesar de haber una leve estabilizaci\u00f3n de precios, el consumo sigue \u201cestancado\u201d - Diario del Sur\",\"isPartOf\":{\"@id\":\"https:\\\/\\\/diariodelsurdigital.com.ar\\\/#website\"},\"primaryImageOfPage\":{\"@id\":\"https:\\\/\\\/diariodelsurdigital.com.ar\\\/?p=3289#primaryimage\"},\"image\":{\"@id\":\"https:\\\/\\\/diariodelsurdigital.com.ar\\\/?p=3289#primaryimage\"},\"thumbnailUrl\":\"https:\\\/\\\/diariodelsurdigital.com.ar\\\/wp-content\\\/uploads\\\/2025\\\/06\\\/md-26.webp\",\"datePublished\":\"2025-06-20T16:21:00+00:00\",\"dateModified\":\"2025-06-20T16:21:01+00:00\",\"author\":{\"@id\":\"https:\\\/\\\/diariodelsurdigital.com.ar\\\/#\\\/schema\\\/person\\\/1a4992532ed62965c968031b49195c81\"},\"breadcrumb\":{\"@id\":\"https:\\\/\\\/diariodelsurdigital.com.ar\\\/?p=3289#breadcrumb\"},\"inLanguage\":\"es\",\"potentialAction\":[{\"@type\":\"ReadAction\",\"target\":[\"https:\\\/\\\/diariodelsurdigital.com.ar\\\/?p=3289\"]}]},{\"@type\":\"ImageObject\",\"inLanguage\":\"es\",\"@id\":\"https:\\\/\\\/diariodelsurdigital.com.ar\\\/?p=3289#primaryimage\",\"url\":\"https:\\\/\\\/diariodelsurdigital.com.ar\\\/wp-content\\\/uploads\\\/2025\\\/06\\\/md-26.webp\",\"contentUrl\":\"https:\\\/\\\/diariodelsurdigital.com.ar\\\/wp-content\\\/uploads\\\/2025\\\/06\\\/md-26.webp\",\"width\":992,\"height\":558},{\"@type\":\"BreadcrumbList\",\"@id\":\"https:\\\/\\\/diariodelsurdigital.com.ar\\\/?p=3289#breadcrumb\",\"itemListElement\":[{\"@type\":\"ListItem\",\"position\":1,\"name\":\"Portada\",\"item\":\"https:\\\/\\\/diariodelsurdigital.com.ar\\\/\"},{\"@type\":\"ListItem\",\"position\":2,\"name\":\"A pesar de haber una leve estabilizaci\u00f3n de precios, el consumo sigue \u201cestancado\u201d\"}]},{\"@type\":\"WebSite\",\"@id\":\"https:\\\/\\\/diariodelsurdigital.com.ar\\\/#website\",\"url\":\"https:\\\/\\\/diariodelsurdigital.com.ar\\\/\",\"name\":\"Diario del Sur\",\"description\":\"Digital\",\"potentialAction\":[{\"@type\":\"SearchAction\",\"target\":{\"@type\":\"EntryPoint\",\"urlTemplate\":\"https:\\\/\\\/diariodelsurdigital.com.ar\\\/?s={search_term_string}\"},\"query-input\":{\"@type\":\"PropertyValueSpecification\",\"valueRequired\":true,\"valueName\":\"search_term_string\"}}],\"inLanguage\":\"es\"},{\"@type\":\"Person\",\"@id\":\"https:\\\/\\\/diariodelsurdigital.com.ar\\\/#\\\/schema\\\/person\\\/1a4992532ed62965c968031b49195c81\",\"name\":\"Diario del Sur Digital\",\"image\":{\"@type\":\"ImageObject\",\"inLanguage\":\"es\",\"@id\":\"https:\\\/\\\/secure.gravatar.com\\\/avatar\\\/f0c7c47fc7146d19828273b9b8eda651c9c7ab583767e6338d3d3bee825adf76?s=96&d=mm&r=g\",\"url\":\"https:\\\/\\\/secure.gravatar.com\\\/avatar\\\/f0c7c47fc7146d19828273b9b8eda651c9c7ab583767e6338d3d3bee825adf76?s=96&d=mm&r=g\",\"contentUrl\":\"https:\\\/\\\/secure.gravatar.com\\\/avatar\\\/f0c7c47fc7146d19828273b9b8eda651c9c7ab583767e6338d3d3bee825adf76?s=96&d=mm&r=g\",\"caption\":\"Diario del Sur Digital\"},\"url\":\"https:\\\/\\\/diariodelsurdigital.com.ar\\\/?author=4\"}]}<\/script>\n<!-- \/ Yoast SEO plugin. -->","yoast_head_json":{"title":"A pesar de haber una leve estabilizaci\u00f3n de precios, el consumo sigue \u201cestancado\u201d - Diario del Sur","robots":{"index":"index","follow":"follow","max-snippet":"max-snippet:-1","max-image-preview":"max-image-preview:large","max-video-preview":"max-video-preview:-1"},"canonical":"https:\/\/diariodelsurdigital.com.ar\/?p=3289","og_locale":"es_ES","og_type":"article","og_title":"A pesar de haber una leve estabilizaci\u00f3n de precios, el consumo sigue \u201cestancado\u201d - Diario del Sur","og_description":"As\u00ed lo dio a conocer el presidente del Centro de Almaceneros de Paran\u00e1, Mario Sarli, a APFDigital. La causa la atribuye a la falta de mejoras salariales y la p\u00e9rdida de poder adquisitivo con el pasar del tiempo que, seg\u00fan su experiencia en el rubro, hacen de esta crisis econ\u00f3mica \u201cla peor de todas\u201d. Pese [&hellip;]","og_url":"https:\/\/diariodelsurdigital.com.ar\/?p=3289","og_site_name":"Diario del Sur","article_published_time":"2025-06-20T16:21:00+00:00","article_modified_time":"2025-06-20T16:21:01+00:00","og_image":[{"width":992,"height":558,"url":"https:\/\/diariodelsurdigital.com.ar\/wp-content\/uploads\/2025\/06\/md-26.webp","type":"image\/webp"}],"author":"Diario del Sur Digital","twitter_card":"summary_large_image","twitter_misc":{"Escrito por":"Diario del Sur Digital","Tiempo de lectura":"2 minutos"},"schema":{"@context":"https:\/\/schema.org","@graph":[{"@type":"Article","@id":"https:\/\/diariodelsurdigital.com.ar\/?p=3289#article","isPartOf":{"@id":"https:\/\/diariodelsurdigital.com.ar\/?p=3289"},"author":{"name":"Diario del Sur Digital","@id":"https:\/\/diariodelsurdigital.com.ar\/#\/schema\/person\/1a4992532ed62965c968031b49195c81"},"headline":"A pesar de haber una leve estabilizaci\u00f3n de precios, el consumo sigue \u201cestancado\u201d","datePublished":"2025-06-20T16:21:00+00:00","dateModified":"2025-06-20T16:21:01+00:00","mainEntityOfPage":{"@id":"https:\/\/diariodelsurdigital.com.ar\/?p=3289"},"wordCount":408,"commentCount":0,"image":{"@id":"https:\/\/diariodelsurdigital.com.ar\/?p=3289#primaryimage"},"thumbnailUrl":"https:\/\/diariodelsurdigital.com.ar\/wp-content\/uploads\/2025\/06\/md-26.webp","articleSection":["Provinciales"],"inLanguage":"es","potentialAction":[{"@type":"CommentAction","name":"Comment","target":["https:\/\/diariodelsurdigital.com.ar\/?p=3289#respond"]}]},{"@type":"WebPage","@id":"https:\/\/diariodelsurdigital.com.ar\/?p=3289","url":"https:\/\/diariodelsurdigital.com.ar\/?p=3289","name":"A pesar de haber una leve estabilizaci\u00f3n de precios, el consumo sigue \u201cestancado\u201d - Diario del Sur","isPartOf":{"@id":"https:\/\/diariodelsurdigital.com.ar\/#website"},"primaryImageOfPage":{"@id":"https:\/\/diariodelsurdigital.com.ar\/?p=3289#primaryimage"},"image":{"@id":"https:\/\/diariodelsurdigital.com.ar\/?p=3289#primaryimage"},"thumbnailUrl":"https:\/\/diariodelsurdigital.com.ar\/wp-content\/uploads\/2025\/06\/md-26.webp","datePublished":"2025-06-20T16:21:00+00:00","dateModified":"2025-06-20T16:21:01+00:00","author":{"@id":"https:\/\/diariodelsurdigital.com.ar\/#\/schema\/person\/1a4992532ed62965c968031b49195c81"},"breadcrumb":{"@id":"https:\/\/diariodelsurdigital.com.ar\/?p=3289#breadcrumb"},"inLanguage":"es","potentialAction":[{"@type":"ReadAction","target":["https:\/\/diariodelsurdigital.com.ar\/?p=3289"]}]},{"@type":"ImageObject","inLanguage":"es","@id":"https:\/\/diariodelsurdigital.com.ar\/?p=3289#primaryimage","url":"https:\/\/diariodelsurdigital.com.ar\/wp-content\/uploads\/2025\/06\/md-26.webp","contentUrl":"https:\/\/diariodelsurdigital.com.ar\/wp-content\/uploads\/2025\/06\/md-26.webp","width":992,"height":558},{"@type":"BreadcrumbList","@id":"https:\/\/diariodelsurdigital.com.ar\/?p=3289#breadcrumb","itemListElement":[{"@type":"ListItem","position":1,"name":"Portada","item":"https:\/\/diariodelsurdigital.com.ar\/"},{"@type":"ListItem","position":2,"name":"A pesar de haber una leve estabilizaci\u00f3n de precios, el consumo sigue \u201cestancado\u201d"}]},{"@type":"WebSite","@id":"https:\/\/diariodelsurdigital.com.ar\/#website","url":"https:\/\/diariodelsurdigital.com.ar\/","name":"Diario del Sur","description":"Digital","potentialAction":[{"@type":"SearchAction","target":{"@type":"EntryPoint","urlTemplate":"https:\/\/diariodelsurdigital.com.ar\/?s={search_term_string}"},"query-input":{"@type":"PropertyValueSpecification","valueRequired":true,"valueName":"search_term_string"}}],"inLanguage":"es"},{"@type":"Person","@id":"https:\/\/diariodelsurdigital.com.ar\/#\/schema\/person\/1a4992532ed62965c968031b49195c81","name":"Diario del Sur Digital","image":{"@type":"ImageObject","inLanguage":"es","@id":"https:\/\/secure.gravatar.com\/avatar\/f0c7c47fc7146d19828273b9b8eda651c9c7ab583767e6338d3d3bee825adf76?s=96&d=mm&r=g","url":"https:\/\/secure.gravatar.com\/avatar\/f0c7c47fc7146d19828273b9b8eda651c9c7ab583767e6338d3d3bee825adf76?s=96&d=mm&r=g","contentUrl":"https:\/\/secure.gravatar.com\/avatar\/f0c7c47fc7146d19828273b9b8eda651c9c7ab583767e6338d3d3bee825adf76?s=96&d=mm&r=g","caption":"Diario del Sur Digital"},"url":"https:\/\/diariodelsurdigital.com.ar\/?author=4"}]}},"_links":{"self":[{"href":"https:\/\/diariodelsurdigital.com.ar\/index.php?rest_route=\/wp\/v2\/posts\/3289","targetHints":{"allow":["GET"]}}],"collection":[{"href":"https:\/\/diariodelsurdigital.com.ar\/index.php?rest_route=\/wp\/v2\/posts"}],"about":[{"href":"https:\/\/diariodelsurdigital.com.ar\/index.php?rest_route=\/wp\/v2\/types\/post"}],"author":[{"embeddable":true,"href":"https:\/\/diariodelsurdigital.com.ar\/index.php?rest_route=\/wp\/v2\/users\/4"}],"replies":[{"embeddable":true,"href":"https:\/\/diariodelsurdigital.com.ar\/index.php?rest_route=%2Fwp%2Fv2%2Fcomments&post=3289"}],"version-history":[{"count":1,"href":"https:\/\/diariodelsurdigital.com.ar\/index.php?rest_route=\/wp\/v2\/posts\/3289\/revisions"}],"predecessor-version":[{"id":3293,"href":"https:\/\/diariodelsurdigital.com.ar\/index.php?rest_route=\/wp\/v2\/posts\/3289\/revisions\/3293"}],"wp:featuredmedia":[{"embeddable":true,"href":"https:\/\/diariodelsurdigital.com.ar\/index.php?rest_route=\/wp\/v2\/media\/3292"}],"wp:attachment":[{"href":"https:\/\/diariodelsurdigital.com.ar\/index.php?rest_route=%2Fwp%2Fv2%2Fmedia&parent=3289"}],"wp:term":[{"taxonomy":"category","embeddable":true,"href":"https:\/\/diariodelsurdigital.com.ar\/index.php?rest_route=%2Fwp%2Fv2%2Fcategories&post=3289"},{"taxonomy":"post_tag","embeddable":true,"href":"https:\/\/diariodelsurdigital.com.ar\/index.php?rest_route=%2Fwp%2Fv2%2Ftags&post=3289"}],"curies":[{"name":"wp","href":"https:\/\/api.w.org\/{rel}","templated":true}]}}