{"id":3323,"date":"2025-06-23T14:22:15","date_gmt":"2025-06-23T17:22:15","guid":{"rendered":"https:\/\/diariodelsurdigital.com.ar\/?p=3323"},"modified":"2025-06-23T14:22:16","modified_gmt":"2025-06-23T17:22:16","slug":"milei-retuiteo-el-apoyo-del-gobierno-israeli-al-ataque-ordenado-por-trump-contra-iran","status":"publish","type":"post","link":"https:\/\/diariodelsurdigital.com.ar\/?p=3323","title":{"rendered":"Milei retuite\u00f3 el apoyo del gobierno israel\u00ed al ataque ordenado por Trump contra Ir\u00e1n"},"content":{"rendered":"\n<p>El presidente argentino prefiri\u00f3, hasta el s\u00e1bado a la noche, expresarse a trav\u00e9s de X citando el agradecimiento del presidente israel\u00ed, Benjam\u00edn Netanyahu, por el ataque ordenado por su par norteamericano, Donald Trump, contra Ir\u00e1n. Fue al tiempo que Colombia, Cuba y Venezuela condenaban la agresi\u00f3n. La advertencia iran\u00ed sobre el argentino Rafael Grossi, director general del Organismo Internacional de Energ\u00eda At\u00f3mica (OIEA).<\/p>\n\n\n\n<p>Publicidad<br>Nacionales<br>Javier Milei retuite\u00f3 el apoyo del gobierno israel\u00ed al ataque ordenado por Donald Trump contra Ir\u00e1n<br>El presidente argentino prefiri\u00f3, hasta el s\u00e1bado a la noche, expresarse a trav\u00e9s de X citando el agradecimiento del presidente israel\u00ed, Benjam\u00edn Netanyahu, por el ataque ordenado por su par norteamericano, Donald Trump, contra Ir\u00e1n. Fue al tiempo que Colombia, Cuba y Venezuela condenaban la agresi\u00f3n. La advertencia iran\u00ed sobre el argentino Rafael Grossi, director general del Organismo Internacional de Energ\u00eda At\u00f3mica (OIEA).<br>domingo 22 de junio de 2025 | 11:38hs.<\/p>\n\n\n\n<p>El ataque ordenado por el presidente norteamericano Donald Trump a tres instalaciones nucleares iran\u00edes, puso en vilo la paz del mundo. Varios presidentes latinoamericanos salieron a repudiar el ataque r\u00e1pidamente y a reclamar una paz verdadera. El presidente Javier Milei no se hab\u00eda expresado a trav\u00e9s de un comunicado. Sin embargo prefiri\u00f3 hacerlo a trav\u00e9s de la red social X replicando los dichos del primer ministro de Israel, Benjam\u00edn Netanyahu, que en un discurso oficial respald\u00f3 la acci\u00f3n b\u00e9lica de Trump porque dijo que tanto el norteamericano como \u00e9l, \u00absolemos decir: \u201cPaz a trav\u00e9s de la fuerza\u201d. Primero viene la fuerza, luego viene la paz. Y esta noche, Trump y Estados Unidos actuaron con mucha fuerza\u00bb.<\/p>\n\n\n\n<p>Seg\u00fan inform\u00f3 P\u00e1gina 12, mientras el presidente de Colombia, Gustavo Petro; el cubano, Miguel D\u00edaz Canel; y el venezolano, Nicol\u00e1s Maduro, afirmaban que los ataques \u201cconstituyen una peligrosa escalada de conflicto en Oriente Medio\u201d, Milei continuaba retuiteando.<\/p>\n\n\n\n<p>Primero replic\u00f3 un posteo de la cuenta La Derecha Diario que reproduc\u00eda un fragmento del discurso de Netanyahu. Ah\u00ed el primer ministro israel\u00ed felicitaba a Trump por \u00abnegar al r\u00e9gimen m\u00e1s peligroso del mundo las armas m\u00e1s peligrosas del mundo. Su liderazgo ha creado hoy un punto de inflexi\u00f3n en la historia que puede ayudar a guiar al Medio Oriente y m\u00e1s all\u00e1 a un futuro de prosperidad y paz\u00bb.<\/p>\n\n\n\n<p>La paz por la fuerza<\/p>\n\n\n\n<p>Luego, el presidente argentino apoy\u00f3 a Netanyahu cuando \u00e9ste se\u00f1al\u00f3 que \u00abel presidente Trump y yo decimos paz a trav\u00e9s de la fuerza. Primero viene la fuerza, luego viene la paz. Y esta noche el presidente Trump y los Estados Unidos actuaron con mucha fuerza\u00bb, afirm\u00f3 con una mueca que simul\u00f3 una sonrisa. Por \u00faltimo le dijo a Trump que tiene su agradecimiento, el del pueblo de Israel y de \u00ablas fuerzas de la civilizaci\u00f3n\u00bb.<\/p>\n\n\n\n<p>El s\u00e1bado a la noche, algunos diputados como Lilia Lemoine daban cuenta en sus redes sociales sobre el ataque estadounidense a Ir\u00e1n y lo respaldaban con videos de lo supuestamente ocurrido en las instalaciones nucleares del pa\u00eds persa.<\/p>\n\n\n\n<p>En los a\u00f1os noventa, cuando gobernaba Carlos Menem, un referente de Javier Milei, el gobierno del riojano se aline\u00f3 con fuerza a los Estados Unidos y particip\u00f3 de la guerra denominada del Golfo enviando un destructor y una corbeta a la zona. Este hecho fue, para muchos analistas, una de las razones para que se produjeran los atentados contra la embajada de Israel y la AMIA.<\/p>\n\n\n\n<p>Amenaza<\/p>\n\n\n\n<p>El gobierno iran\u00ed lanz\u00f3 una advertencia directa contra el argentino Rafael Grossi, actual director general del Organismo Internacional de Energ\u00eda At\u00f3mica (OIEA), un diplom\u00e1tico de vasta trayectoria. A trav\u00e9s de un posteo en sus redes sociales, Ali Larijani -uno de los principales asesores del ayatol\u00e1 y l\u00edder supremo Ali Jamenei- lanz\u00f3 una frase inquietante: \u201cUna vez que termine la guerra, nos ocuparemos de Grossi\u201d.<\/p>\n\n\n\n<p>La intimidaci\u00f3n hacia el diplom\u00e1tico surgi\u00f3 en medio de la creciente tensi\u00f3n entre Israel e Ir\u00e1n, ya que las autoridades del pa\u00eds isl\u00e1mico expresaron recientemente su descontento por los informes de la OIEA sobre su programa nuclear.<\/p>\n\n\n\n<p>De hecho, el r\u00e9gimen de Teher\u00e1n consider\u00f3 que la reciente publicaci\u00f3n de un informe del organismo de la ONU, en el que se detallan aspectos sensibles de su programa nuclear, habr\u00eda incidido para que la comunidad internacional apoye la ofensiva israel\u00ed.<\/p>\n\n\n\n<p>De acuerdo con ese documento, Ir\u00e1n posee suficiente uranio enriquecido en distintas bases, que en caso de ser procesado a un nivel m\u00e1s alto, alcanzar\u00eda para fabricar bombas nucleares.<\/p>\n\n\n\n<p>Al mismo tiempo, Ir\u00e1n present\u00f3 una denuncia contra Grossi el Consejo de Seguridad de las Naciones Unidas por \u00absu enfoque sesgado hacia el programa nuclear de Ir\u00e1n\u00bb, inform\u00f3 IRNA. Seg\u00fan reza la carta que recibi\u00f3 el secretario General de la ONU, Antonio Guterres, y el Consejo de Seguridad de la ONU, el representante de Ir\u00e1n ante Naciones Unidas, Saeed Iravani, dijo que \u00ablas declaraciones del jefe de la AIEA contra el programa nuclear de Ir\u00e1n, hechas en v\u00edsperas de los ataques israel\u00edes contra Ir\u00e1n, violaron clara y gravemente el principio de imparcialidad\u00bb.<\/p>\n\n\n\n<p>El funcionario agreg\u00f3 que Grossi \u00abno se refiri\u00f3 intencionalmente a resoluciones contra cualquier amenaza o uso de la fuerza contra instalaciones nucleares de otros pa\u00edses\u00bb.<\/p>\n\n\n\n<p>Por su parte, y en un reportaje concedido a la cadena CNN, Grossi sostuvo que \u201cUn informe sobre la verificaci\u00f3n nuclear en Ir\u00e1n dif\u00edcilmente puede ser la base de una acci\u00f3n militar. Venga de quien venga, es una decisi\u00f3n pol\u00edtica que no tiene nada que ver con lo que nosotros decimos\u201d.<\/p>\n","protected":false},"excerpt":{"rendered":"<p>El presidente argentino prefiri\u00f3, hasta el s\u00e1bado a la noche, expresarse a trav\u00e9s de X citando el agradecimiento del presidente israel\u00ed, Benjam\u00edn Netanyahu, por el ataque ordenado por su par norteamericano, Donald Trump, contra Ir\u00e1n. Fue al tiempo que Colombia, Cuba y Venezuela condenaban la agresi\u00f3n. La advertencia iran\u00ed sobre el argentino Rafael Grossi, director [&hellip;]<\/p>\n","protected":false},"author":4,"featured_media":3324,"comment_status":"open","ping_status":"open","sticky":false,"template":"","format":"standard","meta":{"footnotes":""},"categories":[18,22],"tags":[],"class_list":{"0":"post-3323","1":"post","2":"type-post","3":"status-publish","4":"format-standard","5":"has-post-thumbnail","7":"category-nacionales","8":"category-politica"},"yoast_head":"<!-- This site is optimized with the Yoast SEO plugin v27.4 - https:\/\/yoast.com\/product\/yoast-seo-wordpress\/ -->\n<title>Milei retuite\u00f3 el apoyo del gobierno israel\u00ed al ataque ordenado por Trump contra Ir\u00e1n - Diario del Sur<\/title>\n<meta name=\"robots\" content=\"index, follow, max-snippet:-1, max-image-preview:large, max-video-preview:-1\" \/>\n<link rel=\"canonical\" href=\"https:\/\/diariodelsurdigital.com.ar\/?p=3323\" \/>\n<meta property=\"og:locale\" content=\"es_ES\" \/>\n<meta property=\"og:type\" content=\"article\" \/>\n<meta property=\"og:title\" content=\"Milei retuite\u00f3 el apoyo del gobierno israel\u00ed al ataque ordenado por Trump contra Ir\u00e1n - Diario del Sur\" \/>\n<meta property=\"og:description\" content=\"El presidente argentino prefiri\u00f3, hasta el s\u00e1bado a la noche, expresarse a trav\u00e9s de X citando el agradecimiento del presidente israel\u00ed, Benjam\u00edn Netanyahu, por el ataque ordenado por su par norteamericano, Donald Trump, contra Ir\u00e1n. Fue al tiempo que Colombia, Cuba y Venezuela condenaban la agresi\u00f3n. La advertencia iran\u00ed sobre el argentino Rafael Grossi, director [&hellip;]\" \/>\n<meta property=\"og:url\" content=\"https:\/\/diariodelsurdigital.com.ar\/?p=3323\" \/>\n<meta property=\"og:site_name\" content=\"Diario del Sur\" \/>\n<meta property=\"article:published_time\" content=\"2025-06-23T17:22:15+00:00\" \/>\n<meta property=\"article:modified_time\" content=\"2025-06-23T17:22:16+00:00\" \/>\n<meta property=\"og:image\" content=\"https:\/\/diariodelsurdigital.com.ar\/wp-content\/uploads\/2025\/06\/md-29.webp\" \/>\n\t<meta property=\"og:image:width\" content=\"992\" \/>\n\t<meta property=\"og:image:height\" content=\"555\" \/>\n\t<meta property=\"og:image:type\" content=\"image\/webp\" \/>\n<meta name=\"author\" content=\"Diario del Sur Digital\" \/>\n<meta name=\"twitter:card\" content=\"summary_large_image\" \/>\n<meta name=\"twitter:label1\" content=\"Escrito por\" \/>\n\t<meta name=\"twitter:data1\" content=\"Diario del Sur Digital\" \/>\n\t<meta name=\"twitter:label2\" content=\"Tiempo de lectura\" \/>\n\t<meta name=\"twitter:data2\" content=\"5 minutos\" \/>\n<script type=\"application\/ld+json\" class=\"yoast-schema-graph\">{\"@context\":\"https:\\\/\\\/schema.org\",\"@graph\":[{\"@type\":\"Article\",\"@id\":\"https:\\\/\\\/diariodelsurdigital.com.ar\\\/?p=3323#article\",\"isPartOf\":{\"@id\":\"https:\\\/\\\/diariodelsurdigital.com.ar\\\/?p=3323\"},\"author\":{\"name\":\"Diario del Sur Digital\",\"@id\":\"https:\\\/\\\/diariodelsurdigital.com.ar\\\/#\\\/schema\\\/person\\\/1a4992532ed62965c968031b49195c81\"},\"headline\":\"Milei retuite\u00f3 el apoyo del gobierno israel\u00ed al ataque ordenado por Trump contra Ir\u00e1n\",\"datePublished\":\"2025-06-23T17:22:15+00:00\",\"dateModified\":\"2025-06-23T17:22:16+00:00\",\"mainEntityOfPage\":{\"@id\":\"https:\\\/\\\/diariodelsurdigital.com.ar\\\/?p=3323\"},\"wordCount\":981,\"commentCount\":0,\"image\":{\"@id\":\"https:\\\/\\\/diariodelsurdigital.com.ar\\\/?p=3323#primaryimage\"},\"thumbnailUrl\":\"https:\\\/\\\/diariodelsurdigital.com.ar\\\/wp-content\\\/uploads\\\/2025\\\/06\\\/md-29.webp\",\"articleSection\":[\"Nacionales\",\"Pol\u00edtica\"],\"inLanguage\":\"es\",\"potentialAction\":[{\"@type\":\"CommentAction\",\"name\":\"Comment\",\"target\":[\"https:\\\/\\\/diariodelsurdigital.com.ar\\\/?p=3323#respond\"]}]},{\"@type\":\"WebPage\",\"@id\":\"https:\\\/\\\/diariodelsurdigital.com.ar\\\/?p=3323\",\"url\":\"https:\\\/\\\/diariodelsurdigital.com.ar\\\/?p=3323\",\"name\":\"Milei retuite\u00f3 el apoyo del gobierno israel\u00ed al ataque ordenado por Trump contra Ir\u00e1n - Diario del Sur\",\"isPartOf\":{\"@id\":\"https:\\\/\\\/diariodelsurdigital.com.ar\\\/#website\"},\"primaryImageOfPage\":{\"@id\":\"https:\\\/\\\/diariodelsurdigital.com.ar\\\/?p=3323#primaryimage\"},\"image\":{\"@id\":\"https:\\\/\\\/diariodelsurdigital.com.ar\\\/?p=3323#primaryimage\"},\"thumbnailUrl\":\"https:\\\/\\\/diariodelsurdigital.com.ar\\\/wp-content\\\/uploads\\\/2025\\\/06\\\/md-29.webp\",\"datePublished\":\"2025-06-23T17:22:15+00:00\",\"dateModified\":\"2025-06-23T17:22:16+00:00\",\"author\":{\"@id\":\"https:\\\/\\\/diariodelsurdigital.com.ar\\\/#\\\/schema\\\/person\\\/1a4992532ed62965c968031b49195c81\"},\"breadcrumb\":{\"@id\":\"https:\\\/\\\/diariodelsurdigital.com.ar\\\/?p=3323#breadcrumb\"},\"inLanguage\":\"es\",\"potentialAction\":[{\"@type\":\"ReadAction\",\"target\":[\"https:\\\/\\\/diariodelsurdigital.com.ar\\\/?p=3323\"]}]},{\"@type\":\"ImageObject\",\"inLanguage\":\"es\",\"@id\":\"https:\\\/\\\/diariodelsurdigital.com.ar\\\/?p=3323#primaryimage\",\"url\":\"https:\\\/\\\/diariodelsurdigital.com.ar\\\/wp-content\\\/uploads\\\/2025\\\/06\\\/md-29.webp\",\"contentUrl\":\"https:\\\/\\\/diariodelsurdigital.com.ar\\\/wp-content\\\/uploads\\\/2025\\\/06\\\/md-29.webp\",\"width\":992,\"height\":555},{\"@type\":\"BreadcrumbList\",\"@id\":\"https:\\\/\\\/diariodelsurdigital.com.ar\\\/?p=3323#breadcrumb\",\"itemListElement\":[{\"@type\":\"ListItem\",\"position\":1,\"name\":\"Portada\",\"item\":\"https:\\\/\\\/diariodelsurdigital.com.ar\\\/\"},{\"@type\":\"ListItem\",\"position\":2,\"name\":\"Milei retuite\u00f3 el apoyo del gobierno israel\u00ed al ataque ordenado por Trump contra Ir\u00e1n\"}]},{\"@type\":\"WebSite\",\"@id\":\"https:\\\/\\\/diariodelsurdigital.com.ar\\\/#website\",\"url\":\"https:\\\/\\\/diariodelsurdigital.com.ar\\\/\",\"name\":\"Diario del Sur\",\"description\":\"Digital\",\"potentialAction\":[{\"@type\":\"SearchAction\",\"target\":{\"@type\":\"EntryPoint\",\"urlTemplate\":\"https:\\\/\\\/diariodelsurdigital.com.ar\\\/?s={search_term_string}\"},\"query-input\":{\"@type\":\"PropertyValueSpecification\",\"valueRequired\":true,\"valueName\":\"search_term_string\"}}],\"inLanguage\":\"es\"},{\"@type\":\"Person\",\"@id\":\"https:\\\/\\\/diariodelsurdigital.com.ar\\\/#\\\/schema\\\/person\\\/1a4992532ed62965c968031b49195c81\",\"name\":\"Diario del Sur Digital\",\"image\":{\"@type\":\"ImageObject\",\"inLanguage\":\"es\",\"@id\":\"https:\\\/\\\/secure.gravatar.com\\\/avatar\\\/f0c7c47fc7146d19828273b9b8eda651c9c7ab583767e6338d3d3bee825adf76?s=96&d=mm&r=g\",\"url\":\"https:\\\/\\\/secure.gravatar.com\\\/avatar\\\/f0c7c47fc7146d19828273b9b8eda651c9c7ab583767e6338d3d3bee825adf76?s=96&d=mm&r=g\",\"contentUrl\":\"https:\\\/\\\/secure.gravatar.com\\\/avatar\\\/f0c7c47fc7146d19828273b9b8eda651c9c7ab583767e6338d3d3bee825adf76?s=96&d=mm&r=g\",\"caption\":\"Diario del Sur Digital\"},\"url\":\"https:\\\/\\\/diariodelsurdigital.com.ar\\\/?author=4\"}]}<\/script>\n<!-- \/ Yoast SEO plugin. -->","yoast_head_json":{"title":"Milei retuite\u00f3 el apoyo del gobierno israel\u00ed al ataque ordenado por Trump contra Ir\u00e1n - Diario del Sur","robots":{"index":"index","follow":"follow","max-snippet":"max-snippet:-1","max-image-preview":"max-image-preview:large","max-video-preview":"max-video-preview:-1"},"canonical":"https:\/\/diariodelsurdigital.com.ar\/?p=3323","og_locale":"es_ES","og_type":"article","og_title":"Milei retuite\u00f3 el apoyo del gobierno israel\u00ed al ataque ordenado por Trump contra Ir\u00e1n - Diario del Sur","og_description":"El presidente argentino prefiri\u00f3, hasta el s\u00e1bado a la noche, expresarse a trav\u00e9s de X citando el agradecimiento del presidente israel\u00ed, Benjam\u00edn Netanyahu, por el ataque ordenado por su par norteamericano, Donald Trump, contra Ir\u00e1n. Fue al tiempo que Colombia, Cuba y Venezuela condenaban la agresi\u00f3n. La advertencia iran\u00ed sobre el argentino Rafael Grossi, director [&hellip;]","og_url":"https:\/\/diariodelsurdigital.com.ar\/?p=3323","og_site_name":"Diario del Sur","article_published_time":"2025-06-23T17:22:15+00:00","article_modified_time":"2025-06-23T17:22:16+00:00","og_image":[{"width":992,"height":555,"url":"https:\/\/diariodelsurdigital.com.ar\/wp-content\/uploads\/2025\/06\/md-29.webp","type":"image\/webp"}],"author":"Diario del Sur Digital","twitter_card":"summary_large_image","twitter_misc":{"Escrito por":"Diario del Sur Digital","Tiempo de lectura":"5 minutos"},"schema":{"@context":"https:\/\/schema.org","@graph":[{"@type":"Article","@id":"https:\/\/diariodelsurdigital.com.ar\/?p=3323#article","isPartOf":{"@id":"https:\/\/diariodelsurdigital.com.ar\/?p=3323"},"author":{"name":"Diario del Sur Digital","@id":"https:\/\/diariodelsurdigital.com.ar\/#\/schema\/person\/1a4992532ed62965c968031b49195c81"},"headline":"Milei retuite\u00f3 el apoyo del gobierno israel\u00ed al ataque ordenado por Trump contra Ir\u00e1n","datePublished":"2025-06-23T17:22:15+00:00","dateModified":"2025-06-23T17:22:16+00:00","mainEntityOfPage":{"@id":"https:\/\/diariodelsurdigital.com.ar\/?p=3323"},"wordCount":981,"commentCount":0,"image":{"@id":"https:\/\/diariodelsurdigital.com.ar\/?p=3323#primaryimage"},"thumbnailUrl":"https:\/\/diariodelsurdigital.com.ar\/wp-content\/uploads\/2025\/06\/md-29.webp","articleSection":["Nacionales","Pol\u00edtica"],"inLanguage":"es","potentialAction":[{"@type":"CommentAction","name":"Comment","target":["https:\/\/diariodelsurdigital.com.ar\/?p=3323#respond"]}]},{"@type":"WebPage","@id":"https:\/\/diariodelsurdigital.com.ar\/?p=3323","url":"https:\/\/diariodelsurdigital.com.ar\/?p=3323","name":"Milei retuite\u00f3 el apoyo del gobierno israel\u00ed al ataque ordenado por Trump contra Ir\u00e1n - Diario del Sur","isPartOf":{"@id":"https:\/\/diariodelsurdigital.com.ar\/#website"},"primaryImageOfPage":{"@id":"https:\/\/diariodelsurdigital.com.ar\/?p=3323#primaryimage"},"image":{"@id":"https:\/\/diariodelsurdigital.com.ar\/?p=3323#primaryimage"},"thumbnailUrl":"https:\/\/diariodelsurdigital.com.ar\/wp-content\/uploads\/2025\/06\/md-29.webp","datePublished":"2025-06-23T17:22:15+00:00","dateModified":"2025-06-23T17:22:16+00:00","author":{"@id":"https:\/\/diariodelsurdigital.com.ar\/#\/schema\/person\/1a4992532ed62965c968031b49195c81"},"breadcrumb":{"@id":"https:\/\/diariodelsurdigital.com.ar\/?p=3323#breadcrumb"},"inLanguage":"es","potentialAction":[{"@type":"ReadAction","target":["https:\/\/diariodelsurdigital.com.ar\/?p=3323"]}]},{"@type":"ImageObject","inLanguage":"es","@id":"https:\/\/diariodelsurdigital.com.ar\/?p=3323#primaryimage","url":"https:\/\/diariodelsurdigital.com.ar\/wp-content\/uploads\/2025\/06\/md-29.webp","contentUrl":"https:\/\/diariodelsurdigital.com.ar\/wp-content\/uploads\/2025\/06\/md-29.webp","width":992,"height":555},{"@type":"BreadcrumbList","@id":"https:\/\/diariodelsurdigital.com.ar\/?p=3323#breadcrumb","itemListElement":[{"@type":"ListItem","position":1,"name":"Portada","item":"https:\/\/diariodelsurdigital.com.ar\/"},{"@type":"ListItem","position":2,"name":"Milei retuite\u00f3 el apoyo del gobierno israel\u00ed al ataque ordenado por Trump contra Ir\u00e1n"}]},{"@type":"WebSite","@id":"https:\/\/diariodelsurdigital.com.ar\/#website","url":"https:\/\/diariodelsurdigital.com.ar\/","name":"Diario del Sur","description":"Digital","potentialAction":[{"@type":"SearchAction","target":{"@type":"EntryPoint","urlTemplate":"https:\/\/diariodelsurdigital.com.ar\/?s={search_term_string}"},"query-input":{"@type":"PropertyValueSpecification","valueRequired":true,"valueName":"search_term_string"}}],"inLanguage":"es"},{"@type":"Person","@id":"https:\/\/diariodelsurdigital.com.ar\/#\/schema\/person\/1a4992532ed62965c968031b49195c81","name":"Diario del Sur Digital","image":{"@type":"ImageObject","inLanguage":"es","@id":"https:\/\/secure.gravatar.com\/avatar\/f0c7c47fc7146d19828273b9b8eda651c9c7ab583767e6338d3d3bee825adf76?s=96&d=mm&r=g","url":"https:\/\/secure.gravatar.com\/avatar\/f0c7c47fc7146d19828273b9b8eda651c9c7ab583767e6338d3d3bee825adf76?s=96&d=mm&r=g","contentUrl":"https:\/\/secure.gravatar.com\/avatar\/f0c7c47fc7146d19828273b9b8eda651c9c7ab583767e6338d3d3bee825adf76?s=96&d=mm&r=g","caption":"Diario del Sur Digital"},"url":"https:\/\/diariodelsurdigital.com.ar\/?author=4"}]}},"_links":{"self":[{"href":"https:\/\/diariodelsurdigital.com.ar\/index.php?rest_route=\/wp\/v2\/posts\/3323","targetHints":{"allow":["GET"]}}],"collection":[{"href":"https:\/\/diariodelsurdigital.com.ar\/index.php?rest_route=\/wp\/v2\/posts"}],"about":[{"href":"https:\/\/diariodelsurdigital.com.ar\/index.php?rest_route=\/wp\/v2\/types\/post"}],"author":[{"embeddable":true,"href":"https:\/\/diariodelsurdigital.com.ar\/index.php?rest_route=\/wp\/v2\/users\/4"}],"replies":[{"embeddable":true,"href":"https:\/\/diariodelsurdigital.com.ar\/index.php?rest_route=%2Fwp%2Fv2%2Fcomments&post=3323"}],"version-history":[{"count":1,"href":"https:\/\/diariodelsurdigital.com.ar\/index.php?rest_route=\/wp\/v2\/posts\/3323\/revisions"}],"predecessor-version":[{"id":3325,"href":"https:\/\/diariodelsurdigital.com.ar\/index.php?rest_route=\/wp\/v2\/posts\/3323\/revisions\/3325"}],"wp:featuredmedia":[{"embeddable":true,"href":"https:\/\/diariodelsurdigital.com.ar\/index.php?rest_route=\/wp\/v2\/media\/3324"}],"wp:attachment":[{"href":"https:\/\/diariodelsurdigital.com.ar\/index.php?rest_route=%2Fwp%2Fv2%2Fmedia&parent=3323"}],"wp:term":[{"taxonomy":"category","embeddable":true,"href":"https:\/\/diariodelsurdigital.com.ar\/index.php?rest_route=%2Fwp%2Fv2%2Fcategories&post=3323"},{"taxonomy":"post_tag","embeddable":true,"href":"https:\/\/diariodelsurdigital.com.ar\/index.php?rest_route=%2Fwp%2Fv2%2Ftags&post=3323"}],"curies":[{"name":"wp","href":"https:\/\/api.w.org\/{rel}","templated":true}]}}