{"id":3326,"date":"2025-06-23T14:25:45","date_gmt":"2025-06-23T17:25:45","guid":{"rendered":"https:\/\/diariodelsurdigital.com.ar\/?p=3326"},"modified":"2025-06-23T14:26:22","modified_gmt":"2025-06-23T17:26:22","slug":"maya-pide-la-intervencion-del-partido-justicialista-de-entre-rios","status":"publish","type":"post","link":"https:\/\/diariodelsurdigital.com.ar\/?p=3326","title":{"rendered":"Maya pide la intervenci\u00f3n del Partido Justicialista de Entre R\u00edos"},"content":{"rendered":"\n<p>El dirigente H\u00e9ctor Maya solicit\u00f3 la intervenci\u00f3n del Partido Justicialista y el \u201curgente\u201d llamado a elecciones para elegir nuevas autoridades. Denunci\u00f3 \u201cacciones Fraudulentas y proscriptivas\u201d. La acusaci\u00f3n apunta directamente al Consejo Provincial del PJER y a la Junta Electoral provincial, a quienes se les atribuye la manipulaci\u00f3n de avales y la inhabilitaci\u00f3n de cuatro de las cinco listas presentadas para las pr\u00f3ximas elecciones.<\/p>\n\n\n\n<p>Seg\u00fan la denuncia, presentada por H\u00e9ctor M. Maya, la Junta Electoral, con \u00abmayor\u00eda absoluta en vinculaci\u00f3n con la conducci\u00f3n del Consejo Provincial\u00bb, habr\u00eda orquestado una \u00abgrave irregularidad nunca registrada en la historia del Peronismo Entrerriano\u00bb.<\/p>\n\n\n\n<p>\u201cEl epicentro del fraude se concret\u00f3 en el manejo de los avales que cada lista debi\u00f3 presentar y fueron manipulados en forma il\u00edcita por la conducci\u00f3n JUNTA ELECTORAL CONSEJO PROVINCIAL y articularon la INHABILITACION DE PARTICIPAR A 4 DE LAS 5 LISTAS PRESENTADAS y solo habilitar la vinculada a la conducci\u00f3n\u201d, sostuvo Maya.<\/p>\n\n\n\n<p>\u201cSe intentaron por los proscriptos, todos los caminos tendientes a superar esta agresi\u00f3n, reclamando la exhibici\u00f3n de los avales impugnados y en especial los AVALES DE LA LISTA DE LA CONDUCCION-FALSOS-TRUCHOS EN SU CASI TOTALIDAD todo lo cual fue arteramente manejado\u201d, agreg\u00f3.<\/p>\n\n\n\n<p>\u201cAnte esta situaci\u00f3n, solo restaba un camino, que era denunciar ante la Justicia Federal Electoral el ILICITO de los avales falsos-truchos, de la lista oficialista habilitada, situaci\u00f3n que fue descartada en raz\u00f3n de coherencia, toda vez que estamos desconociendo la justica en la persecuci\u00f3n y proscripcion a CFK y resulta improcedente recurrir por esta cuesti\u00f3n local\u201d, asever\u00f3 Maya.<\/p>\n\n\n\n<p>\u201cHemos registrado un agravio que busca en el CONSEJO NACIONAL PJ la correspondiente reparaci\u00f3n, con INTERVENCION Y LLAMADO A ELECCIONES\u201d.<\/p>\n\n\n\n<p>\u201cEsta petici\u00f3n que formalmente promuevo tiene por objeto, adem\u00e1s de reparar un il\u00edcito, evitar que en octubre veamos un desastre electoral, con expresiones de rechazo a la lista oficialista solo votada por una Junta Electoral y un Consejo adicto y trasladar su indignaci\u00f3n a expresiones varias, que van desde la formaci\u00f3n de una lista por fuera, hasta convocar al voto blanco o nulo\u201d.<\/p>\n\n\n\n<p>\u201cDado que los plazos para el CRONOGRAMA ELECTORAL permiten reparar la situaci\u00f3n con INTERVENCION DEL PJ Y LLAMADO A ELECCIONES para tener candidatos legitimados por el voto de la ciudadan\u00eda, es que RECURRO al Consejo Nacional del PJ a los fines se\u00f1alados\u201d, concluy\u00f3.<\/p>\n","protected":false},"excerpt":{"rendered":"<p>El dirigente H\u00e9ctor Maya solicit\u00f3 la intervenci\u00f3n del Partido Justicialista y el \u201curgente\u201d llamado a elecciones para elegir nuevas autoridades. Denunci\u00f3 \u201cacciones Fraudulentas y proscriptivas\u201d. La acusaci\u00f3n apunta directamente al Consejo Provincial del PJER y a la Junta Electoral provincial, a quienes se les atribuye la manipulaci\u00f3n de avales y la inhabilitaci\u00f3n de cuatro de [&hellip;]<\/p>\n","protected":false},"author":4,"featured_media":3327,"comment_status":"open","ping_status":"open","sticky":false,"template":"","format":"standard","meta":{"footnotes":""},"categories":[22,17],"tags":[],"class_list":{"0":"post-3326","1":"post","2":"type-post","3":"status-publish","4":"format-standard","5":"has-post-thumbnail","7":"category-politica","8":"category-provinciales"},"yoast_head":"<!-- This site is optimized with the Yoast SEO plugin v27.4 - https:\/\/yoast.com\/product\/yoast-seo-wordpress\/ -->\n<title>Maya pide la intervenci\u00f3n del Partido Justicialista de Entre R\u00edos - Diario del Sur<\/title>\n<meta name=\"robots\" content=\"index, follow, max-snippet:-1, max-image-preview:large, max-video-preview:-1\" \/>\n<link rel=\"canonical\" href=\"https:\/\/diariodelsurdigital.com.ar\/?p=3326\" \/>\n<meta property=\"og:locale\" content=\"es_ES\" \/>\n<meta property=\"og:type\" content=\"article\" \/>\n<meta property=\"og:title\" content=\"Maya pide la intervenci\u00f3n del Partido Justicialista de Entre R\u00edos - Diario del Sur\" \/>\n<meta property=\"og:description\" content=\"El dirigente H\u00e9ctor Maya solicit\u00f3 la intervenci\u00f3n del Partido Justicialista y el \u201curgente\u201d llamado a elecciones para elegir nuevas autoridades. Denunci\u00f3 \u201cacciones Fraudulentas y proscriptivas\u201d. La acusaci\u00f3n apunta directamente al Consejo Provincial del PJER y a la Junta Electoral provincial, a quienes se les atribuye la manipulaci\u00f3n de avales y la inhabilitaci\u00f3n de cuatro de [&hellip;]\" \/>\n<meta property=\"og:url\" content=\"https:\/\/diariodelsurdigital.com.ar\/?p=3326\" \/>\n<meta property=\"og:site_name\" content=\"Diario del Sur\" \/>\n<meta property=\"article:published_time\" content=\"2025-06-23T17:25:45+00:00\" \/>\n<meta property=\"article:modified_time\" content=\"2025-06-23T17:26:22+00:00\" \/>\n<meta property=\"og:image\" content=\"https:\/\/diariodelsurdigital.com.ar\/wp-content\/uploads\/2025\/06\/md-30.webp\" \/>\n\t<meta property=\"og:image:width\" content=\"992\" \/>\n\t<meta property=\"og:image:height\" content=\"578\" \/>\n\t<meta property=\"og:image:type\" content=\"image\/webp\" \/>\n<meta name=\"author\" content=\"Diario del Sur Digital\" \/>\n<meta name=\"twitter:card\" content=\"summary_large_image\" \/>\n<meta name=\"twitter:label1\" content=\"Escrito por\" \/>\n\t<meta name=\"twitter:data1\" content=\"Diario del Sur Digital\" \/>\n\t<meta name=\"twitter:label2\" content=\"Tiempo de lectura\" \/>\n\t<meta name=\"twitter:data2\" content=\"2 minutos\" \/>\n<script type=\"application\/ld+json\" class=\"yoast-schema-graph\">{\"@context\":\"https:\\\/\\\/schema.org\",\"@graph\":[{\"@type\":\"Article\",\"@id\":\"https:\\\/\\\/diariodelsurdigital.com.ar\\\/?p=3326#article\",\"isPartOf\":{\"@id\":\"https:\\\/\\\/diariodelsurdigital.com.ar\\\/?p=3326\"},\"author\":{\"name\":\"Diario del Sur Digital\",\"@id\":\"https:\\\/\\\/diariodelsurdigital.com.ar\\\/#\\\/schema\\\/person\\\/1a4992532ed62965c968031b49195c81\"},\"headline\":\"Maya pide la intervenci\u00f3n del Partido Justicialista de Entre R\u00edos\",\"datePublished\":\"2025-06-23T17:25:45+00:00\",\"dateModified\":\"2025-06-23T17:26:22+00:00\",\"mainEntityOfPage\":{\"@id\":\"https:\\\/\\\/diariodelsurdigital.com.ar\\\/?p=3326\"},\"wordCount\":418,\"commentCount\":0,\"image\":{\"@id\":\"https:\\\/\\\/diariodelsurdigital.com.ar\\\/?p=3326#primaryimage\"},\"thumbnailUrl\":\"https:\\\/\\\/diariodelsurdigital.com.ar\\\/wp-content\\\/uploads\\\/2025\\\/06\\\/md-30.webp\",\"articleSection\":[\"Pol\u00edtica\",\"Provinciales\"],\"inLanguage\":\"es\",\"potentialAction\":[{\"@type\":\"CommentAction\",\"name\":\"Comment\",\"target\":[\"https:\\\/\\\/diariodelsurdigital.com.ar\\\/?p=3326#respond\"]}]},{\"@type\":\"WebPage\",\"@id\":\"https:\\\/\\\/diariodelsurdigital.com.ar\\\/?p=3326\",\"url\":\"https:\\\/\\\/diariodelsurdigital.com.ar\\\/?p=3326\",\"name\":\"Maya pide la intervenci\u00f3n del Partido Justicialista de Entre R\u00edos - Diario del Sur\",\"isPartOf\":{\"@id\":\"https:\\\/\\\/diariodelsurdigital.com.ar\\\/#website\"},\"primaryImageOfPage\":{\"@id\":\"https:\\\/\\\/diariodelsurdigital.com.ar\\\/?p=3326#primaryimage\"},\"image\":{\"@id\":\"https:\\\/\\\/diariodelsurdigital.com.ar\\\/?p=3326#primaryimage\"},\"thumbnailUrl\":\"https:\\\/\\\/diariodelsurdigital.com.ar\\\/wp-content\\\/uploads\\\/2025\\\/06\\\/md-30.webp\",\"datePublished\":\"2025-06-23T17:25:45+00:00\",\"dateModified\":\"2025-06-23T17:26:22+00:00\",\"author\":{\"@id\":\"https:\\\/\\\/diariodelsurdigital.com.ar\\\/#\\\/schema\\\/person\\\/1a4992532ed62965c968031b49195c81\"},\"breadcrumb\":{\"@id\":\"https:\\\/\\\/diariodelsurdigital.com.ar\\\/?p=3326#breadcrumb\"},\"inLanguage\":\"es\",\"potentialAction\":[{\"@type\":\"ReadAction\",\"target\":[\"https:\\\/\\\/diariodelsurdigital.com.ar\\\/?p=3326\"]}]},{\"@type\":\"ImageObject\",\"inLanguage\":\"es\",\"@id\":\"https:\\\/\\\/diariodelsurdigital.com.ar\\\/?p=3326#primaryimage\",\"url\":\"https:\\\/\\\/diariodelsurdigital.com.ar\\\/wp-content\\\/uploads\\\/2025\\\/06\\\/md-30.webp\",\"contentUrl\":\"https:\\\/\\\/diariodelsurdigital.com.ar\\\/wp-content\\\/uploads\\\/2025\\\/06\\\/md-30.webp\",\"width\":992,\"height\":578},{\"@type\":\"BreadcrumbList\",\"@id\":\"https:\\\/\\\/diariodelsurdigital.com.ar\\\/?p=3326#breadcrumb\",\"itemListElement\":[{\"@type\":\"ListItem\",\"position\":1,\"name\":\"Portada\",\"item\":\"https:\\\/\\\/diariodelsurdigital.com.ar\\\/\"},{\"@type\":\"ListItem\",\"position\":2,\"name\":\"Maya pide la intervenci\u00f3n del Partido Justicialista de Entre R\u00edos\"}]},{\"@type\":\"WebSite\",\"@id\":\"https:\\\/\\\/diariodelsurdigital.com.ar\\\/#website\",\"url\":\"https:\\\/\\\/diariodelsurdigital.com.ar\\\/\",\"name\":\"Diario del Sur\",\"description\":\"Digital\",\"potentialAction\":[{\"@type\":\"SearchAction\",\"target\":{\"@type\":\"EntryPoint\",\"urlTemplate\":\"https:\\\/\\\/diariodelsurdigital.com.ar\\\/?s={search_term_string}\"},\"query-input\":{\"@type\":\"PropertyValueSpecification\",\"valueRequired\":true,\"valueName\":\"search_term_string\"}}],\"inLanguage\":\"es\"},{\"@type\":\"Person\",\"@id\":\"https:\\\/\\\/diariodelsurdigital.com.ar\\\/#\\\/schema\\\/person\\\/1a4992532ed62965c968031b49195c81\",\"name\":\"Diario del Sur Digital\",\"image\":{\"@type\":\"ImageObject\",\"inLanguage\":\"es\",\"@id\":\"https:\\\/\\\/secure.gravatar.com\\\/avatar\\\/f0c7c47fc7146d19828273b9b8eda651c9c7ab583767e6338d3d3bee825adf76?s=96&d=mm&r=g\",\"url\":\"https:\\\/\\\/secure.gravatar.com\\\/avatar\\\/f0c7c47fc7146d19828273b9b8eda651c9c7ab583767e6338d3d3bee825adf76?s=96&d=mm&r=g\",\"contentUrl\":\"https:\\\/\\\/secure.gravatar.com\\\/avatar\\\/f0c7c47fc7146d19828273b9b8eda651c9c7ab583767e6338d3d3bee825adf76?s=96&d=mm&r=g\",\"caption\":\"Diario del Sur Digital\"},\"url\":\"https:\\\/\\\/diariodelsurdigital.com.ar\\\/?author=4\"}]}<\/script>\n<!-- \/ Yoast SEO plugin. -->","yoast_head_json":{"title":"Maya pide la intervenci\u00f3n del Partido Justicialista de Entre R\u00edos - Diario del Sur","robots":{"index":"index","follow":"follow","max-snippet":"max-snippet:-1","max-image-preview":"max-image-preview:large","max-video-preview":"max-video-preview:-1"},"canonical":"https:\/\/diariodelsurdigital.com.ar\/?p=3326","og_locale":"es_ES","og_type":"article","og_title":"Maya pide la intervenci\u00f3n del Partido Justicialista de Entre R\u00edos - Diario del Sur","og_description":"El dirigente H\u00e9ctor Maya solicit\u00f3 la intervenci\u00f3n del Partido Justicialista y el \u201curgente\u201d llamado a elecciones para elegir nuevas autoridades. Denunci\u00f3 \u201cacciones Fraudulentas y proscriptivas\u201d. La acusaci\u00f3n apunta directamente al Consejo Provincial del PJER y a la Junta Electoral provincial, a quienes se les atribuye la manipulaci\u00f3n de avales y la inhabilitaci\u00f3n de cuatro de [&hellip;]","og_url":"https:\/\/diariodelsurdigital.com.ar\/?p=3326","og_site_name":"Diario del Sur","article_published_time":"2025-06-23T17:25:45+00:00","article_modified_time":"2025-06-23T17:26:22+00:00","og_image":[{"width":992,"height":578,"url":"https:\/\/diariodelsurdigital.com.ar\/wp-content\/uploads\/2025\/06\/md-30.webp","type":"image\/webp"}],"author":"Diario del Sur Digital","twitter_card":"summary_large_image","twitter_misc":{"Escrito por":"Diario del Sur Digital","Tiempo de lectura":"2 minutos"},"schema":{"@context":"https:\/\/schema.org","@graph":[{"@type":"Article","@id":"https:\/\/diariodelsurdigital.com.ar\/?p=3326#article","isPartOf":{"@id":"https:\/\/diariodelsurdigital.com.ar\/?p=3326"},"author":{"name":"Diario del Sur Digital","@id":"https:\/\/diariodelsurdigital.com.ar\/#\/schema\/person\/1a4992532ed62965c968031b49195c81"},"headline":"Maya pide la intervenci\u00f3n del Partido Justicialista de Entre R\u00edos","datePublished":"2025-06-23T17:25:45+00:00","dateModified":"2025-06-23T17:26:22+00:00","mainEntityOfPage":{"@id":"https:\/\/diariodelsurdigital.com.ar\/?p=3326"},"wordCount":418,"commentCount":0,"image":{"@id":"https:\/\/diariodelsurdigital.com.ar\/?p=3326#primaryimage"},"thumbnailUrl":"https:\/\/diariodelsurdigital.com.ar\/wp-content\/uploads\/2025\/06\/md-30.webp","articleSection":["Pol\u00edtica","Provinciales"],"inLanguage":"es","potentialAction":[{"@type":"CommentAction","name":"Comment","target":["https:\/\/diariodelsurdigital.com.ar\/?p=3326#respond"]}]},{"@type":"WebPage","@id":"https:\/\/diariodelsurdigital.com.ar\/?p=3326","url":"https:\/\/diariodelsurdigital.com.ar\/?p=3326","name":"Maya pide la intervenci\u00f3n del Partido Justicialista de Entre R\u00edos - Diario del Sur","isPartOf":{"@id":"https:\/\/diariodelsurdigital.com.ar\/#website"},"primaryImageOfPage":{"@id":"https:\/\/diariodelsurdigital.com.ar\/?p=3326#primaryimage"},"image":{"@id":"https:\/\/diariodelsurdigital.com.ar\/?p=3326#primaryimage"},"thumbnailUrl":"https:\/\/diariodelsurdigital.com.ar\/wp-content\/uploads\/2025\/06\/md-30.webp","datePublished":"2025-06-23T17:25:45+00:00","dateModified":"2025-06-23T17:26:22+00:00","author":{"@id":"https:\/\/diariodelsurdigital.com.ar\/#\/schema\/person\/1a4992532ed62965c968031b49195c81"},"breadcrumb":{"@id":"https:\/\/diariodelsurdigital.com.ar\/?p=3326#breadcrumb"},"inLanguage":"es","potentialAction":[{"@type":"ReadAction","target":["https:\/\/diariodelsurdigital.com.ar\/?p=3326"]}]},{"@type":"ImageObject","inLanguage":"es","@id":"https:\/\/diariodelsurdigital.com.ar\/?p=3326#primaryimage","url":"https:\/\/diariodelsurdigital.com.ar\/wp-content\/uploads\/2025\/06\/md-30.webp","contentUrl":"https:\/\/diariodelsurdigital.com.ar\/wp-content\/uploads\/2025\/06\/md-30.webp","width":992,"height":578},{"@type":"BreadcrumbList","@id":"https:\/\/diariodelsurdigital.com.ar\/?p=3326#breadcrumb","itemListElement":[{"@type":"ListItem","position":1,"name":"Portada","item":"https:\/\/diariodelsurdigital.com.ar\/"},{"@type":"ListItem","position":2,"name":"Maya pide la intervenci\u00f3n del Partido Justicialista de Entre R\u00edos"}]},{"@type":"WebSite","@id":"https:\/\/diariodelsurdigital.com.ar\/#website","url":"https:\/\/diariodelsurdigital.com.ar\/","name":"Diario del Sur","description":"Digital","potentialAction":[{"@type":"SearchAction","target":{"@type":"EntryPoint","urlTemplate":"https:\/\/diariodelsurdigital.com.ar\/?s={search_term_string}"},"query-input":{"@type":"PropertyValueSpecification","valueRequired":true,"valueName":"search_term_string"}}],"inLanguage":"es"},{"@type":"Person","@id":"https:\/\/diariodelsurdigital.com.ar\/#\/schema\/person\/1a4992532ed62965c968031b49195c81","name":"Diario del Sur Digital","image":{"@type":"ImageObject","inLanguage":"es","@id":"https:\/\/secure.gravatar.com\/avatar\/f0c7c47fc7146d19828273b9b8eda651c9c7ab583767e6338d3d3bee825adf76?s=96&d=mm&r=g","url":"https:\/\/secure.gravatar.com\/avatar\/f0c7c47fc7146d19828273b9b8eda651c9c7ab583767e6338d3d3bee825adf76?s=96&d=mm&r=g","contentUrl":"https:\/\/secure.gravatar.com\/avatar\/f0c7c47fc7146d19828273b9b8eda651c9c7ab583767e6338d3d3bee825adf76?s=96&d=mm&r=g","caption":"Diario del Sur Digital"},"url":"https:\/\/diariodelsurdigital.com.ar\/?author=4"}]}},"_links":{"self":[{"href":"https:\/\/diariodelsurdigital.com.ar\/index.php?rest_route=\/wp\/v2\/posts\/3326","targetHints":{"allow":["GET"]}}],"collection":[{"href":"https:\/\/diariodelsurdigital.com.ar\/index.php?rest_route=\/wp\/v2\/posts"}],"about":[{"href":"https:\/\/diariodelsurdigital.com.ar\/index.php?rest_route=\/wp\/v2\/types\/post"}],"author":[{"embeddable":true,"href":"https:\/\/diariodelsurdigital.com.ar\/index.php?rest_route=\/wp\/v2\/users\/4"}],"replies":[{"embeddable":true,"href":"https:\/\/diariodelsurdigital.com.ar\/index.php?rest_route=%2Fwp%2Fv2%2Fcomments&post=3326"}],"version-history":[{"count":1,"href":"https:\/\/diariodelsurdigital.com.ar\/index.php?rest_route=\/wp\/v2\/posts\/3326\/revisions"}],"predecessor-version":[{"id":3328,"href":"https:\/\/diariodelsurdigital.com.ar\/index.php?rest_route=\/wp\/v2\/posts\/3326\/revisions\/3328"}],"wp:featuredmedia":[{"embeddable":true,"href":"https:\/\/diariodelsurdigital.com.ar\/index.php?rest_route=\/wp\/v2\/media\/3327"}],"wp:attachment":[{"href":"https:\/\/diariodelsurdigital.com.ar\/index.php?rest_route=%2Fwp%2Fv2%2Fmedia&parent=3326"}],"wp:term":[{"taxonomy":"category","embeddable":true,"href":"https:\/\/diariodelsurdigital.com.ar\/index.php?rest_route=%2Fwp%2Fv2%2Fcategories&post=3326"},{"taxonomy":"post_tag","embeddable":true,"href":"https:\/\/diariodelsurdigital.com.ar\/index.php?rest_route=%2Fwp%2Fv2%2Ftags&post=3326"}],"curies":[{"name":"wp","href":"https:\/\/api.w.org\/{rel}","templated":true}]}}