{"id":3511,"date":"2025-07-03T13:58:46","date_gmt":"2025-07-03T16:58:46","guid":{"rendered":"https:\/\/diariodelsurdigital.com.ar\/?p=3511"},"modified":"2025-07-03T13:58:47","modified_gmt":"2025-07-03T16:58:47","slug":"la-matricula-escolar-en-entre-rios-cayo-un-1-en-10-anos","status":"publish","type":"post","link":"https:\/\/diariodelsurdigital.com.ar\/?p=3511","title":{"rendered":"La matr\u00edcula escolar en Entre R\u00edos cay\u00f3 un 1% en 10 a\u00f1os"},"content":{"rendered":"\n<p>En la \u00faltima d\u00e9cada, la provincia experiment\u00f3 una leve disminuci\u00f3n del 1% en la matr\u00edcula escolar obligatoria. Esta cifra se alinea con la tendencia nacional, donde tambi\u00e9n se observa un descenso general en la cantidad de alumnos en los niveles obligatorios de ense\u00f1anza. Un nuevo informe alerta sobre desequilibrios, falta de datos clave y grandes disparidades provinciales.<\/p>\n\n\n\n<p><\/p>\n\n\n\n<p>Cuando se habla de educaci\u00f3n, surgen temas relacionados a la calidad del aprendizaje de los alumnos, la infraestructura escolar, los recursos presupuestarios, entre otros. Sin embargo, detr\u00e1s de ellos aparece la formaci\u00f3n de los docentes, aspecto en el que hoy la Argentina tiene una sobreoferta, ya que egresan m\u00e1s maestros respecto a la cantidad de alumnos de la matr\u00edcula. El dato es revelador: en los \u00faltimos 10 a\u00f1os, mientras los egresados de profesorados crecieron 54%, la cantidad de estudiantes de niveles inicial, primario y secundario, tan solo aument\u00f3 un 1%.<\/p>\n\n\n\n<p>De acuerdo al informe de Argentinos por la Educaci\u00f3n titulado \u201cInstitutos de formaci\u00f3n docente\u201d, con autor\u00eda de Romina de Luca (investigadora Adjunta del Conicet y Coordinadora del \u00c1rea de Educaci\u00f3n del Centro de Estudios e Investigaci\u00f3n en Ciencias Sociales-CEICS), Mar\u00eda Sol Alz\u00fa y Leyre S\u00e1enz Guill\u00e9n (Argentinos por la Educaci\u00f3n), se observaron las inconsistencias y deficiencias en las pol\u00edticas educativas, en relaci\u00f3n a la formaci\u00f3n docente y la distribuci\u00f3n de ese recurso en el territorio.<\/p>\n\n\n\n<p>El trabajo publicado este jueves pone bajo la lupa al sistema de formaci\u00f3n docente en la Argentina y revela una paradoja alarmante: entre 2015 y 2024, el n\u00famero de egresados en institutos superiores de formaci\u00f3n docente (ISFD) aument\u00f3 un 54%, mientras que la cantidad de estudiantes en los niveles inicial, primario y secundario -los destinatarios directos de estos futuros maestros- apenas creci\u00f3 un 1%.<\/p>\n\n\n\n<p>El estudio, basado en datos oficiales del Relevamiento Anual del Ministerio de Educaci\u00f3n, analiza la evoluci\u00f3n de la cantidad de institutos, la matr\u00edcula, el perfil de gesti\u00f3n (p\u00fablica o privada), los egresos y la relaci\u00f3n con el sistema educativo obligatorio.<\/p>\n\n\n\n<p>Aunque a nivel nacional se observa una expansi\u00f3n leve de la red institucional, que pas\u00f3 de 1.458 institutos superiores de formaci\u00f3n docente a 1.492, las din\u00e1micas provinciales muestran fuertes contrastes.<\/p>\n\n\n\n<p>\u00bfQu\u00e9 pas\u00f3 en Entre R\u00edos?<br>En la \u00faltima d\u00e9cada, entre 2015 y 2024, la provincia registr\u00f3 una disminuci\u00f3n del 1% en su matr\u00edcula escolar obligatoria, que abarca los niveles inicial, primario y secundario. Esta contracci\u00f3n se traduce en 3.116 alumnos menos, pasando de 318.373 estudiantes en 2015 a 315.257 en 2024. Este descenso se alinea con una tendencia general observada en el pa\u00eds.<\/p>\n\n\n\n<p>Paralelamente, el panorama de la formaci\u00f3n docente en Entre R\u00edos presenta din\u00e1micas contrastantes. La cantidad de Institutos Superiores de Formaci\u00f3n Docente (ISFD) en la provincia se mantuvo estable en 76 entre 2015 y 2024. Sin embargo, en el mismo per\u00edodo, la matr\u00edcula de estudiantes en carreras docentes experiment\u00f3 un descenso del 6%, lo que significa 1.153 estudiantes menos en las aulas de formaci\u00f3n.<\/p>\n\n\n\n<p>A pesar de la reducci\u00f3n en el n\u00famero de ingresantes a estas carreras, la provincia ha logrado un aumento significativo en la cantidad de egresados. Entre 2015 y 2024, los graduados de formaci\u00f3n docente crecieron un 11%, sumando 211 nuevos profesionales al sistema educativo. En 2024, el 9% de los estudiantes de formaci\u00f3n docente en Entre R\u00edos lograron finalizar sus estudios.<\/p>\n\n\n\n<p>Un dato relevante sobre la estructura de la formaci\u00f3n docente en la provincia es la marcada presencia del sector estatal. En 2024, si bien el 48% de los institutos eran de gesti\u00f3n p\u00fablica, estos concentraban el 75% de la matr\u00edcula total de estudiantes de formaci\u00f3n docente, evidenciando la preferencia por la educaci\u00f3n p\u00fablica en este \u00e1mbito.<\/p>\n\n\n\n<p>Estos datos, extra\u00eddos del informe \u00abInstitutos de Formaci\u00f3n Docente\u00bb de Argentinos por la Educaci\u00f3n, plantean un escenario complejo para las autoridades educativas de Entre R\u00edos. La disminuci\u00f3n de la matr\u00edcula en la educaci\u00f3n obligatoria, sumada a la contracci\u00f3n en el n\u00famero de estudiantes de carreras docentes, contrasta con el aumento de egresados, lo que sugiere la necesidad de analizar las pol\u00edticas de atracci\u00f3n y retenci\u00f3n de futuros educadores, as\u00ed como las estrategias para abordar los cambios demogr\u00e1ficos en la poblaci\u00f3n escolar, public\u00f3 \u00c1mbito.<\/p>\n","protected":false},"excerpt":{"rendered":"<p>En la \u00faltima d\u00e9cada, la provincia experiment\u00f3 una leve disminuci\u00f3n del 1% en la matr\u00edcula escolar obligatoria. Esta cifra se alinea con la tendencia nacional, donde tambi\u00e9n se observa un descenso general en la cantidad de alumnos en los niveles obligatorios de ense\u00f1anza. Un nuevo informe alerta sobre desequilibrios, falta de datos clave y grandes [&hellip;]<\/p>\n","protected":false},"author":4,"featured_media":3512,"comment_status":"open","ping_status":"open","sticky":false,"template":"","format":"standard","meta":{"footnotes":""},"categories":[19,17],"tags":[],"class_list":{"0":"post-3511","1":"post","2":"type-post","3":"status-publish","4":"format-standard","5":"has-post-thumbnail","7":"category-interes-general","8":"category-provinciales"},"yoast_head":"<!-- This site is optimized with the Yoast SEO plugin v27.4 - https:\/\/yoast.com\/product\/yoast-seo-wordpress\/ -->\n<title>La matr\u00edcula escolar en Entre R\u00edos cay\u00f3 un 1% en 10 a\u00f1os - Diario del Sur<\/title>\n<meta name=\"robots\" content=\"index, follow, max-snippet:-1, max-image-preview:large, max-video-preview:-1\" \/>\n<link rel=\"canonical\" href=\"https:\/\/diariodelsurdigital.com.ar\/?p=3511\" \/>\n<meta property=\"og:locale\" content=\"es_ES\" \/>\n<meta property=\"og:type\" content=\"article\" \/>\n<meta property=\"og:title\" content=\"La matr\u00edcula escolar en Entre R\u00edos cay\u00f3 un 1% en 10 a\u00f1os - Diario del Sur\" \/>\n<meta property=\"og:description\" content=\"En la \u00faltima d\u00e9cada, la provincia experiment\u00f3 una leve disminuci\u00f3n del 1% en la matr\u00edcula escolar obligatoria. Esta cifra se alinea con la tendencia nacional, donde tambi\u00e9n se observa un descenso general en la cantidad de alumnos en los niveles obligatorios de ense\u00f1anza. Un nuevo informe alerta sobre desequilibrios, falta de datos clave y grandes [&hellip;]\" \/>\n<meta property=\"og:url\" content=\"https:\/\/diariodelsurdigital.com.ar\/?p=3511\" \/>\n<meta property=\"og:site_name\" content=\"Diario del Sur\" \/>\n<meta property=\"article:published_time\" content=\"2025-07-03T16:58:46+00:00\" \/>\n<meta property=\"article:modified_time\" content=\"2025-07-03T16:58:47+00:00\" \/>\n<meta property=\"og:image\" content=\"https:\/\/diariodelsurdigital.com.ar\/wp-content\/uploads\/2025\/07\/md-7-1.webp\" \/>\n\t<meta property=\"og:image:width\" content=\"992\" \/>\n\t<meta property=\"og:image:height\" content=\"661\" \/>\n\t<meta property=\"og:image:type\" content=\"image\/webp\" \/>\n<meta name=\"author\" content=\"Diario del Sur Digital\" \/>\n<meta name=\"twitter:card\" content=\"summary_large_image\" \/>\n<meta name=\"twitter:label1\" content=\"Escrito por\" \/>\n\t<meta name=\"twitter:data1\" content=\"Diario del Sur Digital\" \/>\n\t<meta name=\"twitter:label2\" content=\"Tiempo de lectura\" \/>\n\t<meta name=\"twitter:data2\" content=\"4 minutos\" \/>\n<script type=\"application\/ld+json\" class=\"yoast-schema-graph\">{\"@context\":\"https:\\\/\\\/schema.org\",\"@graph\":[{\"@type\":\"Article\",\"@id\":\"https:\\\/\\\/diariodelsurdigital.com.ar\\\/?p=3511#article\",\"isPartOf\":{\"@id\":\"https:\\\/\\\/diariodelsurdigital.com.ar\\\/?p=3511\"},\"author\":{\"name\":\"Diario del Sur Digital\",\"@id\":\"https:\\\/\\\/diariodelsurdigital.com.ar\\\/#\\\/schema\\\/person\\\/1a4992532ed62965c968031b49195c81\"},\"headline\":\"La matr\u00edcula escolar en Entre R\u00edos cay\u00f3 un 1% en 10 a\u00f1os\",\"datePublished\":\"2025-07-03T16:58:46+00:00\",\"dateModified\":\"2025-07-03T16:58:47+00:00\",\"mainEntityOfPage\":{\"@id\":\"https:\\\/\\\/diariodelsurdigital.com.ar\\\/?p=3511\"},\"wordCount\":738,\"commentCount\":0,\"image\":{\"@id\":\"https:\\\/\\\/diariodelsurdigital.com.ar\\\/?p=3511#primaryimage\"},\"thumbnailUrl\":\"https:\\\/\\\/diariodelsurdigital.com.ar\\\/wp-content\\\/uploads\\\/2025\\\/07\\\/md-7-1.webp\",\"articleSection\":[\"Inter\u00e9s General\",\"Provinciales\"],\"inLanguage\":\"es\",\"potentialAction\":[{\"@type\":\"CommentAction\",\"name\":\"Comment\",\"target\":[\"https:\\\/\\\/diariodelsurdigital.com.ar\\\/?p=3511#respond\"]}]},{\"@type\":\"WebPage\",\"@id\":\"https:\\\/\\\/diariodelsurdigital.com.ar\\\/?p=3511\",\"url\":\"https:\\\/\\\/diariodelsurdigital.com.ar\\\/?p=3511\",\"name\":\"La matr\u00edcula escolar en Entre R\u00edos cay\u00f3 un 1% en 10 a\u00f1os - Diario del Sur\",\"isPartOf\":{\"@id\":\"https:\\\/\\\/diariodelsurdigital.com.ar\\\/#website\"},\"primaryImageOfPage\":{\"@id\":\"https:\\\/\\\/diariodelsurdigital.com.ar\\\/?p=3511#primaryimage\"},\"image\":{\"@id\":\"https:\\\/\\\/diariodelsurdigital.com.ar\\\/?p=3511#primaryimage\"},\"thumbnailUrl\":\"https:\\\/\\\/diariodelsurdigital.com.ar\\\/wp-content\\\/uploads\\\/2025\\\/07\\\/md-7-1.webp\",\"datePublished\":\"2025-07-03T16:58:46+00:00\",\"dateModified\":\"2025-07-03T16:58:47+00:00\",\"author\":{\"@id\":\"https:\\\/\\\/diariodelsurdigital.com.ar\\\/#\\\/schema\\\/person\\\/1a4992532ed62965c968031b49195c81\"},\"breadcrumb\":{\"@id\":\"https:\\\/\\\/diariodelsurdigital.com.ar\\\/?p=3511#breadcrumb\"},\"inLanguage\":\"es\",\"potentialAction\":[{\"@type\":\"ReadAction\",\"target\":[\"https:\\\/\\\/diariodelsurdigital.com.ar\\\/?p=3511\"]}]},{\"@type\":\"ImageObject\",\"inLanguage\":\"es\",\"@id\":\"https:\\\/\\\/diariodelsurdigital.com.ar\\\/?p=3511#primaryimage\",\"url\":\"https:\\\/\\\/diariodelsurdigital.com.ar\\\/wp-content\\\/uploads\\\/2025\\\/07\\\/md-7-1.webp\",\"contentUrl\":\"https:\\\/\\\/diariodelsurdigital.com.ar\\\/wp-content\\\/uploads\\\/2025\\\/07\\\/md-7-1.webp\",\"width\":992,\"height\":661},{\"@type\":\"BreadcrumbList\",\"@id\":\"https:\\\/\\\/diariodelsurdigital.com.ar\\\/?p=3511#breadcrumb\",\"itemListElement\":[{\"@type\":\"ListItem\",\"position\":1,\"name\":\"Portada\",\"item\":\"https:\\\/\\\/diariodelsurdigital.com.ar\\\/\"},{\"@type\":\"ListItem\",\"position\":2,\"name\":\"La matr\u00edcula escolar en Entre R\u00edos cay\u00f3 un 1% en 10 a\u00f1os\"}]},{\"@type\":\"WebSite\",\"@id\":\"https:\\\/\\\/diariodelsurdigital.com.ar\\\/#website\",\"url\":\"https:\\\/\\\/diariodelsurdigital.com.ar\\\/\",\"name\":\"Diario del Sur\",\"description\":\"Digital\",\"potentialAction\":[{\"@type\":\"SearchAction\",\"target\":{\"@type\":\"EntryPoint\",\"urlTemplate\":\"https:\\\/\\\/diariodelsurdigital.com.ar\\\/?s={search_term_string}\"},\"query-input\":{\"@type\":\"PropertyValueSpecification\",\"valueRequired\":true,\"valueName\":\"search_term_string\"}}],\"inLanguage\":\"es\"},{\"@type\":\"Person\",\"@id\":\"https:\\\/\\\/diariodelsurdigital.com.ar\\\/#\\\/schema\\\/person\\\/1a4992532ed62965c968031b49195c81\",\"name\":\"Diario del Sur Digital\",\"image\":{\"@type\":\"ImageObject\",\"inLanguage\":\"es\",\"@id\":\"https:\\\/\\\/secure.gravatar.com\\\/avatar\\\/f0c7c47fc7146d19828273b9b8eda651c9c7ab583767e6338d3d3bee825adf76?s=96&d=mm&r=g\",\"url\":\"https:\\\/\\\/secure.gravatar.com\\\/avatar\\\/f0c7c47fc7146d19828273b9b8eda651c9c7ab583767e6338d3d3bee825adf76?s=96&d=mm&r=g\",\"contentUrl\":\"https:\\\/\\\/secure.gravatar.com\\\/avatar\\\/f0c7c47fc7146d19828273b9b8eda651c9c7ab583767e6338d3d3bee825adf76?s=96&d=mm&r=g\",\"caption\":\"Diario del Sur Digital\"},\"url\":\"https:\\\/\\\/diariodelsurdigital.com.ar\\\/?author=4\"}]}<\/script>\n<!-- \/ Yoast SEO plugin. -->","yoast_head_json":{"title":"La matr\u00edcula escolar en Entre R\u00edos cay\u00f3 un 1% en 10 a\u00f1os - Diario del Sur","robots":{"index":"index","follow":"follow","max-snippet":"max-snippet:-1","max-image-preview":"max-image-preview:large","max-video-preview":"max-video-preview:-1"},"canonical":"https:\/\/diariodelsurdigital.com.ar\/?p=3511","og_locale":"es_ES","og_type":"article","og_title":"La matr\u00edcula escolar en Entre R\u00edos cay\u00f3 un 1% en 10 a\u00f1os - Diario del Sur","og_description":"En la \u00faltima d\u00e9cada, la provincia experiment\u00f3 una leve disminuci\u00f3n del 1% en la matr\u00edcula escolar obligatoria. Esta cifra se alinea con la tendencia nacional, donde tambi\u00e9n se observa un descenso general en la cantidad de alumnos en los niveles obligatorios de ense\u00f1anza. Un nuevo informe alerta sobre desequilibrios, falta de datos clave y grandes [&hellip;]","og_url":"https:\/\/diariodelsurdigital.com.ar\/?p=3511","og_site_name":"Diario del Sur","article_published_time":"2025-07-03T16:58:46+00:00","article_modified_time":"2025-07-03T16:58:47+00:00","og_image":[{"width":992,"height":661,"url":"https:\/\/diariodelsurdigital.com.ar\/wp-content\/uploads\/2025\/07\/md-7-1.webp","type":"image\/webp"}],"author":"Diario del Sur Digital","twitter_card":"summary_large_image","twitter_misc":{"Escrito por":"Diario del Sur Digital","Tiempo de lectura":"4 minutos"},"schema":{"@context":"https:\/\/schema.org","@graph":[{"@type":"Article","@id":"https:\/\/diariodelsurdigital.com.ar\/?p=3511#article","isPartOf":{"@id":"https:\/\/diariodelsurdigital.com.ar\/?p=3511"},"author":{"name":"Diario del Sur Digital","@id":"https:\/\/diariodelsurdigital.com.ar\/#\/schema\/person\/1a4992532ed62965c968031b49195c81"},"headline":"La matr\u00edcula escolar en Entre R\u00edos cay\u00f3 un 1% en 10 a\u00f1os","datePublished":"2025-07-03T16:58:46+00:00","dateModified":"2025-07-03T16:58:47+00:00","mainEntityOfPage":{"@id":"https:\/\/diariodelsurdigital.com.ar\/?p=3511"},"wordCount":738,"commentCount":0,"image":{"@id":"https:\/\/diariodelsurdigital.com.ar\/?p=3511#primaryimage"},"thumbnailUrl":"https:\/\/diariodelsurdigital.com.ar\/wp-content\/uploads\/2025\/07\/md-7-1.webp","articleSection":["Inter\u00e9s General","Provinciales"],"inLanguage":"es","potentialAction":[{"@type":"CommentAction","name":"Comment","target":["https:\/\/diariodelsurdigital.com.ar\/?p=3511#respond"]}]},{"@type":"WebPage","@id":"https:\/\/diariodelsurdigital.com.ar\/?p=3511","url":"https:\/\/diariodelsurdigital.com.ar\/?p=3511","name":"La matr\u00edcula escolar en Entre R\u00edos cay\u00f3 un 1% en 10 a\u00f1os - Diario del Sur","isPartOf":{"@id":"https:\/\/diariodelsurdigital.com.ar\/#website"},"primaryImageOfPage":{"@id":"https:\/\/diariodelsurdigital.com.ar\/?p=3511#primaryimage"},"image":{"@id":"https:\/\/diariodelsurdigital.com.ar\/?p=3511#primaryimage"},"thumbnailUrl":"https:\/\/diariodelsurdigital.com.ar\/wp-content\/uploads\/2025\/07\/md-7-1.webp","datePublished":"2025-07-03T16:58:46+00:00","dateModified":"2025-07-03T16:58:47+00:00","author":{"@id":"https:\/\/diariodelsurdigital.com.ar\/#\/schema\/person\/1a4992532ed62965c968031b49195c81"},"breadcrumb":{"@id":"https:\/\/diariodelsurdigital.com.ar\/?p=3511#breadcrumb"},"inLanguage":"es","potentialAction":[{"@type":"ReadAction","target":["https:\/\/diariodelsurdigital.com.ar\/?p=3511"]}]},{"@type":"ImageObject","inLanguage":"es","@id":"https:\/\/diariodelsurdigital.com.ar\/?p=3511#primaryimage","url":"https:\/\/diariodelsurdigital.com.ar\/wp-content\/uploads\/2025\/07\/md-7-1.webp","contentUrl":"https:\/\/diariodelsurdigital.com.ar\/wp-content\/uploads\/2025\/07\/md-7-1.webp","width":992,"height":661},{"@type":"BreadcrumbList","@id":"https:\/\/diariodelsurdigital.com.ar\/?p=3511#breadcrumb","itemListElement":[{"@type":"ListItem","position":1,"name":"Portada","item":"https:\/\/diariodelsurdigital.com.ar\/"},{"@type":"ListItem","position":2,"name":"La matr\u00edcula escolar en Entre R\u00edos cay\u00f3 un 1% en 10 a\u00f1os"}]},{"@type":"WebSite","@id":"https:\/\/diariodelsurdigital.com.ar\/#website","url":"https:\/\/diariodelsurdigital.com.ar\/","name":"Diario del Sur","description":"Digital","potentialAction":[{"@type":"SearchAction","target":{"@type":"EntryPoint","urlTemplate":"https:\/\/diariodelsurdigital.com.ar\/?s={search_term_string}"},"query-input":{"@type":"PropertyValueSpecification","valueRequired":true,"valueName":"search_term_string"}}],"inLanguage":"es"},{"@type":"Person","@id":"https:\/\/diariodelsurdigital.com.ar\/#\/schema\/person\/1a4992532ed62965c968031b49195c81","name":"Diario del Sur Digital","image":{"@type":"ImageObject","inLanguage":"es","@id":"https:\/\/secure.gravatar.com\/avatar\/f0c7c47fc7146d19828273b9b8eda651c9c7ab583767e6338d3d3bee825adf76?s=96&d=mm&r=g","url":"https:\/\/secure.gravatar.com\/avatar\/f0c7c47fc7146d19828273b9b8eda651c9c7ab583767e6338d3d3bee825adf76?s=96&d=mm&r=g","contentUrl":"https:\/\/secure.gravatar.com\/avatar\/f0c7c47fc7146d19828273b9b8eda651c9c7ab583767e6338d3d3bee825adf76?s=96&d=mm&r=g","caption":"Diario del Sur Digital"},"url":"https:\/\/diariodelsurdigital.com.ar\/?author=4"}]}},"_links":{"self":[{"href":"https:\/\/diariodelsurdigital.com.ar\/index.php?rest_route=\/wp\/v2\/posts\/3511","targetHints":{"allow":["GET"]}}],"collection":[{"href":"https:\/\/diariodelsurdigital.com.ar\/index.php?rest_route=\/wp\/v2\/posts"}],"about":[{"href":"https:\/\/diariodelsurdigital.com.ar\/index.php?rest_route=\/wp\/v2\/types\/post"}],"author":[{"embeddable":true,"href":"https:\/\/diariodelsurdigital.com.ar\/index.php?rest_route=\/wp\/v2\/users\/4"}],"replies":[{"embeddable":true,"href":"https:\/\/diariodelsurdigital.com.ar\/index.php?rest_route=%2Fwp%2Fv2%2Fcomments&post=3511"}],"version-history":[{"count":1,"href":"https:\/\/diariodelsurdigital.com.ar\/index.php?rest_route=\/wp\/v2\/posts\/3511\/revisions"}],"predecessor-version":[{"id":3513,"href":"https:\/\/diariodelsurdigital.com.ar\/index.php?rest_route=\/wp\/v2\/posts\/3511\/revisions\/3513"}],"wp:featuredmedia":[{"embeddable":true,"href":"https:\/\/diariodelsurdigital.com.ar\/index.php?rest_route=\/wp\/v2\/media\/3512"}],"wp:attachment":[{"href":"https:\/\/diariodelsurdigital.com.ar\/index.php?rest_route=%2Fwp%2Fv2%2Fmedia&parent=3511"}],"wp:term":[{"taxonomy":"category","embeddable":true,"href":"https:\/\/diariodelsurdigital.com.ar\/index.php?rest_route=%2Fwp%2Fv2%2Fcategories&post=3511"},{"taxonomy":"post_tag","embeddable":true,"href":"https:\/\/diariodelsurdigital.com.ar\/index.php?rest_route=%2Fwp%2Fv2%2Ftags&post=3511"}],"curies":[{"name":"wp","href":"https:\/\/api.w.org\/{rel}","templated":true}]}}