{"id":3515,"date":"2025-07-04T12:13:16","date_gmt":"2025-07-04T15:13:16","guid":{"rendered":"https:\/\/diariodelsurdigital.com.ar\/?p=3515"},"modified":"2025-07-04T12:13:17","modified_gmt":"2025-07-04T15:13:17","slug":"funcionaria-de-la-onu-aseguro-que-israel-comete-uno-de-los-genocidios-mas-crueles-de-la-historia-moderna","status":"publish","type":"post","link":"https:\/\/diariodelsurdigital.com.ar\/?p=3515","title":{"rendered":"Funcionaria de la ONU asegur\u00f3 que Israel comete \u00abuno de los genocidios m\u00e1s crueles de la historia moderna\u00bb"},"content":{"rendered":"\n<p>La relatora Francesca Albanese inst\u00f3 a empresas y gobiernos a cortar v\u00ednculos con Israel y pidi\u00f3 sanciones por violaciones al derecho internacional.<\/p>\n\n\n\n<p>La relatora especial dela ONU para los Territorios Palestinos ocupados, Francesca Albanese, asegur\u00f3 este jueves que \u00abIsrael es responsable de uno de los genocidios m\u00e1s crueles de la historia moderna\u00bb, en un discurso ante el Consejo de Derechos Humanos reunido en Ginebra.<\/p>\n\n\n\n<p>Albanese reclam\u00f3 a las empresas multinacionales cortar lazos comerciales y financieros con Israel por la guerra que lleva adelante en la Franja de Gaza desde octubre de 2023, que ya provoc\u00f3 la muerte de m\u00e1s de 57.000 palestinos y el desplazamiento de m\u00e1s de un mill\u00f3n de personas.<\/p>\n\n\n\n<p>\u201cLa situaci\u00f3n en los Territorios Palestinos ocupados es apocal\u00edptica\u201d, se\u00f1al\u00f3 la relatora. Israel rechaz\u00f3 el informe, lo consider\u00f3 \u201cinfundado\u201d y afirm\u00f3 que \u201centrar\u00e1 en el basurero de la historia\u201d.<\/p>\n\n\n\n<p>Israel: econom\u00eda del genocidio y empresas involucradas<\/p>\n\n\n\n<p>Albanese inst\u00f3 a los Estados a tomar medidas urgentes para frenar a Israel y exigi\u00f3 que se sancione legalmente a las empresas que violen el derecho internacional.<\/p>\n\n\n\n<p>En su informe, la relatora habla de una \u00abeconom\u00eda del genocidio\u00bb y menciona a m\u00e1s de 60 empresas involucradas en el apoyo a los asentamientos israel\u00edes y a las acciones militares en Gaza y Cisjordania.<\/p>\n\n\n\n<p>Las firmas se\u00f1aladas van desde gigantes tecnol\u00f3gicos y de construcci\u00f3n, hasta empresas de armamento, alimentos y finanzas.<\/p>\n\n\n\n<p>\u00abEn Palestina, hist\u00f3ricamente, las empresas han impulsado y facilitado el proceso de desplazamiento y reemplazo de la poblaci\u00f3n \u00e1rabe\u00bb, advierte el informe, y remarca que el proceso se aceler\u00f3 dr\u00e1sticamente desde octubre de 2023, public\u00f3 \u00c1mbito.<\/p>\n","protected":false},"excerpt":{"rendered":"<p>La relatora Francesca Albanese inst\u00f3 a empresas y gobiernos a cortar v\u00ednculos con Israel y pidi\u00f3 sanciones por violaciones al derecho internacional. La relatora especial dela ONU para los Territorios Palestinos ocupados, Francesca Albanese, asegur\u00f3 este jueves que \u00abIsrael es responsable de uno de los genocidios m\u00e1s crueles de la historia moderna\u00bb, en un discurso [&hellip;]<\/p>\n","protected":false},"author":4,"featured_media":3516,"comment_status":"open","ping_status":"open","sticky":false,"template":"","format":"standard","meta":{"footnotes":""},"categories":[1],"tags":[],"class_list":{"0":"post-3515","1":"post","2":"type-post","3":"status-publish","4":"format-standard","5":"has-post-thumbnail","7":"category-uncategorized"},"yoast_head":"<!-- This site is optimized with the Yoast SEO plugin v27.4 - https:\/\/yoast.com\/product\/yoast-seo-wordpress\/ -->\n<title>Funcionaria de la ONU asegur\u00f3 que Israel comete &quot;uno de los genocidios m\u00e1s crueles de la historia moderna&quot; - Diario del Sur<\/title>\n<meta name=\"robots\" content=\"index, follow, max-snippet:-1, max-image-preview:large, max-video-preview:-1\" \/>\n<link rel=\"canonical\" href=\"https:\/\/diariodelsurdigital.com.ar\/?p=3515\" \/>\n<meta property=\"og:locale\" content=\"es_ES\" \/>\n<meta property=\"og:type\" content=\"article\" \/>\n<meta property=\"og:title\" content=\"Funcionaria de la ONU asegur\u00f3 que Israel comete &quot;uno de los genocidios m\u00e1s crueles de la historia moderna&quot; - Diario del Sur\" \/>\n<meta property=\"og:description\" content=\"La relatora Francesca Albanese inst\u00f3 a empresas y gobiernos a cortar v\u00ednculos con Israel y pidi\u00f3 sanciones por violaciones al derecho internacional. La relatora especial dela ONU para los Territorios Palestinos ocupados, Francesca Albanese, asegur\u00f3 este jueves que \u00abIsrael es responsable de uno de los genocidios m\u00e1s crueles de la historia moderna\u00bb, en un discurso [&hellip;]\" \/>\n<meta property=\"og:url\" content=\"https:\/\/diariodelsurdigital.com.ar\/?p=3515\" \/>\n<meta property=\"og:site_name\" content=\"Diario del Sur\" \/>\n<meta property=\"article:published_time\" content=\"2025-07-04T15:13:16+00:00\" \/>\n<meta property=\"article:modified_time\" content=\"2025-07-04T15:13:17+00:00\" \/>\n<meta property=\"og:image\" content=\"https:\/\/diariodelsurdigital.com.ar\/wp-content\/uploads\/2025\/07\/md-8-1.webp\" \/>\n\t<meta property=\"og:image:width\" content=\"992\" \/>\n\t<meta property=\"og:image:height\" content=\"557\" \/>\n\t<meta property=\"og:image:type\" content=\"image\/webp\" \/>\n<meta name=\"author\" content=\"Diario del Sur Digital\" \/>\n<meta name=\"twitter:card\" content=\"summary_large_image\" \/>\n<meta name=\"twitter:label1\" content=\"Escrito por\" \/>\n\t<meta name=\"twitter:data1\" content=\"Diario del Sur Digital\" \/>\n\t<meta name=\"twitter:label2\" content=\"Tiempo de lectura\" \/>\n\t<meta name=\"twitter:data2\" content=\"2 minutos\" \/>\n<script type=\"application\/ld+json\" class=\"yoast-schema-graph\">{\"@context\":\"https:\\\/\\\/schema.org\",\"@graph\":[{\"@type\":\"Article\",\"@id\":\"https:\\\/\\\/diariodelsurdigital.com.ar\\\/?p=3515#article\",\"isPartOf\":{\"@id\":\"https:\\\/\\\/diariodelsurdigital.com.ar\\\/?p=3515\"},\"author\":{\"name\":\"Diario del Sur Digital\",\"@id\":\"https:\\\/\\\/diariodelsurdigital.com.ar\\\/#\\\/schema\\\/person\\\/1a4992532ed62965c968031b49195c81\"},\"headline\":\"Funcionaria de la ONU asegur\u00f3 que Israel comete \u00abuno de los genocidios m\u00e1s crueles de la historia moderna\u00bb\",\"datePublished\":\"2025-07-04T15:13:16+00:00\",\"dateModified\":\"2025-07-04T15:13:17+00:00\",\"mainEntityOfPage\":{\"@id\":\"https:\\\/\\\/diariodelsurdigital.com.ar\\\/?p=3515\"},\"wordCount\":296,\"commentCount\":0,\"image\":{\"@id\":\"https:\\\/\\\/diariodelsurdigital.com.ar\\\/?p=3515#primaryimage\"},\"thumbnailUrl\":\"https:\\\/\\\/diariodelsurdigital.com.ar\\\/wp-content\\\/uploads\\\/2025\\\/07\\\/md-8-1.webp\",\"articleSection\":[\"Uncategorized\"],\"inLanguage\":\"es\",\"potentialAction\":[{\"@type\":\"CommentAction\",\"name\":\"Comment\",\"target\":[\"https:\\\/\\\/diariodelsurdigital.com.ar\\\/?p=3515#respond\"]}]},{\"@type\":\"WebPage\",\"@id\":\"https:\\\/\\\/diariodelsurdigital.com.ar\\\/?p=3515\",\"url\":\"https:\\\/\\\/diariodelsurdigital.com.ar\\\/?p=3515\",\"name\":\"Funcionaria de la ONU asegur\u00f3 que Israel comete \\\"uno de los genocidios m\u00e1s crueles de la historia moderna\\\" - Diario del Sur\",\"isPartOf\":{\"@id\":\"https:\\\/\\\/diariodelsurdigital.com.ar\\\/#website\"},\"primaryImageOfPage\":{\"@id\":\"https:\\\/\\\/diariodelsurdigital.com.ar\\\/?p=3515#primaryimage\"},\"image\":{\"@id\":\"https:\\\/\\\/diariodelsurdigital.com.ar\\\/?p=3515#primaryimage\"},\"thumbnailUrl\":\"https:\\\/\\\/diariodelsurdigital.com.ar\\\/wp-content\\\/uploads\\\/2025\\\/07\\\/md-8-1.webp\",\"datePublished\":\"2025-07-04T15:13:16+00:00\",\"dateModified\":\"2025-07-04T15:13:17+00:00\",\"author\":{\"@id\":\"https:\\\/\\\/diariodelsurdigital.com.ar\\\/#\\\/schema\\\/person\\\/1a4992532ed62965c968031b49195c81\"},\"breadcrumb\":{\"@id\":\"https:\\\/\\\/diariodelsurdigital.com.ar\\\/?p=3515#breadcrumb\"},\"inLanguage\":\"es\",\"potentialAction\":[{\"@type\":\"ReadAction\",\"target\":[\"https:\\\/\\\/diariodelsurdigital.com.ar\\\/?p=3515\"]}]},{\"@type\":\"ImageObject\",\"inLanguage\":\"es\",\"@id\":\"https:\\\/\\\/diariodelsurdigital.com.ar\\\/?p=3515#primaryimage\",\"url\":\"https:\\\/\\\/diariodelsurdigital.com.ar\\\/wp-content\\\/uploads\\\/2025\\\/07\\\/md-8-1.webp\",\"contentUrl\":\"https:\\\/\\\/diariodelsurdigital.com.ar\\\/wp-content\\\/uploads\\\/2025\\\/07\\\/md-8-1.webp\",\"width\":992,\"height\":557},{\"@type\":\"BreadcrumbList\",\"@id\":\"https:\\\/\\\/diariodelsurdigital.com.ar\\\/?p=3515#breadcrumb\",\"itemListElement\":[{\"@type\":\"ListItem\",\"position\":1,\"name\":\"Portada\",\"item\":\"https:\\\/\\\/diariodelsurdigital.com.ar\\\/\"},{\"@type\":\"ListItem\",\"position\":2,\"name\":\"Funcionaria de la ONU asegur\u00f3 que Israel comete \u00abuno de los genocidios m\u00e1s crueles de la historia moderna\u00bb\"}]},{\"@type\":\"WebSite\",\"@id\":\"https:\\\/\\\/diariodelsurdigital.com.ar\\\/#website\",\"url\":\"https:\\\/\\\/diariodelsurdigital.com.ar\\\/\",\"name\":\"Diario del Sur\",\"description\":\"Digital\",\"potentialAction\":[{\"@type\":\"SearchAction\",\"target\":{\"@type\":\"EntryPoint\",\"urlTemplate\":\"https:\\\/\\\/diariodelsurdigital.com.ar\\\/?s={search_term_string}\"},\"query-input\":{\"@type\":\"PropertyValueSpecification\",\"valueRequired\":true,\"valueName\":\"search_term_string\"}}],\"inLanguage\":\"es\"},{\"@type\":\"Person\",\"@id\":\"https:\\\/\\\/diariodelsurdigital.com.ar\\\/#\\\/schema\\\/person\\\/1a4992532ed62965c968031b49195c81\",\"name\":\"Diario del Sur Digital\",\"image\":{\"@type\":\"ImageObject\",\"inLanguage\":\"es\",\"@id\":\"https:\\\/\\\/secure.gravatar.com\\\/avatar\\\/f0c7c47fc7146d19828273b9b8eda651c9c7ab583767e6338d3d3bee825adf76?s=96&d=mm&r=g\",\"url\":\"https:\\\/\\\/secure.gravatar.com\\\/avatar\\\/f0c7c47fc7146d19828273b9b8eda651c9c7ab583767e6338d3d3bee825adf76?s=96&d=mm&r=g\",\"contentUrl\":\"https:\\\/\\\/secure.gravatar.com\\\/avatar\\\/f0c7c47fc7146d19828273b9b8eda651c9c7ab583767e6338d3d3bee825adf76?s=96&d=mm&r=g\",\"caption\":\"Diario del Sur Digital\"},\"url\":\"https:\\\/\\\/diariodelsurdigital.com.ar\\\/?author=4\"}]}<\/script>\n<!-- \/ Yoast SEO plugin. -->","yoast_head_json":{"title":"Funcionaria de la ONU asegur\u00f3 que Israel comete \"uno de los genocidios m\u00e1s crueles de la historia moderna\" - Diario del Sur","robots":{"index":"index","follow":"follow","max-snippet":"max-snippet:-1","max-image-preview":"max-image-preview:large","max-video-preview":"max-video-preview:-1"},"canonical":"https:\/\/diariodelsurdigital.com.ar\/?p=3515","og_locale":"es_ES","og_type":"article","og_title":"Funcionaria de la ONU asegur\u00f3 que Israel comete \"uno de los genocidios m\u00e1s crueles de la historia moderna\" - Diario del Sur","og_description":"La relatora Francesca Albanese inst\u00f3 a empresas y gobiernos a cortar v\u00ednculos con Israel y pidi\u00f3 sanciones por violaciones al derecho internacional. La relatora especial dela ONU para los Territorios Palestinos ocupados, Francesca Albanese, asegur\u00f3 este jueves que \u00abIsrael es responsable de uno de los genocidios m\u00e1s crueles de la historia moderna\u00bb, en un discurso [&hellip;]","og_url":"https:\/\/diariodelsurdigital.com.ar\/?p=3515","og_site_name":"Diario del Sur","article_published_time":"2025-07-04T15:13:16+00:00","article_modified_time":"2025-07-04T15:13:17+00:00","og_image":[{"width":992,"height":557,"url":"https:\/\/diariodelsurdigital.com.ar\/wp-content\/uploads\/2025\/07\/md-8-1.webp","type":"image\/webp"}],"author":"Diario del Sur Digital","twitter_card":"summary_large_image","twitter_misc":{"Escrito por":"Diario del Sur Digital","Tiempo de lectura":"2 minutos"},"schema":{"@context":"https:\/\/schema.org","@graph":[{"@type":"Article","@id":"https:\/\/diariodelsurdigital.com.ar\/?p=3515#article","isPartOf":{"@id":"https:\/\/diariodelsurdigital.com.ar\/?p=3515"},"author":{"name":"Diario del Sur Digital","@id":"https:\/\/diariodelsurdigital.com.ar\/#\/schema\/person\/1a4992532ed62965c968031b49195c81"},"headline":"Funcionaria de la ONU asegur\u00f3 que Israel comete \u00abuno de los genocidios m\u00e1s crueles de la historia moderna\u00bb","datePublished":"2025-07-04T15:13:16+00:00","dateModified":"2025-07-04T15:13:17+00:00","mainEntityOfPage":{"@id":"https:\/\/diariodelsurdigital.com.ar\/?p=3515"},"wordCount":296,"commentCount":0,"image":{"@id":"https:\/\/diariodelsurdigital.com.ar\/?p=3515#primaryimage"},"thumbnailUrl":"https:\/\/diariodelsurdigital.com.ar\/wp-content\/uploads\/2025\/07\/md-8-1.webp","articleSection":["Uncategorized"],"inLanguage":"es","potentialAction":[{"@type":"CommentAction","name":"Comment","target":["https:\/\/diariodelsurdigital.com.ar\/?p=3515#respond"]}]},{"@type":"WebPage","@id":"https:\/\/diariodelsurdigital.com.ar\/?p=3515","url":"https:\/\/diariodelsurdigital.com.ar\/?p=3515","name":"Funcionaria de la ONU asegur\u00f3 que Israel comete \"uno de los genocidios m\u00e1s crueles de la historia moderna\" - Diario del Sur","isPartOf":{"@id":"https:\/\/diariodelsurdigital.com.ar\/#website"},"primaryImageOfPage":{"@id":"https:\/\/diariodelsurdigital.com.ar\/?p=3515#primaryimage"},"image":{"@id":"https:\/\/diariodelsurdigital.com.ar\/?p=3515#primaryimage"},"thumbnailUrl":"https:\/\/diariodelsurdigital.com.ar\/wp-content\/uploads\/2025\/07\/md-8-1.webp","datePublished":"2025-07-04T15:13:16+00:00","dateModified":"2025-07-04T15:13:17+00:00","author":{"@id":"https:\/\/diariodelsurdigital.com.ar\/#\/schema\/person\/1a4992532ed62965c968031b49195c81"},"breadcrumb":{"@id":"https:\/\/diariodelsurdigital.com.ar\/?p=3515#breadcrumb"},"inLanguage":"es","potentialAction":[{"@type":"ReadAction","target":["https:\/\/diariodelsurdigital.com.ar\/?p=3515"]}]},{"@type":"ImageObject","inLanguage":"es","@id":"https:\/\/diariodelsurdigital.com.ar\/?p=3515#primaryimage","url":"https:\/\/diariodelsurdigital.com.ar\/wp-content\/uploads\/2025\/07\/md-8-1.webp","contentUrl":"https:\/\/diariodelsurdigital.com.ar\/wp-content\/uploads\/2025\/07\/md-8-1.webp","width":992,"height":557},{"@type":"BreadcrumbList","@id":"https:\/\/diariodelsurdigital.com.ar\/?p=3515#breadcrumb","itemListElement":[{"@type":"ListItem","position":1,"name":"Portada","item":"https:\/\/diariodelsurdigital.com.ar\/"},{"@type":"ListItem","position":2,"name":"Funcionaria de la ONU asegur\u00f3 que Israel comete \u00abuno de los genocidios m\u00e1s crueles de la historia moderna\u00bb"}]},{"@type":"WebSite","@id":"https:\/\/diariodelsurdigital.com.ar\/#website","url":"https:\/\/diariodelsurdigital.com.ar\/","name":"Diario del Sur","description":"Digital","potentialAction":[{"@type":"SearchAction","target":{"@type":"EntryPoint","urlTemplate":"https:\/\/diariodelsurdigital.com.ar\/?s={search_term_string}"},"query-input":{"@type":"PropertyValueSpecification","valueRequired":true,"valueName":"search_term_string"}}],"inLanguage":"es"},{"@type":"Person","@id":"https:\/\/diariodelsurdigital.com.ar\/#\/schema\/person\/1a4992532ed62965c968031b49195c81","name":"Diario del Sur Digital","image":{"@type":"ImageObject","inLanguage":"es","@id":"https:\/\/secure.gravatar.com\/avatar\/f0c7c47fc7146d19828273b9b8eda651c9c7ab583767e6338d3d3bee825adf76?s=96&d=mm&r=g","url":"https:\/\/secure.gravatar.com\/avatar\/f0c7c47fc7146d19828273b9b8eda651c9c7ab583767e6338d3d3bee825adf76?s=96&d=mm&r=g","contentUrl":"https:\/\/secure.gravatar.com\/avatar\/f0c7c47fc7146d19828273b9b8eda651c9c7ab583767e6338d3d3bee825adf76?s=96&d=mm&r=g","caption":"Diario del Sur Digital"},"url":"https:\/\/diariodelsurdigital.com.ar\/?author=4"}]}},"_links":{"self":[{"href":"https:\/\/diariodelsurdigital.com.ar\/index.php?rest_route=\/wp\/v2\/posts\/3515","targetHints":{"allow":["GET"]}}],"collection":[{"href":"https:\/\/diariodelsurdigital.com.ar\/index.php?rest_route=\/wp\/v2\/posts"}],"about":[{"href":"https:\/\/diariodelsurdigital.com.ar\/index.php?rest_route=\/wp\/v2\/types\/post"}],"author":[{"embeddable":true,"href":"https:\/\/diariodelsurdigital.com.ar\/index.php?rest_route=\/wp\/v2\/users\/4"}],"replies":[{"embeddable":true,"href":"https:\/\/diariodelsurdigital.com.ar\/index.php?rest_route=%2Fwp%2Fv2%2Fcomments&post=3515"}],"version-history":[{"count":1,"href":"https:\/\/diariodelsurdigital.com.ar\/index.php?rest_route=\/wp\/v2\/posts\/3515\/revisions"}],"predecessor-version":[{"id":3517,"href":"https:\/\/diariodelsurdigital.com.ar\/index.php?rest_route=\/wp\/v2\/posts\/3515\/revisions\/3517"}],"wp:featuredmedia":[{"embeddable":true,"href":"https:\/\/diariodelsurdigital.com.ar\/index.php?rest_route=\/wp\/v2\/media\/3516"}],"wp:attachment":[{"href":"https:\/\/diariodelsurdigital.com.ar\/index.php?rest_route=%2Fwp%2Fv2%2Fmedia&parent=3515"}],"wp:term":[{"taxonomy":"category","embeddable":true,"href":"https:\/\/diariodelsurdigital.com.ar\/index.php?rest_route=%2Fwp%2Fv2%2Fcategories&post=3515"},{"taxonomy":"post_tag","embeddable":true,"href":"https:\/\/diariodelsurdigital.com.ar\/index.php?rest_route=%2Fwp%2Fv2%2Ftags&post=3515"}],"curies":[{"name":"wp","href":"https:\/\/api.w.org\/{rel}","templated":true}]}}