{"id":3518,"date":"2025-07-04T12:16:00","date_gmt":"2025-07-04T15:16:00","guid":{"rendered":"https:\/\/diariodelsurdigital.com.ar\/?p=3518"},"modified":"2025-07-04T12:16:01","modified_gmt":"2025-07-04T15:16:01","slug":"directivos-de-varias-escuelas-denuncian-que-la-ex-titular-de-comedores-les-habia-impuesto-la-figura-de-un-tarjetero","status":"publish","type":"post","link":"https:\/\/diariodelsurdigital.com.ar\/?p=3518","title":{"rendered":"Directivos de varias escuelas denuncian que la ex titular de Comedores les hab\u00eda impuesto la figura de un \u201ctarjetero\u201d"},"content":{"rendered":"\n<p>A trav\u00e9s de un comunicado, un grupo de directivos de distintas escuelas concordienses denuncian una medida impuesta por la ex titular de Comedores, Silvina Mur\u00faa, y las consecuencias que trajo.<\/p>\n\n\n\n<p><\/p>\n\n\n\n<p>De acuerdo con lo que se\u00f1alaron, la aclaraci\u00f3n se da en el marco de \u201cla informaci\u00f3n que circula sobre la investigaci\u00f3n en curso respecto a los Comedores Escolares del Departamento Concordia y el desempe\u00f1o de la Sra. Silvina Mur\u00faa como coordinadora\u201d, por lo que \u201cqueremos realizar algunas aclaraciones con respaldo normativo y administrativo\u201d.<\/p>\n\n\n\n<p>De esta manera, se\u00f1alaron que \u201cdesde que la Sra. Silvina Mur\u00faa asumi\u00f3 la Coordinaci\u00f3n de Comedores Escolares, se inici\u00f3 un proceso de retiro de tarjetas Sidecreer a los directivos escolares, para ser entregadas a personas designadas como \u2018tarjeteros\u2019, sin mediar irregularidades previas ni resoluci\u00f3n administrativa que lo justifique\u201d.<\/p>\n\n\n\n<p>Desde su punto de vista, esta pr\u00e1ctica \u201cvulnera el esp\u00edritu del sistema descentralizado de administraci\u00f3n de comedores escolares, establecido por el Ministerio de Desarrollo Humano de Entre R\u00edos, que asigna a cada establecimiento educativo la responsabilidad de gestionar los fondos mediante la tarjeta Sidecreer\u201d, por lo que \u201cal verse despojados de las tarjetas, muchos directivos han presentado los reclamos y quejas correspondientes a sus superiores sin recibir respuestas ni revertir la situaci\u00f3n\u201d.<\/p>\n\n\n\n<p>Dicho esto, remarcaron que \u201cla situaci\u00f3n de desplazar a los directivos por \u2018tarjeteros\u2019 es in\u00e9dita, no se ve respaldada por ninguna normativa vigente, y por el contrario desconoce o tergiversa lo expresado en ella\u201d.<\/p>\n\n\n\n<p>A modo de respaldo, apuntaron que desde el Convenio Marco firmado entre el Ministerio de Desarrollo Social (hoy Capital Humano) y el Consejo General de Educaci\u00f3n firmado en 2022 sobre el funcionamiento de los comedores escolares se expresa \u201cEl personal directivo de cada establecimiento educativo tendr\u00e1 a su cargo la administraci\u00f3n de los bienes y recursos financieros asignados por el Estado Provincial al servicio.\u201d<\/p>\n\n\n\n<p>Consecuencias de la medida<\/p>\n\n\n\n<p>Entre otras cosas, apuntaron que a ra\u00edz de los \u201ctarjeteros\u201d, los directivos de las escuelas \u201cperdieron el control sobre el uso de los fondos p\u00fablicos asignados; se les impidi\u00f3 decidir sobre el men\u00fa, proveedores y personal del comedor; en algunos casos, se les prohibi\u00f3 el ingreso a la cocina escolar, lo que contradice el rol institucional que hist\u00f3ricamente han cumplido\u201d.<\/p>\n\n\n\n<p>Adem\u00e1s, subrayaron que a trav\u00e9s de la medida hay una \u201cnormativa vigente ignorada\u201d, que es \u201cla resoluci\u00f3n N.\u00ba 267\/2025 del Ministerio de Desarrollo Humano, que instruye una informaci\u00f3n sumaria por irregularidades detectadas en 37 escuelas de Concordia, no contempla la figura de \u2018tarjetero\u2019 como cargo formal ni habilita el desplazamiento de directivos sin causa justificada. Por el contrario, dicha resoluci\u00f3n busca precisar responsabilidades administrativas y patrimoniales ante un presunto desv\u00edo de m\u00e1s de $100 millones de pesos\u201d.<\/p>\n\n\n\n<p>Gesti\u00f3n de la excoordinadora<\/p>\n\n\n\n<p>En cuanto a la gesti\u00f3n de Silvina Mur\u00faa, los directivos expresaron que \u201clejos de resolver los problemas estructurales que afectan a los comedores escolares \u2014como la falta de personal, conflictos gremiales y deficiencias log\u00edsticas\u2014, su gesti\u00f3n introdujo nuevas irregularidades\u201d, tales como \u201ccambios compulsivos de proveedores; presuntos sobreprecios y facturaci\u00f3n inflada; y falta de rendiciones claras y documentaci\u00f3n respaldatoria\u201d.<\/p>\n\n\n\n<p>Adem\u00e1s, apuntaron que \u201cotro aspecto cr\u00edtico es el manejo del personal de cocina que posee fuero gremial, quienes se consideran inamovibles por contar con una protecci\u00f3n especial establecida en la Ley de Asociaciones Sindicales N.\u00ba 23.551. Esta normativa garantiza que los delegados gremiales y trabajadores con fueros no pueden ser trasladados, despedidos ni modificados en sus condiciones laborales sin autorizaci\u00f3n judicial\u201d.<\/p>\n\n\n\n<p>Sin embargo, aclararon que \u201cen la pr\u00e1ctica, esta protecci\u00f3n ha sido utilizada como escudo para evitar cualquier tipo de reorganizaci\u00f3n o mejora en el funcionamiento de los comedores, generando tensiones con los directivos que no tienen potestad para intervenir ante situaciones de incumplimiento o falta de colaboraci\u00f3n\u201d.<\/p>\n\n\n\n<p>Compromiso<\/p>\n\n\n\n<p>Finalmente, en el comunicado los directivos manifestaron que \u201chemos asumido hist\u00f3ricamente la gesti\u00f3n de los comedores sin beneficios personales, por convicci\u00f3n pedag\u00f3gica y compromiso social\u201d, con el objetivo de reivindicar \u201cel principio de que \u2018con hambre no se puede pensar\u2019, y exigimos que se respete nuestra idoneidad profesional y el marco normativo vigente\u201d.<\/p>\n\n\n\n<p>De esta manera, expresaron que \u201csolicitamos que se garantice la transparencia en el uso de los recursos p\u00fablicos, se restituya la administraci\u00f3n descentralizada a los establecimientos educativos, y se investigue con rigor cualquier accionar que haya vulnerado los derechos de nuestros estudiantes\u201d, public\u00f3 Diario R\u00edo Uruguay.<\/p>\n","protected":false},"excerpt":{"rendered":"<p>A trav\u00e9s de un comunicado, un grupo de directivos de distintas escuelas concordienses denuncian una medida impuesta por la ex titular de Comedores, Silvina Mur\u00faa, y las consecuencias que trajo. De acuerdo con lo que se\u00f1alaron, la aclaraci\u00f3n se da en el marco de \u201cla informaci\u00f3n que circula sobre la investigaci\u00f3n en curso respecto a [&hellip;]<\/p>\n","protected":false},"author":4,"featured_media":3519,"comment_status":"open","ping_status":"open","sticky":false,"template":"","format":"standard","meta":{"footnotes":""},"categories":[16],"tags":[],"class_list":{"0":"post-3518","1":"post","2":"type-post","3":"status-publish","4":"format-standard","5":"has-post-thumbnail","7":"category-locales"},"yoast_head":"<!-- This site is optimized with the Yoast SEO plugin v27.4 - https:\/\/yoast.com\/product\/yoast-seo-wordpress\/ -->\n<title>Directivos de varias escuelas denuncian que la ex titular de Comedores les hab\u00eda impuesto la figura de un \u201ctarjetero\u201d - Diario del Sur<\/title>\n<meta name=\"robots\" content=\"index, follow, max-snippet:-1, max-image-preview:large, max-video-preview:-1\" \/>\n<link rel=\"canonical\" href=\"https:\/\/diariodelsurdigital.com.ar\/?p=3518\" \/>\n<meta property=\"og:locale\" content=\"es_ES\" \/>\n<meta property=\"og:type\" content=\"article\" \/>\n<meta property=\"og:title\" content=\"Directivos de varias escuelas denuncian que la ex titular de Comedores les hab\u00eda impuesto la figura de un \u201ctarjetero\u201d - Diario del Sur\" \/>\n<meta property=\"og:description\" content=\"A trav\u00e9s de un comunicado, un grupo de directivos de distintas escuelas concordienses denuncian una medida impuesta por la ex titular de Comedores, Silvina Mur\u00faa, y las consecuencias que trajo. De acuerdo con lo que se\u00f1alaron, la aclaraci\u00f3n se da en el marco de \u201cla informaci\u00f3n que circula sobre la investigaci\u00f3n en curso respecto a [&hellip;]\" \/>\n<meta property=\"og:url\" content=\"https:\/\/diariodelsurdigital.com.ar\/?p=3518\" \/>\n<meta property=\"og:site_name\" content=\"Diario del Sur\" \/>\n<meta property=\"article:published_time\" content=\"2025-07-04T15:16:00+00:00\" \/>\n<meta property=\"article:modified_time\" content=\"2025-07-04T15:16:01+00:00\" \/>\n<meta property=\"og:image\" content=\"https:\/\/diariodelsurdigital.com.ar\/wp-content\/uploads\/2025\/07\/md-9.webp\" \/>\n\t<meta property=\"og:image:width\" content=\"992\" \/>\n\t<meta property=\"og:image:height\" content=\"661\" \/>\n\t<meta property=\"og:image:type\" content=\"image\/webp\" \/>\n<meta name=\"author\" content=\"Diario del Sur Digital\" \/>\n<meta name=\"twitter:card\" content=\"summary_large_image\" \/>\n<meta name=\"twitter:label1\" content=\"Escrito por\" \/>\n\t<meta name=\"twitter:data1\" content=\"Diario del Sur Digital\" \/>\n\t<meta name=\"twitter:label2\" content=\"Tiempo de lectura\" \/>\n\t<meta name=\"twitter:data2\" content=\"4 minutos\" \/>\n<script type=\"application\/ld+json\" class=\"yoast-schema-graph\">{\"@context\":\"https:\\\/\\\/schema.org\",\"@graph\":[{\"@type\":\"Article\",\"@id\":\"https:\\\/\\\/diariodelsurdigital.com.ar\\\/?p=3518#article\",\"isPartOf\":{\"@id\":\"https:\\\/\\\/diariodelsurdigital.com.ar\\\/?p=3518\"},\"author\":{\"name\":\"Diario del Sur Digital\",\"@id\":\"https:\\\/\\\/diariodelsurdigital.com.ar\\\/#\\\/schema\\\/person\\\/1a4992532ed62965c968031b49195c81\"},\"headline\":\"Directivos de varias escuelas denuncian que la ex titular de Comedores les hab\u00eda impuesto la figura de un \u201ctarjetero\u201d\",\"datePublished\":\"2025-07-04T15:16:00+00:00\",\"dateModified\":\"2025-07-04T15:16:01+00:00\",\"mainEntityOfPage\":{\"@id\":\"https:\\\/\\\/diariodelsurdigital.com.ar\\\/?p=3518\"},\"wordCount\":780,\"commentCount\":0,\"image\":{\"@id\":\"https:\\\/\\\/diariodelsurdigital.com.ar\\\/?p=3518#primaryimage\"},\"thumbnailUrl\":\"https:\\\/\\\/diariodelsurdigital.com.ar\\\/wp-content\\\/uploads\\\/2025\\\/07\\\/md-9.webp\",\"articleSection\":[\"Locales\"],\"inLanguage\":\"es\",\"potentialAction\":[{\"@type\":\"CommentAction\",\"name\":\"Comment\",\"target\":[\"https:\\\/\\\/diariodelsurdigital.com.ar\\\/?p=3518#respond\"]}]},{\"@type\":\"WebPage\",\"@id\":\"https:\\\/\\\/diariodelsurdigital.com.ar\\\/?p=3518\",\"url\":\"https:\\\/\\\/diariodelsurdigital.com.ar\\\/?p=3518\",\"name\":\"Directivos de varias escuelas denuncian que la ex titular de Comedores les hab\u00eda impuesto la figura de un \u201ctarjetero\u201d - Diario del Sur\",\"isPartOf\":{\"@id\":\"https:\\\/\\\/diariodelsurdigital.com.ar\\\/#website\"},\"primaryImageOfPage\":{\"@id\":\"https:\\\/\\\/diariodelsurdigital.com.ar\\\/?p=3518#primaryimage\"},\"image\":{\"@id\":\"https:\\\/\\\/diariodelsurdigital.com.ar\\\/?p=3518#primaryimage\"},\"thumbnailUrl\":\"https:\\\/\\\/diariodelsurdigital.com.ar\\\/wp-content\\\/uploads\\\/2025\\\/07\\\/md-9.webp\",\"datePublished\":\"2025-07-04T15:16:00+00:00\",\"dateModified\":\"2025-07-04T15:16:01+00:00\",\"author\":{\"@id\":\"https:\\\/\\\/diariodelsurdigital.com.ar\\\/#\\\/schema\\\/person\\\/1a4992532ed62965c968031b49195c81\"},\"breadcrumb\":{\"@id\":\"https:\\\/\\\/diariodelsurdigital.com.ar\\\/?p=3518#breadcrumb\"},\"inLanguage\":\"es\",\"potentialAction\":[{\"@type\":\"ReadAction\",\"target\":[\"https:\\\/\\\/diariodelsurdigital.com.ar\\\/?p=3518\"]}]},{\"@type\":\"ImageObject\",\"inLanguage\":\"es\",\"@id\":\"https:\\\/\\\/diariodelsurdigital.com.ar\\\/?p=3518#primaryimage\",\"url\":\"https:\\\/\\\/diariodelsurdigital.com.ar\\\/wp-content\\\/uploads\\\/2025\\\/07\\\/md-9.webp\",\"contentUrl\":\"https:\\\/\\\/diariodelsurdigital.com.ar\\\/wp-content\\\/uploads\\\/2025\\\/07\\\/md-9.webp\",\"width\":992,\"height\":661},{\"@type\":\"BreadcrumbList\",\"@id\":\"https:\\\/\\\/diariodelsurdigital.com.ar\\\/?p=3518#breadcrumb\",\"itemListElement\":[{\"@type\":\"ListItem\",\"position\":1,\"name\":\"Portada\",\"item\":\"https:\\\/\\\/diariodelsurdigital.com.ar\\\/\"},{\"@type\":\"ListItem\",\"position\":2,\"name\":\"Directivos de varias escuelas denuncian que la ex titular de Comedores les hab\u00eda impuesto la figura de un \u201ctarjetero\u201d\"}]},{\"@type\":\"WebSite\",\"@id\":\"https:\\\/\\\/diariodelsurdigital.com.ar\\\/#website\",\"url\":\"https:\\\/\\\/diariodelsurdigital.com.ar\\\/\",\"name\":\"Diario del Sur\",\"description\":\"Digital\",\"potentialAction\":[{\"@type\":\"SearchAction\",\"target\":{\"@type\":\"EntryPoint\",\"urlTemplate\":\"https:\\\/\\\/diariodelsurdigital.com.ar\\\/?s={search_term_string}\"},\"query-input\":{\"@type\":\"PropertyValueSpecification\",\"valueRequired\":true,\"valueName\":\"search_term_string\"}}],\"inLanguage\":\"es\"},{\"@type\":\"Person\",\"@id\":\"https:\\\/\\\/diariodelsurdigital.com.ar\\\/#\\\/schema\\\/person\\\/1a4992532ed62965c968031b49195c81\",\"name\":\"Diario del Sur Digital\",\"image\":{\"@type\":\"ImageObject\",\"inLanguage\":\"es\",\"@id\":\"https:\\\/\\\/secure.gravatar.com\\\/avatar\\\/f0c7c47fc7146d19828273b9b8eda651c9c7ab583767e6338d3d3bee825adf76?s=96&d=mm&r=g\",\"url\":\"https:\\\/\\\/secure.gravatar.com\\\/avatar\\\/f0c7c47fc7146d19828273b9b8eda651c9c7ab583767e6338d3d3bee825adf76?s=96&d=mm&r=g\",\"contentUrl\":\"https:\\\/\\\/secure.gravatar.com\\\/avatar\\\/f0c7c47fc7146d19828273b9b8eda651c9c7ab583767e6338d3d3bee825adf76?s=96&d=mm&r=g\",\"caption\":\"Diario del Sur Digital\"},\"url\":\"https:\\\/\\\/diariodelsurdigital.com.ar\\\/?author=4\"}]}<\/script>\n<!-- \/ Yoast SEO plugin. -->","yoast_head_json":{"title":"Directivos de varias escuelas denuncian que la ex titular de Comedores les hab\u00eda impuesto la figura de un \u201ctarjetero\u201d - Diario del Sur","robots":{"index":"index","follow":"follow","max-snippet":"max-snippet:-1","max-image-preview":"max-image-preview:large","max-video-preview":"max-video-preview:-1"},"canonical":"https:\/\/diariodelsurdigital.com.ar\/?p=3518","og_locale":"es_ES","og_type":"article","og_title":"Directivos de varias escuelas denuncian que la ex titular de Comedores les hab\u00eda impuesto la figura de un \u201ctarjetero\u201d - Diario del Sur","og_description":"A trav\u00e9s de un comunicado, un grupo de directivos de distintas escuelas concordienses denuncian una medida impuesta por la ex titular de Comedores, Silvina Mur\u00faa, y las consecuencias que trajo. De acuerdo con lo que se\u00f1alaron, la aclaraci\u00f3n se da en el marco de \u201cla informaci\u00f3n que circula sobre la investigaci\u00f3n en curso respecto a [&hellip;]","og_url":"https:\/\/diariodelsurdigital.com.ar\/?p=3518","og_site_name":"Diario del Sur","article_published_time":"2025-07-04T15:16:00+00:00","article_modified_time":"2025-07-04T15:16:01+00:00","og_image":[{"width":992,"height":661,"url":"https:\/\/diariodelsurdigital.com.ar\/wp-content\/uploads\/2025\/07\/md-9.webp","type":"image\/webp"}],"author":"Diario del Sur Digital","twitter_card":"summary_large_image","twitter_misc":{"Escrito por":"Diario del Sur Digital","Tiempo de lectura":"4 minutos"},"schema":{"@context":"https:\/\/schema.org","@graph":[{"@type":"Article","@id":"https:\/\/diariodelsurdigital.com.ar\/?p=3518#article","isPartOf":{"@id":"https:\/\/diariodelsurdigital.com.ar\/?p=3518"},"author":{"name":"Diario del Sur Digital","@id":"https:\/\/diariodelsurdigital.com.ar\/#\/schema\/person\/1a4992532ed62965c968031b49195c81"},"headline":"Directivos de varias escuelas denuncian que la ex titular de Comedores les hab\u00eda impuesto la figura de un \u201ctarjetero\u201d","datePublished":"2025-07-04T15:16:00+00:00","dateModified":"2025-07-04T15:16:01+00:00","mainEntityOfPage":{"@id":"https:\/\/diariodelsurdigital.com.ar\/?p=3518"},"wordCount":780,"commentCount":0,"image":{"@id":"https:\/\/diariodelsurdigital.com.ar\/?p=3518#primaryimage"},"thumbnailUrl":"https:\/\/diariodelsurdigital.com.ar\/wp-content\/uploads\/2025\/07\/md-9.webp","articleSection":["Locales"],"inLanguage":"es","potentialAction":[{"@type":"CommentAction","name":"Comment","target":["https:\/\/diariodelsurdigital.com.ar\/?p=3518#respond"]}]},{"@type":"WebPage","@id":"https:\/\/diariodelsurdigital.com.ar\/?p=3518","url":"https:\/\/diariodelsurdigital.com.ar\/?p=3518","name":"Directivos de varias escuelas denuncian que la ex titular de Comedores les hab\u00eda impuesto la figura de un \u201ctarjetero\u201d - Diario del Sur","isPartOf":{"@id":"https:\/\/diariodelsurdigital.com.ar\/#website"},"primaryImageOfPage":{"@id":"https:\/\/diariodelsurdigital.com.ar\/?p=3518#primaryimage"},"image":{"@id":"https:\/\/diariodelsurdigital.com.ar\/?p=3518#primaryimage"},"thumbnailUrl":"https:\/\/diariodelsurdigital.com.ar\/wp-content\/uploads\/2025\/07\/md-9.webp","datePublished":"2025-07-04T15:16:00+00:00","dateModified":"2025-07-04T15:16:01+00:00","author":{"@id":"https:\/\/diariodelsurdigital.com.ar\/#\/schema\/person\/1a4992532ed62965c968031b49195c81"},"breadcrumb":{"@id":"https:\/\/diariodelsurdigital.com.ar\/?p=3518#breadcrumb"},"inLanguage":"es","potentialAction":[{"@type":"ReadAction","target":["https:\/\/diariodelsurdigital.com.ar\/?p=3518"]}]},{"@type":"ImageObject","inLanguage":"es","@id":"https:\/\/diariodelsurdigital.com.ar\/?p=3518#primaryimage","url":"https:\/\/diariodelsurdigital.com.ar\/wp-content\/uploads\/2025\/07\/md-9.webp","contentUrl":"https:\/\/diariodelsurdigital.com.ar\/wp-content\/uploads\/2025\/07\/md-9.webp","width":992,"height":661},{"@type":"BreadcrumbList","@id":"https:\/\/diariodelsurdigital.com.ar\/?p=3518#breadcrumb","itemListElement":[{"@type":"ListItem","position":1,"name":"Portada","item":"https:\/\/diariodelsurdigital.com.ar\/"},{"@type":"ListItem","position":2,"name":"Directivos de varias escuelas denuncian que la ex titular de Comedores les hab\u00eda impuesto la figura de un \u201ctarjetero\u201d"}]},{"@type":"WebSite","@id":"https:\/\/diariodelsurdigital.com.ar\/#website","url":"https:\/\/diariodelsurdigital.com.ar\/","name":"Diario del Sur","description":"Digital","potentialAction":[{"@type":"SearchAction","target":{"@type":"EntryPoint","urlTemplate":"https:\/\/diariodelsurdigital.com.ar\/?s={search_term_string}"},"query-input":{"@type":"PropertyValueSpecification","valueRequired":true,"valueName":"search_term_string"}}],"inLanguage":"es"},{"@type":"Person","@id":"https:\/\/diariodelsurdigital.com.ar\/#\/schema\/person\/1a4992532ed62965c968031b49195c81","name":"Diario del Sur Digital","image":{"@type":"ImageObject","inLanguage":"es","@id":"https:\/\/secure.gravatar.com\/avatar\/f0c7c47fc7146d19828273b9b8eda651c9c7ab583767e6338d3d3bee825adf76?s=96&d=mm&r=g","url":"https:\/\/secure.gravatar.com\/avatar\/f0c7c47fc7146d19828273b9b8eda651c9c7ab583767e6338d3d3bee825adf76?s=96&d=mm&r=g","contentUrl":"https:\/\/secure.gravatar.com\/avatar\/f0c7c47fc7146d19828273b9b8eda651c9c7ab583767e6338d3d3bee825adf76?s=96&d=mm&r=g","caption":"Diario del Sur Digital"},"url":"https:\/\/diariodelsurdigital.com.ar\/?author=4"}]}},"_links":{"self":[{"href":"https:\/\/diariodelsurdigital.com.ar\/index.php?rest_route=\/wp\/v2\/posts\/3518","targetHints":{"allow":["GET"]}}],"collection":[{"href":"https:\/\/diariodelsurdigital.com.ar\/index.php?rest_route=\/wp\/v2\/posts"}],"about":[{"href":"https:\/\/diariodelsurdigital.com.ar\/index.php?rest_route=\/wp\/v2\/types\/post"}],"author":[{"embeddable":true,"href":"https:\/\/diariodelsurdigital.com.ar\/index.php?rest_route=\/wp\/v2\/users\/4"}],"replies":[{"embeddable":true,"href":"https:\/\/diariodelsurdigital.com.ar\/index.php?rest_route=%2Fwp%2Fv2%2Fcomments&post=3518"}],"version-history":[{"count":1,"href":"https:\/\/diariodelsurdigital.com.ar\/index.php?rest_route=\/wp\/v2\/posts\/3518\/revisions"}],"predecessor-version":[{"id":3520,"href":"https:\/\/diariodelsurdigital.com.ar\/index.php?rest_route=\/wp\/v2\/posts\/3518\/revisions\/3520"}],"wp:featuredmedia":[{"embeddable":true,"href":"https:\/\/diariodelsurdigital.com.ar\/index.php?rest_route=\/wp\/v2\/media\/3519"}],"wp:attachment":[{"href":"https:\/\/diariodelsurdigital.com.ar\/index.php?rest_route=%2Fwp%2Fv2%2Fmedia&parent=3518"}],"wp:term":[{"taxonomy":"category","embeddable":true,"href":"https:\/\/diariodelsurdigital.com.ar\/index.php?rest_route=%2Fwp%2Fv2%2Fcategories&post=3518"},{"taxonomy":"post_tag","embeddable":true,"href":"https:\/\/diariodelsurdigital.com.ar\/index.php?rest_route=%2Fwp%2Fv2%2Ftags&post=3518"}],"curies":[{"name":"wp","href":"https:\/\/api.w.org\/{rel}","templated":true}]}}