{"id":3530,"date":"2025-07-05T18:19:08","date_gmt":"2025-07-05T21:19:08","guid":{"rendered":"https:\/\/diariodelsurdigital.com.ar\/?p=3530"},"modified":"2025-07-05T18:19:09","modified_gmt":"2025-07-05T21:19:09","slug":"dura-carta-de-directores-de-escuelas-de-concordia-con-hambre-no-se-puede-pensar","status":"publish","type":"post","link":"https:\/\/diariodelsurdigital.com.ar\/?p=3530","title":{"rendered":"Dura carta de directores de escuelas de Concordia: \u201cCon hambre no se puede pensar\u201d"},"content":{"rendered":"\n<p><\/p>\n\n\n\n<p><a href=\"https:\/\/www.facebook.com\/sharer\/sharer.php?u=https:\/\/www.analisisdigital.com.ar\/locales\/2025\/07\/05\/dura-carta-de-directores-de-escuelas-de-concordia-con-hambre-no-se-puede-pensar&amp;title=Dura%20carta%20de%20directores%20de%20escuelas%20de%20Concordia:%20%E2%80%9CCon%20hambre%20no%20se%20puede%20pensar%E2%80%9D\" target=\"_blank\" rel=\"noreferrer noopener\"><\/a><a href=\"https:\/\/twitter.com\/intent\/tweet?text=Dura%20carta%20de%20directores%20de%20escuelas%20de%20Concordia:%20%E2%80%9CCon%20hambre%20no%20se%20puede%20pensar%E2%80%9D+https:\/\/www.analisisdigital.com.ar\/locales\/2025\/07\/05\/dura-carta-de-directores-de-escuelas-de-concordia-con-hambre-no-se-puede-pensar\" target=\"_blank\" rel=\"noreferrer noopener\"><\/a><a href=\"https:\/\/wa.me\/?text=https:\/\/www.analisisdigital.com.ar\/locales\/2025\/07\/05\/dura-carta-de-directores-de-escuelas-de-concordia-con-hambre-no-se-puede-pensar\" target=\"_blank\" rel=\"noreferrer noopener\"><\/a><a href=\"https:\/\/www.linkedin.com\/sharing\/share-offsite\/?url=https:\/\/www.analisisdigital.com.ar\/locales\/2025\/07\/05\/dura-carta-de-directores-de-escuelas-de-concordia-con-hambre-no-se-puede-pensar\" target=\"_blank\" rel=\"noreferrer noopener\"><\/a><a href=\"mailto:?subject=Dura%20carta%20de%20directores%20de%20escuelas%20de%20Concordia:%20%E2%80%9CCon%20hambre%20no%20se%20puede%20pensar%E2%80%9D&amp;body=https:\/\/www.analisisdigital.com.ar\/locales\/2025\/07\/05\/dura-carta-de-directores-de-escuelas-de-concordia-con-hambre-no-se-puede-pensar\" target=\"_blank\" rel=\"noreferrer noopener\"><\/a><a href=\"https:\/\/www.analisisdigital.com.ar\/locales\/2025\/07\/05\/dura-carta-de-directores-de-escuelas-de-concordia-con-hambre-no-se-puede-pensar#\"><\/a><a href=\"javascript:window.print()\"><\/a>\u201cAnte la informaci\u00f3n que circula sobre la investigaci\u00f3n en curso respecto a los Comedores Escolares del Departamento Concordia y el desempe\u00f1o de la se\u00f1ora Silvina Mur\u00faa como Coordinadora, queremos realizar algunas aclaraciones con respaldo normativo y administrativo\u201d, contextualiza la carta publicada en\u00a0<em>el portal El Entre R\u00edos<\/em>\u00a0y que firman los directores de distintos establecimientos educativos que se vieron afectados por esas maniobras y otras decisiones de gesti\u00f3n.<\/p>\n\n\n\n<p>Entre otras irregularidades, denunciaron que el gobierno les quit\u00f3 a los directores de escuelas la Tarjeta Sidecreer para ser entregadas a terceros extra\u00f1os denominados \u201ctarjeteros\u201d quienes pasaron a administrar esos fondos, compras de alimentos e incluso el men\u00fa de los alumnos. A otros directores de escuelas incluso se les prohibi\u00f3 ingresar \u201ca la cocina\u201d de las escuelas, entre otras decisiones que favorecieron las presuntas maniobras de corrupci\u00f3n.<\/p>\n\n\n\n<p>A continuaci\u00f3n, el texto completo que lleva la firma de Celeste E. Echandia (directora de la UENI N\u00b0 3 \u201cPrimeros Pasos\u201d), Mariana Bodean (rectora de la Escuela Secundaria N\u00b0 23 \u201cRep\u00fablica Oriental del Uruguay\u201d), Marina Soto (rectora de la Escuela Secundaria N\u00b0 8 \u201cDon Augusto Niez\u201d), Roxana Gabriela Risso (directora de la Escuela N\u00b0 60 \u201cGeneral Manuel de Olaz\u00e1bal\u201d), Selva Marina S\u00e1nchez (rectora de la Escuela Secundaria N\u00b0 22 \u201cMariano Moreno\u201d) y Eduardo Ibarrola (rector de la Escuela Secundaria N\u00b04 \u201cDami\u00e1n Pedro Garat\u201d de Villa Adela).<\/p>\n\n\n\n<p><em>Ante la informaci\u00f3n que circula sobre la investigaci\u00f3n en curso respecto a los Comedores Escolares del Departamento Concordia y el desempe\u00f1o de la Sra. Silvina Mur\u00faa como Coordinadora, queremos realizar algunas aclaraciones con respaldo normativo y administrativo.<\/em><\/p>\n\n\n\n<p><em>Desde que la Sra. Silvina Mur\u00faa asumi\u00f3 la Coordinaci\u00f3n de Comedores Escolares, se inici\u00f3 un proceso de retiro de tarjetas Sidecreer a los directivos escolares, para ser entregadas a personas designadas como \u201ctarjeteros\u201d, sin mediar irregularidades previas ni resoluci\u00f3n administrativa que lo justifique. Esta pr\u00e1ctica vulnera el esp\u00edritu del sistema descentralizado de administraci\u00f3n de comedores escolares, establecido por el Ministerio de Desarrollo Humano de Entre R\u00edos, que asigna a cada establecimiento educativo la responsabilidad de gestionar los fondos mediante la tarjeta Sidecreer. Al verse despojados de las tarjetas muchos directivos han presentado los reclamos y quejas correspondientes a sus superiores sin recibir respuestas ni revertir la situaci\u00f3n.<\/em><\/p>\n\n\n\n<p><em>La situaci\u00f3n de desplazar a los directivos por \u201ctarjeteros\u201d es in\u00e9dita, no se ve respaldada por ninguna normativa vigente, y por el contrario desconoce o tergiversa lo expresado en ella.<\/em><\/p>\n\n\n\n<p><em>Desde el Convenio Marco firmado entre el Ministerio de Desarrollo Social (hoy Capital Humano) y el Consejo General de Educaci\u00f3n firmado en 2022 sobre el funcionamiento de los comedores escolares se expresa \u201cEl personal directivo de cada establecimiento educativo tendr\u00e1 a su cargo la administraci\u00f3n de los bienes y recursos financieros asignados por el Estado Provincial al servicio.\u201d<\/em><\/p>\n\n\n\n<p><em>Consecuencias de esta medida:<\/em><\/p>\n\n\n\n<p><em>Los directivos perdieron el control sobre el uso de los fondos p\u00fablicos asignados.<\/em><\/p>\n\n\n\n<p><em>Se les impidi\u00f3 decidir sobre el men\u00fa, proveedores y personal del comedor.<\/em><\/p>\n\n\n\n<p><em>En algunos casos, se le prohibi\u00f3 el ingreso a la cocina escolar, lo que contradice el rol institucional que hist\u00f3ricamente han cumplido.<\/em><\/p>\n\n\n\n<p><em>Normativa vigente ignorada: La Resoluci\u00f3n N.\u00ba 267\/2025 del Ministerio de Desarrollo Humano, que instruye una informaci\u00f3n sumaria por irregularidades detectadas en 37 escuelas de Concordia, no contempla la figura de \u201ctarjetero\u201d como cargo formal ni habilita el desplazamiento de directivos sin causa justificada. Por el contrario, dicha resoluci\u00f3n busca precisar responsabilidades administrativas y patrimoniales ante un presunto desv\u00edo de m\u00e1s de $100 millones de pesos.<\/em><\/p>\n\n\n\n<p><em>Sobre la gesti\u00f3n de la Sra. Silvina Mur\u00faa: Lejos de resolver los problemas estructurales que afectan a los comedores escolares \u2014como la falta de personal, conflictos gremiales y deficiencias log\u00edsticas\u2014, su gesti\u00f3n introdujo nuevas irregularidades:<\/em><\/p>\n\n\n\n<p><em>Cambios compulsivos de proveedores.<\/em><\/p>\n\n\n\n<p><em>Presuntos sobreprecios y facturaci\u00f3n inflada.<\/em><\/p>\n\n\n\n<p><em>Falta de rendiciones claras y documentaci\u00f3n respaldatoria.<\/em><\/p>\n\n\n\n<p><em>Situaci\u00f3n del personal de cocina con fueros gremiales: Otro aspecto cr\u00edtico es el manejo del personal de cocina que posee fuero gremial, quienes se consideran inamovibles por contar con una protecci\u00f3n especial establecida en la Ley de Asociaciones Sindicales N.\u00ba 23.551. Esta normativa garantiza que los delegados gremiales y trabajadores con fueros no pueden ser trasladados, despedidos ni modificados en sus condiciones laborales sin autorizaci\u00f3n judicial.<\/em><\/p>\n\n\n\n<p><em>Sin embargo, en la pr\u00e1ctica, esta protecci\u00f3n ha sido utilizada como escudo para evitar cualquier tipo de reorganizaci\u00f3n o mejora en el funcionamiento de los comedores, generando tensiones con los directivos que no tienen potestad para intervenir ante situaciones de incumplimiento o falta de colaboraci\u00f3n.<\/em><\/p>\n\n\n\n<p><em>Nuestro compromiso: Los directivos escolares hemos asumido hist\u00f3ricamente la gesti\u00f3n de los comedores sin beneficios personales, por convicci\u00f3n pedag\u00f3gica y compromiso social.<\/em><\/p>\n\n\n\n<p><em>Reivindicamos el principio de que \u201ccon hambre no se puede pensar\u201d, y exigimos que se respete nuestra idoneidad profesional y el marco normativo vigente.<\/em><\/p>\n\n\n\n<p><em>Solicitamos que se garantice la transparencia en el uso de los recursos p\u00fablicos, se restituya la administraci\u00f3n descentralizada a los establecimientos educativos, y se investigue con rigor cualquier accionar que haya vulnerado los derechos de nuestros estudiantes.<\/em><\/p>\n","protected":false},"excerpt":{"rendered":"<p>\u201cAnte la informaci\u00f3n que circula sobre la investigaci\u00f3n en curso respecto a los Comedores Escolares del Departamento Concordia y el desempe\u00f1o de la se\u00f1ora Silvina Mur\u00faa como Coordinadora, queremos realizar algunas aclaraciones con respaldo normativo y administrativo\u201d, contextualiza la carta publicada en\u00a0el portal El Entre R\u00edos\u00a0y que firman los directores de distintos establecimientos educativos que [&hellip;]<\/p>\n","protected":false},"author":2,"featured_media":3531,"comment_status":"open","ping_status":"open","sticky":false,"template":"","format":"standard","meta":{"footnotes":""},"categories":[16],"tags":[],"class_list":{"0":"post-3530","1":"post","2":"type-post","3":"status-publish","4":"format-standard","5":"has-post-thumbnail","7":"category-locales"},"yoast_head":"<!-- This site is optimized with the Yoast SEO plugin v27.4 - https:\/\/yoast.com\/product\/yoast-seo-wordpress\/ -->\n<title>Dura carta de directores de escuelas de Concordia: \u201cCon hambre no se puede pensar\u201d - Diario del Sur<\/title>\n<meta name=\"robots\" content=\"index, follow, max-snippet:-1, max-image-preview:large, max-video-preview:-1\" \/>\n<link rel=\"canonical\" href=\"https:\/\/diariodelsurdigital.com.ar\/?p=3530\" \/>\n<meta property=\"og:locale\" content=\"es_ES\" \/>\n<meta property=\"og:type\" content=\"article\" \/>\n<meta property=\"og:title\" content=\"Dura carta de directores de escuelas de Concordia: \u201cCon hambre no se puede pensar\u201d - Diario del Sur\" \/>\n<meta property=\"og:description\" content=\"\u201cAnte la informaci\u00f3n que circula sobre la investigaci\u00f3n en curso respecto a los Comedores Escolares del Departamento Concordia y el desempe\u00f1o de la se\u00f1ora Silvina Mur\u00faa como Coordinadora, queremos realizar algunas aclaraciones con respaldo normativo y administrativo\u201d, contextualiza la carta publicada en\u00a0el portal El Entre R\u00edos\u00a0y que firman los directores de distintos establecimientos educativos que [&hellip;]\" \/>\n<meta property=\"og:url\" content=\"https:\/\/diariodelsurdigital.com.ar\/?p=3530\" \/>\n<meta property=\"og:site_name\" content=\"Diario del Sur\" \/>\n<meta property=\"article:published_time\" content=\"2025-07-05T21:19:08+00:00\" \/>\n<meta property=\"article:modified_time\" content=\"2025-07-05T21:19:09+00:00\" \/>\n<meta property=\"og:image\" content=\"https:\/\/diariodelsurdigital.com.ar\/wp-content\/uploads\/2025\/07\/comedores-concordia.png\" \/>\n\t<meta property=\"og:image:width\" content=\"450\" \/>\n\t<meta property=\"og:image:height\" content=\"253\" \/>\n\t<meta property=\"og:image:type\" content=\"image\/png\" \/>\n<meta name=\"author\" content=\"Diario del Sur Digital\" \/>\n<meta name=\"twitter:card\" content=\"summary_large_image\" \/>\n<meta name=\"twitter:label1\" content=\"Escrito por\" \/>\n\t<meta name=\"twitter:data1\" content=\"Diario del Sur Digital\" \/>\n\t<meta name=\"twitter:label2\" content=\"Tiempo de lectura\" \/>\n\t<meta name=\"twitter:data2\" content=\"4 minutos\" \/>\n<script type=\"application\/ld+json\" class=\"yoast-schema-graph\">{\"@context\":\"https:\\\/\\\/schema.org\",\"@graph\":[{\"@type\":\"Article\",\"@id\":\"https:\\\/\\\/diariodelsurdigital.com.ar\\\/?p=3530#article\",\"isPartOf\":{\"@id\":\"https:\\\/\\\/diariodelsurdigital.com.ar\\\/?p=3530\"},\"author\":{\"name\":\"Diario del Sur Digital\",\"@id\":\"https:\\\/\\\/diariodelsurdigital.com.ar\\\/#\\\/schema\\\/person\\\/6136a32571657f7dba980b88b04c5465\"},\"headline\":\"Dura carta de directores de escuelas de Concordia: \u201cCon hambre no se puede pensar\u201d\",\"datePublished\":\"2025-07-05T21:19:08+00:00\",\"dateModified\":\"2025-07-05T21:19:09+00:00\",\"mainEntityOfPage\":{\"@id\":\"https:\\\/\\\/diariodelsurdigital.com.ar\\\/?p=3530\"},\"wordCount\":875,\"commentCount\":0,\"image\":{\"@id\":\"https:\\\/\\\/diariodelsurdigital.com.ar\\\/?p=3530#primaryimage\"},\"thumbnailUrl\":\"https:\\\/\\\/diariodelsurdigital.com.ar\\\/wp-content\\\/uploads\\\/2025\\\/07\\\/comedores-concordia.png\",\"articleSection\":[\"Locales\"],\"inLanguage\":\"es\",\"potentialAction\":[{\"@type\":\"CommentAction\",\"name\":\"Comment\",\"target\":[\"https:\\\/\\\/diariodelsurdigital.com.ar\\\/?p=3530#respond\"]}]},{\"@type\":\"WebPage\",\"@id\":\"https:\\\/\\\/diariodelsurdigital.com.ar\\\/?p=3530\",\"url\":\"https:\\\/\\\/diariodelsurdigital.com.ar\\\/?p=3530\",\"name\":\"Dura carta de directores de escuelas de Concordia: \u201cCon hambre no se puede pensar\u201d - Diario del Sur\",\"isPartOf\":{\"@id\":\"https:\\\/\\\/diariodelsurdigital.com.ar\\\/#website\"},\"primaryImageOfPage\":{\"@id\":\"https:\\\/\\\/diariodelsurdigital.com.ar\\\/?p=3530#primaryimage\"},\"image\":{\"@id\":\"https:\\\/\\\/diariodelsurdigital.com.ar\\\/?p=3530#primaryimage\"},\"thumbnailUrl\":\"https:\\\/\\\/diariodelsurdigital.com.ar\\\/wp-content\\\/uploads\\\/2025\\\/07\\\/comedores-concordia.png\",\"datePublished\":\"2025-07-05T21:19:08+00:00\",\"dateModified\":\"2025-07-05T21:19:09+00:00\",\"author\":{\"@id\":\"https:\\\/\\\/diariodelsurdigital.com.ar\\\/#\\\/schema\\\/person\\\/6136a32571657f7dba980b88b04c5465\"},\"breadcrumb\":{\"@id\":\"https:\\\/\\\/diariodelsurdigital.com.ar\\\/?p=3530#breadcrumb\"},\"inLanguage\":\"es\",\"potentialAction\":[{\"@type\":\"ReadAction\",\"target\":[\"https:\\\/\\\/diariodelsurdigital.com.ar\\\/?p=3530\"]}]},{\"@type\":\"ImageObject\",\"inLanguage\":\"es\",\"@id\":\"https:\\\/\\\/diariodelsurdigital.com.ar\\\/?p=3530#primaryimage\",\"url\":\"https:\\\/\\\/diariodelsurdigital.com.ar\\\/wp-content\\\/uploads\\\/2025\\\/07\\\/comedores-concordia.png\",\"contentUrl\":\"https:\\\/\\\/diariodelsurdigital.com.ar\\\/wp-content\\\/uploads\\\/2025\\\/07\\\/comedores-concordia.png\",\"width\":450,\"height\":253},{\"@type\":\"BreadcrumbList\",\"@id\":\"https:\\\/\\\/diariodelsurdigital.com.ar\\\/?p=3530#breadcrumb\",\"itemListElement\":[{\"@type\":\"ListItem\",\"position\":1,\"name\":\"Portada\",\"item\":\"https:\\\/\\\/diariodelsurdigital.com.ar\\\/\"},{\"@type\":\"ListItem\",\"position\":2,\"name\":\"Dura carta de directores de escuelas de Concordia: \u201cCon hambre no se puede pensar\u201d\"}]},{\"@type\":\"WebSite\",\"@id\":\"https:\\\/\\\/diariodelsurdigital.com.ar\\\/#website\",\"url\":\"https:\\\/\\\/diariodelsurdigital.com.ar\\\/\",\"name\":\"Diario del Sur\",\"description\":\"Digital\",\"potentialAction\":[{\"@type\":\"SearchAction\",\"target\":{\"@type\":\"EntryPoint\",\"urlTemplate\":\"https:\\\/\\\/diariodelsurdigital.com.ar\\\/?s={search_term_string}\"},\"query-input\":{\"@type\":\"PropertyValueSpecification\",\"valueRequired\":true,\"valueName\":\"search_term_string\"}}],\"inLanguage\":\"es\"},{\"@type\":\"Person\",\"@id\":\"https:\\\/\\\/diariodelsurdigital.com.ar\\\/#\\\/schema\\\/person\\\/6136a32571657f7dba980b88b04c5465\",\"name\":\"Diario del Sur Digital\",\"image\":{\"@type\":\"ImageObject\",\"inLanguage\":\"es\",\"@id\":\"https:\\\/\\\/secure.gravatar.com\\\/avatar\\\/4c29ceac98541dd42460b2474aaa5dd37594d6ce6cb3cf2c101d09b48ee287ba?s=96&d=mm&r=g\",\"url\":\"https:\\\/\\\/secure.gravatar.com\\\/avatar\\\/4c29ceac98541dd42460b2474aaa5dd37594d6ce6cb3cf2c101d09b48ee287ba?s=96&d=mm&r=g\",\"contentUrl\":\"https:\\\/\\\/secure.gravatar.com\\\/avatar\\\/4c29ceac98541dd42460b2474aaa5dd37594d6ce6cb3cf2c101d09b48ee287ba?s=96&d=mm&r=g\",\"caption\":\"Diario del Sur Digital\"},\"url\":\"https:\\\/\\\/diariodelsurdigital.com.ar\\\/?author=2\"}]}<\/script>\n<!-- \/ Yoast SEO plugin. -->","yoast_head_json":{"title":"Dura carta de directores de escuelas de Concordia: \u201cCon hambre no se puede pensar\u201d - Diario del Sur","robots":{"index":"index","follow":"follow","max-snippet":"max-snippet:-1","max-image-preview":"max-image-preview:large","max-video-preview":"max-video-preview:-1"},"canonical":"https:\/\/diariodelsurdigital.com.ar\/?p=3530","og_locale":"es_ES","og_type":"article","og_title":"Dura carta de directores de escuelas de Concordia: \u201cCon hambre no se puede pensar\u201d - Diario del Sur","og_description":"\u201cAnte la informaci\u00f3n que circula sobre la investigaci\u00f3n en curso respecto a los Comedores Escolares del Departamento Concordia y el desempe\u00f1o de la se\u00f1ora Silvina Mur\u00faa como Coordinadora, queremos realizar algunas aclaraciones con respaldo normativo y administrativo\u201d, contextualiza la carta publicada en\u00a0el portal El Entre R\u00edos\u00a0y que firman los directores de distintos establecimientos educativos que [&hellip;]","og_url":"https:\/\/diariodelsurdigital.com.ar\/?p=3530","og_site_name":"Diario del Sur","article_published_time":"2025-07-05T21:19:08+00:00","article_modified_time":"2025-07-05T21:19:09+00:00","og_image":[{"width":450,"height":253,"url":"https:\/\/diariodelsurdigital.com.ar\/wp-content\/uploads\/2025\/07\/comedores-concordia.png","type":"image\/png"}],"author":"Diario del Sur Digital","twitter_card":"summary_large_image","twitter_misc":{"Escrito por":"Diario del Sur Digital","Tiempo de lectura":"4 minutos"},"schema":{"@context":"https:\/\/schema.org","@graph":[{"@type":"Article","@id":"https:\/\/diariodelsurdigital.com.ar\/?p=3530#article","isPartOf":{"@id":"https:\/\/diariodelsurdigital.com.ar\/?p=3530"},"author":{"name":"Diario del Sur Digital","@id":"https:\/\/diariodelsurdigital.com.ar\/#\/schema\/person\/6136a32571657f7dba980b88b04c5465"},"headline":"Dura carta de directores de escuelas de Concordia: \u201cCon hambre no se puede pensar\u201d","datePublished":"2025-07-05T21:19:08+00:00","dateModified":"2025-07-05T21:19:09+00:00","mainEntityOfPage":{"@id":"https:\/\/diariodelsurdigital.com.ar\/?p=3530"},"wordCount":875,"commentCount":0,"image":{"@id":"https:\/\/diariodelsurdigital.com.ar\/?p=3530#primaryimage"},"thumbnailUrl":"https:\/\/diariodelsurdigital.com.ar\/wp-content\/uploads\/2025\/07\/comedores-concordia.png","articleSection":["Locales"],"inLanguage":"es","potentialAction":[{"@type":"CommentAction","name":"Comment","target":["https:\/\/diariodelsurdigital.com.ar\/?p=3530#respond"]}]},{"@type":"WebPage","@id":"https:\/\/diariodelsurdigital.com.ar\/?p=3530","url":"https:\/\/diariodelsurdigital.com.ar\/?p=3530","name":"Dura carta de directores de escuelas de Concordia: \u201cCon hambre no se puede pensar\u201d - Diario del Sur","isPartOf":{"@id":"https:\/\/diariodelsurdigital.com.ar\/#website"},"primaryImageOfPage":{"@id":"https:\/\/diariodelsurdigital.com.ar\/?p=3530#primaryimage"},"image":{"@id":"https:\/\/diariodelsurdigital.com.ar\/?p=3530#primaryimage"},"thumbnailUrl":"https:\/\/diariodelsurdigital.com.ar\/wp-content\/uploads\/2025\/07\/comedores-concordia.png","datePublished":"2025-07-05T21:19:08+00:00","dateModified":"2025-07-05T21:19:09+00:00","author":{"@id":"https:\/\/diariodelsurdigital.com.ar\/#\/schema\/person\/6136a32571657f7dba980b88b04c5465"},"breadcrumb":{"@id":"https:\/\/diariodelsurdigital.com.ar\/?p=3530#breadcrumb"},"inLanguage":"es","potentialAction":[{"@type":"ReadAction","target":["https:\/\/diariodelsurdigital.com.ar\/?p=3530"]}]},{"@type":"ImageObject","inLanguage":"es","@id":"https:\/\/diariodelsurdigital.com.ar\/?p=3530#primaryimage","url":"https:\/\/diariodelsurdigital.com.ar\/wp-content\/uploads\/2025\/07\/comedores-concordia.png","contentUrl":"https:\/\/diariodelsurdigital.com.ar\/wp-content\/uploads\/2025\/07\/comedores-concordia.png","width":450,"height":253},{"@type":"BreadcrumbList","@id":"https:\/\/diariodelsurdigital.com.ar\/?p=3530#breadcrumb","itemListElement":[{"@type":"ListItem","position":1,"name":"Portada","item":"https:\/\/diariodelsurdigital.com.ar\/"},{"@type":"ListItem","position":2,"name":"Dura carta de directores de escuelas de Concordia: \u201cCon hambre no se puede pensar\u201d"}]},{"@type":"WebSite","@id":"https:\/\/diariodelsurdigital.com.ar\/#website","url":"https:\/\/diariodelsurdigital.com.ar\/","name":"Diario del Sur","description":"Digital","potentialAction":[{"@type":"SearchAction","target":{"@type":"EntryPoint","urlTemplate":"https:\/\/diariodelsurdigital.com.ar\/?s={search_term_string}"},"query-input":{"@type":"PropertyValueSpecification","valueRequired":true,"valueName":"search_term_string"}}],"inLanguage":"es"},{"@type":"Person","@id":"https:\/\/diariodelsurdigital.com.ar\/#\/schema\/person\/6136a32571657f7dba980b88b04c5465","name":"Diario del Sur Digital","image":{"@type":"ImageObject","inLanguage":"es","@id":"https:\/\/secure.gravatar.com\/avatar\/4c29ceac98541dd42460b2474aaa5dd37594d6ce6cb3cf2c101d09b48ee287ba?s=96&d=mm&r=g","url":"https:\/\/secure.gravatar.com\/avatar\/4c29ceac98541dd42460b2474aaa5dd37594d6ce6cb3cf2c101d09b48ee287ba?s=96&d=mm&r=g","contentUrl":"https:\/\/secure.gravatar.com\/avatar\/4c29ceac98541dd42460b2474aaa5dd37594d6ce6cb3cf2c101d09b48ee287ba?s=96&d=mm&r=g","caption":"Diario del Sur Digital"},"url":"https:\/\/diariodelsurdigital.com.ar\/?author=2"}]}},"_links":{"self":[{"href":"https:\/\/diariodelsurdigital.com.ar\/index.php?rest_route=\/wp\/v2\/posts\/3530","targetHints":{"allow":["GET"]}}],"collection":[{"href":"https:\/\/diariodelsurdigital.com.ar\/index.php?rest_route=\/wp\/v2\/posts"}],"about":[{"href":"https:\/\/diariodelsurdigital.com.ar\/index.php?rest_route=\/wp\/v2\/types\/post"}],"author":[{"embeddable":true,"href":"https:\/\/diariodelsurdigital.com.ar\/index.php?rest_route=\/wp\/v2\/users\/2"}],"replies":[{"embeddable":true,"href":"https:\/\/diariodelsurdigital.com.ar\/index.php?rest_route=%2Fwp%2Fv2%2Fcomments&post=3530"}],"version-history":[{"count":1,"href":"https:\/\/diariodelsurdigital.com.ar\/index.php?rest_route=\/wp\/v2\/posts\/3530\/revisions"}],"predecessor-version":[{"id":3532,"href":"https:\/\/diariodelsurdigital.com.ar\/index.php?rest_route=\/wp\/v2\/posts\/3530\/revisions\/3532"}],"wp:featuredmedia":[{"embeddable":true,"href":"https:\/\/diariodelsurdigital.com.ar\/index.php?rest_route=\/wp\/v2\/media\/3531"}],"wp:attachment":[{"href":"https:\/\/diariodelsurdigital.com.ar\/index.php?rest_route=%2Fwp%2Fv2%2Fmedia&parent=3530"}],"wp:term":[{"taxonomy":"category","embeddable":true,"href":"https:\/\/diariodelsurdigital.com.ar\/index.php?rest_route=%2Fwp%2Fv2%2Fcategories&post=3530"},{"taxonomy":"post_tag","embeddable":true,"href":"https:\/\/diariodelsurdigital.com.ar\/index.php?rest_route=%2Fwp%2Fv2%2Ftags&post=3530"}],"curies":[{"name":"wp","href":"https:\/\/api.w.org\/{rel}","templated":true}]}}