{"id":3537,"date":"2025-07-07T09:37:58","date_gmt":"2025-07-07T12:37:58","guid":{"rendered":"https:\/\/diariodelsurdigital.com.ar\/?p=3537"},"modified":"2025-07-07T09:37:59","modified_gmt":"2025-07-07T12:37:59","slug":"se-terminan-las-funciones-delegadas-de-la-ley-bases-y-el-gobierno-apura-la-ultima-desregulacion","status":"publish","type":"post","link":"https:\/\/diariodelsurdigital.com.ar\/?p=3537","title":{"rendered":"Se terminan las funciones delegadas de la Ley Bases y el Gobierno apura la \u00faltima desregulaci\u00f3n"},"content":{"rendered":"\n<p>El mi\u00e9rcoles se agota el plazo que el Congreso le dio al Poder Ejecutivo para que haga reformas en varias \u00e1reas de la administraci\u00f3n p\u00fablica sin pasar por la Legislatura.<\/p>\n\n\n\n<p><\/p>\n\n\n\n<p>En el viejo edificio donde funcion\u00f3 Shell, a dos cuadras del obelisco y a una de la Plaza de Mayo, ahora tiene sus oficinas el Ministerio de Desregulaci\u00f3n y Transformaci\u00f3n del Estado. Apenas entrar a las oficinas de Federico Sturzenegger, el titular de la cartera, hay un marcador de tiempo que empez\u00f3 desandar una cuenta regresiva desde el n\u00famero 365. Esos eran los d\u00edas de vigencia que ten\u00eda la emergencia en la Ley Bases y que le permite al Gobierno desregular, modificar estructuras del Estado y avanzar en gran cantidad de medidas sin pasar por el Congreso. Cuando el ministro empiece su semana laboral, en ese marcador marcar\u00e1 apenas dos.<\/p>\n\n\n\n<p>Pasado ma\u00f1ana, 9 de julio y feriado, se cumplir\u00e1 un a\u00f1o de la Ley Bases. Con la llegada de ese aniversario, se extinguir\u00e1 la emergencia p\u00fablica en materia administrativa, econ\u00f3mica, financiera y energ\u00e9tica que en el art\u00edculo primero de aquella norma declar\u00f3 por el t\u00e9rmino de un a\u00f1o. De ah\u00ed que el Gobierno apur\u00f3 la lapicera para intentar llegar a tiempo con una decena de reformas que est\u00e1n a\u00fan pendientes.<\/p>\n\n\n\n<p>En principio, se avanz\u00f3 con algunas normas que se esperaban y que ya ten\u00edan varios borradores en circulaci\u00f3n. Una de ellas es la modificaci\u00f3n de la Ley de Inversiones Mineras, una norma de 1993 que fue revisada por los reguladores que dependen de Sturzenegger. Uno de los puntos centrales es la modificaci\u00f3n del art\u00edculo 10 que establec\u00eda la necesidad de que la autoridad de aplicaci\u00f3n emita un certificado con las contribuciones tributarias y tasas aplicables a cada proyecto, tanto en el orden nacional como provincial y municipal, vigentes al momento de la presentaci\u00f3n, que remitir\u00e1 a las autoridades impositivas de todos los niveles a efectos de la estabilidad impositiva. La idea es que de ahora en m\u00e1s, todo el r\u00e9gimen sea m\u00e1s \u00e1gil, que haya tiempos para expedirse y que ya no existan miles de requisitos y formularios.<\/p>\n\n\n\n<p>Otra de las cosas que se esperaba es el decreto que modifique el r\u00e9gimen de las LEFI (letras de liquidez emitidas por el Tesoro) y del que participaba el Banco Central. La modificaci\u00f3n no proh\u00edbe la operatoria sino que, simplemente, el Tesoro no las renovar\u00e1. En el Gobierno comentaron a La Naci\u00f3n que ese instrumento era la \u00fanica referencia de tasa de inter\u00e9s que quedaba. Desde que se elimin\u00f3 la tasa de referencia, este instrumento, que ahora pagaba alrededor de 33% de inter\u00e9s anual, era una suerte de gu\u00eda para los bancos. Dicho de otra manera, a menos de esa tasa no le prestaban a nadie porque prefer\u00edan ser remunerados por las LEFI.<\/p>\n\n\n\n<p>Desde la publicaci\u00f3n de la norma, y ya sin aquella referencia, los bancos deber\u00e1n mover sus tenencias de activos l\u00edquidos a otros instrumentos de distinta liquidez. Justamente este decreto establece algunos par\u00e1metros y autorizaciones para que los bancos manejen de otra manera el dinero que antes se colocaba en esos papeles. La idea del Gobierno es que las entidades vayan, por ejemplo, a Lecaps que tienen rendimientos de mercado y no referencias de tasas preacordadas. Adem\u00e1s, como ten\u00edan rendimientos de un a\u00f1o, y no se renuevan, hay que armar un canje entre el Tesoro y el Banco Central.<\/p>\n\n\n\n<p>Hay varios cambios de estructuras de la administraci\u00f3n p\u00fablica y de los organismos descentralizados que tienen varios borradores ya terminados. Solo falta que se publiquen. Quedan un par de ediciones en el Bolet\u00edn Oficial y nada m\u00e1s.<\/p>\n\n\n\n<p>Uno de ellos es la reforma que se diagram\u00f3 para el mundo del transporte. Desde hace meses, la administraci\u00f3n del presidente Javier Milei trabaj\u00f3 en un decreto para modificar algunos organigramas dentro del Poder Ejecutivo. Uno de ellos es la desaparici\u00f3n, o al menos, profunda reforma de Vialidad Nacional, as\u00ed como tambi\u00e9n de la empresa estatal Corredores Viales y de la Agencia Nacional de Seguridad Vial y la Agencia de Seguridad en el Transporte est\u00e1n entre las prioridades durante estos d\u00edas que quedan. Sin embargo, hace tiempo que es prioridad y nunca se pudo avanzar en este sentido. Es ahora o se tornar\u00e1 muy dif\u00edcil.<\/p>\n\n\n\n<p>Tambi\u00e9n en el mundo del transporte, en este caso a\u00e9reo, se espera que se definan o no los cambios en el Organismo Nacional de Regulaci\u00f3n de Aeropuertos (Orsna), en la Administraci\u00f3n Nacional de Aviaci\u00f3n Civil, en la Junta de Investigaci\u00f3n de Accidentes y en la Empresa Argentina de Navegaci\u00f3n A\u00e9rea (Eana).<\/p>\n\n\n\n<p>Pase a los intentos por subsumir un organismo dentro de otro, no parece tan sencillo que en estos dos d\u00edas se pueda avanzar en lo que se intent\u00f3, sin \u00e9xito, desde hace meses. Sucede que la cantidad de convenios internacionales, la complejidad de los tratados y la funciones de cada uno hay impedido que se avance con la concentraci\u00f3n de organismos.<\/p>\n\n\n\n<p>Se trata de un l\u00edmite pr\u00e1ctico y normativo al \u201cafuera\u201d o al \u201cse cierra\u201d, dos latiguillos de campa\u00f1a que se escucharon hasta el cansancio en \u00e9pocas de elecciones.<\/p>\n\n\n\n<p>Algo similar ha pasado con la pretendida reforma del Servicio Nacional de Sanidad Animal (Senasa) y con los institutos de Tecnolog\u00eda Industrial (INTI) y de Tecnolog\u00eda Agropecuaria (INTA).<\/p>\n\n\n\n<p>La idea original del Gobierno era lograr una fusi\u00f3n de organismos, pero, a poco de aquella herramienta de la Ley Bases se termine, no parece que ser\u00e1 la soluci\u00f3n. Hace d\u00edas circul\u00f3 una versi\u00f3n del supuesto decreto pero desde la Casa Rosada dijeron que no era definitivo. En principio, el objetivo de m\u00ednima que tienen los desreguladores es bajar la cantidad de cargos jer\u00e1rquicos en algunos de estos organismos. Por caso, indicaron, el INTA tiene 932 lugares para jefes.<\/p>\n\n\n\n<p>En el \u00e1rea de la salud tambi\u00e9n se esperan cambios, Si bien el hermetismo rein\u00f3 en este tiempo, la idea que tiene el Gobierno es unificar o desarmar algunos intitutos que existen, algo similar a lo que ya hizo en Cultura cuando decidi\u00f3 cerrar el Instituto de Estducios Juan Domingo Per\u00f3n.<\/p>\n\n\n\n<p><\/p>\n","protected":false},"excerpt":{"rendered":"<p>El mi\u00e9rcoles se agota el plazo que el Congreso le dio al Poder Ejecutivo para que haga reformas en varias \u00e1reas de la administraci\u00f3n p\u00fablica sin pasar por la Legislatura. En el viejo edificio donde funcion\u00f3 Shell, a dos cuadras del obelisco y a una de la Plaza de Mayo, ahora tiene sus oficinas el [&hellip;]<\/p>\n","protected":false},"author":4,"featured_media":3538,"comment_status":"open","ping_status":"open","sticky":false,"template":"","format":"standard","meta":{"footnotes":""},"categories":[18,22],"tags":[],"class_list":{"0":"post-3537","1":"post","2":"type-post","3":"status-publish","4":"format-standard","5":"has-post-thumbnail","7":"category-nacionales","8":"category-politica"},"yoast_head":"<!-- This site is optimized with the Yoast SEO plugin v27.4 - https:\/\/yoast.com\/product\/yoast-seo-wordpress\/ -->\n<title>Se terminan las funciones delegadas de la Ley Bases y el Gobierno apura la \u00faltima desregulaci\u00f3n - Diario del Sur<\/title>\n<meta name=\"robots\" content=\"index, follow, max-snippet:-1, max-image-preview:large, max-video-preview:-1\" \/>\n<link rel=\"canonical\" href=\"https:\/\/diariodelsurdigital.com.ar\/?p=3537\" \/>\n<meta property=\"og:locale\" content=\"es_ES\" \/>\n<meta property=\"og:type\" content=\"article\" \/>\n<meta property=\"og:title\" content=\"Se terminan las funciones delegadas de la Ley Bases y el Gobierno apura la \u00faltima desregulaci\u00f3n - Diario del Sur\" \/>\n<meta property=\"og:description\" content=\"El mi\u00e9rcoles se agota el plazo que el Congreso le dio al Poder Ejecutivo para que haga reformas en varias \u00e1reas de la administraci\u00f3n p\u00fablica sin pasar por la Legislatura. En el viejo edificio donde funcion\u00f3 Shell, a dos cuadras del obelisco y a una de la Plaza de Mayo, ahora tiene sus oficinas el [&hellip;]\" \/>\n<meta property=\"og:url\" content=\"https:\/\/diariodelsurdigital.com.ar\/?p=3537\" \/>\n<meta property=\"og:site_name\" content=\"Diario del Sur\" \/>\n<meta property=\"article:published_time\" content=\"2025-07-07T12:37:58+00:00\" \/>\n<meta property=\"article:modified_time\" content=\"2025-07-07T12:37:59+00:00\" \/>\n<meta property=\"og:image\" content=\"https:\/\/diariodelsurdigital.com.ar\/wp-content\/uploads\/2025\/07\/md-1-1.webp\" \/>\n\t<meta property=\"og:image:width\" content=\"992\" \/>\n\t<meta property=\"og:image:height\" content=\"657\" \/>\n\t<meta property=\"og:image:type\" content=\"image\/webp\" \/>\n<meta name=\"author\" content=\"Diario del Sur Digital\" \/>\n<meta name=\"twitter:card\" content=\"summary_large_image\" \/>\n<meta name=\"twitter:label1\" content=\"Escrito por\" \/>\n\t<meta name=\"twitter:data1\" content=\"Diario del Sur Digital\" \/>\n\t<meta name=\"twitter:label2\" content=\"Tiempo de lectura\" \/>\n\t<meta name=\"twitter:data2\" content=\"5 minutos\" \/>\n<script type=\"application\/ld+json\" class=\"yoast-schema-graph\">{\"@context\":\"https:\\\/\\\/schema.org\",\"@graph\":[{\"@type\":\"Article\",\"@id\":\"https:\\\/\\\/diariodelsurdigital.com.ar\\\/?p=3537#article\",\"isPartOf\":{\"@id\":\"https:\\\/\\\/diariodelsurdigital.com.ar\\\/?p=3537\"},\"author\":{\"name\":\"Diario del Sur Digital\",\"@id\":\"https:\\\/\\\/diariodelsurdigital.com.ar\\\/#\\\/schema\\\/person\\\/1a4992532ed62965c968031b49195c81\"},\"headline\":\"Se terminan las funciones delegadas de la Ley Bases y el Gobierno apura la \u00faltima desregulaci\u00f3n\",\"datePublished\":\"2025-07-07T12:37:58+00:00\",\"dateModified\":\"2025-07-07T12:37:59+00:00\",\"mainEntityOfPage\":{\"@id\":\"https:\\\/\\\/diariodelsurdigital.com.ar\\\/?p=3537\"},\"wordCount\":1087,\"commentCount\":0,\"image\":{\"@id\":\"https:\\\/\\\/diariodelsurdigital.com.ar\\\/?p=3537#primaryimage\"},\"thumbnailUrl\":\"https:\\\/\\\/diariodelsurdigital.com.ar\\\/wp-content\\\/uploads\\\/2025\\\/07\\\/md-1-1.webp\",\"articleSection\":[\"Nacionales\",\"Pol\u00edtica\"],\"inLanguage\":\"es\",\"potentialAction\":[{\"@type\":\"CommentAction\",\"name\":\"Comment\",\"target\":[\"https:\\\/\\\/diariodelsurdigital.com.ar\\\/?p=3537#respond\"]}]},{\"@type\":\"WebPage\",\"@id\":\"https:\\\/\\\/diariodelsurdigital.com.ar\\\/?p=3537\",\"url\":\"https:\\\/\\\/diariodelsurdigital.com.ar\\\/?p=3537\",\"name\":\"Se terminan las funciones delegadas de la Ley Bases y el Gobierno apura la \u00faltima desregulaci\u00f3n - Diario del Sur\",\"isPartOf\":{\"@id\":\"https:\\\/\\\/diariodelsurdigital.com.ar\\\/#website\"},\"primaryImageOfPage\":{\"@id\":\"https:\\\/\\\/diariodelsurdigital.com.ar\\\/?p=3537#primaryimage\"},\"image\":{\"@id\":\"https:\\\/\\\/diariodelsurdigital.com.ar\\\/?p=3537#primaryimage\"},\"thumbnailUrl\":\"https:\\\/\\\/diariodelsurdigital.com.ar\\\/wp-content\\\/uploads\\\/2025\\\/07\\\/md-1-1.webp\",\"datePublished\":\"2025-07-07T12:37:58+00:00\",\"dateModified\":\"2025-07-07T12:37:59+00:00\",\"author\":{\"@id\":\"https:\\\/\\\/diariodelsurdigital.com.ar\\\/#\\\/schema\\\/person\\\/1a4992532ed62965c968031b49195c81\"},\"breadcrumb\":{\"@id\":\"https:\\\/\\\/diariodelsurdigital.com.ar\\\/?p=3537#breadcrumb\"},\"inLanguage\":\"es\",\"potentialAction\":[{\"@type\":\"ReadAction\",\"target\":[\"https:\\\/\\\/diariodelsurdigital.com.ar\\\/?p=3537\"]}]},{\"@type\":\"ImageObject\",\"inLanguage\":\"es\",\"@id\":\"https:\\\/\\\/diariodelsurdigital.com.ar\\\/?p=3537#primaryimage\",\"url\":\"https:\\\/\\\/diariodelsurdigital.com.ar\\\/wp-content\\\/uploads\\\/2025\\\/07\\\/md-1-1.webp\",\"contentUrl\":\"https:\\\/\\\/diariodelsurdigital.com.ar\\\/wp-content\\\/uploads\\\/2025\\\/07\\\/md-1-1.webp\",\"width\":992,\"height\":657},{\"@type\":\"BreadcrumbList\",\"@id\":\"https:\\\/\\\/diariodelsurdigital.com.ar\\\/?p=3537#breadcrumb\",\"itemListElement\":[{\"@type\":\"ListItem\",\"position\":1,\"name\":\"Portada\",\"item\":\"https:\\\/\\\/diariodelsurdigital.com.ar\\\/\"},{\"@type\":\"ListItem\",\"position\":2,\"name\":\"Se terminan las funciones delegadas de la Ley Bases y el Gobierno apura la \u00faltima desregulaci\u00f3n\"}]},{\"@type\":\"WebSite\",\"@id\":\"https:\\\/\\\/diariodelsurdigital.com.ar\\\/#website\",\"url\":\"https:\\\/\\\/diariodelsurdigital.com.ar\\\/\",\"name\":\"Diario del Sur\",\"description\":\"Digital\",\"potentialAction\":[{\"@type\":\"SearchAction\",\"target\":{\"@type\":\"EntryPoint\",\"urlTemplate\":\"https:\\\/\\\/diariodelsurdigital.com.ar\\\/?s={search_term_string}\"},\"query-input\":{\"@type\":\"PropertyValueSpecification\",\"valueRequired\":true,\"valueName\":\"search_term_string\"}}],\"inLanguage\":\"es\"},{\"@type\":\"Person\",\"@id\":\"https:\\\/\\\/diariodelsurdigital.com.ar\\\/#\\\/schema\\\/person\\\/1a4992532ed62965c968031b49195c81\",\"name\":\"Diario del Sur Digital\",\"image\":{\"@type\":\"ImageObject\",\"inLanguage\":\"es\",\"@id\":\"https:\\\/\\\/secure.gravatar.com\\\/avatar\\\/f0c7c47fc7146d19828273b9b8eda651c9c7ab583767e6338d3d3bee825adf76?s=96&d=mm&r=g\",\"url\":\"https:\\\/\\\/secure.gravatar.com\\\/avatar\\\/f0c7c47fc7146d19828273b9b8eda651c9c7ab583767e6338d3d3bee825adf76?s=96&d=mm&r=g\",\"contentUrl\":\"https:\\\/\\\/secure.gravatar.com\\\/avatar\\\/f0c7c47fc7146d19828273b9b8eda651c9c7ab583767e6338d3d3bee825adf76?s=96&d=mm&r=g\",\"caption\":\"Diario del Sur Digital\"},\"url\":\"https:\\\/\\\/diariodelsurdigital.com.ar\\\/?author=4\"}]}<\/script>\n<!-- \/ Yoast SEO plugin. -->","yoast_head_json":{"title":"Se terminan las funciones delegadas de la Ley Bases y el Gobierno apura la \u00faltima desregulaci\u00f3n - Diario del Sur","robots":{"index":"index","follow":"follow","max-snippet":"max-snippet:-1","max-image-preview":"max-image-preview:large","max-video-preview":"max-video-preview:-1"},"canonical":"https:\/\/diariodelsurdigital.com.ar\/?p=3537","og_locale":"es_ES","og_type":"article","og_title":"Se terminan las funciones delegadas de la Ley Bases y el Gobierno apura la \u00faltima desregulaci\u00f3n - Diario del Sur","og_description":"El mi\u00e9rcoles se agota el plazo que el Congreso le dio al Poder Ejecutivo para que haga reformas en varias \u00e1reas de la administraci\u00f3n p\u00fablica sin pasar por la Legislatura. En el viejo edificio donde funcion\u00f3 Shell, a dos cuadras del obelisco y a una de la Plaza de Mayo, ahora tiene sus oficinas el [&hellip;]","og_url":"https:\/\/diariodelsurdigital.com.ar\/?p=3537","og_site_name":"Diario del Sur","article_published_time":"2025-07-07T12:37:58+00:00","article_modified_time":"2025-07-07T12:37:59+00:00","og_image":[{"width":992,"height":657,"url":"https:\/\/diariodelsurdigital.com.ar\/wp-content\/uploads\/2025\/07\/md-1-1.webp","type":"image\/webp"}],"author":"Diario del Sur Digital","twitter_card":"summary_large_image","twitter_misc":{"Escrito por":"Diario del Sur Digital","Tiempo de lectura":"5 minutos"},"schema":{"@context":"https:\/\/schema.org","@graph":[{"@type":"Article","@id":"https:\/\/diariodelsurdigital.com.ar\/?p=3537#article","isPartOf":{"@id":"https:\/\/diariodelsurdigital.com.ar\/?p=3537"},"author":{"name":"Diario del Sur Digital","@id":"https:\/\/diariodelsurdigital.com.ar\/#\/schema\/person\/1a4992532ed62965c968031b49195c81"},"headline":"Se terminan las funciones delegadas de la Ley Bases y el Gobierno apura la \u00faltima desregulaci\u00f3n","datePublished":"2025-07-07T12:37:58+00:00","dateModified":"2025-07-07T12:37:59+00:00","mainEntityOfPage":{"@id":"https:\/\/diariodelsurdigital.com.ar\/?p=3537"},"wordCount":1087,"commentCount":0,"image":{"@id":"https:\/\/diariodelsurdigital.com.ar\/?p=3537#primaryimage"},"thumbnailUrl":"https:\/\/diariodelsurdigital.com.ar\/wp-content\/uploads\/2025\/07\/md-1-1.webp","articleSection":["Nacionales","Pol\u00edtica"],"inLanguage":"es","potentialAction":[{"@type":"CommentAction","name":"Comment","target":["https:\/\/diariodelsurdigital.com.ar\/?p=3537#respond"]}]},{"@type":"WebPage","@id":"https:\/\/diariodelsurdigital.com.ar\/?p=3537","url":"https:\/\/diariodelsurdigital.com.ar\/?p=3537","name":"Se terminan las funciones delegadas de la Ley Bases y el Gobierno apura la \u00faltima desregulaci\u00f3n - Diario del Sur","isPartOf":{"@id":"https:\/\/diariodelsurdigital.com.ar\/#website"},"primaryImageOfPage":{"@id":"https:\/\/diariodelsurdigital.com.ar\/?p=3537#primaryimage"},"image":{"@id":"https:\/\/diariodelsurdigital.com.ar\/?p=3537#primaryimage"},"thumbnailUrl":"https:\/\/diariodelsurdigital.com.ar\/wp-content\/uploads\/2025\/07\/md-1-1.webp","datePublished":"2025-07-07T12:37:58+00:00","dateModified":"2025-07-07T12:37:59+00:00","author":{"@id":"https:\/\/diariodelsurdigital.com.ar\/#\/schema\/person\/1a4992532ed62965c968031b49195c81"},"breadcrumb":{"@id":"https:\/\/diariodelsurdigital.com.ar\/?p=3537#breadcrumb"},"inLanguage":"es","potentialAction":[{"@type":"ReadAction","target":["https:\/\/diariodelsurdigital.com.ar\/?p=3537"]}]},{"@type":"ImageObject","inLanguage":"es","@id":"https:\/\/diariodelsurdigital.com.ar\/?p=3537#primaryimage","url":"https:\/\/diariodelsurdigital.com.ar\/wp-content\/uploads\/2025\/07\/md-1-1.webp","contentUrl":"https:\/\/diariodelsurdigital.com.ar\/wp-content\/uploads\/2025\/07\/md-1-1.webp","width":992,"height":657},{"@type":"BreadcrumbList","@id":"https:\/\/diariodelsurdigital.com.ar\/?p=3537#breadcrumb","itemListElement":[{"@type":"ListItem","position":1,"name":"Portada","item":"https:\/\/diariodelsurdigital.com.ar\/"},{"@type":"ListItem","position":2,"name":"Se terminan las funciones delegadas de la Ley Bases y el Gobierno apura la \u00faltima desregulaci\u00f3n"}]},{"@type":"WebSite","@id":"https:\/\/diariodelsurdigital.com.ar\/#website","url":"https:\/\/diariodelsurdigital.com.ar\/","name":"Diario del Sur","description":"Digital","potentialAction":[{"@type":"SearchAction","target":{"@type":"EntryPoint","urlTemplate":"https:\/\/diariodelsurdigital.com.ar\/?s={search_term_string}"},"query-input":{"@type":"PropertyValueSpecification","valueRequired":true,"valueName":"search_term_string"}}],"inLanguage":"es"},{"@type":"Person","@id":"https:\/\/diariodelsurdigital.com.ar\/#\/schema\/person\/1a4992532ed62965c968031b49195c81","name":"Diario del Sur Digital","image":{"@type":"ImageObject","inLanguage":"es","@id":"https:\/\/secure.gravatar.com\/avatar\/f0c7c47fc7146d19828273b9b8eda651c9c7ab583767e6338d3d3bee825adf76?s=96&d=mm&r=g","url":"https:\/\/secure.gravatar.com\/avatar\/f0c7c47fc7146d19828273b9b8eda651c9c7ab583767e6338d3d3bee825adf76?s=96&d=mm&r=g","contentUrl":"https:\/\/secure.gravatar.com\/avatar\/f0c7c47fc7146d19828273b9b8eda651c9c7ab583767e6338d3d3bee825adf76?s=96&d=mm&r=g","caption":"Diario del Sur Digital"},"url":"https:\/\/diariodelsurdigital.com.ar\/?author=4"}]}},"_links":{"self":[{"href":"https:\/\/diariodelsurdigital.com.ar\/index.php?rest_route=\/wp\/v2\/posts\/3537","targetHints":{"allow":["GET"]}}],"collection":[{"href":"https:\/\/diariodelsurdigital.com.ar\/index.php?rest_route=\/wp\/v2\/posts"}],"about":[{"href":"https:\/\/diariodelsurdigital.com.ar\/index.php?rest_route=\/wp\/v2\/types\/post"}],"author":[{"embeddable":true,"href":"https:\/\/diariodelsurdigital.com.ar\/index.php?rest_route=\/wp\/v2\/users\/4"}],"replies":[{"embeddable":true,"href":"https:\/\/diariodelsurdigital.com.ar\/index.php?rest_route=%2Fwp%2Fv2%2Fcomments&post=3537"}],"version-history":[{"count":1,"href":"https:\/\/diariodelsurdigital.com.ar\/index.php?rest_route=\/wp\/v2\/posts\/3537\/revisions"}],"predecessor-version":[{"id":3539,"href":"https:\/\/diariodelsurdigital.com.ar\/index.php?rest_route=\/wp\/v2\/posts\/3537\/revisions\/3539"}],"wp:featuredmedia":[{"embeddable":true,"href":"https:\/\/diariodelsurdigital.com.ar\/index.php?rest_route=\/wp\/v2\/media\/3538"}],"wp:attachment":[{"href":"https:\/\/diariodelsurdigital.com.ar\/index.php?rest_route=%2Fwp%2Fv2%2Fmedia&parent=3537"}],"wp:term":[{"taxonomy":"category","embeddable":true,"href":"https:\/\/diariodelsurdigital.com.ar\/index.php?rest_route=%2Fwp%2Fv2%2Fcategories&post=3537"},{"taxonomy":"post_tag","embeddable":true,"href":"https:\/\/diariodelsurdigital.com.ar\/index.php?rest_route=%2Fwp%2Fv2%2Ftags&post=3537"}],"curies":[{"name":"wp","href":"https:\/\/api.w.org\/{rel}","templated":true}]}}