{"id":365,"date":"2024-12-31T12:46:25","date_gmt":"2024-12-31T15:46:25","guid":{"rendered":"https:\/\/diariodelsurdigital.com.ar\/?p=365"},"modified":"2024-12-31T12:46:26","modified_gmt":"2024-12-31T15:46:26","slug":"sin-ley-del-congreso-el-gobierno-prorrogo-nuevamente-el-presupuesto-2023","status":"publish","type":"post","link":"https:\/\/diariodelsurdigital.com.ar\/?p=365","title":{"rendered":"Sin ley del Congreso, el Gobierno prorrog\u00f3 nuevamente el Presupuesto 2023"},"content":{"rendered":"\n<p>En el \u00faltimo lunes del 2024, el Gobierno nacional oficializ\u00f3 la pr\u00f3rroga del Presupuesto 2023 para el a\u00f1o que comienza, luego que la ley no avanzara en el Congreso por la decisi\u00f3n del oficialismo de cerrar las negociaciones y no convocar a tratar el tema en sesiones extraordinarias.<\/p>\n\n\n\n<p>A trav\u00e9s del decreto 1131\/24, firmado por el presidente Javier Milei; el jefe de Gabinete, Guillermo Francos; y el ministro de Econom\u00eda, Luis Caputo, el Poder Ejecutivo se\u00f1al\u00f3 que \u00aba la fecha no se encuentra aprobada la Ley de Presupuesto General de la Administraci\u00f3n Nacional para el Ejercicio 2025\u00bb.<\/p>\n\n\n\n<p>\u00abMediante el art\u00edculo 27 de la Ley de Administraci\u00f3n Financiera y de los Sistemas de Control del Sector P\u00fablico Nacional N\u00b0 24.156 y sus modificatorias se establece que en dicha situaci\u00f3n regir\u00e1 el Presupuesto que estuvo vigente el a\u00f1o anterior, con adecuaciones que deber\u00e1 hacer el Poder Ejecutivo Nacional\u00bb, rezan los considerandos.<\/p>\n\n\n\n<p>En ese sentido, se record\u00f3 que \u00abpara el Ejercicio 2024 se prorrogaron las disposiciones de la Ley N\u00b0 27.701 de Presupuesto General de la Administraci\u00f3n Nacional para el Ejercicio 2023\u00bb. Es decir, esta ser\u00e1 la segunda vez consecutiva que se readecue un plan de gastos y recursos.<\/p>\n\n\n\n<p>\u00abDado lo avanzado del Ejercicio Presupuestario 2024, no resulta posible definir con inmediatez y precisi\u00f3n las adecuaciones referidas en el art\u00edculo 27 de la mencionada ley, por lo cual estas se llevar\u00e1n a cabo oportunamente\u00bb, sostuvo el Gobierno, que dispondr\u00e1 as\u00ed de las partidas discrecionalmente.<\/p>\n\n\n\n<p>Finalmente, en el decreto se indic\u00f3 que \u00abteniendo en cuenta tal circunstancia, y con el objeto de asegurar la continuidad y eficiencia de los servicios m\u00ednimos y esenciales a cargo de la Jurisdicciones y Entidades de la Administraci\u00f3n Nacional, corresponde prorrogar los recursos, fuentes financieras y cr\u00e9ditos vigentes al cierre del Ejercicio 2024\u00bb. Asimismo, se instruye al jefe de Gabinete para \u00abadecuar, oportunamente, el presupuesto que se prorroga\u00bb.<\/p>\n\n\n\n<p>En un acuerdo entre Javier Milei y Sergio Massa previo al balotaje, la discusi\u00f3n sobre el Presupuesto 2024 se hab\u00eda postergado para luego del recambio de gobierno. Pero finalmente, en diciembre de 2023, Milei decidi\u00f3 prorrogar el Presupuesto que hab\u00eda estado vigente ese a\u00f1o, que hab\u00eda sido votado en 2022 durante el gobierno del Frente de Todos.<\/p>\n\n\n\n<p>As\u00ed las cosas, durante el primer a\u00f1o de gesti\u00f3n libertaria, el Poder Ejecutivo dispuso de las partidas por decreto, en medio del ajuste fiscal y el recorte de fondos a las provincias.<\/p>\n\n\n\n<p>El 15 de septiembre pasado, en un hecho in\u00e9dito, el propio Milei asisti\u00f3 al recinto de la C\u00e1mara de Diputados para presentar su primer proyecto de Presupuesto, para el ejercicio 2025, el cual se pondr\u00eda en debate en comisiones d\u00edas despu\u00e9s. \u00abEstamos proponiendo una regla fiscal inquebrantable para este Presupuesto y para todos los presupuestos que vengan de ac\u00e1 en adelante\u00bb, dijo en esa ocasi\u00f3n.<\/p>\n\n\n\n<p>Durante octubre desfilaron por la Comisi\u00f3n de Presupuesto y Hacienda los secretarios Carlos Guberman (Hacienda) y Pablo Quirno (Finanzas); la ministra de Seguridad, Patricia Bullrich; el director ejecutivo de la ANSeS, Mariano Antonio Salvador de los Heros; los secretarios Yanina Nano Lembo (Ni\u00f1ez, Adolescencia y Familia), Daniel Scioli (Turismo, Ambiente y Deportes) y Carlos Torrendell (Educaci\u00f3n), en ese orden. Actualmente, Quirno y Nano Lembo ya no ocupan esos roles.<\/p>\n\n\n\n<p>Los grandes ausentes durante la discusi\u00f3n fueron los ministros Luis Caputo (Econom\u00eda) y Sandra Pettovello (Capital Humano), los m\u00e1s reclamados por la oposici\u00f3n, sin \u00e9xito.<\/p>\n\n\n\n<p>En paralelo a las jornadas de debate en comisi\u00f3n, se manten\u00edan negociaciones desde Casa Rosada con gobernadores, por un lado, y diputados de bloques dialoguistas, por otro. Algunos funcionarios concurrieron al despacho de Mart\u00edn Menem para tal fin, en un modus operandi similar al que se hab\u00eda visto con la Ley de Bases. Tambi\u00e9n se hab\u00eda activado una conversaci\u00f3n con referentes del Senado, porque buscaban un tratamiento \u00abespejo\u00bb, de modo que cuando la ley pasara a esa c\u00e1mara no tuviera cambios.<\/p>\n\n\n\n<p>A fines de octubre, el oficialismo convoc\u00f3 a una conferencia de prensa que se suspendi\u00f3 minutos antes. Iban a anunciar un incremento en partidas de educaci\u00f3n dentro del proyecto, pero en detrimento de fondos para los partidos pol\u00edticos. El enojo de sus socios del Pro, no consultados previamente, hizo dar marcha atr\u00e1s.<\/p>\n\n\n\n<p>Ya comenzado noviembre, se program\u00f3 la visita del ministro de Salud, Mario Lugones, pero ese encuentro finalmente se suspendi\u00f3.<\/p>\n\n\n\n<p>El 19 de noviembre, un d\u00eda antes de la fecha l\u00edmite para dictaminar antes que concluya el per\u00edodo ordinario y sin certezas sobre si habr\u00eda extraordinarias, Jos\u00e9 Luis Espert suspendi\u00f3 la reuni\u00f3n de la Comisi\u00f3n de Presupuesto y brind\u00f3 un breve anuncio en el Sal\u00f3n Pasos Perdidos. \u201cTodav\u00eda no hemos llegado a un punto en com\u00fan que permita garantizar el d\u00e9ficit cero\u201d, expres\u00f3. El temor de esa jornada tuvo que ver con la posibilidad de que la oposici\u00f3n m\u00e1s dura se alzara con un dictamen de mayor\u00eda propio.<\/p>\n\n\n\n<p>Para ese momento, la falta de acuerdos con los dialoguistas pasaba por cinco reclamos que los gobernadores ped\u00edan con fuerza: que el 1,9% de coparticipaci\u00f3n que iba a financiar la exAFIP, hoy ARCA, retorne a las provincias; coparticipar el impuesto a los combustibles; la distribuci\u00f3n del excedente de los ATN no utilizados; una compensaci\u00f3n referida al Pacto Fiscal de 2017; y la deuda sobre las cajas previsionales.<\/p>\n\n\n\n<p>Finalmente, ese anuncio de Espert fue el cierre a una Ley de Presupuesto 2025, dado que las negociaciones no se retomaron nunca m\u00e1s con fuerza y, por el contrario, el Poder Ejecutivo decidi\u00f3 no convocar a tratar el tema en extraordinarias, pese a los fuertes reclamos de la oposici\u00f3n. Agunos dialoguistas ya anticiparon que en marzo pr\u00f3ximo avanzar\u00e1n con emplazamientos a la comisi\u00f3n y buscar\u00e1n dar la discusi\u00f3n, public\u00f3 Parlamentario.&nbsp;<\/p>\n","protected":false},"excerpt":{"rendered":"<p>En el \u00faltimo lunes del 2024, el Gobierno nacional oficializ\u00f3 la pr\u00f3rroga del Presupuesto 2023 para el a\u00f1o que comienza, luego que la ley no avanzara en el Congreso por la decisi\u00f3n del oficialismo de cerrar las negociaciones y no convocar a tratar el tema en sesiones extraordinarias. A trav\u00e9s del decreto 1131\/24, firmado por [&hellip;]<\/p>\n","protected":false},"author":4,"featured_media":366,"comment_status":"open","ping_status":"open","sticky":false,"template":"","format":"standard","meta":{"footnotes":""},"categories":[18,22],"tags":[],"class_list":{"0":"post-365","1":"post","2":"type-post","3":"status-publish","4":"format-standard","5":"has-post-thumbnail","7":"category-nacionales","8":"category-politica"},"yoast_head":"<!-- This site is optimized with the Yoast SEO plugin v27.4 - https:\/\/yoast.com\/product\/yoast-seo-wordpress\/ -->\n<title>Sin ley del Congreso, el Gobierno prorrog\u00f3 nuevamente el Presupuesto 2023 - Diario del Sur<\/title>\n<meta name=\"robots\" content=\"index, follow, max-snippet:-1, max-image-preview:large, max-video-preview:-1\" \/>\n<link rel=\"canonical\" href=\"https:\/\/diariodelsurdigital.com.ar\/?p=365\" \/>\n<meta property=\"og:locale\" content=\"es_ES\" \/>\n<meta property=\"og:type\" content=\"article\" \/>\n<meta property=\"og:title\" content=\"Sin ley del Congreso, el Gobierno prorrog\u00f3 nuevamente el Presupuesto 2023 - Diario del Sur\" \/>\n<meta property=\"og:description\" content=\"En el \u00faltimo lunes del 2024, el Gobierno nacional oficializ\u00f3 la pr\u00f3rroga del Presupuesto 2023 para el a\u00f1o que comienza, luego que la ley no avanzara en el Congreso por la decisi\u00f3n del oficialismo de cerrar las negociaciones y no convocar a tratar el tema en sesiones extraordinarias. A trav\u00e9s del decreto 1131\/24, firmado por [&hellip;]\" \/>\n<meta property=\"og:url\" content=\"https:\/\/diariodelsurdigital.com.ar\/?p=365\" \/>\n<meta property=\"og:site_name\" content=\"Diario del Sur\" \/>\n<meta property=\"article:published_time\" content=\"2024-12-31T15:46:25+00:00\" \/>\n<meta property=\"article:modified_time\" content=\"2024-12-31T15:46:26+00:00\" \/>\n<meta property=\"og:image\" content=\"https:\/\/diariodelsurdigital.com.ar\/wp-content\/uploads\/2024\/12\/md-6.webp\" \/>\n\t<meta property=\"og:image:width\" content=\"992\" \/>\n\t<meta property=\"og:image:height\" content=\"661\" \/>\n\t<meta property=\"og:image:type\" content=\"image\/webp\" \/>\n<meta name=\"author\" content=\"Diario del Sur Digital\" \/>\n<meta name=\"twitter:card\" content=\"summary_large_image\" \/>\n<meta name=\"twitter:label1\" content=\"Escrito por\" \/>\n\t<meta name=\"twitter:data1\" content=\"Diario del Sur Digital\" \/>\n\t<meta name=\"twitter:label2\" content=\"Tiempo de lectura\" \/>\n\t<meta name=\"twitter:data2\" content=\"5 minutos\" \/>\n<script type=\"application\/ld+json\" class=\"yoast-schema-graph\">{\"@context\":\"https:\\\/\\\/schema.org\",\"@graph\":[{\"@type\":\"Article\",\"@id\":\"https:\\\/\\\/diariodelsurdigital.com.ar\\\/?p=365#article\",\"isPartOf\":{\"@id\":\"https:\\\/\\\/diariodelsurdigital.com.ar\\\/?p=365\"},\"author\":{\"name\":\"Diario del Sur Digital\",\"@id\":\"https:\\\/\\\/diariodelsurdigital.com.ar\\\/#\\\/schema\\\/person\\\/1a4992532ed62965c968031b49195c81\"},\"headline\":\"Sin ley del Congreso, el Gobierno prorrog\u00f3 nuevamente el Presupuesto 2023\",\"datePublished\":\"2024-12-31T15:46:25+00:00\",\"dateModified\":\"2024-12-31T15:46:26+00:00\",\"mainEntityOfPage\":{\"@id\":\"https:\\\/\\\/diariodelsurdigital.com.ar\\\/?p=365\"},\"wordCount\":998,\"commentCount\":0,\"image\":{\"@id\":\"https:\\\/\\\/diariodelsurdigital.com.ar\\\/?p=365#primaryimage\"},\"thumbnailUrl\":\"https:\\\/\\\/diariodelsurdigital.com.ar\\\/wp-content\\\/uploads\\\/2024\\\/12\\\/md-6.webp\",\"articleSection\":[\"Nacionales\",\"Pol\u00edtica\"],\"inLanguage\":\"es\",\"potentialAction\":[{\"@type\":\"CommentAction\",\"name\":\"Comment\",\"target\":[\"https:\\\/\\\/diariodelsurdigital.com.ar\\\/?p=365#respond\"]}]},{\"@type\":\"WebPage\",\"@id\":\"https:\\\/\\\/diariodelsurdigital.com.ar\\\/?p=365\",\"url\":\"https:\\\/\\\/diariodelsurdigital.com.ar\\\/?p=365\",\"name\":\"Sin ley del Congreso, el Gobierno prorrog\u00f3 nuevamente el Presupuesto 2023 - Diario del Sur\",\"isPartOf\":{\"@id\":\"https:\\\/\\\/diariodelsurdigital.com.ar\\\/#website\"},\"primaryImageOfPage\":{\"@id\":\"https:\\\/\\\/diariodelsurdigital.com.ar\\\/?p=365#primaryimage\"},\"image\":{\"@id\":\"https:\\\/\\\/diariodelsurdigital.com.ar\\\/?p=365#primaryimage\"},\"thumbnailUrl\":\"https:\\\/\\\/diariodelsurdigital.com.ar\\\/wp-content\\\/uploads\\\/2024\\\/12\\\/md-6.webp\",\"datePublished\":\"2024-12-31T15:46:25+00:00\",\"dateModified\":\"2024-12-31T15:46:26+00:00\",\"author\":{\"@id\":\"https:\\\/\\\/diariodelsurdigital.com.ar\\\/#\\\/schema\\\/person\\\/1a4992532ed62965c968031b49195c81\"},\"breadcrumb\":{\"@id\":\"https:\\\/\\\/diariodelsurdigital.com.ar\\\/?p=365#breadcrumb\"},\"inLanguage\":\"es\",\"potentialAction\":[{\"@type\":\"ReadAction\",\"target\":[\"https:\\\/\\\/diariodelsurdigital.com.ar\\\/?p=365\"]}]},{\"@type\":\"ImageObject\",\"inLanguage\":\"es\",\"@id\":\"https:\\\/\\\/diariodelsurdigital.com.ar\\\/?p=365#primaryimage\",\"url\":\"https:\\\/\\\/diariodelsurdigital.com.ar\\\/wp-content\\\/uploads\\\/2024\\\/12\\\/md-6.webp\",\"contentUrl\":\"https:\\\/\\\/diariodelsurdigital.com.ar\\\/wp-content\\\/uploads\\\/2024\\\/12\\\/md-6.webp\",\"width\":992,\"height\":661},{\"@type\":\"BreadcrumbList\",\"@id\":\"https:\\\/\\\/diariodelsurdigital.com.ar\\\/?p=365#breadcrumb\",\"itemListElement\":[{\"@type\":\"ListItem\",\"position\":1,\"name\":\"Portada\",\"item\":\"https:\\\/\\\/diariodelsurdigital.com.ar\\\/\"},{\"@type\":\"ListItem\",\"position\":2,\"name\":\"Sin ley del Congreso, el Gobierno prorrog\u00f3 nuevamente el Presupuesto 2023\"}]},{\"@type\":\"WebSite\",\"@id\":\"https:\\\/\\\/diariodelsurdigital.com.ar\\\/#website\",\"url\":\"https:\\\/\\\/diariodelsurdigital.com.ar\\\/\",\"name\":\"Diario del Sur\",\"description\":\"Digital\",\"potentialAction\":[{\"@type\":\"SearchAction\",\"target\":{\"@type\":\"EntryPoint\",\"urlTemplate\":\"https:\\\/\\\/diariodelsurdigital.com.ar\\\/?s={search_term_string}\"},\"query-input\":{\"@type\":\"PropertyValueSpecification\",\"valueRequired\":true,\"valueName\":\"search_term_string\"}}],\"inLanguage\":\"es\"},{\"@type\":\"Person\",\"@id\":\"https:\\\/\\\/diariodelsurdigital.com.ar\\\/#\\\/schema\\\/person\\\/1a4992532ed62965c968031b49195c81\",\"name\":\"Diario del Sur Digital\",\"image\":{\"@type\":\"ImageObject\",\"inLanguage\":\"es\",\"@id\":\"https:\\\/\\\/secure.gravatar.com\\\/avatar\\\/f0c7c47fc7146d19828273b9b8eda651c9c7ab583767e6338d3d3bee825adf76?s=96&d=mm&r=g\",\"url\":\"https:\\\/\\\/secure.gravatar.com\\\/avatar\\\/f0c7c47fc7146d19828273b9b8eda651c9c7ab583767e6338d3d3bee825adf76?s=96&d=mm&r=g\",\"contentUrl\":\"https:\\\/\\\/secure.gravatar.com\\\/avatar\\\/f0c7c47fc7146d19828273b9b8eda651c9c7ab583767e6338d3d3bee825adf76?s=96&d=mm&r=g\",\"caption\":\"Diario del Sur Digital\"},\"url\":\"https:\\\/\\\/diariodelsurdigital.com.ar\\\/?author=4\"}]}<\/script>\n<!-- \/ Yoast SEO plugin. -->","yoast_head_json":{"title":"Sin ley del Congreso, el Gobierno prorrog\u00f3 nuevamente el Presupuesto 2023 - Diario del Sur","robots":{"index":"index","follow":"follow","max-snippet":"max-snippet:-1","max-image-preview":"max-image-preview:large","max-video-preview":"max-video-preview:-1"},"canonical":"https:\/\/diariodelsurdigital.com.ar\/?p=365","og_locale":"es_ES","og_type":"article","og_title":"Sin ley del Congreso, el Gobierno prorrog\u00f3 nuevamente el Presupuesto 2023 - Diario del Sur","og_description":"En el \u00faltimo lunes del 2024, el Gobierno nacional oficializ\u00f3 la pr\u00f3rroga del Presupuesto 2023 para el a\u00f1o que comienza, luego que la ley no avanzara en el Congreso por la decisi\u00f3n del oficialismo de cerrar las negociaciones y no convocar a tratar el tema en sesiones extraordinarias. A trav\u00e9s del decreto 1131\/24, firmado por [&hellip;]","og_url":"https:\/\/diariodelsurdigital.com.ar\/?p=365","og_site_name":"Diario del Sur","article_published_time":"2024-12-31T15:46:25+00:00","article_modified_time":"2024-12-31T15:46:26+00:00","og_image":[{"width":992,"height":661,"url":"https:\/\/diariodelsurdigital.com.ar\/wp-content\/uploads\/2024\/12\/md-6.webp","type":"image\/webp"}],"author":"Diario del Sur Digital","twitter_card":"summary_large_image","twitter_misc":{"Escrito por":"Diario del Sur Digital","Tiempo de lectura":"5 minutos"},"schema":{"@context":"https:\/\/schema.org","@graph":[{"@type":"Article","@id":"https:\/\/diariodelsurdigital.com.ar\/?p=365#article","isPartOf":{"@id":"https:\/\/diariodelsurdigital.com.ar\/?p=365"},"author":{"name":"Diario del Sur Digital","@id":"https:\/\/diariodelsurdigital.com.ar\/#\/schema\/person\/1a4992532ed62965c968031b49195c81"},"headline":"Sin ley del Congreso, el Gobierno prorrog\u00f3 nuevamente el Presupuesto 2023","datePublished":"2024-12-31T15:46:25+00:00","dateModified":"2024-12-31T15:46:26+00:00","mainEntityOfPage":{"@id":"https:\/\/diariodelsurdigital.com.ar\/?p=365"},"wordCount":998,"commentCount":0,"image":{"@id":"https:\/\/diariodelsurdigital.com.ar\/?p=365#primaryimage"},"thumbnailUrl":"https:\/\/diariodelsurdigital.com.ar\/wp-content\/uploads\/2024\/12\/md-6.webp","articleSection":["Nacionales","Pol\u00edtica"],"inLanguage":"es","potentialAction":[{"@type":"CommentAction","name":"Comment","target":["https:\/\/diariodelsurdigital.com.ar\/?p=365#respond"]}]},{"@type":"WebPage","@id":"https:\/\/diariodelsurdigital.com.ar\/?p=365","url":"https:\/\/diariodelsurdigital.com.ar\/?p=365","name":"Sin ley del Congreso, el Gobierno prorrog\u00f3 nuevamente el Presupuesto 2023 - Diario del Sur","isPartOf":{"@id":"https:\/\/diariodelsurdigital.com.ar\/#website"},"primaryImageOfPage":{"@id":"https:\/\/diariodelsurdigital.com.ar\/?p=365#primaryimage"},"image":{"@id":"https:\/\/diariodelsurdigital.com.ar\/?p=365#primaryimage"},"thumbnailUrl":"https:\/\/diariodelsurdigital.com.ar\/wp-content\/uploads\/2024\/12\/md-6.webp","datePublished":"2024-12-31T15:46:25+00:00","dateModified":"2024-12-31T15:46:26+00:00","author":{"@id":"https:\/\/diariodelsurdigital.com.ar\/#\/schema\/person\/1a4992532ed62965c968031b49195c81"},"breadcrumb":{"@id":"https:\/\/diariodelsurdigital.com.ar\/?p=365#breadcrumb"},"inLanguage":"es","potentialAction":[{"@type":"ReadAction","target":["https:\/\/diariodelsurdigital.com.ar\/?p=365"]}]},{"@type":"ImageObject","inLanguage":"es","@id":"https:\/\/diariodelsurdigital.com.ar\/?p=365#primaryimage","url":"https:\/\/diariodelsurdigital.com.ar\/wp-content\/uploads\/2024\/12\/md-6.webp","contentUrl":"https:\/\/diariodelsurdigital.com.ar\/wp-content\/uploads\/2024\/12\/md-6.webp","width":992,"height":661},{"@type":"BreadcrumbList","@id":"https:\/\/diariodelsurdigital.com.ar\/?p=365#breadcrumb","itemListElement":[{"@type":"ListItem","position":1,"name":"Portada","item":"https:\/\/diariodelsurdigital.com.ar\/"},{"@type":"ListItem","position":2,"name":"Sin ley del Congreso, el Gobierno prorrog\u00f3 nuevamente el Presupuesto 2023"}]},{"@type":"WebSite","@id":"https:\/\/diariodelsurdigital.com.ar\/#website","url":"https:\/\/diariodelsurdigital.com.ar\/","name":"Diario del Sur","description":"Digital","potentialAction":[{"@type":"SearchAction","target":{"@type":"EntryPoint","urlTemplate":"https:\/\/diariodelsurdigital.com.ar\/?s={search_term_string}"},"query-input":{"@type":"PropertyValueSpecification","valueRequired":true,"valueName":"search_term_string"}}],"inLanguage":"es"},{"@type":"Person","@id":"https:\/\/diariodelsurdigital.com.ar\/#\/schema\/person\/1a4992532ed62965c968031b49195c81","name":"Diario del Sur Digital","image":{"@type":"ImageObject","inLanguage":"es","@id":"https:\/\/secure.gravatar.com\/avatar\/f0c7c47fc7146d19828273b9b8eda651c9c7ab583767e6338d3d3bee825adf76?s=96&d=mm&r=g","url":"https:\/\/secure.gravatar.com\/avatar\/f0c7c47fc7146d19828273b9b8eda651c9c7ab583767e6338d3d3bee825adf76?s=96&d=mm&r=g","contentUrl":"https:\/\/secure.gravatar.com\/avatar\/f0c7c47fc7146d19828273b9b8eda651c9c7ab583767e6338d3d3bee825adf76?s=96&d=mm&r=g","caption":"Diario del Sur Digital"},"url":"https:\/\/diariodelsurdigital.com.ar\/?author=4"}]}},"_links":{"self":[{"href":"https:\/\/diariodelsurdigital.com.ar\/index.php?rest_route=\/wp\/v2\/posts\/365","targetHints":{"allow":["GET"]}}],"collection":[{"href":"https:\/\/diariodelsurdigital.com.ar\/index.php?rest_route=\/wp\/v2\/posts"}],"about":[{"href":"https:\/\/diariodelsurdigital.com.ar\/index.php?rest_route=\/wp\/v2\/types\/post"}],"author":[{"embeddable":true,"href":"https:\/\/diariodelsurdigital.com.ar\/index.php?rest_route=\/wp\/v2\/users\/4"}],"replies":[{"embeddable":true,"href":"https:\/\/diariodelsurdigital.com.ar\/index.php?rest_route=%2Fwp%2Fv2%2Fcomments&post=365"}],"version-history":[{"count":1,"href":"https:\/\/diariodelsurdigital.com.ar\/index.php?rest_route=\/wp\/v2\/posts\/365\/revisions"}],"predecessor-version":[{"id":367,"href":"https:\/\/diariodelsurdigital.com.ar\/index.php?rest_route=\/wp\/v2\/posts\/365\/revisions\/367"}],"wp:featuredmedia":[{"embeddable":true,"href":"https:\/\/diariodelsurdigital.com.ar\/index.php?rest_route=\/wp\/v2\/media\/366"}],"wp:attachment":[{"href":"https:\/\/diariodelsurdigital.com.ar\/index.php?rest_route=%2Fwp%2Fv2%2Fmedia&parent=365"}],"wp:term":[{"taxonomy":"category","embeddable":true,"href":"https:\/\/diariodelsurdigital.com.ar\/index.php?rest_route=%2Fwp%2Fv2%2Fcategories&post=365"},{"taxonomy":"post_tag","embeddable":true,"href":"https:\/\/diariodelsurdigital.com.ar\/index.php?rest_route=%2Fwp%2Fv2%2Ftags&post=365"}],"curies":[{"name":"wp","href":"https:\/\/api.w.org\/{rel}","templated":true}]}}