{"id":3751,"date":"2025-07-22T14:33:41","date_gmt":"2025-07-22T17:33:41","guid":{"rendered":"https:\/\/diariodelsurdigital.com.ar\/?p=3751"},"modified":"2025-07-22T14:33:42","modified_gmt":"2025-07-22T17:33:42","slug":"trump-retiro-a-estados-unidos-de-la-unesco-luego-de-que-aceptara-a-palestina-como-estado-miembro","status":"publish","type":"post","link":"https:\/\/diariodelsurdigital.com.ar\/?p=3751","title":{"rendered":"Trump retir\u00f3 a Estados Unidos de la Unesco luego de que aceptara a Palestina como Estado miembro"},"content":{"rendered":"\n<p>Desde la Casa Blanca informaron que el desarrollo internacional de la organizaci\u00f3n \u201cest\u00e1 en contradicci\u00f3n\u201d con su pol\u00edtica exterior.<\/p>\n\n\n\n<p>La decisi\u00f3n de la Casa Blanca fue comunicada este martes a la directora general, Audrey Azoulay, a quien se le asegur\u00f3 que la participaci\u00f3n en la UNESCO \u00abno redunda en el inter\u00e9s nacional de Estados Unidos\u00bb.<\/p>\n\n\n\n<p>La retirada de Estados Unidos de la organizaci\u00f3n internacional entrar\u00e1 en efecto el 31 de diciembre de 2026, por lo que hasta ese momento continuar\u00e1 siendo miembro.<\/p>\n\n\n\n<p>Desde el gobierno estadounidense se\u00f1alaron que la incorporaci\u00f3n de Palestina como Estado miembro fue uno de los principales motivos que derivaron en la salida.<\/p>\n\n\n\n<p>\u201cLa decisi\u00f3n de la Unesco de admitir al \u201cEstado de Palestina\u201d como Estado miembro es muy problem\u00e1tica, contraria a la pol\u00edtica de Estados Unidos y ha contribuido a la proliferaci\u00f3n de la ret\u00f3rica antiisrael\u00ed dentro de la organizaci\u00f3n\u00bb, se\u00f1al\u00f3 el comunicado.<\/p>\n\n\n\n<p>En paralelo, remarcaron la diferencia de agendas que mantienen: \u201cLa Unesco trabaja para promover causas sociales y culturales divisivas y mantiene un enfoque desmesurado en los Objetivos de Desarrollo Sostenible de las Naciones Unidas\u201d.<\/p>\n\n\n\n<p>\u201cEs una agenda globalista e ideol\u00f3gica para el desarrollo internacional que est\u00e1 en contradicci\u00f3n con nuestra pol\u00edtica exterior de Estados Unidos que es, en primer lugar, \u00abAmerica First\u00bb, agregaron.<\/p>\n\n\n\n<p>El comunicado del Departamento de Estado de Estados Unidos tambi\u00e9n aclara que la participaci\u00f3n en las diferentes organizaciones internacionales \u00abse centrar\u00e1 en promover los intereses estadounidenses con claridad y convicci\u00f3n\u00bb.<\/p>\n\n\n\n<p>Esta ser\u00e1 la tercera vez que Estados Unidos abandona la Unesco y la segunda durante un gobierno de Trump.<\/p>\n\n\n\n<p>La primera se produjo en 1984, bajo el gobierno de Ronald Reagan. El por entonces presidente estadounidense consideraba que la agencia estaba mal gestionada, era corrupta y se utilizaba para promover los intereses de la Uni\u00f3n Sovi\u00e9tica.<\/p>\n\n\n\n<p>Luego se reincorpor\u00f3 en 2003, durante la presidencia de George W. Bush, y se mantuvo durante 15 a\u00f1os, hasta la llegada de Donald Trump.<\/p>\n\n\n\n<p>En 2017, y durante su primer mandato, Trump anunci\u00f3 que Estados Unidos se retirar\u00eda de la Unesco, citando un sesgo contra Israel. Esa decisi\u00f3n entr\u00f3 en vigor un a\u00f1o despu\u00e9s.<\/p>\n\n\n\n<p>Desde aquel momento, Estados Unidos e Israel dejaron de financiar a la Unesco despu\u00e9s de que votara para incluir a Palestina como estado miembro en 2011, public\u00f3 TN.<\/p>\n\n\n\n<p>Estados Unidos regres\u00f3 despu\u00e9s de una ausencia de cinco a\u00f1os cuando el gobierno de Biden solicit\u00f3 reincorporarse a la organizaci\u00f3n y ahora se retirar\u00e1 por tercera vez.<\/p>\n","protected":false},"excerpt":{"rendered":"<p>Desde la Casa Blanca informaron que el desarrollo internacional de la organizaci\u00f3n \u201cest\u00e1 en contradicci\u00f3n\u201d con su pol\u00edtica exterior. La decisi\u00f3n de la Casa Blanca fue comunicada este martes a la directora general, Audrey Azoulay, a quien se le asegur\u00f3 que la participaci\u00f3n en la UNESCO \u00abno redunda en el inter\u00e9s nacional de Estados Unidos\u00bb. [&hellip;]<\/p>\n","protected":false},"author":4,"featured_media":3752,"comment_status":"open","ping_status":"open","sticky":false,"template":"","format":"standard","meta":{"footnotes":""},"categories":[20],"tags":[],"class_list":{"0":"post-3751","1":"post","2":"type-post","3":"status-publish","4":"format-standard","5":"has-post-thumbnail","7":"category-internacionales"},"yoast_head":"<!-- This site is optimized with the Yoast SEO plugin v27.4 - https:\/\/yoast.com\/product\/yoast-seo-wordpress\/ -->\n<title>Trump retir\u00f3 a Estados Unidos de la Unesco luego de que aceptara a Palestina como Estado miembro - Diario del Sur<\/title>\n<meta name=\"robots\" content=\"index, follow, max-snippet:-1, max-image-preview:large, max-video-preview:-1\" \/>\n<link rel=\"canonical\" href=\"https:\/\/diariodelsurdigital.com.ar\/?p=3751\" \/>\n<meta property=\"og:locale\" content=\"es_ES\" \/>\n<meta property=\"og:type\" content=\"article\" \/>\n<meta property=\"og:title\" content=\"Trump retir\u00f3 a Estados Unidos de la Unesco luego de que aceptara a Palestina como Estado miembro - Diario del Sur\" \/>\n<meta property=\"og:description\" content=\"Desde la Casa Blanca informaron que el desarrollo internacional de la organizaci\u00f3n \u201cest\u00e1 en contradicci\u00f3n\u201d con su pol\u00edtica exterior. La decisi\u00f3n de la Casa Blanca fue comunicada este martes a la directora general, Audrey Azoulay, a quien se le asegur\u00f3 que la participaci\u00f3n en la UNESCO \u00abno redunda en el inter\u00e9s nacional de Estados Unidos\u00bb. [&hellip;]\" \/>\n<meta property=\"og:url\" content=\"https:\/\/diariodelsurdigital.com.ar\/?p=3751\" \/>\n<meta property=\"og:site_name\" content=\"Diario del Sur\" \/>\n<meta property=\"article:published_time\" content=\"2025-07-22T17:33:41+00:00\" \/>\n<meta property=\"article:modified_time\" content=\"2025-07-22T17:33:42+00:00\" \/>\n<meta property=\"og:image\" content=\"https:\/\/diariodelsurdigital.com.ar\/wp-content\/uploads\/2025\/07\/md-17-1.webp\" \/>\n\t<meta property=\"og:image:width\" content=\"992\" \/>\n\t<meta property=\"og:image:height\" content=\"560\" \/>\n\t<meta property=\"og:image:type\" content=\"image\/webp\" \/>\n<meta name=\"author\" content=\"Diario del Sur Digital\" \/>\n<meta name=\"twitter:card\" content=\"summary_large_image\" \/>\n<meta name=\"twitter:label1\" content=\"Escrito por\" \/>\n\t<meta name=\"twitter:data1\" content=\"Diario del Sur Digital\" \/>\n\t<meta name=\"twitter:label2\" content=\"Tiempo de lectura\" \/>\n\t<meta name=\"twitter:data2\" content=\"3 minutos\" \/>\n<script type=\"application\/ld+json\" class=\"yoast-schema-graph\">{\"@context\":\"https:\\\/\\\/schema.org\",\"@graph\":[{\"@type\":\"Article\",\"@id\":\"https:\\\/\\\/diariodelsurdigital.com.ar\\\/?p=3751#article\",\"isPartOf\":{\"@id\":\"https:\\\/\\\/diariodelsurdigital.com.ar\\\/?p=3751\"},\"author\":{\"name\":\"Diario del Sur Digital\",\"@id\":\"https:\\\/\\\/diariodelsurdigital.com.ar\\\/#\\\/schema\\\/person\\\/1a4992532ed62965c968031b49195c81\"},\"headline\":\"Trump retir\u00f3 a Estados Unidos de la Unesco luego de que aceptara a Palestina como Estado miembro\",\"datePublished\":\"2025-07-22T17:33:41+00:00\",\"dateModified\":\"2025-07-22T17:33:42+00:00\",\"mainEntityOfPage\":{\"@id\":\"https:\\\/\\\/diariodelsurdigital.com.ar\\\/?p=3751\"},\"wordCount\":448,\"commentCount\":0,\"image\":{\"@id\":\"https:\\\/\\\/diariodelsurdigital.com.ar\\\/?p=3751#primaryimage\"},\"thumbnailUrl\":\"https:\\\/\\\/diariodelsurdigital.com.ar\\\/wp-content\\\/uploads\\\/2025\\\/07\\\/md-17-1.webp\",\"articleSection\":[\"Internacionales\"],\"inLanguage\":\"es\",\"potentialAction\":[{\"@type\":\"CommentAction\",\"name\":\"Comment\",\"target\":[\"https:\\\/\\\/diariodelsurdigital.com.ar\\\/?p=3751#respond\"]}]},{\"@type\":\"WebPage\",\"@id\":\"https:\\\/\\\/diariodelsurdigital.com.ar\\\/?p=3751\",\"url\":\"https:\\\/\\\/diariodelsurdigital.com.ar\\\/?p=3751\",\"name\":\"Trump retir\u00f3 a Estados Unidos de la Unesco luego de que aceptara a Palestina como Estado miembro - Diario del Sur\",\"isPartOf\":{\"@id\":\"https:\\\/\\\/diariodelsurdigital.com.ar\\\/#website\"},\"primaryImageOfPage\":{\"@id\":\"https:\\\/\\\/diariodelsurdigital.com.ar\\\/?p=3751#primaryimage\"},\"image\":{\"@id\":\"https:\\\/\\\/diariodelsurdigital.com.ar\\\/?p=3751#primaryimage\"},\"thumbnailUrl\":\"https:\\\/\\\/diariodelsurdigital.com.ar\\\/wp-content\\\/uploads\\\/2025\\\/07\\\/md-17-1.webp\",\"datePublished\":\"2025-07-22T17:33:41+00:00\",\"dateModified\":\"2025-07-22T17:33:42+00:00\",\"author\":{\"@id\":\"https:\\\/\\\/diariodelsurdigital.com.ar\\\/#\\\/schema\\\/person\\\/1a4992532ed62965c968031b49195c81\"},\"breadcrumb\":{\"@id\":\"https:\\\/\\\/diariodelsurdigital.com.ar\\\/?p=3751#breadcrumb\"},\"inLanguage\":\"es\",\"potentialAction\":[{\"@type\":\"ReadAction\",\"target\":[\"https:\\\/\\\/diariodelsurdigital.com.ar\\\/?p=3751\"]}]},{\"@type\":\"ImageObject\",\"inLanguage\":\"es\",\"@id\":\"https:\\\/\\\/diariodelsurdigital.com.ar\\\/?p=3751#primaryimage\",\"url\":\"https:\\\/\\\/diariodelsurdigital.com.ar\\\/wp-content\\\/uploads\\\/2025\\\/07\\\/md-17-1.webp\",\"contentUrl\":\"https:\\\/\\\/diariodelsurdigital.com.ar\\\/wp-content\\\/uploads\\\/2025\\\/07\\\/md-17-1.webp\",\"width\":992,\"height\":560},{\"@type\":\"BreadcrumbList\",\"@id\":\"https:\\\/\\\/diariodelsurdigital.com.ar\\\/?p=3751#breadcrumb\",\"itemListElement\":[{\"@type\":\"ListItem\",\"position\":1,\"name\":\"Portada\",\"item\":\"https:\\\/\\\/diariodelsurdigital.com.ar\\\/\"},{\"@type\":\"ListItem\",\"position\":2,\"name\":\"Trump retir\u00f3 a Estados Unidos de la Unesco luego de que aceptara a Palestina como Estado miembro\"}]},{\"@type\":\"WebSite\",\"@id\":\"https:\\\/\\\/diariodelsurdigital.com.ar\\\/#website\",\"url\":\"https:\\\/\\\/diariodelsurdigital.com.ar\\\/\",\"name\":\"Diario del Sur\",\"description\":\"Digital\",\"potentialAction\":[{\"@type\":\"SearchAction\",\"target\":{\"@type\":\"EntryPoint\",\"urlTemplate\":\"https:\\\/\\\/diariodelsurdigital.com.ar\\\/?s={search_term_string}\"},\"query-input\":{\"@type\":\"PropertyValueSpecification\",\"valueRequired\":true,\"valueName\":\"search_term_string\"}}],\"inLanguage\":\"es\"},{\"@type\":\"Person\",\"@id\":\"https:\\\/\\\/diariodelsurdigital.com.ar\\\/#\\\/schema\\\/person\\\/1a4992532ed62965c968031b49195c81\",\"name\":\"Diario del Sur Digital\",\"image\":{\"@type\":\"ImageObject\",\"inLanguage\":\"es\",\"@id\":\"https:\\\/\\\/secure.gravatar.com\\\/avatar\\\/f0c7c47fc7146d19828273b9b8eda651c9c7ab583767e6338d3d3bee825adf76?s=96&d=mm&r=g\",\"url\":\"https:\\\/\\\/secure.gravatar.com\\\/avatar\\\/f0c7c47fc7146d19828273b9b8eda651c9c7ab583767e6338d3d3bee825adf76?s=96&d=mm&r=g\",\"contentUrl\":\"https:\\\/\\\/secure.gravatar.com\\\/avatar\\\/f0c7c47fc7146d19828273b9b8eda651c9c7ab583767e6338d3d3bee825adf76?s=96&d=mm&r=g\",\"caption\":\"Diario del Sur Digital\"},\"url\":\"https:\\\/\\\/diariodelsurdigital.com.ar\\\/?author=4\"}]}<\/script>\n<!-- \/ Yoast SEO plugin. -->","yoast_head_json":{"title":"Trump retir\u00f3 a Estados Unidos de la Unesco luego de que aceptara a Palestina como Estado miembro - Diario del Sur","robots":{"index":"index","follow":"follow","max-snippet":"max-snippet:-1","max-image-preview":"max-image-preview:large","max-video-preview":"max-video-preview:-1"},"canonical":"https:\/\/diariodelsurdigital.com.ar\/?p=3751","og_locale":"es_ES","og_type":"article","og_title":"Trump retir\u00f3 a Estados Unidos de la Unesco luego de que aceptara a Palestina como Estado miembro - Diario del Sur","og_description":"Desde la Casa Blanca informaron que el desarrollo internacional de la organizaci\u00f3n \u201cest\u00e1 en contradicci\u00f3n\u201d con su pol\u00edtica exterior. La decisi\u00f3n de la Casa Blanca fue comunicada este martes a la directora general, Audrey Azoulay, a quien se le asegur\u00f3 que la participaci\u00f3n en la UNESCO \u00abno redunda en el inter\u00e9s nacional de Estados Unidos\u00bb. [&hellip;]","og_url":"https:\/\/diariodelsurdigital.com.ar\/?p=3751","og_site_name":"Diario del Sur","article_published_time":"2025-07-22T17:33:41+00:00","article_modified_time":"2025-07-22T17:33:42+00:00","og_image":[{"width":992,"height":560,"url":"https:\/\/diariodelsurdigital.com.ar\/wp-content\/uploads\/2025\/07\/md-17-1.webp","type":"image\/webp"}],"author":"Diario del Sur Digital","twitter_card":"summary_large_image","twitter_misc":{"Escrito por":"Diario del Sur Digital","Tiempo de lectura":"3 minutos"},"schema":{"@context":"https:\/\/schema.org","@graph":[{"@type":"Article","@id":"https:\/\/diariodelsurdigital.com.ar\/?p=3751#article","isPartOf":{"@id":"https:\/\/diariodelsurdigital.com.ar\/?p=3751"},"author":{"name":"Diario del Sur Digital","@id":"https:\/\/diariodelsurdigital.com.ar\/#\/schema\/person\/1a4992532ed62965c968031b49195c81"},"headline":"Trump retir\u00f3 a Estados Unidos de la Unesco luego de que aceptara a Palestina como Estado miembro","datePublished":"2025-07-22T17:33:41+00:00","dateModified":"2025-07-22T17:33:42+00:00","mainEntityOfPage":{"@id":"https:\/\/diariodelsurdigital.com.ar\/?p=3751"},"wordCount":448,"commentCount":0,"image":{"@id":"https:\/\/diariodelsurdigital.com.ar\/?p=3751#primaryimage"},"thumbnailUrl":"https:\/\/diariodelsurdigital.com.ar\/wp-content\/uploads\/2025\/07\/md-17-1.webp","articleSection":["Internacionales"],"inLanguage":"es","potentialAction":[{"@type":"CommentAction","name":"Comment","target":["https:\/\/diariodelsurdigital.com.ar\/?p=3751#respond"]}]},{"@type":"WebPage","@id":"https:\/\/diariodelsurdigital.com.ar\/?p=3751","url":"https:\/\/diariodelsurdigital.com.ar\/?p=3751","name":"Trump retir\u00f3 a Estados Unidos de la Unesco luego de que aceptara a Palestina como Estado miembro - Diario del Sur","isPartOf":{"@id":"https:\/\/diariodelsurdigital.com.ar\/#website"},"primaryImageOfPage":{"@id":"https:\/\/diariodelsurdigital.com.ar\/?p=3751#primaryimage"},"image":{"@id":"https:\/\/diariodelsurdigital.com.ar\/?p=3751#primaryimage"},"thumbnailUrl":"https:\/\/diariodelsurdigital.com.ar\/wp-content\/uploads\/2025\/07\/md-17-1.webp","datePublished":"2025-07-22T17:33:41+00:00","dateModified":"2025-07-22T17:33:42+00:00","author":{"@id":"https:\/\/diariodelsurdigital.com.ar\/#\/schema\/person\/1a4992532ed62965c968031b49195c81"},"breadcrumb":{"@id":"https:\/\/diariodelsurdigital.com.ar\/?p=3751#breadcrumb"},"inLanguage":"es","potentialAction":[{"@type":"ReadAction","target":["https:\/\/diariodelsurdigital.com.ar\/?p=3751"]}]},{"@type":"ImageObject","inLanguage":"es","@id":"https:\/\/diariodelsurdigital.com.ar\/?p=3751#primaryimage","url":"https:\/\/diariodelsurdigital.com.ar\/wp-content\/uploads\/2025\/07\/md-17-1.webp","contentUrl":"https:\/\/diariodelsurdigital.com.ar\/wp-content\/uploads\/2025\/07\/md-17-1.webp","width":992,"height":560},{"@type":"BreadcrumbList","@id":"https:\/\/diariodelsurdigital.com.ar\/?p=3751#breadcrumb","itemListElement":[{"@type":"ListItem","position":1,"name":"Portada","item":"https:\/\/diariodelsurdigital.com.ar\/"},{"@type":"ListItem","position":2,"name":"Trump retir\u00f3 a Estados Unidos de la Unesco luego de que aceptara a Palestina como Estado miembro"}]},{"@type":"WebSite","@id":"https:\/\/diariodelsurdigital.com.ar\/#website","url":"https:\/\/diariodelsurdigital.com.ar\/","name":"Diario del Sur","description":"Digital","potentialAction":[{"@type":"SearchAction","target":{"@type":"EntryPoint","urlTemplate":"https:\/\/diariodelsurdigital.com.ar\/?s={search_term_string}"},"query-input":{"@type":"PropertyValueSpecification","valueRequired":true,"valueName":"search_term_string"}}],"inLanguage":"es"},{"@type":"Person","@id":"https:\/\/diariodelsurdigital.com.ar\/#\/schema\/person\/1a4992532ed62965c968031b49195c81","name":"Diario del Sur Digital","image":{"@type":"ImageObject","inLanguage":"es","@id":"https:\/\/secure.gravatar.com\/avatar\/f0c7c47fc7146d19828273b9b8eda651c9c7ab583767e6338d3d3bee825adf76?s=96&d=mm&r=g","url":"https:\/\/secure.gravatar.com\/avatar\/f0c7c47fc7146d19828273b9b8eda651c9c7ab583767e6338d3d3bee825adf76?s=96&d=mm&r=g","contentUrl":"https:\/\/secure.gravatar.com\/avatar\/f0c7c47fc7146d19828273b9b8eda651c9c7ab583767e6338d3d3bee825adf76?s=96&d=mm&r=g","caption":"Diario del Sur Digital"},"url":"https:\/\/diariodelsurdigital.com.ar\/?author=4"}]}},"_links":{"self":[{"href":"https:\/\/diariodelsurdigital.com.ar\/index.php?rest_route=\/wp\/v2\/posts\/3751","targetHints":{"allow":["GET"]}}],"collection":[{"href":"https:\/\/diariodelsurdigital.com.ar\/index.php?rest_route=\/wp\/v2\/posts"}],"about":[{"href":"https:\/\/diariodelsurdigital.com.ar\/index.php?rest_route=\/wp\/v2\/types\/post"}],"author":[{"embeddable":true,"href":"https:\/\/diariodelsurdigital.com.ar\/index.php?rest_route=\/wp\/v2\/users\/4"}],"replies":[{"embeddable":true,"href":"https:\/\/diariodelsurdigital.com.ar\/index.php?rest_route=%2Fwp%2Fv2%2Fcomments&post=3751"}],"version-history":[{"count":1,"href":"https:\/\/diariodelsurdigital.com.ar\/index.php?rest_route=\/wp\/v2\/posts\/3751\/revisions"}],"predecessor-version":[{"id":3753,"href":"https:\/\/diariodelsurdigital.com.ar\/index.php?rest_route=\/wp\/v2\/posts\/3751\/revisions\/3753"}],"wp:featuredmedia":[{"embeddable":true,"href":"https:\/\/diariodelsurdigital.com.ar\/index.php?rest_route=\/wp\/v2\/media\/3752"}],"wp:attachment":[{"href":"https:\/\/diariodelsurdigital.com.ar\/index.php?rest_route=%2Fwp%2Fv2%2Fmedia&parent=3751"}],"wp:term":[{"taxonomy":"category","embeddable":true,"href":"https:\/\/diariodelsurdigital.com.ar\/index.php?rest_route=%2Fwp%2Fv2%2Fcategories&post=3751"},{"taxonomy":"post_tag","embeddable":true,"href":"https:\/\/diariodelsurdigital.com.ar\/index.php?rest_route=%2Fwp%2Fv2%2Ftags&post=3751"}],"curies":[{"name":"wp","href":"https:\/\/api.w.org\/{rel}","templated":true}]}}