{"id":3757,"date":"2025-07-22T14:41:49","date_gmt":"2025-07-22T17:41:49","guid":{"rendered":"https:\/\/diariodelsurdigital.com.ar\/?p=3757"},"modified":"2025-07-22T14:41:50","modified_gmt":"2025-07-22T17:41:50","slug":"trabajadores-rurales-de-entre-rios-participan-del-reclamo-salarial-que-uatre-realiza-en-distintos-puntos-del-pais","status":"publish","type":"post","link":"https:\/\/diariodelsurdigital.com.ar\/?p=3757","title":{"rendered":"Trabajadores rurales de Entre R\u00edos participan del reclamo salarial que Uatre realiza en distintos puntos del pa\u00eds"},"content":{"rendered":"\n<p>La Uni\u00f3n Argentina de Trabajadores Rurales y Estibadores (Uatre) se moviliza este martes en distintos puntos del pa\u00eds, realizando cortes de rutas y manifestaciones en reclamo de paritarias justas y contra la oferta de salarios de hambre de parte del sector empleador agropecuario. Seg\u00fan se consign\u00f3 en un comunicado, Entre R\u00edos ser\u00e1 parte del reclamo junto a Villa Mar\u00eda, Salata y Jujuy.<\/p>\n\n\n\n<p>La Uni\u00f3n Argentina de Trabajadores Rurales y Estibadores (Uatre) inform\u00f3 sobre las medidas de fuerza destacando que \u201cse dan en un contexto de paritarias estancadas luego de que el viernes 18 de julio fracasara la \u00faltima reuni\u00f3n de la Comisi\u00f3n Nacional Comisi\u00f3n Nacional de Trabajo Agrario (CNTA)\u201d.<\/p>\n\n\n\n<p>\u00abEl intento de di\u00e1logo fue saboteado por la actitud totalmente intransigente, provocadora y ofensiva de las entidades empresarias que integran la CNTA: Confederaciones Rurales Argentinas (CRA), Confederaci\u00f3n Argentina de la Mediana Empresa (CAME), Confederaci\u00f3n Intercooperativa Agropecuaria Limitada (Coninagro) y Federaci\u00f3n Agraria Argentina (FAA)\u00bb, comunic\u00f3 la Uatre luego de que la reuni\u00f3n del viernes pasara a un nuevo cuarto intermedio programado para este martes 22.<\/p>\n\n\n\n<p>Principales movilizaciones<\/p>\n\n\n\n<p>Seg\u00fan se consign\u00f3 en un comunicado, las principales movilizaciones de la fecha se realizar\u00e1n en Entre R\u00edos, Villa Mar\u00eda (C\u00f3rdoba), Salta y Jujuy. Las Delegaciones de Salta y Jujuy se movilizar\u00e1n juntas a Salta Capital, a las 10:30 horas, frente a la C\u00e1mara Argentina de la Mediana Empresa (CAME). En Villa Mar\u00eda, se cortar\u00e1 la ruta en un punto crucial de circulaci\u00f3n de intersecci\u00f3n entre la Ruta 158 del Mercosur, la Ruta Provincial 5 y Ruta Nacional 9. Por su parte, la Delegaci\u00f3n gremial de Entre R\u00edos tambi\u00e9n cortar\u00e1 la ruta principal de acceso a la provincia.<\/p>\n\n\n\n<p>Negativa sistem\u00e1tica<\/p>\n\n\n\n<p>Uatre denunci\u00f3 que las entidades empresarias que integran la CNTA \u201cse niegan sistem\u00e1ticamente a reconocer el deterioro brutal del poder adquisitivo de nuestros compa\u00f1eros y pretenden imponer aumentos miserables que ni siquiera alcanzan para cubrir la canasta b\u00e1sica alimentaria. Quieren institucionalizar el salario de hambre y consolidar la pobreza del trabajador rural\u201d.<\/p>\n\n\n\n<p>Finalmente se afirm\u00f3 que \u201cdesde la Uatre lo decimos con total claridad: no vamos a convalidar paritarias de miseria ni a firmar ning\u00fan acuerdo que legitime la explotaci\u00f3n y el empobrecimiento del pe\u00f3n rural. La dignidad de nuestros trabajadores no se negocia. Exigimos condiciones laborales justas y un salario digno\u00bb.<\/p>\n","protected":false},"excerpt":{"rendered":"<p>La Uni\u00f3n Argentina de Trabajadores Rurales y Estibadores (Uatre) se moviliza este martes en distintos puntos del pa\u00eds, realizando cortes de rutas y manifestaciones en reclamo de paritarias justas y contra la oferta de salarios de hambre de parte del sector empleador agropecuario. Seg\u00fan se consign\u00f3 en un comunicado, Entre R\u00edos ser\u00e1 parte del reclamo [&hellip;]<\/p>\n","protected":false},"author":4,"featured_media":3758,"comment_status":"open","ping_status":"open","sticky":false,"template":"","format":"standard","meta":{"footnotes":""},"categories":[17],"tags":[],"class_list":{"0":"post-3757","1":"post","2":"type-post","3":"status-publish","4":"format-standard","5":"has-post-thumbnail","7":"category-provinciales"},"yoast_head":"<!-- This site is optimized with the Yoast SEO plugin v27.4 - https:\/\/yoast.com\/product\/yoast-seo-wordpress\/ -->\n<title>Trabajadores rurales de Entre R\u00edos participan del reclamo salarial que Uatre realiza en distintos puntos del pa\u00eds - Diario del Sur<\/title>\n<meta name=\"robots\" content=\"index, follow, max-snippet:-1, max-image-preview:large, max-video-preview:-1\" \/>\n<link rel=\"canonical\" href=\"https:\/\/diariodelsurdigital.com.ar\/?p=3757\" \/>\n<meta property=\"og:locale\" content=\"es_ES\" \/>\n<meta property=\"og:type\" content=\"article\" \/>\n<meta property=\"og:title\" content=\"Trabajadores rurales de Entre R\u00edos participan del reclamo salarial que Uatre realiza en distintos puntos del pa\u00eds - Diario del Sur\" \/>\n<meta property=\"og:description\" content=\"La Uni\u00f3n Argentina de Trabajadores Rurales y Estibadores (Uatre) se moviliza este martes en distintos puntos del pa\u00eds, realizando cortes de rutas y manifestaciones en reclamo de paritarias justas y contra la oferta de salarios de hambre de parte del sector empleador agropecuario. Seg\u00fan se consign\u00f3 en un comunicado, Entre R\u00edos ser\u00e1 parte del reclamo [&hellip;]\" \/>\n<meta property=\"og:url\" content=\"https:\/\/diariodelsurdigital.com.ar\/?p=3757\" \/>\n<meta property=\"og:site_name\" content=\"Diario del Sur\" \/>\n<meta property=\"article:published_time\" content=\"2025-07-22T17:41:49+00:00\" \/>\n<meta property=\"article:modified_time\" content=\"2025-07-22T17:41:50+00:00\" \/>\n<meta property=\"og:image\" content=\"https:\/\/diariodelsurdigital.com.ar\/wp-content\/uploads\/2025\/07\/md-19-1.webp\" \/>\n\t<meta property=\"og:image:width\" content=\"992\" \/>\n\t<meta property=\"og:image:height\" content=\"763\" \/>\n\t<meta property=\"og:image:type\" content=\"image\/webp\" \/>\n<meta name=\"author\" content=\"Diario del Sur Digital\" \/>\n<meta name=\"twitter:card\" content=\"summary_large_image\" \/>\n<meta name=\"twitter:label1\" content=\"Escrito por\" \/>\n\t<meta name=\"twitter:data1\" content=\"Diario del Sur Digital\" \/>\n\t<meta name=\"twitter:label2\" content=\"Tiempo de lectura\" \/>\n\t<meta name=\"twitter:data2\" content=\"2 minutos\" \/>\n<script type=\"application\/ld+json\" class=\"yoast-schema-graph\">{\"@context\":\"https:\\\/\\\/schema.org\",\"@graph\":[{\"@type\":\"Article\",\"@id\":\"https:\\\/\\\/diariodelsurdigital.com.ar\\\/?p=3757#article\",\"isPartOf\":{\"@id\":\"https:\\\/\\\/diariodelsurdigital.com.ar\\\/?p=3757\"},\"author\":{\"name\":\"Diario del Sur Digital\",\"@id\":\"https:\\\/\\\/diariodelsurdigital.com.ar\\\/#\\\/schema\\\/person\\\/1a4992532ed62965c968031b49195c81\"},\"headline\":\"Trabajadores rurales de Entre R\u00edos participan del reclamo salarial que Uatre realiza en distintos puntos del pa\u00eds\",\"datePublished\":\"2025-07-22T17:41:49+00:00\",\"dateModified\":\"2025-07-22T17:41:50+00:00\",\"mainEntityOfPage\":{\"@id\":\"https:\\\/\\\/diariodelsurdigital.com.ar\\\/?p=3757\"},\"wordCount\":423,\"commentCount\":0,\"image\":{\"@id\":\"https:\\\/\\\/diariodelsurdigital.com.ar\\\/?p=3757#primaryimage\"},\"thumbnailUrl\":\"https:\\\/\\\/diariodelsurdigital.com.ar\\\/wp-content\\\/uploads\\\/2025\\\/07\\\/md-19-1.webp\",\"articleSection\":[\"Provinciales\"],\"inLanguage\":\"es\",\"potentialAction\":[{\"@type\":\"CommentAction\",\"name\":\"Comment\",\"target\":[\"https:\\\/\\\/diariodelsurdigital.com.ar\\\/?p=3757#respond\"]}]},{\"@type\":\"WebPage\",\"@id\":\"https:\\\/\\\/diariodelsurdigital.com.ar\\\/?p=3757\",\"url\":\"https:\\\/\\\/diariodelsurdigital.com.ar\\\/?p=3757\",\"name\":\"Trabajadores rurales de Entre R\u00edos participan del reclamo salarial que Uatre realiza en distintos puntos del pa\u00eds - Diario del Sur\",\"isPartOf\":{\"@id\":\"https:\\\/\\\/diariodelsurdigital.com.ar\\\/#website\"},\"primaryImageOfPage\":{\"@id\":\"https:\\\/\\\/diariodelsurdigital.com.ar\\\/?p=3757#primaryimage\"},\"image\":{\"@id\":\"https:\\\/\\\/diariodelsurdigital.com.ar\\\/?p=3757#primaryimage\"},\"thumbnailUrl\":\"https:\\\/\\\/diariodelsurdigital.com.ar\\\/wp-content\\\/uploads\\\/2025\\\/07\\\/md-19-1.webp\",\"datePublished\":\"2025-07-22T17:41:49+00:00\",\"dateModified\":\"2025-07-22T17:41:50+00:00\",\"author\":{\"@id\":\"https:\\\/\\\/diariodelsurdigital.com.ar\\\/#\\\/schema\\\/person\\\/1a4992532ed62965c968031b49195c81\"},\"breadcrumb\":{\"@id\":\"https:\\\/\\\/diariodelsurdigital.com.ar\\\/?p=3757#breadcrumb\"},\"inLanguage\":\"es\",\"potentialAction\":[{\"@type\":\"ReadAction\",\"target\":[\"https:\\\/\\\/diariodelsurdigital.com.ar\\\/?p=3757\"]}]},{\"@type\":\"ImageObject\",\"inLanguage\":\"es\",\"@id\":\"https:\\\/\\\/diariodelsurdigital.com.ar\\\/?p=3757#primaryimage\",\"url\":\"https:\\\/\\\/diariodelsurdigital.com.ar\\\/wp-content\\\/uploads\\\/2025\\\/07\\\/md-19-1.webp\",\"contentUrl\":\"https:\\\/\\\/diariodelsurdigital.com.ar\\\/wp-content\\\/uploads\\\/2025\\\/07\\\/md-19-1.webp\",\"width\":992,\"height\":763},{\"@type\":\"BreadcrumbList\",\"@id\":\"https:\\\/\\\/diariodelsurdigital.com.ar\\\/?p=3757#breadcrumb\",\"itemListElement\":[{\"@type\":\"ListItem\",\"position\":1,\"name\":\"Portada\",\"item\":\"https:\\\/\\\/diariodelsurdigital.com.ar\\\/\"},{\"@type\":\"ListItem\",\"position\":2,\"name\":\"Trabajadores rurales de Entre R\u00edos participan del reclamo salarial que Uatre realiza en distintos puntos del pa\u00eds\"}]},{\"@type\":\"WebSite\",\"@id\":\"https:\\\/\\\/diariodelsurdigital.com.ar\\\/#website\",\"url\":\"https:\\\/\\\/diariodelsurdigital.com.ar\\\/\",\"name\":\"Diario del Sur\",\"description\":\"Digital\",\"potentialAction\":[{\"@type\":\"SearchAction\",\"target\":{\"@type\":\"EntryPoint\",\"urlTemplate\":\"https:\\\/\\\/diariodelsurdigital.com.ar\\\/?s={search_term_string}\"},\"query-input\":{\"@type\":\"PropertyValueSpecification\",\"valueRequired\":true,\"valueName\":\"search_term_string\"}}],\"inLanguage\":\"es\"},{\"@type\":\"Person\",\"@id\":\"https:\\\/\\\/diariodelsurdigital.com.ar\\\/#\\\/schema\\\/person\\\/1a4992532ed62965c968031b49195c81\",\"name\":\"Diario del Sur Digital\",\"image\":{\"@type\":\"ImageObject\",\"inLanguage\":\"es\",\"@id\":\"https:\\\/\\\/secure.gravatar.com\\\/avatar\\\/f0c7c47fc7146d19828273b9b8eda651c9c7ab583767e6338d3d3bee825adf76?s=96&d=mm&r=g\",\"url\":\"https:\\\/\\\/secure.gravatar.com\\\/avatar\\\/f0c7c47fc7146d19828273b9b8eda651c9c7ab583767e6338d3d3bee825adf76?s=96&d=mm&r=g\",\"contentUrl\":\"https:\\\/\\\/secure.gravatar.com\\\/avatar\\\/f0c7c47fc7146d19828273b9b8eda651c9c7ab583767e6338d3d3bee825adf76?s=96&d=mm&r=g\",\"caption\":\"Diario del Sur Digital\"},\"url\":\"https:\\\/\\\/diariodelsurdigital.com.ar\\\/?author=4\"}]}<\/script>\n<!-- \/ Yoast SEO plugin. -->","yoast_head_json":{"title":"Trabajadores rurales de Entre R\u00edos participan del reclamo salarial que Uatre realiza en distintos puntos del pa\u00eds - Diario del Sur","robots":{"index":"index","follow":"follow","max-snippet":"max-snippet:-1","max-image-preview":"max-image-preview:large","max-video-preview":"max-video-preview:-1"},"canonical":"https:\/\/diariodelsurdigital.com.ar\/?p=3757","og_locale":"es_ES","og_type":"article","og_title":"Trabajadores rurales de Entre R\u00edos participan del reclamo salarial que Uatre realiza en distintos puntos del pa\u00eds - Diario del Sur","og_description":"La Uni\u00f3n Argentina de Trabajadores Rurales y Estibadores (Uatre) se moviliza este martes en distintos puntos del pa\u00eds, realizando cortes de rutas y manifestaciones en reclamo de paritarias justas y contra la oferta de salarios de hambre de parte del sector empleador agropecuario. Seg\u00fan se consign\u00f3 en un comunicado, Entre R\u00edos ser\u00e1 parte del reclamo [&hellip;]","og_url":"https:\/\/diariodelsurdigital.com.ar\/?p=3757","og_site_name":"Diario del Sur","article_published_time":"2025-07-22T17:41:49+00:00","article_modified_time":"2025-07-22T17:41:50+00:00","og_image":[{"width":992,"height":763,"url":"https:\/\/diariodelsurdigital.com.ar\/wp-content\/uploads\/2025\/07\/md-19-1.webp","type":"image\/webp"}],"author":"Diario del Sur Digital","twitter_card":"summary_large_image","twitter_misc":{"Escrito por":"Diario del Sur Digital","Tiempo de lectura":"2 minutos"},"schema":{"@context":"https:\/\/schema.org","@graph":[{"@type":"Article","@id":"https:\/\/diariodelsurdigital.com.ar\/?p=3757#article","isPartOf":{"@id":"https:\/\/diariodelsurdigital.com.ar\/?p=3757"},"author":{"name":"Diario del Sur Digital","@id":"https:\/\/diariodelsurdigital.com.ar\/#\/schema\/person\/1a4992532ed62965c968031b49195c81"},"headline":"Trabajadores rurales de Entre R\u00edos participan del reclamo salarial que Uatre realiza en distintos puntos del pa\u00eds","datePublished":"2025-07-22T17:41:49+00:00","dateModified":"2025-07-22T17:41:50+00:00","mainEntityOfPage":{"@id":"https:\/\/diariodelsurdigital.com.ar\/?p=3757"},"wordCount":423,"commentCount":0,"image":{"@id":"https:\/\/diariodelsurdigital.com.ar\/?p=3757#primaryimage"},"thumbnailUrl":"https:\/\/diariodelsurdigital.com.ar\/wp-content\/uploads\/2025\/07\/md-19-1.webp","articleSection":["Provinciales"],"inLanguage":"es","potentialAction":[{"@type":"CommentAction","name":"Comment","target":["https:\/\/diariodelsurdigital.com.ar\/?p=3757#respond"]}]},{"@type":"WebPage","@id":"https:\/\/diariodelsurdigital.com.ar\/?p=3757","url":"https:\/\/diariodelsurdigital.com.ar\/?p=3757","name":"Trabajadores rurales de Entre R\u00edos participan del reclamo salarial que Uatre realiza en distintos puntos del pa\u00eds - Diario del Sur","isPartOf":{"@id":"https:\/\/diariodelsurdigital.com.ar\/#website"},"primaryImageOfPage":{"@id":"https:\/\/diariodelsurdigital.com.ar\/?p=3757#primaryimage"},"image":{"@id":"https:\/\/diariodelsurdigital.com.ar\/?p=3757#primaryimage"},"thumbnailUrl":"https:\/\/diariodelsurdigital.com.ar\/wp-content\/uploads\/2025\/07\/md-19-1.webp","datePublished":"2025-07-22T17:41:49+00:00","dateModified":"2025-07-22T17:41:50+00:00","author":{"@id":"https:\/\/diariodelsurdigital.com.ar\/#\/schema\/person\/1a4992532ed62965c968031b49195c81"},"breadcrumb":{"@id":"https:\/\/diariodelsurdigital.com.ar\/?p=3757#breadcrumb"},"inLanguage":"es","potentialAction":[{"@type":"ReadAction","target":["https:\/\/diariodelsurdigital.com.ar\/?p=3757"]}]},{"@type":"ImageObject","inLanguage":"es","@id":"https:\/\/diariodelsurdigital.com.ar\/?p=3757#primaryimage","url":"https:\/\/diariodelsurdigital.com.ar\/wp-content\/uploads\/2025\/07\/md-19-1.webp","contentUrl":"https:\/\/diariodelsurdigital.com.ar\/wp-content\/uploads\/2025\/07\/md-19-1.webp","width":992,"height":763},{"@type":"BreadcrumbList","@id":"https:\/\/diariodelsurdigital.com.ar\/?p=3757#breadcrumb","itemListElement":[{"@type":"ListItem","position":1,"name":"Portada","item":"https:\/\/diariodelsurdigital.com.ar\/"},{"@type":"ListItem","position":2,"name":"Trabajadores rurales de Entre R\u00edos participan del reclamo salarial que Uatre realiza en distintos puntos del pa\u00eds"}]},{"@type":"WebSite","@id":"https:\/\/diariodelsurdigital.com.ar\/#website","url":"https:\/\/diariodelsurdigital.com.ar\/","name":"Diario del Sur","description":"Digital","potentialAction":[{"@type":"SearchAction","target":{"@type":"EntryPoint","urlTemplate":"https:\/\/diariodelsurdigital.com.ar\/?s={search_term_string}"},"query-input":{"@type":"PropertyValueSpecification","valueRequired":true,"valueName":"search_term_string"}}],"inLanguage":"es"},{"@type":"Person","@id":"https:\/\/diariodelsurdigital.com.ar\/#\/schema\/person\/1a4992532ed62965c968031b49195c81","name":"Diario del Sur Digital","image":{"@type":"ImageObject","inLanguage":"es","@id":"https:\/\/secure.gravatar.com\/avatar\/f0c7c47fc7146d19828273b9b8eda651c9c7ab583767e6338d3d3bee825adf76?s=96&d=mm&r=g","url":"https:\/\/secure.gravatar.com\/avatar\/f0c7c47fc7146d19828273b9b8eda651c9c7ab583767e6338d3d3bee825adf76?s=96&d=mm&r=g","contentUrl":"https:\/\/secure.gravatar.com\/avatar\/f0c7c47fc7146d19828273b9b8eda651c9c7ab583767e6338d3d3bee825adf76?s=96&d=mm&r=g","caption":"Diario del Sur Digital"},"url":"https:\/\/diariodelsurdigital.com.ar\/?author=4"}]}},"_links":{"self":[{"href":"https:\/\/diariodelsurdigital.com.ar\/index.php?rest_route=\/wp\/v2\/posts\/3757","targetHints":{"allow":["GET"]}}],"collection":[{"href":"https:\/\/diariodelsurdigital.com.ar\/index.php?rest_route=\/wp\/v2\/posts"}],"about":[{"href":"https:\/\/diariodelsurdigital.com.ar\/index.php?rest_route=\/wp\/v2\/types\/post"}],"author":[{"embeddable":true,"href":"https:\/\/diariodelsurdigital.com.ar\/index.php?rest_route=\/wp\/v2\/users\/4"}],"replies":[{"embeddable":true,"href":"https:\/\/diariodelsurdigital.com.ar\/index.php?rest_route=%2Fwp%2Fv2%2Fcomments&post=3757"}],"version-history":[{"count":1,"href":"https:\/\/diariodelsurdigital.com.ar\/index.php?rest_route=\/wp\/v2\/posts\/3757\/revisions"}],"predecessor-version":[{"id":3759,"href":"https:\/\/diariodelsurdigital.com.ar\/index.php?rest_route=\/wp\/v2\/posts\/3757\/revisions\/3759"}],"wp:featuredmedia":[{"embeddable":true,"href":"https:\/\/diariodelsurdigital.com.ar\/index.php?rest_route=\/wp\/v2\/media\/3758"}],"wp:attachment":[{"href":"https:\/\/diariodelsurdigital.com.ar\/index.php?rest_route=%2Fwp%2Fv2%2Fmedia&parent=3757"}],"wp:term":[{"taxonomy":"category","embeddable":true,"href":"https:\/\/diariodelsurdigital.com.ar\/index.php?rest_route=%2Fwp%2Fv2%2Fcategories&post=3757"},{"taxonomy":"post_tag","embeddable":true,"href":"https:\/\/diariodelsurdigital.com.ar\/index.php?rest_route=%2Fwp%2Fv2%2Ftags&post=3757"}],"curies":[{"name":"wp","href":"https:\/\/api.w.org\/{rel}","templated":true}]}}