{"id":3799,"date":"2025-07-24T19:28:42","date_gmt":"2025-07-24T22:28:42","guid":{"rendered":"https:\/\/diariodelsurdigital.com.ar\/?p=3799"},"modified":"2025-07-24T19:28:43","modified_gmt":"2025-07-24T22:28:43","slug":"carta-publica-a-los-concordienses-y-a-la-comunidad","status":"publish","type":"post","link":"https:\/\/diariodelsurdigital.com.ar\/?p=3799","title":{"rendered":"Carta P\u00fablica a los concordienses y a la comunidad"},"content":{"rendered":"\n<p><strong>Por Gustavo Guaglianone (*)<\/strong><\/p>\n\n\n\n<p>Como es de p\u00fablico conocimiento, en una decisi\u00f3n de dudoso compromiso con los valores democr\u00e1ticos e igualitarios del centenario partido radical, los socios menores de la aventura mileista han optado, con el aval del Concejo, por cerrar la Radio P\u00fablica. <\/p>\n\n\n\n<p>Esta medida no solo ataca el trabajo realizado en un espacio reconocido por su eficiencia y capacidad de articulaci\u00f3n p\u00fablico-privada, sino que tambi\u00e9n refleja el enorme costo social de haber elegido a personas incapaces, desinformadas e inexpertas, cuya \u00fanica meta de gesti\u00f3n parece ser llegar a fin de mes, sirvi\u00e9ndose de recursos p\u00fablicos y obstaculizando el cumplimiento de derechos centrales para el crecimiento de la ciudad.<\/p>\n\n\n\n<p>El cierre de la Radio P\u00fablica es una p\u00e9rdida significativa para nuestra comunidad. No solo se ha desmantelado un medio de comunicaci\u00f3n vital, sino que tambi\u00e9n se ha dejado a los concordienses sin una explicaci\u00f3n clara sobre c\u00f3mo se refuncionalizar\u00e1 el espacio. \u00bfQu\u00e9 tareas se asignar\u00e1n a los profesionales y comunicadores que, durante a\u00f1os, han estado capacitados para llevar adelante labores de comunicaci\u00f3n institucional, difusi\u00f3n cultural y educaci\u00f3n ciudadana?Es imperativo que se brinde transparencia y claridad sobre estos cambios. <\/p>\n\n\n\n<p>La comunidad merece saber c\u00f3mo se planea gestionar el futuro de un recurso tan valioso y qu\u00e9 medidas se implementar\u00e1n para asegurar el cumplimiento de sus funciones. El derecho a conocer y a informarse sobre nuestra historia, nuestra cultura y nuestra vida en com\u00fan, nada menos. <\/p>\n\n\n\n<p>Ser\u00eda importante que nuestros funcionarios reconsideren esta decisi\u00f3n, mantengan su compromiso con el uso eficiente e inteligente de los recursos del municipio y, para evitar situaciones de intervenci\u00f3n fraudulenta como las ya sucedidas en estos a\u00f1os, convoquen a concurso p\u00fablico, abierto y transparente.<\/p>\n\n\n\n<p>(*) Periodista y Ex Director de la Radio P\u00fablica Municipal<\/p>\n","protected":false},"excerpt":{"rendered":"<p>Por Gustavo Guaglianone (*) Como es de p\u00fablico conocimiento, en una decisi\u00f3n de dudoso compromiso con los valores democr\u00e1ticos e igualitarios del centenario partido radical, los socios menores de la aventura mileista han optado, con el aval del Concejo, por cerrar la Radio P\u00fablica. Esta medida no solo ataca el trabajo realizado en un espacio [&hellip;]<\/p>\n","protected":false},"author":2,"featured_media":3800,"comment_status":"open","ping_status":"open","sticky":false,"template":"","format":"standard","meta":{"footnotes":""},"categories":[16],"tags":[],"class_list":{"0":"post-3799","1":"post","2":"type-post","3":"status-publish","4":"format-standard","5":"has-post-thumbnail","7":"category-locales"},"yoast_head":"<!-- This site is optimized with the Yoast SEO plugin v27.4 - https:\/\/yoast.com\/product\/yoast-seo-wordpress\/ -->\n<title>Carta P\u00fablica a los concordienses y a la comunidad - Diario del Sur<\/title>\n<meta name=\"robots\" content=\"index, follow, max-snippet:-1, max-image-preview:large, max-video-preview:-1\" \/>\n<link rel=\"canonical\" href=\"https:\/\/diariodelsurdigital.com.ar\/?p=3799\" \/>\n<meta property=\"og:locale\" content=\"es_ES\" \/>\n<meta property=\"og:type\" content=\"article\" \/>\n<meta property=\"og:title\" content=\"Carta P\u00fablica a los concordienses y a la comunidad - Diario del Sur\" \/>\n<meta property=\"og:description\" content=\"Por Gustavo Guaglianone (*) Como es de p\u00fablico conocimiento, en una decisi\u00f3n de dudoso compromiso con los valores democr\u00e1ticos e igualitarios del centenario partido radical, los socios menores de la aventura mileista han optado, con el aval del Concejo, por cerrar la Radio P\u00fablica. Esta medida no solo ataca el trabajo realizado en un espacio [&hellip;]\" \/>\n<meta property=\"og:url\" content=\"https:\/\/diariodelsurdigital.com.ar\/?p=3799\" \/>\n<meta property=\"og:site_name\" content=\"Diario del Sur\" \/>\n<meta property=\"article:published_time\" content=\"2025-07-24T22:28:42+00:00\" \/>\n<meta property=\"article:modified_time\" content=\"2025-07-24T22:28:43+00:00\" \/>\n<meta property=\"og:image\" content=\"https:\/\/diariodelsurdigital.com.ar\/wp-content\/uploads\/2025\/07\/510528679_9679051898869804_7568086250462289146_n.jpg\" \/>\n\t<meta property=\"og:image:width\" content=\"498\" \/>\n\t<meta property=\"og:image:height\" content=\"320\" \/>\n\t<meta property=\"og:image:type\" content=\"image\/jpeg\" \/>\n<meta name=\"author\" content=\"Diario del Sur Digital\" \/>\n<meta name=\"twitter:card\" content=\"summary_large_image\" \/>\n<meta name=\"twitter:label1\" content=\"Escrito por\" \/>\n\t<meta name=\"twitter:data1\" content=\"Diario del Sur Digital\" \/>\n\t<meta name=\"twitter:label2\" content=\"Tiempo de lectura\" \/>\n\t<meta name=\"twitter:data2\" content=\"2 minutos\" \/>\n<script type=\"application\/ld+json\" class=\"yoast-schema-graph\">{\"@context\":\"https:\\\/\\\/schema.org\",\"@graph\":[{\"@type\":\"Article\",\"@id\":\"https:\\\/\\\/diariodelsurdigital.com.ar\\\/?p=3799#article\",\"isPartOf\":{\"@id\":\"https:\\\/\\\/diariodelsurdigital.com.ar\\\/?p=3799\"},\"author\":{\"name\":\"Diario del Sur Digital\",\"@id\":\"https:\\\/\\\/diariodelsurdigital.com.ar\\\/#\\\/schema\\\/person\\\/6136a32571657f7dba980b88b04c5465\"},\"headline\":\"Carta P\u00fablica a los concordienses y a la comunidad\",\"datePublished\":\"2025-07-24T22:28:42+00:00\",\"dateModified\":\"2025-07-24T22:28:43+00:00\",\"mainEntityOfPage\":{\"@id\":\"https:\\\/\\\/diariodelsurdigital.com.ar\\\/?p=3799\"},\"wordCount\":327,\"commentCount\":0,\"image\":{\"@id\":\"https:\\\/\\\/diariodelsurdigital.com.ar\\\/?p=3799#primaryimage\"},\"thumbnailUrl\":\"https:\\\/\\\/diariodelsurdigital.com.ar\\\/wp-content\\\/uploads\\\/2025\\\/07\\\/510528679_9679051898869804_7568086250462289146_n.jpg\",\"articleSection\":[\"Locales\"],\"inLanguage\":\"es\",\"potentialAction\":[{\"@type\":\"CommentAction\",\"name\":\"Comment\",\"target\":[\"https:\\\/\\\/diariodelsurdigital.com.ar\\\/?p=3799#respond\"]}]},{\"@type\":\"WebPage\",\"@id\":\"https:\\\/\\\/diariodelsurdigital.com.ar\\\/?p=3799\",\"url\":\"https:\\\/\\\/diariodelsurdigital.com.ar\\\/?p=3799\",\"name\":\"Carta P\u00fablica a los concordienses y a la comunidad - Diario del Sur\",\"isPartOf\":{\"@id\":\"https:\\\/\\\/diariodelsurdigital.com.ar\\\/#website\"},\"primaryImageOfPage\":{\"@id\":\"https:\\\/\\\/diariodelsurdigital.com.ar\\\/?p=3799#primaryimage\"},\"image\":{\"@id\":\"https:\\\/\\\/diariodelsurdigital.com.ar\\\/?p=3799#primaryimage\"},\"thumbnailUrl\":\"https:\\\/\\\/diariodelsurdigital.com.ar\\\/wp-content\\\/uploads\\\/2025\\\/07\\\/510528679_9679051898869804_7568086250462289146_n.jpg\",\"datePublished\":\"2025-07-24T22:28:42+00:00\",\"dateModified\":\"2025-07-24T22:28:43+00:00\",\"author\":{\"@id\":\"https:\\\/\\\/diariodelsurdigital.com.ar\\\/#\\\/schema\\\/person\\\/6136a32571657f7dba980b88b04c5465\"},\"breadcrumb\":{\"@id\":\"https:\\\/\\\/diariodelsurdigital.com.ar\\\/?p=3799#breadcrumb\"},\"inLanguage\":\"es\",\"potentialAction\":[{\"@type\":\"ReadAction\",\"target\":[\"https:\\\/\\\/diariodelsurdigital.com.ar\\\/?p=3799\"]}]},{\"@type\":\"ImageObject\",\"inLanguage\":\"es\",\"@id\":\"https:\\\/\\\/diariodelsurdigital.com.ar\\\/?p=3799#primaryimage\",\"url\":\"https:\\\/\\\/diariodelsurdigital.com.ar\\\/wp-content\\\/uploads\\\/2025\\\/07\\\/510528679_9679051898869804_7568086250462289146_n.jpg\",\"contentUrl\":\"https:\\\/\\\/diariodelsurdigital.com.ar\\\/wp-content\\\/uploads\\\/2025\\\/07\\\/510528679_9679051898869804_7568086250462289146_n.jpg\",\"width\":498,\"height\":320},{\"@type\":\"BreadcrumbList\",\"@id\":\"https:\\\/\\\/diariodelsurdigital.com.ar\\\/?p=3799#breadcrumb\",\"itemListElement\":[{\"@type\":\"ListItem\",\"position\":1,\"name\":\"Portada\",\"item\":\"https:\\\/\\\/diariodelsurdigital.com.ar\\\/\"},{\"@type\":\"ListItem\",\"position\":2,\"name\":\"Carta P\u00fablica a los concordienses y a la comunidad\"}]},{\"@type\":\"WebSite\",\"@id\":\"https:\\\/\\\/diariodelsurdigital.com.ar\\\/#website\",\"url\":\"https:\\\/\\\/diariodelsurdigital.com.ar\\\/\",\"name\":\"Diario del Sur\",\"description\":\"Digital\",\"potentialAction\":[{\"@type\":\"SearchAction\",\"target\":{\"@type\":\"EntryPoint\",\"urlTemplate\":\"https:\\\/\\\/diariodelsurdigital.com.ar\\\/?s={search_term_string}\"},\"query-input\":{\"@type\":\"PropertyValueSpecification\",\"valueRequired\":true,\"valueName\":\"search_term_string\"}}],\"inLanguage\":\"es\"},{\"@type\":\"Person\",\"@id\":\"https:\\\/\\\/diariodelsurdigital.com.ar\\\/#\\\/schema\\\/person\\\/6136a32571657f7dba980b88b04c5465\",\"name\":\"Diario del Sur Digital\",\"image\":{\"@type\":\"ImageObject\",\"inLanguage\":\"es\",\"@id\":\"https:\\\/\\\/secure.gravatar.com\\\/avatar\\\/4c29ceac98541dd42460b2474aaa5dd37594d6ce6cb3cf2c101d09b48ee287ba?s=96&d=mm&r=g\",\"url\":\"https:\\\/\\\/secure.gravatar.com\\\/avatar\\\/4c29ceac98541dd42460b2474aaa5dd37594d6ce6cb3cf2c101d09b48ee287ba?s=96&d=mm&r=g\",\"contentUrl\":\"https:\\\/\\\/secure.gravatar.com\\\/avatar\\\/4c29ceac98541dd42460b2474aaa5dd37594d6ce6cb3cf2c101d09b48ee287ba?s=96&d=mm&r=g\",\"caption\":\"Diario del Sur Digital\"},\"url\":\"https:\\\/\\\/diariodelsurdigital.com.ar\\\/?author=2\"}]}<\/script>\n<!-- \/ Yoast SEO plugin. -->","yoast_head_json":{"title":"Carta P\u00fablica a los concordienses y a la comunidad - Diario del Sur","robots":{"index":"index","follow":"follow","max-snippet":"max-snippet:-1","max-image-preview":"max-image-preview:large","max-video-preview":"max-video-preview:-1"},"canonical":"https:\/\/diariodelsurdigital.com.ar\/?p=3799","og_locale":"es_ES","og_type":"article","og_title":"Carta P\u00fablica a los concordienses y a la comunidad - Diario del Sur","og_description":"Por Gustavo Guaglianone (*) Como es de p\u00fablico conocimiento, en una decisi\u00f3n de dudoso compromiso con los valores democr\u00e1ticos e igualitarios del centenario partido radical, los socios menores de la aventura mileista han optado, con el aval del Concejo, por cerrar la Radio P\u00fablica. Esta medida no solo ataca el trabajo realizado en un espacio [&hellip;]","og_url":"https:\/\/diariodelsurdigital.com.ar\/?p=3799","og_site_name":"Diario del Sur","article_published_time":"2025-07-24T22:28:42+00:00","article_modified_time":"2025-07-24T22:28:43+00:00","og_image":[{"width":498,"height":320,"url":"https:\/\/diariodelsurdigital.com.ar\/wp-content\/uploads\/2025\/07\/510528679_9679051898869804_7568086250462289146_n.jpg","type":"image\/jpeg"}],"author":"Diario del Sur Digital","twitter_card":"summary_large_image","twitter_misc":{"Escrito por":"Diario del Sur Digital","Tiempo de lectura":"2 minutos"},"schema":{"@context":"https:\/\/schema.org","@graph":[{"@type":"Article","@id":"https:\/\/diariodelsurdigital.com.ar\/?p=3799#article","isPartOf":{"@id":"https:\/\/diariodelsurdigital.com.ar\/?p=3799"},"author":{"name":"Diario del Sur Digital","@id":"https:\/\/diariodelsurdigital.com.ar\/#\/schema\/person\/6136a32571657f7dba980b88b04c5465"},"headline":"Carta P\u00fablica a los concordienses y a la comunidad","datePublished":"2025-07-24T22:28:42+00:00","dateModified":"2025-07-24T22:28:43+00:00","mainEntityOfPage":{"@id":"https:\/\/diariodelsurdigital.com.ar\/?p=3799"},"wordCount":327,"commentCount":0,"image":{"@id":"https:\/\/diariodelsurdigital.com.ar\/?p=3799#primaryimage"},"thumbnailUrl":"https:\/\/diariodelsurdigital.com.ar\/wp-content\/uploads\/2025\/07\/510528679_9679051898869804_7568086250462289146_n.jpg","articleSection":["Locales"],"inLanguage":"es","potentialAction":[{"@type":"CommentAction","name":"Comment","target":["https:\/\/diariodelsurdigital.com.ar\/?p=3799#respond"]}]},{"@type":"WebPage","@id":"https:\/\/diariodelsurdigital.com.ar\/?p=3799","url":"https:\/\/diariodelsurdigital.com.ar\/?p=3799","name":"Carta P\u00fablica a los concordienses y a la comunidad - Diario del Sur","isPartOf":{"@id":"https:\/\/diariodelsurdigital.com.ar\/#website"},"primaryImageOfPage":{"@id":"https:\/\/diariodelsurdigital.com.ar\/?p=3799#primaryimage"},"image":{"@id":"https:\/\/diariodelsurdigital.com.ar\/?p=3799#primaryimage"},"thumbnailUrl":"https:\/\/diariodelsurdigital.com.ar\/wp-content\/uploads\/2025\/07\/510528679_9679051898869804_7568086250462289146_n.jpg","datePublished":"2025-07-24T22:28:42+00:00","dateModified":"2025-07-24T22:28:43+00:00","author":{"@id":"https:\/\/diariodelsurdigital.com.ar\/#\/schema\/person\/6136a32571657f7dba980b88b04c5465"},"breadcrumb":{"@id":"https:\/\/diariodelsurdigital.com.ar\/?p=3799#breadcrumb"},"inLanguage":"es","potentialAction":[{"@type":"ReadAction","target":["https:\/\/diariodelsurdigital.com.ar\/?p=3799"]}]},{"@type":"ImageObject","inLanguage":"es","@id":"https:\/\/diariodelsurdigital.com.ar\/?p=3799#primaryimage","url":"https:\/\/diariodelsurdigital.com.ar\/wp-content\/uploads\/2025\/07\/510528679_9679051898869804_7568086250462289146_n.jpg","contentUrl":"https:\/\/diariodelsurdigital.com.ar\/wp-content\/uploads\/2025\/07\/510528679_9679051898869804_7568086250462289146_n.jpg","width":498,"height":320},{"@type":"BreadcrumbList","@id":"https:\/\/diariodelsurdigital.com.ar\/?p=3799#breadcrumb","itemListElement":[{"@type":"ListItem","position":1,"name":"Portada","item":"https:\/\/diariodelsurdigital.com.ar\/"},{"@type":"ListItem","position":2,"name":"Carta P\u00fablica a los concordienses y a la comunidad"}]},{"@type":"WebSite","@id":"https:\/\/diariodelsurdigital.com.ar\/#website","url":"https:\/\/diariodelsurdigital.com.ar\/","name":"Diario del Sur","description":"Digital","potentialAction":[{"@type":"SearchAction","target":{"@type":"EntryPoint","urlTemplate":"https:\/\/diariodelsurdigital.com.ar\/?s={search_term_string}"},"query-input":{"@type":"PropertyValueSpecification","valueRequired":true,"valueName":"search_term_string"}}],"inLanguage":"es"},{"@type":"Person","@id":"https:\/\/diariodelsurdigital.com.ar\/#\/schema\/person\/6136a32571657f7dba980b88b04c5465","name":"Diario del Sur Digital","image":{"@type":"ImageObject","inLanguage":"es","@id":"https:\/\/secure.gravatar.com\/avatar\/4c29ceac98541dd42460b2474aaa5dd37594d6ce6cb3cf2c101d09b48ee287ba?s=96&d=mm&r=g","url":"https:\/\/secure.gravatar.com\/avatar\/4c29ceac98541dd42460b2474aaa5dd37594d6ce6cb3cf2c101d09b48ee287ba?s=96&d=mm&r=g","contentUrl":"https:\/\/secure.gravatar.com\/avatar\/4c29ceac98541dd42460b2474aaa5dd37594d6ce6cb3cf2c101d09b48ee287ba?s=96&d=mm&r=g","caption":"Diario del Sur Digital"},"url":"https:\/\/diariodelsurdigital.com.ar\/?author=2"}]}},"_links":{"self":[{"href":"https:\/\/diariodelsurdigital.com.ar\/index.php?rest_route=\/wp\/v2\/posts\/3799","targetHints":{"allow":["GET"]}}],"collection":[{"href":"https:\/\/diariodelsurdigital.com.ar\/index.php?rest_route=\/wp\/v2\/posts"}],"about":[{"href":"https:\/\/diariodelsurdigital.com.ar\/index.php?rest_route=\/wp\/v2\/types\/post"}],"author":[{"embeddable":true,"href":"https:\/\/diariodelsurdigital.com.ar\/index.php?rest_route=\/wp\/v2\/users\/2"}],"replies":[{"embeddable":true,"href":"https:\/\/diariodelsurdigital.com.ar\/index.php?rest_route=%2Fwp%2Fv2%2Fcomments&post=3799"}],"version-history":[{"count":2,"href":"https:\/\/diariodelsurdigital.com.ar\/index.php?rest_route=\/wp\/v2\/posts\/3799\/revisions"}],"predecessor-version":[{"id":3802,"href":"https:\/\/diariodelsurdigital.com.ar\/index.php?rest_route=\/wp\/v2\/posts\/3799\/revisions\/3802"}],"wp:featuredmedia":[{"embeddable":true,"href":"https:\/\/diariodelsurdigital.com.ar\/index.php?rest_route=\/wp\/v2\/media\/3800"}],"wp:attachment":[{"href":"https:\/\/diariodelsurdigital.com.ar\/index.php?rest_route=%2Fwp%2Fv2%2Fmedia&parent=3799"}],"wp:term":[{"taxonomy":"category","embeddable":true,"href":"https:\/\/diariodelsurdigital.com.ar\/index.php?rest_route=%2Fwp%2Fv2%2Fcategories&post=3799"},{"taxonomy":"post_tag","embeddable":true,"href":"https:\/\/diariodelsurdigital.com.ar\/index.php?rest_route=%2Fwp%2Fv2%2Ftags&post=3799"}],"curies":[{"name":"wp","href":"https:\/\/api.w.org\/{rel}","templated":true}]}}