{"id":3806,"date":"2025-07-24T20:40:26","date_gmt":"2025-07-24T23:40:26","guid":{"rendered":"https:\/\/diariodelsurdigital.com.ar\/?p=3806"},"modified":"2025-07-24T20:40:27","modified_gmt":"2025-07-24T23:40:27","slug":"trabajadores-calificaron-como-desprolijo-el-cierre-de-la-radio-publica","status":"publish","type":"post","link":"https:\/\/diariodelsurdigital.com.ar\/?p=3806","title":{"rendered":"Trabajadores calificaron como \u201cdesprolijo\u201d el cierre de la Radio P\u00fablica"},"content":{"rendered":"\n<h2 class=\"wp-block-heading\" id=\"nota-title\"><\/h2>\n\n\n\n<p>\u00a0Este jueves, en la sesi\u00f3n ordinaria del Concejo Deliberante de Concordia, los concejales aprobaron por mayor\u00eda un proyecto del Ejecutivo para disolver Radio Ciudadana, la emisora p\u00fablica da la ciudad.<\/p>\n\n\n\n<p>Tras una reuni\u00f3n con el interventor de la emisora, al menos 12 trabajadores se encontraron en los estudios de la radio. All\u00ed, entre l\u00e1grimas, hablaron sobre su situaci\u00f3n y brindaron declaraciones a distintos medios de la ciudad.<\/p>\n\n\n\n<p>Claudia Garc\u00eda, productora de la radio p\u00fablica, dialog\u00f3 con\u00a0<em>El Entre R\u00edos<\/em>\u00a0y dio detalles sobre c\u00f3mo vive el momento. \u201cEstoy triste por lo que nos enteramos hoy. Estamos preocupados porque es nuestra fuente laboral. Nos quedamos sin trabajo, nos cierran nuestro lugar y me siento como cuando te endulzan con un caramelo y despu\u00e9s te lo sacan porque esto fue as\u00ed m\u00e1s o menos, nos endulzaron, nos prometieron cosas y, en un abrir y cerrar de ojos, estamos sabiendo hoy que estamos sin trabajo\u201d, mencion\u00f3.<\/p>\n\n\n\n<p>Acerca de la reducci\u00f3n de gastos por parte de la Municipalidad y declaraciones de concejales que dijeron que era \u201cun gasto grande\u201d mantener la radio, mencion\u00f3: \u201cEs una mentira muy grande. Le mienten a la gente, eso siento, porque nosotros no tenemos un sueldo millonario, estamos lejos de eso. Yo alquilo, vivo con mis hijas, con mis dos nietitos y ahora no s\u00e9 que voy a hacer\u201d, se\u00f1al\u00f3 entre l\u00e1grimas.<\/p>\n\n\n\n<p>En tanto, la periodista Lucrecia Carmar\u00e1n, indic\u00f3: \u201cTen\u00edamos rumores toda la semana, nos llamaban, nos preguntaban, nos dec\u00edan cosas y nosotros trat\u00e1bamos de averiguar, pero no hubo confirmaci\u00f3n hasta hoy. A este proyecto lo ten\u00edan muy bien guardado, obviamente que \u00edbamos a ser los \u00faltimos en enterarnos, y as\u00ed fue, estando al aire vimos la sesi\u00f3n del Concejo Deliberante, que sacaron este proyecto sobre tablas y lo votaron. Los argumentos que dieron no los pueden sostener. Dijeron que es un gasto, que no le d\u00e1bamos micr\u00f3fono, y eso es mentira porque incluso siendo oposici\u00f3n y en campa\u00f1a siempre tuvieron micr\u00f3fonos para expresarse. Lo que molestaba era otra cosa, que se criticara, que se analizara\u201d.<br>Al hablar sobre su trabajo, coment\u00f3: \u201cYo cubr\u00eda el Concejo Deliberante y hac\u00eda un programa todos los viernes con un repaso de lo que pasaba el jueves en las sesiones. El \u00faltimo a\u00f1o fue insoportable el hostigamiento que tuve, no lo dec\u00eda al aire porque la verdad no val\u00eda la pena, y decid\u00ed este a\u00f1o no hacerlo el programa por salud mental\u201d.<\/p>\n\n\n\n<p>Acerca de su situaci\u00f3n y la de sus compa\u00f1eros, Carmar\u00e1n especific\u00f3: \u201cYo soy personal de planta de la Municipalidad, tengo un sueldo de municipal y nada m\u00e1s. Para trabajar ac\u00e1 gasto de mi tel\u00e9fono, ocupo mi horario en mi casa para hacer la producci\u00f3n de los programas, por eso no tiene sentido decir que es un gasto. Ac\u00e1 hubo una inversi\u00f3n, es una radio bien puesta desde lo t\u00e9cnico, pero eso ya est\u00e1 hecho, entonces no se de qu\u00e9 gasto grande hablan. La mayor\u00eda de mis compa\u00f1eros son contratados o monotributistas que cobran 400 mil pesos y que ahora no tiene certezas porque solamente les dijeron que en alg\u00fan momento los van a llamar de Recursos Humanos\u201d.<\/p>\n\n\n\n<p>Seg\u00fan la visi\u00f3n de la periodista, \u201cno se manejaron bien\u201d. \u201cNos explicaron r\u00e1pido que el cierre se debe a una reducci\u00f3n de gasto y nada m\u00e1s. Siquiera pod\u00edan especificar si tenemos que venir o no, si nos permiten salir al aire. Quer\u00edamos saber por los contratados y monotributistas y no saben tampoco. Ya ten\u00edan preparada una ordenanza, ten\u00edan preparada la gacetilla de prensa sobre lo que pas\u00f3 en el Concejo Deliberante y no tienen la respuesta sobre qu\u00e9 va a pasar con los trabajadores, la verdad que eso es inexplicable. Estamos muy tristes, indignados y con bronca, podr\u00edamos decir un mont\u00f3n de cosas que vivimos este a\u00f1o y medio, pero no vale la pena. Es todo muy violento, hubo gente festejando y eso no est\u00e1 bien\u201d, asegur\u00f3.<\/p>\n\n\n\n<p>Mariano Almeida, periodista deportivo de la emisora, dijo: \u201cAc\u00e1 no sobraba nadie, todos hac\u00edan su trabajo, todos tienen su funci\u00f3n, incluso hac\u00edan horas extras sin tener remuneraci\u00f3n. Espero que los dirigentes tengan empat\u00eda y puedan rever cada caso y que todos podamos seguir manteniendo una fuente de trabajo sea donde sea. Yo tengo dos hijos chiquitos, tengo que pensar en seguir manteni\u00e9ndolos a ellos. Esto es muy triste\u201d.<\/p>\n\n\n\n<p>En tanto, Marcelo Maffey, periodista que trabaja hace a\u00f1os en la emisora, mencion\u00f3: \u201cVinimos a trabajar normalmente, nos pusimos a ver la sesi\u00f3n del Concejo Deliberante y ah\u00ed nos enteramos de la noticia. Fue todo desprolijo, muy desprolijo. Nos enteramos que dej\u00e1bamos de existir, que la radio se cerraba, y aparte de esto, el personal iba a ser relocalizado, y en algunos casos se va a prescindir de ellos, medida que seguro afecta a los monotributarios o contratados y eso que ac\u00e1 no hay nadie con una antig\u00fcedad menor a ocho o nueve a\u00f1os. Este a\u00f1o cumpl\u00edamos diez a\u00f1os, en 9 meses lleg\u00e1bamos a la d\u00e9cada, pero eso no podr\u00e1 celebrarse\u201d.<\/p>\n\n\n\n<p>\u201cAc\u00e1 hay programas que se enteraron hoy de que no siguen m\u00e1s y son programas que se sostienen con su venta de publicidades y que ya ten\u00edan compromisos asumidos. Este aviso se da as\u00ed, de la noche a la ma\u00f1ana, de manera muy informal. Estas cosas no se hacen\u201d, remarc\u00f3.<\/p>\n\n\n\n<p>Finalmente, el periodista habl\u00f3 sobre la falta de comunicaci\u00f3n que hubo en el proceso. \u201cNadie nos dijo nada, al menos como para que estemos preparados. Obviamente cuando sali\u00f3 la ordenanza tratamos de comunicarnos con el intendente Azcu\u00e9 o el secretario de Gobierno Dell\u2019 Olio pero no le atendieron el tel\u00e9fono a ninguno de los periodistas. Tal vez m\u00e1s adelante quieran hablar con nosotros, pero ahora no y ac\u00e1 hay un grupo de gente de laburo que necesita respuestas. No hay chantas ni \u00f1oquis, somos gente que quiere saber c\u00f3mo seguir, en medio de una crisis que hace dif\u00edcil todo\u201d, concluy\u00f3.<\/p>\n\n\n\n<p><strong>Fuente:<\/strong>\u00a0El Entre R\u00edos &#8211; O\u00edd Mortales Radio<\/p>\n","protected":false},"excerpt":{"rendered":"<p>\u00a0Este jueves, en la sesi\u00f3n ordinaria del Concejo Deliberante de Concordia, los concejales aprobaron por mayor\u00eda un proyecto del Ejecutivo para disolver Radio Ciudadana, la emisora p\u00fablica da la ciudad. Tras una reuni\u00f3n con el interventor de la emisora, al menos 12 trabajadores se encontraron en los estudios de la radio. All\u00ed, entre l\u00e1grimas, hablaron [&hellip;]<\/p>\n","protected":false},"author":2,"featured_media":3807,"comment_status":"open","ping_status":"open","sticky":false,"template":"","format":"standard","meta":{"footnotes":""},"categories":[16],"tags":[],"class_list":{"0":"post-3806","1":"post","2":"type-post","3":"status-publish","4":"format-standard","5":"has-post-thumbnail","7":"category-locales"},"yoast_head":"<!-- This site is optimized with the Yoast SEO plugin v27.4 - https:\/\/yoast.com\/product\/yoast-seo-wordpress\/ -->\n<title>Trabajadores calificaron como \u201cdesprolijo\u201d el cierre de la Radio P\u00fablica - Diario del Sur<\/title>\n<meta name=\"robots\" content=\"index, follow, max-snippet:-1, max-image-preview:large, max-video-preview:-1\" \/>\n<link rel=\"canonical\" href=\"https:\/\/diariodelsurdigital.com.ar\/?p=3806\" \/>\n<meta property=\"og:locale\" content=\"es_ES\" \/>\n<meta property=\"og:type\" content=\"article\" \/>\n<meta property=\"og:title\" content=\"Trabajadores calificaron como \u201cdesprolijo\u201d el cierre de la Radio P\u00fablica - Diario del Sur\" \/>\n<meta property=\"og:description\" content=\"\u00a0Este jueves, en la sesi\u00f3n ordinaria del Concejo Deliberante de Concordia, los concejales aprobaron por mayor\u00eda un proyecto del Ejecutivo para disolver Radio Ciudadana, la emisora p\u00fablica da la ciudad. Tras una reuni\u00f3n con el interventor de la emisora, al menos 12 trabajadores se encontraron en los estudios de la radio. All\u00ed, entre l\u00e1grimas, hablaron [&hellip;]\" \/>\n<meta property=\"og:url\" content=\"https:\/\/diariodelsurdigital.com.ar\/?p=3806\" \/>\n<meta property=\"og:site_name\" content=\"Diario del Sur\" \/>\n<meta property=\"article:published_time\" content=\"2025-07-24T23:40:26+00:00\" \/>\n<meta property=\"article:modified_time\" content=\"2025-07-24T23:40:27+00:00\" \/>\n<meta property=\"og:image\" content=\"https:\/\/diariodelsurdigital.com.ar\/wp-content\/uploads\/2025\/07\/l_1753387076.jpg\" \/>\n\t<meta property=\"og:image:width\" content=\"609\" \/>\n\t<meta property=\"og:image:height\" content=\"406\" \/>\n\t<meta property=\"og:image:type\" content=\"image\/jpeg\" \/>\n<meta name=\"author\" content=\"Diario del Sur Digital\" \/>\n<meta name=\"twitter:card\" content=\"summary_large_image\" \/>\n<meta name=\"twitter:label1\" content=\"Escrito por\" \/>\n\t<meta name=\"twitter:data1\" content=\"Diario del Sur Digital\" \/>\n\t<meta name=\"twitter:label2\" content=\"Tiempo de lectura\" \/>\n\t<meta name=\"twitter:data2\" content=\"5 minutos\" \/>\n<script type=\"application\/ld+json\" class=\"yoast-schema-graph\">{\"@context\":\"https:\\\/\\\/schema.org\",\"@graph\":[{\"@type\":\"Article\",\"@id\":\"https:\\\/\\\/diariodelsurdigital.com.ar\\\/?p=3806#article\",\"isPartOf\":{\"@id\":\"https:\\\/\\\/diariodelsurdigital.com.ar\\\/?p=3806\"},\"author\":{\"name\":\"Diario del Sur Digital\",\"@id\":\"https:\\\/\\\/diariodelsurdigital.com.ar\\\/#\\\/schema\\\/person\\\/6136a32571657f7dba980b88b04c5465\"},\"headline\":\"Trabajadores calificaron como \u201cdesprolijo\u201d el cierre de la Radio P\u00fablica\",\"datePublished\":\"2025-07-24T23:40:26+00:00\",\"dateModified\":\"2025-07-24T23:40:27+00:00\",\"mainEntityOfPage\":{\"@id\":\"https:\\\/\\\/diariodelsurdigital.com.ar\\\/?p=3806\"},\"wordCount\":1070,\"commentCount\":0,\"image\":{\"@id\":\"https:\\\/\\\/diariodelsurdigital.com.ar\\\/?p=3806#primaryimage\"},\"thumbnailUrl\":\"https:\\\/\\\/diariodelsurdigital.com.ar\\\/wp-content\\\/uploads\\\/2025\\\/07\\\/l_1753387076.jpg\",\"articleSection\":[\"Locales\"],\"inLanguage\":\"es\",\"potentialAction\":[{\"@type\":\"CommentAction\",\"name\":\"Comment\",\"target\":[\"https:\\\/\\\/diariodelsurdigital.com.ar\\\/?p=3806#respond\"]}]},{\"@type\":\"WebPage\",\"@id\":\"https:\\\/\\\/diariodelsurdigital.com.ar\\\/?p=3806\",\"url\":\"https:\\\/\\\/diariodelsurdigital.com.ar\\\/?p=3806\",\"name\":\"Trabajadores calificaron como \u201cdesprolijo\u201d el cierre de la Radio P\u00fablica - Diario del Sur\",\"isPartOf\":{\"@id\":\"https:\\\/\\\/diariodelsurdigital.com.ar\\\/#website\"},\"primaryImageOfPage\":{\"@id\":\"https:\\\/\\\/diariodelsurdigital.com.ar\\\/?p=3806#primaryimage\"},\"image\":{\"@id\":\"https:\\\/\\\/diariodelsurdigital.com.ar\\\/?p=3806#primaryimage\"},\"thumbnailUrl\":\"https:\\\/\\\/diariodelsurdigital.com.ar\\\/wp-content\\\/uploads\\\/2025\\\/07\\\/l_1753387076.jpg\",\"datePublished\":\"2025-07-24T23:40:26+00:00\",\"dateModified\":\"2025-07-24T23:40:27+00:00\",\"author\":{\"@id\":\"https:\\\/\\\/diariodelsurdigital.com.ar\\\/#\\\/schema\\\/person\\\/6136a32571657f7dba980b88b04c5465\"},\"breadcrumb\":{\"@id\":\"https:\\\/\\\/diariodelsurdigital.com.ar\\\/?p=3806#breadcrumb\"},\"inLanguage\":\"es\",\"potentialAction\":[{\"@type\":\"ReadAction\",\"target\":[\"https:\\\/\\\/diariodelsurdigital.com.ar\\\/?p=3806\"]}]},{\"@type\":\"ImageObject\",\"inLanguage\":\"es\",\"@id\":\"https:\\\/\\\/diariodelsurdigital.com.ar\\\/?p=3806#primaryimage\",\"url\":\"https:\\\/\\\/diariodelsurdigital.com.ar\\\/wp-content\\\/uploads\\\/2025\\\/07\\\/l_1753387076.jpg\",\"contentUrl\":\"https:\\\/\\\/diariodelsurdigital.com.ar\\\/wp-content\\\/uploads\\\/2025\\\/07\\\/l_1753387076.jpg\",\"width\":609,\"height\":406},{\"@type\":\"BreadcrumbList\",\"@id\":\"https:\\\/\\\/diariodelsurdigital.com.ar\\\/?p=3806#breadcrumb\",\"itemListElement\":[{\"@type\":\"ListItem\",\"position\":1,\"name\":\"Portada\",\"item\":\"https:\\\/\\\/diariodelsurdigital.com.ar\\\/\"},{\"@type\":\"ListItem\",\"position\":2,\"name\":\"Trabajadores calificaron como \u201cdesprolijo\u201d el cierre de la Radio P\u00fablica\"}]},{\"@type\":\"WebSite\",\"@id\":\"https:\\\/\\\/diariodelsurdigital.com.ar\\\/#website\",\"url\":\"https:\\\/\\\/diariodelsurdigital.com.ar\\\/\",\"name\":\"Diario del Sur\",\"description\":\"Digital\",\"potentialAction\":[{\"@type\":\"SearchAction\",\"target\":{\"@type\":\"EntryPoint\",\"urlTemplate\":\"https:\\\/\\\/diariodelsurdigital.com.ar\\\/?s={search_term_string}\"},\"query-input\":{\"@type\":\"PropertyValueSpecification\",\"valueRequired\":true,\"valueName\":\"search_term_string\"}}],\"inLanguage\":\"es\"},{\"@type\":\"Person\",\"@id\":\"https:\\\/\\\/diariodelsurdigital.com.ar\\\/#\\\/schema\\\/person\\\/6136a32571657f7dba980b88b04c5465\",\"name\":\"Diario del Sur Digital\",\"image\":{\"@type\":\"ImageObject\",\"inLanguage\":\"es\",\"@id\":\"https:\\\/\\\/secure.gravatar.com\\\/avatar\\\/4c29ceac98541dd42460b2474aaa5dd37594d6ce6cb3cf2c101d09b48ee287ba?s=96&d=mm&r=g\",\"url\":\"https:\\\/\\\/secure.gravatar.com\\\/avatar\\\/4c29ceac98541dd42460b2474aaa5dd37594d6ce6cb3cf2c101d09b48ee287ba?s=96&d=mm&r=g\",\"contentUrl\":\"https:\\\/\\\/secure.gravatar.com\\\/avatar\\\/4c29ceac98541dd42460b2474aaa5dd37594d6ce6cb3cf2c101d09b48ee287ba?s=96&d=mm&r=g\",\"caption\":\"Diario del Sur Digital\"},\"url\":\"https:\\\/\\\/diariodelsurdigital.com.ar\\\/?author=2\"}]}<\/script>\n<!-- \/ Yoast SEO plugin. -->","yoast_head_json":{"title":"Trabajadores calificaron como \u201cdesprolijo\u201d el cierre de la Radio P\u00fablica - Diario del Sur","robots":{"index":"index","follow":"follow","max-snippet":"max-snippet:-1","max-image-preview":"max-image-preview:large","max-video-preview":"max-video-preview:-1"},"canonical":"https:\/\/diariodelsurdigital.com.ar\/?p=3806","og_locale":"es_ES","og_type":"article","og_title":"Trabajadores calificaron como \u201cdesprolijo\u201d el cierre de la Radio P\u00fablica - Diario del Sur","og_description":"\u00a0Este jueves, en la sesi\u00f3n ordinaria del Concejo Deliberante de Concordia, los concejales aprobaron por mayor\u00eda un proyecto del Ejecutivo para disolver Radio Ciudadana, la emisora p\u00fablica da la ciudad. Tras una reuni\u00f3n con el interventor de la emisora, al menos 12 trabajadores se encontraron en los estudios de la radio. All\u00ed, entre l\u00e1grimas, hablaron [&hellip;]","og_url":"https:\/\/diariodelsurdigital.com.ar\/?p=3806","og_site_name":"Diario del Sur","article_published_time":"2025-07-24T23:40:26+00:00","article_modified_time":"2025-07-24T23:40:27+00:00","og_image":[{"width":609,"height":406,"url":"https:\/\/diariodelsurdigital.com.ar\/wp-content\/uploads\/2025\/07\/l_1753387076.jpg","type":"image\/jpeg"}],"author":"Diario del Sur Digital","twitter_card":"summary_large_image","twitter_misc":{"Escrito por":"Diario del Sur Digital","Tiempo de lectura":"5 minutos"},"schema":{"@context":"https:\/\/schema.org","@graph":[{"@type":"Article","@id":"https:\/\/diariodelsurdigital.com.ar\/?p=3806#article","isPartOf":{"@id":"https:\/\/diariodelsurdigital.com.ar\/?p=3806"},"author":{"name":"Diario del Sur Digital","@id":"https:\/\/diariodelsurdigital.com.ar\/#\/schema\/person\/6136a32571657f7dba980b88b04c5465"},"headline":"Trabajadores calificaron como \u201cdesprolijo\u201d el cierre de la Radio P\u00fablica","datePublished":"2025-07-24T23:40:26+00:00","dateModified":"2025-07-24T23:40:27+00:00","mainEntityOfPage":{"@id":"https:\/\/diariodelsurdigital.com.ar\/?p=3806"},"wordCount":1070,"commentCount":0,"image":{"@id":"https:\/\/diariodelsurdigital.com.ar\/?p=3806#primaryimage"},"thumbnailUrl":"https:\/\/diariodelsurdigital.com.ar\/wp-content\/uploads\/2025\/07\/l_1753387076.jpg","articleSection":["Locales"],"inLanguage":"es","potentialAction":[{"@type":"CommentAction","name":"Comment","target":["https:\/\/diariodelsurdigital.com.ar\/?p=3806#respond"]}]},{"@type":"WebPage","@id":"https:\/\/diariodelsurdigital.com.ar\/?p=3806","url":"https:\/\/diariodelsurdigital.com.ar\/?p=3806","name":"Trabajadores calificaron como \u201cdesprolijo\u201d el cierre de la Radio P\u00fablica - Diario del Sur","isPartOf":{"@id":"https:\/\/diariodelsurdigital.com.ar\/#website"},"primaryImageOfPage":{"@id":"https:\/\/diariodelsurdigital.com.ar\/?p=3806#primaryimage"},"image":{"@id":"https:\/\/diariodelsurdigital.com.ar\/?p=3806#primaryimage"},"thumbnailUrl":"https:\/\/diariodelsurdigital.com.ar\/wp-content\/uploads\/2025\/07\/l_1753387076.jpg","datePublished":"2025-07-24T23:40:26+00:00","dateModified":"2025-07-24T23:40:27+00:00","author":{"@id":"https:\/\/diariodelsurdigital.com.ar\/#\/schema\/person\/6136a32571657f7dba980b88b04c5465"},"breadcrumb":{"@id":"https:\/\/diariodelsurdigital.com.ar\/?p=3806#breadcrumb"},"inLanguage":"es","potentialAction":[{"@type":"ReadAction","target":["https:\/\/diariodelsurdigital.com.ar\/?p=3806"]}]},{"@type":"ImageObject","inLanguage":"es","@id":"https:\/\/diariodelsurdigital.com.ar\/?p=3806#primaryimage","url":"https:\/\/diariodelsurdigital.com.ar\/wp-content\/uploads\/2025\/07\/l_1753387076.jpg","contentUrl":"https:\/\/diariodelsurdigital.com.ar\/wp-content\/uploads\/2025\/07\/l_1753387076.jpg","width":609,"height":406},{"@type":"BreadcrumbList","@id":"https:\/\/diariodelsurdigital.com.ar\/?p=3806#breadcrumb","itemListElement":[{"@type":"ListItem","position":1,"name":"Portada","item":"https:\/\/diariodelsurdigital.com.ar\/"},{"@type":"ListItem","position":2,"name":"Trabajadores calificaron como \u201cdesprolijo\u201d el cierre de la Radio P\u00fablica"}]},{"@type":"WebSite","@id":"https:\/\/diariodelsurdigital.com.ar\/#website","url":"https:\/\/diariodelsurdigital.com.ar\/","name":"Diario del Sur","description":"Digital","potentialAction":[{"@type":"SearchAction","target":{"@type":"EntryPoint","urlTemplate":"https:\/\/diariodelsurdigital.com.ar\/?s={search_term_string}"},"query-input":{"@type":"PropertyValueSpecification","valueRequired":true,"valueName":"search_term_string"}}],"inLanguage":"es"},{"@type":"Person","@id":"https:\/\/diariodelsurdigital.com.ar\/#\/schema\/person\/6136a32571657f7dba980b88b04c5465","name":"Diario del Sur Digital","image":{"@type":"ImageObject","inLanguage":"es","@id":"https:\/\/secure.gravatar.com\/avatar\/4c29ceac98541dd42460b2474aaa5dd37594d6ce6cb3cf2c101d09b48ee287ba?s=96&d=mm&r=g","url":"https:\/\/secure.gravatar.com\/avatar\/4c29ceac98541dd42460b2474aaa5dd37594d6ce6cb3cf2c101d09b48ee287ba?s=96&d=mm&r=g","contentUrl":"https:\/\/secure.gravatar.com\/avatar\/4c29ceac98541dd42460b2474aaa5dd37594d6ce6cb3cf2c101d09b48ee287ba?s=96&d=mm&r=g","caption":"Diario del Sur Digital"},"url":"https:\/\/diariodelsurdigital.com.ar\/?author=2"}]}},"_links":{"self":[{"href":"https:\/\/diariodelsurdigital.com.ar\/index.php?rest_route=\/wp\/v2\/posts\/3806","targetHints":{"allow":["GET"]}}],"collection":[{"href":"https:\/\/diariodelsurdigital.com.ar\/index.php?rest_route=\/wp\/v2\/posts"}],"about":[{"href":"https:\/\/diariodelsurdigital.com.ar\/index.php?rest_route=\/wp\/v2\/types\/post"}],"author":[{"embeddable":true,"href":"https:\/\/diariodelsurdigital.com.ar\/index.php?rest_route=\/wp\/v2\/users\/2"}],"replies":[{"embeddable":true,"href":"https:\/\/diariodelsurdigital.com.ar\/index.php?rest_route=%2Fwp%2Fv2%2Fcomments&post=3806"}],"version-history":[{"count":1,"href":"https:\/\/diariodelsurdigital.com.ar\/index.php?rest_route=\/wp\/v2\/posts\/3806\/revisions"}],"predecessor-version":[{"id":3808,"href":"https:\/\/diariodelsurdigital.com.ar\/index.php?rest_route=\/wp\/v2\/posts\/3806\/revisions\/3808"}],"wp:featuredmedia":[{"embeddable":true,"href":"https:\/\/diariodelsurdigital.com.ar\/index.php?rest_route=\/wp\/v2\/media\/3807"}],"wp:attachment":[{"href":"https:\/\/diariodelsurdigital.com.ar\/index.php?rest_route=%2Fwp%2Fv2%2Fmedia&parent=3806"}],"wp:term":[{"taxonomy":"category","embeddable":true,"href":"https:\/\/diariodelsurdigital.com.ar\/index.php?rest_route=%2Fwp%2Fv2%2Fcategories&post=3806"},{"taxonomy":"post_tag","embeddable":true,"href":"https:\/\/diariodelsurdigital.com.ar\/index.php?rest_route=%2Fwp%2Fv2%2Ftags&post=3806"}],"curies":[{"name":"wp","href":"https:\/\/api.w.org\/{rel}","templated":true}]}}