{"id":3810,"date":"2025-07-25T09:42:39","date_gmt":"2025-07-25T12:42:39","guid":{"rendered":"https:\/\/diariodelsurdigital.com.ar\/?p=3810"},"modified":"2025-07-25T09:42:40","modified_gmt":"2025-07-25T12:42:40","slug":"agmer-considero-que-la-reorganizacion-del-mapa-escolar-es-un-plan-de-ajuste","status":"publish","type":"post","link":"https:\/\/diariodelsurdigital.com.ar\/?p=3810","title":{"rendered":"Agmer consider\u00f3 que la reorganizaci\u00f3n del mapa escolar es un \u201cplan de ajuste\u201d"},"content":{"rendered":"\n<p>La Vocal gremial en el Consejo General de Educaci\u00f3n (CGE), Susana Cogno, advirti\u00f3 que \u201cesmuy fuerte que el gobierno diga que va a cerrar 300 escuelas tan libremente\u201d. En el sindicato hay \u201cpreocupaci\u00f3n\u201d y se aguarda una comunicaci\u00f3n oficial de las autoridades gubernamentales para obtener m\u00e1s detalles.<\/p>\n\n\n\n<p><\/p>\n\n\n\n<p>El gobernador Rogelio Frigerio encabez\u00f3 una reuni\u00f3n junto a autoridades educativas para definir nuevas estrategias que garanticen un servicio pedag\u00f3gico coherente y sostenible.<\/p>\n\n\n\n<p>Entre las medidas, se contempla reorganizar las escuelas seg\u00fan matr\u00edcula. \u201cTenemos casi 300 escuelas con entre uno y tres alumnos, lo cual es inviable desde lo social y lo pedag\u00f3gico\u201d, explic\u00f3 el coordinador de las Direcciones Departamentales de Escuelas, Sebasti\u00e1n Benedetti, que tambi\u00e9n estuvo presente.<\/p>\n\n\n\n<p>Al respecto, la vocal de Agmer en el CGE, Susana Cogno, expres\u00f3: \u201cEs una cuesti\u00f3n muy fuerte que el gobierno diga que va a cerrar 300 escuelas tan libremente, teniendo en cuenta la estructura de la provincia en la que m\u00e1s del 60% de los establecimientos educativos son rurales\u201d.<\/p>\n\n\n\n<p>El Gobierno entrerriano busca reorganizar el mapa escolar en funci\u00f3n de la matr\u00edcula<br>A su vez, cuestion\u00f3 la declaraci\u00f3n del coordinador de las Direcciones Departamentales de Escuelas, Sebasti\u00e1n Benedetti: \u00abCuando dice que son escuelas chicas que tienen tres o cuatro estudiantes, no entiendo a qu\u00e9 se refiere. \u00bfEso significa que esos tres o cuatro estudiantes no tienen derecho a tener una escuela en la zona donde viven?\u201d<\/p>\n\n\n\n<p>Adem\u00e1s, sostuvo que la medida forma parte del \u201cgran ajuste en el sistema educativo\u201d que Agmer viene denunciando. \u201cEsto es parte de un plan de ajuste, donde los n\u00fameros para el gobierno no est\u00e1n cerrando y el lugar para recortar son las escuelas\u201d.<\/p>\n\n\n\n<p>Por ello, Cogno se\u00f1al\u00f3 que en Agmer hay \u201cpreocupaci\u00f3n\u201d y contin\u00faan en estado alerta y movilizaci\u00f3n ante la aplicaci\u00f3n de estas pol\u00edticas. \u201cSon medidas que no se corresponden con la realidad ni la necesidad del sistema educativo entrerriano. No est\u00e1n viendo la realidad concreta del colectivo\u201d.<\/p>\n\n\n\n<p>Asimismo, la Vocal expres\u00f3 que aguardan una comunicaci\u00f3n del CGE para dialogar sobre esta idea. \u201cNos enteramos por la prensa y esperamos que nos indiquen cu\u00e1les son las escuelas, cu\u00e1les son las n\u00f3minas, d\u00f3nde van a terminar los trabajadores. Estamos hablando m\u00ednimo de 300 puestos de trabajo, y si multiplico los 4 o 5 alumnos por 300 tambi\u00e9n te da un n\u00famero importante de estudiantes\u201d.<\/p>\n\n\n\n<p>Por otra parte, critic\u00f3 el acompa\u00f1amiento de autoridades educativas departamentales a la idea propuesta por el CGE. \u201cEs evidente que hay una falencia de conocimiento de lo que pasa en cada territorio\u201d. A su vez agreg\u00f3 que para solucionar esas \u201cfalencias\u201d, los directores departamentales deben concursar, ya que como manda la Constituci\u00f3n del 2008,,deben ser el eslab\u00f3n m\u00e1s alto de la carrera\u201d.<\/p>\n","protected":false},"excerpt":{"rendered":"<p>La Vocal gremial en el Consejo General de Educaci\u00f3n (CGE), Susana Cogno, advirti\u00f3 que \u201cesmuy fuerte que el gobierno diga que va a cerrar 300 escuelas tan libremente\u201d. En el sindicato hay \u201cpreocupaci\u00f3n\u201d y se aguarda una comunicaci\u00f3n oficial de las autoridades gubernamentales para obtener m\u00e1s detalles. El gobernador Rogelio Frigerio encabez\u00f3 una reuni\u00f3n junto [&hellip;]<\/p>\n","protected":false},"author":4,"featured_media":3811,"comment_status":"open","ping_status":"open","sticky":false,"template":"","format":"standard","meta":{"footnotes":""},"categories":[17],"tags":[],"class_list":{"0":"post-3810","1":"post","2":"type-post","3":"status-publish","4":"format-standard","5":"has-post-thumbnail","7":"category-provinciales"},"yoast_head":"<!-- This site is optimized with the Yoast SEO plugin v27.4 - https:\/\/yoast.com\/product\/yoast-seo-wordpress\/ -->\n<title>Agmer consider\u00f3 que la reorganizaci\u00f3n del mapa escolar es un \u201cplan de ajuste\u201d - Diario del Sur<\/title>\n<meta name=\"robots\" content=\"index, follow, max-snippet:-1, max-image-preview:large, max-video-preview:-1\" \/>\n<link rel=\"canonical\" href=\"https:\/\/diariodelsurdigital.com.ar\/?p=3810\" \/>\n<meta property=\"og:locale\" content=\"es_ES\" \/>\n<meta property=\"og:type\" content=\"article\" \/>\n<meta property=\"og:title\" content=\"Agmer consider\u00f3 que la reorganizaci\u00f3n del mapa escolar es un \u201cplan de ajuste\u201d - Diario del Sur\" \/>\n<meta property=\"og:description\" content=\"La Vocal gremial en el Consejo General de Educaci\u00f3n (CGE), Susana Cogno, advirti\u00f3 que \u201cesmuy fuerte que el gobierno diga que va a cerrar 300 escuelas tan libremente\u201d. En el sindicato hay \u201cpreocupaci\u00f3n\u201d y se aguarda una comunicaci\u00f3n oficial de las autoridades gubernamentales para obtener m\u00e1s detalles. El gobernador Rogelio Frigerio encabez\u00f3 una reuni\u00f3n junto [&hellip;]\" \/>\n<meta property=\"og:url\" content=\"https:\/\/diariodelsurdigital.com.ar\/?p=3810\" \/>\n<meta property=\"og:site_name\" content=\"Diario del Sur\" \/>\n<meta property=\"article:published_time\" content=\"2025-07-25T12:42:39+00:00\" \/>\n<meta property=\"article:modified_time\" content=\"2025-07-25T12:42:40+00:00\" \/>\n<meta property=\"og:image\" content=\"https:\/\/diariodelsurdigital.com.ar\/wp-content\/uploads\/2025\/07\/md-28-1.webp\" \/>\n\t<meta property=\"og:image:width\" content=\"992\" \/>\n\t<meta property=\"og:image:height\" content=\"660\" \/>\n\t<meta property=\"og:image:type\" content=\"image\/webp\" \/>\n<meta name=\"author\" content=\"Diario del Sur Digital\" \/>\n<meta name=\"twitter:card\" content=\"summary_large_image\" \/>\n<meta name=\"twitter:label1\" content=\"Escrito por\" \/>\n\t<meta name=\"twitter:data1\" content=\"Diario del Sur Digital\" \/>\n\t<meta name=\"twitter:label2\" content=\"Tiempo de lectura\" \/>\n\t<meta name=\"twitter:data2\" content=\"3 minutos\" \/>\n<script type=\"application\/ld+json\" class=\"yoast-schema-graph\">{\"@context\":\"https:\\\/\\\/schema.org\",\"@graph\":[{\"@type\":\"Article\",\"@id\":\"https:\\\/\\\/diariodelsurdigital.com.ar\\\/?p=3810#article\",\"isPartOf\":{\"@id\":\"https:\\\/\\\/diariodelsurdigital.com.ar\\\/?p=3810\"},\"author\":{\"name\":\"Diario del Sur Digital\",\"@id\":\"https:\\\/\\\/diariodelsurdigital.com.ar\\\/#\\\/schema\\\/person\\\/1a4992532ed62965c968031b49195c81\"},\"headline\":\"Agmer consider\u00f3 que la reorganizaci\u00f3n del mapa escolar es un \u201cplan de ajuste\u201d\",\"datePublished\":\"2025-07-25T12:42:39+00:00\",\"dateModified\":\"2025-07-25T12:42:40+00:00\",\"mainEntityOfPage\":{\"@id\":\"https:\\\/\\\/diariodelsurdigital.com.ar\\\/?p=3810\"},\"wordCount\":491,\"commentCount\":0,\"image\":{\"@id\":\"https:\\\/\\\/diariodelsurdigital.com.ar\\\/?p=3810#primaryimage\"},\"thumbnailUrl\":\"https:\\\/\\\/diariodelsurdigital.com.ar\\\/wp-content\\\/uploads\\\/2025\\\/07\\\/md-28-1.webp\",\"articleSection\":[\"Provinciales\"],\"inLanguage\":\"es\",\"potentialAction\":[{\"@type\":\"CommentAction\",\"name\":\"Comment\",\"target\":[\"https:\\\/\\\/diariodelsurdigital.com.ar\\\/?p=3810#respond\"]}]},{\"@type\":\"WebPage\",\"@id\":\"https:\\\/\\\/diariodelsurdigital.com.ar\\\/?p=3810\",\"url\":\"https:\\\/\\\/diariodelsurdigital.com.ar\\\/?p=3810\",\"name\":\"Agmer consider\u00f3 que la reorganizaci\u00f3n del mapa escolar es un \u201cplan de ajuste\u201d - Diario del Sur\",\"isPartOf\":{\"@id\":\"https:\\\/\\\/diariodelsurdigital.com.ar\\\/#website\"},\"primaryImageOfPage\":{\"@id\":\"https:\\\/\\\/diariodelsurdigital.com.ar\\\/?p=3810#primaryimage\"},\"image\":{\"@id\":\"https:\\\/\\\/diariodelsurdigital.com.ar\\\/?p=3810#primaryimage\"},\"thumbnailUrl\":\"https:\\\/\\\/diariodelsurdigital.com.ar\\\/wp-content\\\/uploads\\\/2025\\\/07\\\/md-28-1.webp\",\"datePublished\":\"2025-07-25T12:42:39+00:00\",\"dateModified\":\"2025-07-25T12:42:40+00:00\",\"author\":{\"@id\":\"https:\\\/\\\/diariodelsurdigital.com.ar\\\/#\\\/schema\\\/person\\\/1a4992532ed62965c968031b49195c81\"},\"breadcrumb\":{\"@id\":\"https:\\\/\\\/diariodelsurdigital.com.ar\\\/?p=3810#breadcrumb\"},\"inLanguage\":\"es\",\"potentialAction\":[{\"@type\":\"ReadAction\",\"target\":[\"https:\\\/\\\/diariodelsurdigital.com.ar\\\/?p=3810\"]}]},{\"@type\":\"ImageObject\",\"inLanguage\":\"es\",\"@id\":\"https:\\\/\\\/diariodelsurdigital.com.ar\\\/?p=3810#primaryimage\",\"url\":\"https:\\\/\\\/diariodelsurdigital.com.ar\\\/wp-content\\\/uploads\\\/2025\\\/07\\\/md-28-1.webp\",\"contentUrl\":\"https:\\\/\\\/diariodelsurdigital.com.ar\\\/wp-content\\\/uploads\\\/2025\\\/07\\\/md-28-1.webp\",\"width\":992,\"height\":660},{\"@type\":\"BreadcrumbList\",\"@id\":\"https:\\\/\\\/diariodelsurdigital.com.ar\\\/?p=3810#breadcrumb\",\"itemListElement\":[{\"@type\":\"ListItem\",\"position\":1,\"name\":\"Portada\",\"item\":\"https:\\\/\\\/diariodelsurdigital.com.ar\\\/\"},{\"@type\":\"ListItem\",\"position\":2,\"name\":\"Agmer consider\u00f3 que la reorganizaci\u00f3n del mapa escolar es un \u201cplan de ajuste\u201d\"}]},{\"@type\":\"WebSite\",\"@id\":\"https:\\\/\\\/diariodelsurdigital.com.ar\\\/#website\",\"url\":\"https:\\\/\\\/diariodelsurdigital.com.ar\\\/\",\"name\":\"Diario del Sur\",\"description\":\"Digital\",\"potentialAction\":[{\"@type\":\"SearchAction\",\"target\":{\"@type\":\"EntryPoint\",\"urlTemplate\":\"https:\\\/\\\/diariodelsurdigital.com.ar\\\/?s={search_term_string}\"},\"query-input\":{\"@type\":\"PropertyValueSpecification\",\"valueRequired\":true,\"valueName\":\"search_term_string\"}}],\"inLanguage\":\"es\"},{\"@type\":\"Person\",\"@id\":\"https:\\\/\\\/diariodelsurdigital.com.ar\\\/#\\\/schema\\\/person\\\/1a4992532ed62965c968031b49195c81\",\"name\":\"Diario del Sur Digital\",\"image\":{\"@type\":\"ImageObject\",\"inLanguage\":\"es\",\"@id\":\"https:\\\/\\\/secure.gravatar.com\\\/avatar\\\/f0c7c47fc7146d19828273b9b8eda651c9c7ab583767e6338d3d3bee825adf76?s=96&d=mm&r=g\",\"url\":\"https:\\\/\\\/secure.gravatar.com\\\/avatar\\\/f0c7c47fc7146d19828273b9b8eda651c9c7ab583767e6338d3d3bee825adf76?s=96&d=mm&r=g\",\"contentUrl\":\"https:\\\/\\\/secure.gravatar.com\\\/avatar\\\/f0c7c47fc7146d19828273b9b8eda651c9c7ab583767e6338d3d3bee825adf76?s=96&d=mm&r=g\",\"caption\":\"Diario del Sur Digital\"},\"url\":\"https:\\\/\\\/diariodelsurdigital.com.ar\\\/?author=4\"}]}<\/script>\n<!-- \/ Yoast SEO plugin. -->","yoast_head_json":{"title":"Agmer consider\u00f3 que la reorganizaci\u00f3n del mapa escolar es un \u201cplan de ajuste\u201d - Diario del Sur","robots":{"index":"index","follow":"follow","max-snippet":"max-snippet:-1","max-image-preview":"max-image-preview:large","max-video-preview":"max-video-preview:-1"},"canonical":"https:\/\/diariodelsurdigital.com.ar\/?p=3810","og_locale":"es_ES","og_type":"article","og_title":"Agmer consider\u00f3 que la reorganizaci\u00f3n del mapa escolar es un \u201cplan de ajuste\u201d - Diario del Sur","og_description":"La Vocal gremial en el Consejo General de Educaci\u00f3n (CGE), Susana Cogno, advirti\u00f3 que \u201cesmuy fuerte que el gobierno diga que va a cerrar 300 escuelas tan libremente\u201d. En el sindicato hay \u201cpreocupaci\u00f3n\u201d y se aguarda una comunicaci\u00f3n oficial de las autoridades gubernamentales para obtener m\u00e1s detalles. El gobernador Rogelio Frigerio encabez\u00f3 una reuni\u00f3n junto [&hellip;]","og_url":"https:\/\/diariodelsurdigital.com.ar\/?p=3810","og_site_name":"Diario del Sur","article_published_time":"2025-07-25T12:42:39+00:00","article_modified_time":"2025-07-25T12:42:40+00:00","og_image":[{"width":992,"height":660,"url":"https:\/\/diariodelsurdigital.com.ar\/wp-content\/uploads\/2025\/07\/md-28-1.webp","type":"image\/webp"}],"author":"Diario del Sur Digital","twitter_card":"summary_large_image","twitter_misc":{"Escrito por":"Diario del Sur Digital","Tiempo de lectura":"3 minutos"},"schema":{"@context":"https:\/\/schema.org","@graph":[{"@type":"Article","@id":"https:\/\/diariodelsurdigital.com.ar\/?p=3810#article","isPartOf":{"@id":"https:\/\/diariodelsurdigital.com.ar\/?p=3810"},"author":{"name":"Diario del Sur Digital","@id":"https:\/\/diariodelsurdigital.com.ar\/#\/schema\/person\/1a4992532ed62965c968031b49195c81"},"headline":"Agmer consider\u00f3 que la reorganizaci\u00f3n del mapa escolar es un \u201cplan de ajuste\u201d","datePublished":"2025-07-25T12:42:39+00:00","dateModified":"2025-07-25T12:42:40+00:00","mainEntityOfPage":{"@id":"https:\/\/diariodelsurdigital.com.ar\/?p=3810"},"wordCount":491,"commentCount":0,"image":{"@id":"https:\/\/diariodelsurdigital.com.ar\/?p=3810#primaryimage"},"thumbnailUrl":"https:\/\/diariodelsurdigital.com.ar\/wp-content\/uploads\/2025\/07\/md-28-1.webp","articleSection":["Provinciales"],"inLanguage":"es","potentialAction":[{"@type":"CommentAction","name":"Comment","target":["https:\/\/diariodelsurdigital.com.ar\/?p=3810#respond"]}]},{"@type":"WebPage","@id":"https:\/\/diariodelsurdigital.com.ar\/?p=3810","url":"https:\/\/diariodelsurdigital.com.ar\/?p=3810","name":"Agmer consider\u00f3 que la reorganizaci\u00f3n del mapa escolar es un \u201cplan de ajuste\u201d - Diario del Sur","isPartOf":{"@id":"https:\/\/diariodelsurdigital.com.ar\/#website"},"primaryImageOfPage":{"@id":"https:\/\/diariodelsurdigital.com.ar\/?p=3810#primaryimage"},"image":{"@id":"https:\/\/diariodelsurdigital.com.ar\/?p=3810#primaryimage"},"thumbnailUrl":"https:\/\/diariodelsurdigital.com.ar\/wp-content\/uploads\/2025\/07\/md-28-1.webp","datePublished":"2025-07-25T12:42:39+00:00","dateModified":"2025-07-25T12:42:40+00:00","author":{"@id":"https:\/\/diariodelsurdigital.com.ar\/#\/schema\/person\/1a4992532ed62965c968031b49195c81"},"breadcrumb":{"@id":"https:\/\/diariodelsurdigital.com.ar\/?p=3810#breadcrumb"},"inLanguage":"es","potentialAction":[{"@type":"ReadAction","target":["https:\/\/diariodelsurdigital.com.ar\/?p=3810"]}]},{"@type":"ImageObject","inLanguage":"es","@id":"https:\/\/diariodelsurdigital.com.ar\/?p=3810#primaryimage","url":"https:\/\/diariodelsurdigital.com.ar\/wp-content\/uploads\/2025\/07\/md-28-1.webp","contentUrl":"https:\/\/diariodelsurdigital.com.ar\/wp-content\/uploads\/2025\/07\/md-28-1.webp","width":992,"height":660},{"@type":"BreadcrumbList","@id":"https:\/\/diariodelsurdigital.com.ar\/?p=3810#breadcrumb","itemListElement":[{"@type":"ListItem","position":1,"name":"Portada","item":"https:\/\/diariodelsurdigital.com.ar\/"},{"@type":"ListItem","position":2,"name":"Agmer consider\u00f3 que la reorganizaci\u00f3n del mapa escolar es un \u201cplan de ajuste\u201d"}]},{"@type":"WebSite","@id":"https:\/\/diariodelsurdigital.com.ar\/#website","url":"https:\/\/diariodelsurdigital.com.ar\/","name":"Diario del Sur","description":"Digital","potentialAction":[{"@type":"SearchAction","target":{"@type":"EntryPoint","urlTemplate":"https:\/\/diariodelsurdigital.com.ar\/?s={search_term_string}"},"query-input":{"@type":"PropertyValueSpecification","valueRequired":true,"valueName":"search_term_string"}}],"inLanguage":"es"},{"@type":"Person","@id":"https:\/\/diariodelsurdigital.com.ar\/#\/schema\/person\/1a4992532ed62965c968031b49195c81","name":"Diario del Sur Digital","image":{"@type":"ImageObject","inLanguage":"es","@id":"https:\/\/secure.gravatar.com\/avatar\/f0c7c47fc7146d19828273b9b8eda651c9c7ab583767e6338d3d3bee825adf76?s=96&d=mm&r=g","url":"https:\/\/secure.gravatar.com\/avatar\/f0c7c47fc7146d19828273b9b8eda651c9c7ab583767e6338d3d3bee825adf76?s=96&d=mm&r=g","contentUrl":"https:\/\/secure.gravatar.com\/avatar\/f0c7c47fc7146d19828273b9b8eda651c9c7ab583767e6338d3d3bee825adf76?s=96&d=mm&r=g","caption":"Diario del Sur Digital"},"url":"https:\/\/diariodelsurdigital.com.ar\/?author=4"}]}},"_links":{"self":[{"href":"https:\/\/diariodelsurdigital.com.ar\/index.php?rest_route=\/wp\/v2\/posts\/3810","targetHints":{"allow":["GET"]}}],"collection":[{"href":"https:\/\/diariodelsurdigital.com.ar\/index.php?rest_route=\/wp\/v2\/posts"}],"about":[{"href":"https:\/\/diariodelsurdigital.com.ar\/index.php?rest_route=\/wp\/v2\/types\/post"}],"author":[{"embeddable":true,"href":"https:\/\/diariodelsurdigital.com.ar\/index.php?rest_route=\/wp\/v2\/users\/4"}],"replies":[{"embeddable":true,"href":"https:\/\/diariodelsurdigital.com.ar\/index.php?rest_route=%2Fwp%2Fv2%2Fcomments&post=3810"}],"version-history":[{"count":1,"href":"https:\/\/diariodelsurdigital.com.ar\/index.php?rest_route=\/wp\/v2\/posts\/3810\/revisions"}],"predecessor-version":[{"id":3812,"href":"https:\/\/diariodelsurdigital.com.ar\/index.php?rest_route=\/wp\/v2\/posts\/3810\/revisions\/3812"}],"wp:featuredmedia":[{"embeddable":true,"href":"https:\/\/diariodelsurdigital.com.ar\/index.php?rest_route=\/wp\/v2\/media\/3811"}],"wp:attachment":[{"href":"https:\/\/diariodelsurdigital.com.ar\/index.php?rest_route=%2Fwp%2Fv2%2Fmedia&parent=3810"}],"wp:term":[{"taxonomy":"category","embeddable":true,"href":"https:\/\/diariodelsurdigital.com.ar\/index.php?rest_route=%2Fwp%2Fv2%2Fcategories&post=3810"},{"taxonomy":"post_tag","embeddable":true,"href":"https:\/\/diariodelsurdigital.com.ar\/index.php?rest_route=%2Fwp%2Fv2%2Ftags&post=3810"}],"curies":[{"name":"wp","href":"https:\/\/api.w.org\/{rel}","templated":true}]}}