{"id":3813,"date":"2025-07-25T09:45:50","date_gmt":"2025-07-25T12:45:50","guid":{"rendered":"https:\/\/diariodelsurdigital.com.ar\/?p=3813"},"modified":"2025-07-25T09:45:51","modified_gmt":"2025-07-25T12:45:51","slug":"la-industria-cayo-fuerte-en-junio-y-las-pymes-alertan-sobre-nuevos-problemas-que-agudizan-la-crisis-del-sector","status":"publish","type":"post","link":"https:\/\/diariodelsurdigital.com.ar\/?p=3813","title":{"rendered":"La industria cay\u00f3 fuerte en junio y las pymes alertan sobre nuevos problemas que agudizan la crisis del sector"},"content":{"rendered":"\n<p>Adem\u00e1s del estancamiento de la actividad y la apertura de importaciones, los industriales aseguran que la reciente volatilidad en las tasas de inter\u00e9s dificulta el acceso a cr\u00e9ditos productivos.<\/p>\n\n\n\n<p><\/p>\n\n\n\n<p>La industria no logra consolidar su recuperaci\u00f3n. Las \u00faltimas mediciones privadas marcaron una ca\u00edda en la actividad durante junio y el entramado productivo no consigue alejarse del piso que toc\u00f3 a principios del a\u00f1o pasado. Para la segunda mitad de 2025, los industriales, y en particular los del segmento pymes, advirtieron sobre los nuevos riesgos en el horizonte, como el incremento de las importaciones, el aumento de los costos por encima de la inflaci\u00f3n y la volatilidad de las tasas de inter\u00e9s, que encarece los cr\u00e9ditos para el sector.<\/p>\n\n\n\n<p>Seg\u00fan el \u00cdndice de Producci\u00f3n Industrial (IPI) elaborado por FIEL, la actividad industrial durante el mes pasado cay\u00f3 1,2% en la medici\u00f3n desestacionalizada contra mayo, mientras que en la comparaci\u00f3n trimestral baj\u00f3 un 0,8% contra el primer cuarto del 2025. Por su parte, el director de la consultora Orlando Ferreres &amp; Asociados, Fausto Spotorno, adelant\u00f3 a este medio que \u00ablos n\u00fameros de los \u00faltimos meses indicaban que (la actividad industrial) se estaba desacelerando\u00bb.<\/p>\n\n\n\n<p>En este sentido, el \u00faltimo informe del Observatorio IPA (Industriales Pymes Argentinas), afirm\u00f3 que el crecimiento en la comparaci\u00f3n interanual \u00abse explica m\u00e1s por el efecto estad\u00edstico de la profunda contracci\u00f3n de 2024 que por un cambio estructural\u00bb.<\/p>\n\n\n\n<p>Adem\u00e1s, explic\u00f3 que los sectores m\u00e1s din\u00e1micos, como veh\u00edculos, muebles y maquinaria, \u00abrepuntan, pero con baja capilaridad hacia el conjunto de la industria, mientras que ramas intensivas en empleo como confecciones y metalurgia permanecen en retroceso\u00bb.<\/p>\n\n\n\n<p>\u00abLa econom\u00eda real, que es la que vivimos a diario los industriales, est\u00e1 sufriendo una crisis m\u00e1s profunda de la imaginada. Reci\u00e9n en unos meses se podr\u00e1 reflejar en las estad\u00edsticas y, llegado ese momento, para algunas f\u00e1bricas ser\u00e1 tarde\u201d, afirm\u00f3 el titular de IPA, Daniel Rosato.<\/p>\n\n\n\n<p>Los problemas hacia adelante<\/p>\n\n\n\n<p>Para la segunda mitad del a\u00f1o, el panorama no es promisorio. \u00abLas expectativas empresarias lo confirman: m\u00e1s del 70 % de los industriales no espera mejoras en el corto plazo. Este panorama sugiere que el ciclo industrial podr\u00eda estar alcanzando un techo t\u00e9cnico, sin impulso interno sostenido ni una estrategia clara de reindustrializaci\u00f3n\u00bb, alert\u00f3 el Observatorio IPA.<\/p>\n\n\n\n<p>En consonancia, FIEL reconoci\u00f3 que \u00abla sostenibilidad de la recuperaci\u00f3n muestra un deterioro y, hacia los meses por venir, en varios sectores se agot\u00f3 el efecto positivo de base de comparaci\u00f3n\u00bb.<\/p>\n\n\n\n<p>El presidente de la Asociaci\u00f3n de Empresarios y Empresarias Nacionales para el Desarrollo Argentino (ENAC), Leo Bilanski, asegur\u00f3 a \u00c1mbito que \u00abel denominador com\u00fan en el sector industrial desde que arranc\u00f3 (Javier) Milei es el despido\u00bb, una consecuencia que le adjudic\u00f3 al \u00abimpacto de la apertura indiscriminada de importaciones\u00bb.<\/p>\n\n\n\n<p>Sostuvo que durante 2025 \u00abhubo un boom de tours empresariales a China para comprar productos que empezaron a llegar este primer semestre y que van a llegar en el segundo semestre tambi\u00e9n de manera brutal\u00bb. Por esa raz\u00f3n, \u00abel sector industrial deber\u00eda tener otra ca\u00edda m\u00e1s el pr\u00f3ximo trimestre y as\u00ed hasta fin de a\u00f1o\u00bb.<\/p>\n\n\n\n<p>De acuerdo al \u00faltimo relevamiento del ENAC, el 19% de las pymes despidi\u00f3 personal en el segundo trimestre de 2025, mientras que solo el 14,9% lo incorpor\u00f3. Adem\u00e1s, hallaron que ocho de cada diez empresarios no contratar\u00e1 trabajadores en el tercer trimestre del 2025.<\/p>\n\n\n\n<p>La suba de los costos<\/p>\n\n\n\n<p>El informe del ENAC tambi\u00e9n estim\u00f3 que los costos aumentaron un 18,9% durante el segundo trimestre, en comparaci\u00f3n a la suba de la inflaci\u00f3n en ese periodo que, seg\u00fan el INDEC, fue de 5,49%. \u00abEse aumento de costos desproporcionado, cuando lo quer\u00e9s validar cambiando el precio, no se puede porque el consumidor no tiene poder adquisitivo y no lo est\u00e1 validando. Entonces te comes rentabilidad para sobrevivir. Para nosotros es el inicio de una recesi\u00f3n\u00bb, se lament\u00f3 Bilenski.<\/p>\n\n\n\n<p>Por su parte, el secretario general de la C\u00e1mara de la Peque\u00f1a y Mediana Industria Metal\u00fargica (CAMIMA), Jose Luis Ammaturo, explic\u00f3 a este medio que el nivel de actividad est\u00e1 \u00abun 2% por encima del a\u00f1o pasado\u00bb. Sin embargo, aclar\u00f3 que el desempe\u00f1o es heterog\u00e9neo. \u00abLos sectores metal\u00fargicos que est\u00e1n ligados a la energ\u00eda, el petr\u00f3leo, la miner\u00eda, alimentos y agroindustria est\u00e1n mejor. Los que est\u00e1n ligados a la fundici\u00f3n, textiles o al mercado interno, est\u00e1n m\u00e1s complicados\u00bb, detall\u00f3.<\/p>\n\n\n\n<p>Adem\u00e1s, explic\u00f3 que hay empresas de algunos sectores \u00abque est\u00e1n empezando a tener algunas complicaciones porque sus costos no pueden competir contra productos importados, no porque no sean competitivos, sino porque la estructura de costos en Argentina es diferente\u00bb. De todas maneras, reconoci\u00f3 que de momento no registraron \u00abuna importaci\u00f3n masiva de productos, dado que tampoco la econom\u00eda es que haya mejorado fuertemente\u00bb.<\/p>\n\n\n\n<p>El impacto de las tasas y la falta de cr\u00e9dito<\/p>\n\n\n\n<p>El empresario metal\u00fargico le reconoci\u00f3 al Gobierno que \u00abha normalizado la econom\u00eda\u00bb y la volvi\u00f3 \u00absimilar a la que tienen otros pa\u00edses del mundo\u00bb. Sin embargo, mencion\u00f3 tambi\u00e9n que \u00aben la mayor\u00eda de los pa\u00edses del mundo tambi\u00e9n hay l\u00edneas de cr\u00e9dito que son accesibles para la industria y tambi\u00e9n para el consumidor, que hacen que la econom\u00eda funcione\u00bb.<\/p>\n\n\n\n<p>\u00abSe ha visto que el consumo de la poblaci\u00f3n se ha volcado m\u00e1s a bienes durables, algo que no suced\u00eda con la alta inflaci\u00f3n: autos, motos, bicicletas, electrodom\u00e9sticos. Eso es importante. Pero eso a\u00fan no ha derramado en cr\u00e9dito m\u00e1s accesible para la industria\u00bb, argument\u00f3.<\/p>\n\n\n\n<p>En este sentido, mencion\u00f3 la volatilidad de las tasas durante los \u00faltimos d\u00edas: \u00abNos interesa que bajen, porque va a llevar a muchas empresas a abocarse m\u00e1s a inversiones, a no estar tan preocupados en la tasa en un momento en que uno se interesa por aumentar la productividad, y la mejor manera es invertir. Y para invertir se necesita un capital que lo ideal es que las empresas lo obtengan mediante cr\u00e9dito. Este cr\u00e9dito hoy es muy caro\u00bb.<\/p>\n\n\n\n<p>En consonancia, el \u00faltimo informe de FIEL plante\u00f3 que para julio existe un \u00abpotencial impacto sobre la demanda de mayores tasas de inter\u00e9s sostenidas para contener el exceso de liquidez existente en la econom\u00eda\u00bb, public\u00f3 \u00c1mbito.<\/p>\n\n\n\n<p>Por su parte, Bielisnki consider\u00f3 que \u00ablos cr\u00e9ditos no est\u00e1n liberados para las peque\u00f1as y medianas empresas\u00bb. Y agreg\u00f3: \u00abEst\u00e1n m\u00e1s restringidos que nunca porque los bancos para darte cr\u00e9dito te piden flujo. Y si est\u00e1s entrando en una recesi\u00f3n, \u00bfqu\u00e9 flujo vas a tener?\u00bb.<\/p>\n\n\n\n<p>Asegur\u00f3 que en la situaci\u00f3n actual \u00ablo que hacen los bancos es restringir el cr\u00e9dito y prestarle el Estado, colocan la plata en cauciones, en las LECAP o en las herramientas que le d\u00e9 el Estado. Es mucho m\u00e1s administrable eso que darle el dinero a las peque\u00f1as y medianas empresas\u00bb.<\/p>\n","protected":false},"excerpt":{"rendered":"<p>Adem\u00e1s del estancamiento de la actividad y la apertura de importaciones, los industriales aseguran que la reciente volatilidad en las tasas de inter\u00e9s dificulta el acceso a cr\u00e9ditos productivos. La industria no logra consolidar su recuperaci\u00f3n. Las \u00faltimas mediciones privadas marcaron una ca\u00edda en la actividad durante junio y el entramado productivo no consigue alejarse [&hellip;]<\/p>\n","protected":false},"author":4,"featured_media":3814,"comment_status":"open","ping_status":"open","sticky":false,"template":"","format":"standard","meta":{"footnotes":""},"categories":[19,18],"tags":[],"class_list":{"0":"post-3813","1":"post","2":"type-post","3":"status-publish","4":"format-standard","5":"has-post-thumbnail","7":"category-interes-general","8":"category-nacionales"},"yoast_head":"<!-- This site is optimized with the Yoast SEO plugin v27.4 - https:\/\/yoast.com\/product\/yoast-seo-wordpress\/ -->\n<title>La industria cay\u00f3 fuerte en junio y las pymes alertan sobre nuevos problemas que agudizan la crisis del sector - Diario del Sur<\/title>\n<meta name=\"robots\" content=\"index, follow, max-snippet:-1, max-image-preview:large, max-video-preview:-1\" \/>\n<link rel=\"canonical\" href=\"https:\/\/diariodelsurdigital.com.ar\/?p=3813\" \/>\n<meta property=\"og:locale\" content=\"es_ES\" \/>\n<meta property=\"og:type\" content=\"article\" \/>\n<meta property=\"og:title\" content=\"La industria cay\u00f3 fuerte en junio y las pymes alertan sobre nuevos problemas que agudizan la crisis del sector - Diario del Sur\" \/>\n<meta property=\"og:description\" content=\"Adem\u00e1s del estancamiento de la actividad y la apertura de importaciones, los industriales aseguran que la reciente volatilidad en las tasas de inter\u00e9s dificulta el acceso a cr\u00e9ditos productivos. La industria no logra consolidar su recuperaci\u00f3n. Las \u00faltimas mediciones privadas marcaron una ca\u00edda en la actividad durante junio y el entramado productivo no consigue alejarse [&hellip;]\" \/>\n<meta property=\"og:url\" content=\"https:\/\/diariodelsurdigital.com.ar\/?p=3813\" \/>\n<meta property=\"og:site_name\" content=\"Diario del Sur\" \/>\n<meta property=\"article:published_time\" content=\"2025-07-25T12:45:50+00:00\" \/>\n<meta property=\"article:modified_time\" content=\"2025-07-25T12:45:51+00:00\" \/>\n<meta property=\"og:image\" content=\"https:\/\/diariodelsurdigital.com.ar\/wp-content\/uploads\/2025\/07\/md-29-1.webp\" \/>\n\t<meta property=\"og:image:width\" content=\"992\" \/>\n\t<meta property=\"og:image:height\" content=\"557\" \/>\n\t<meta property=\"og:image:type\" content=\"image\/webp\" \/>\n<meta name=\"author\" content=\"Diario del Sur Digital\" \/>\n<meta name=\"twitter:card\" content=\"summary_large_image\" \/>\n<meta name=\"twitter:label1\" content=\"Escrito por\" \/>\n\t<meta name=\"twitter:data1\" content=\"Diario del Sur Digital\" \/>\n\t<meta name=\"twitter:label2\" content=\"Tiempo de lectura\" \/>\n\t<meta name=\"twitter:data2\" content=\"6 minutos\" \/>\n<script type=\"application\/ld+json\" class=\"yoast-schema-graph\">{\"@context\":\"https:\\\/\\\/schema.org\",\"@graph\":[{\"@type\":\"Article\",\"@id\":\"https:\\\/\\\/diariodelsurdigital.com.ar\\\/?p=3813#article\",\"isPartOf\":{\"@id\":\"https:\\\/\\\/diariodelsurdigital.com.ar\\\/?p=3813\"},\"author\":{\"name\":\"Diario del Sur Digital\",\"@id\":\"https:\\\/\\\/diariodelsurdigital.com.ar\\\/#\\\/schema\\\/person\\\/1a4992532ed62965c968031b49195c81\"},\"headline\":\"La industria cay\u00f3 fuerte en junio y las pymes alertan sobre nuevos problemas que agudizan la crisis del sector\",\"datePublished\":\"2025-07-25T12:45:50+00:00\",\"dateModified\":\"2025-07-25T12:45:51+00:00\",\"mainEntityOfPage\":{\"@id\":\"https:\\\/\\\/diariodelsurdigital.com.ar\\\/?p=3813\"},\"wordCount\":1214,\"commentCount\":0,\"image\":{\"@id\":\"https:\\\/\\\/diariodelsurdigital.com.ar\\\/?p=3813#primaryimage\"},\"thumbnailUrl\":\"https:\\\/\\\/diariodelsurdigital.com.ar\\\/wp-content\\\/uploads\\\/2025\\\/07\\\/md-29-1.webp\",\"articleSection\":[\"Inter\u00e9s General\",\"Nacionales\"],\"inLanguage\":\"es\",\"potentialAction\":[{\"@type\":\"CommentAction\",\"name\":\"Comment\",\"target\":[\"https:\\\/\\\/diariodelsurdigital.com.ar\\\/?p=3813#respond\"]}]},{\"@type\":\"WebPage\",\"@id\":\"https:\\\/\\\/diariodelsurdigital.com.ar\\\/?p=3813\",\"url\":\"https:\\\/\\\/diariodelsurdigital.com.ar\\\/?p=3813\",\"name\":\"La industria cay\u00f3 fuerte en junio y las pymes alertan sobre nuevos problemas que agudizan la crisis del sector - Diario del Sur\",\"isPartOf\":{\"@id\":\"https:\\\/\\\/diariodelsurdigital.com.ar\\\/#website\"},\"primaryImageOfPage\":{\"@id\":\"https:\\\/\\\/diariodelsurdigital.com.ar\\\/?p=3813#primaryimage\"},\"image\":{\"@id\":\"https:\\\/\\\/diariodelsurdigital.com.ar\\\/?p=3813#primaryimage\"},\"thumbnailUrl\":\"https:\\\/\\\/diariodelsurdigital.com.ar\\\/wp-content\\\/uploads\\\/2025\\\/07\\\/md-29-1.webp\",\"datePublished\":\"2025-07-25T12:45:50+00:00\",\"dateModified\":\"2025-07-25T12:45:51+00:00\",\"author\":{\"@id\":\"https:\\\/\\\/diariodelsurdigital.com.ar\\\/#\\\/schema\\\/person\\\/1a4992532ed62965c968031b49195c81\"},\"breadcrumb\":{\"@id\":\"https:\\\/\\\/diariodelsurdigital.com.ar\\\/?p=3813#breadcrumb\"},\"inLanguage\":\"es\",\"potentialAction\":[{\"@type\":\"ReadAction\",\"target\":[\"https:\\\/\\\/diariodelsurdigital.com.ar\\\/?p=3813\"]}]},{\"@type\":\"ImageObject\",\"inLanguage\":\"es\",\"@id\":\"https:\\\/\\\/diariodelsurdigital.com.ar\\\/?p=3813#primaryimage\",\"url\":\"https:\\\/\\\/diariodelsurdigital.com.ar\\\/wp-content\\\/uploads\\\/2025\\\/07\\\/md-29-1.webp\",\"contentUrl\":\"https:\\\/\\\/diariodelsurdigital.com.ar\\\/wp-content\\\/uploads\\\/2025\\\/07\\\/md-29-1.webp\",\"width\":992,\"height\":557},{\"@type\":\"BreadcrumbList\",\"@id\":\"https:\\\/\\\/diariodelsurdigital.com.ar\\\/?p=3813#breadcrumb\",\"itemListElement\":[{\"@type\":\"ListItem\",\"position\":1,\"name\":\"Portada\",\"item\":\"https:\\\/\\\/diariodelsurdigital.com.ar\\\/\"},{\"@type\":\"ListItem\",\"position\":2,\"name\":\"La industria cay\u00f3 fuerte en junio y las pymes alertan sobre nuevos problemas que agudizan la crisis del sector\"}]},{\"@type\":\"WebSite\",\"@id\":\"https:\\\/\\\/diariodelsurdigital.com.ar\\\/#website\",\"url\":\"https:\\\/\\\/diariodelsurdigital.com.ar\\\/\",\"name\":\"Diario del Sur\",\"description\":\"Digital\",\"potentialAction\":[{\"@type\":\"SearchAction\",\"target\":{\"@type\":\"EntryPoint\",\"urlTemplate\":\"https:\\\/\\\/diariodelsurdigital.com.ar\\\/?s={search_term_string}\"},\"query-input\":{\"@type\":\"PropertyValueSpecification\",\"valueRequired\":true,\"valueName\":\"search_term_string\"}}],\"inLanguage\":\"es\"},{\"@type\":\"Person\",\"@id\":\"https:\\\/\\\/diariodelsurdigital.com.ar\\\/#\\\/schema\\\/person\\\/1a4992532ed62965c968031b49195c81\",\"name\":\"Diario del Sur Digital\",\"image\":{\"@type\":\"ImageObject\",\"inLanguage\":\"es\",\"@id\":\"https:\\\/\\\/secure.gravatar.com\\\/avatar\\\/f0c7c47fc7146d19828273b9b8eda651c9c7ab583767e6338d3d3bee825adf76?s=96&d=mm&r=g\",\"url\":\"https:\\\/\\\/secure.gravatar.com\\\/avatar\\\/f0c7c47fc7146d19828273b9b8eda651c9c7ab583767e6338d3d3bee825adf76?s=96&d=mm&r=g\",\"contentUrl\":\"https:\\\/\\\/secure.gravatar.com\\\/avatar\\\/f0c7c47fc7146d19828273b9b8eda651c9c7ab583767e6338d3d3bee825adf76?s=96&d=mm&r=g\",\"caption\":\"Diario del Sur Digital\"},\"url\":\"https:\\\/\\\/diariodelsurdigital.com.ar\\\/?author=4\"}]}<\/script>\n<!-- \/ Yoast SEO plugin. -->","yoast_head_json":{"title":"La industria cay\u00f3 fuerte en junio y las pymes alertan sobre nuevos problemas que agudizan la crisis del sector - Diario del Sur","robots":{"index":"index","follow":"follow","max-snippet":"max-snippet:-1","max-image-preview":"max-image-preview:large","max-video-preview":"max-video-preview:-1"},"canonical":"https:\/\/diariodelsurdigital.com.ar\/?p=3813","og_locale":"es_ES","og_type":"article","og_title":"La industria cay\u00f3 fuerte en junio y las pymes alertan sobre nuevos problemas que agudizan la crisis del sector - Diario del Sur","og_description":"Adem\u00e1s del estancamiento de la actividad y la apertura de importaciones, los industriales aseguran que la reciente volatilidad en las tasas de inter\u00e9s dificulta el acceso a cr\u00e9ditos productivos. La industria no logra consolidar su recuperaci\u00f3n. Las \u00faltimas mediciones privadas marcaron una ca\u00edda en la actividad durante junio y el entramado productivo no consigue alejarse [&hellip;]","og_url":"https:\/\/diariodelsurdigital.com.ar\/?p=3813","og_site_name":"Diario del Sur","article_published_time":"2025-07-25T12:45:50+00:00","article_modified_time":"2025-07-25T12:45:51+00:00","og_image":[{"width":992,"height":557,"url":"https:\/\/diariodelsurdigital.com.ar\/wp-content\/uploads\/2025\/07\/md-29-1.webp","type":"image\/webp"}],"author":"Diario del Sur Digital","twitter_card":"summary_large_image","twitter_misc":{"Escrito por":"Diario del Sur Digital","Tiempo de lectura":"6 minutos"},"schema":{"@context":"https:\/\/schema.org","@graph":[{"@type":"Article","@id":"https:\/\/diariodelsurdigital.com.ar\/?p=3813#article","isPartOf":{"@id":"https:\/\/diariodelsurdigital.com.ar\/?p=3813"},"author":{"name":"Diario del Sur Digital","@id":"https:\/\/diariodelsurdigital.com.ar\/#\/schema\/person\/1a4992532ed62965c968031b49195c81"},"headline":"La industria cay\u00f3 fuerte en junio y las pymes alertan sobre nuevos problemas que agudizan la crisis del sector","datePublished":"2025-07-25T12:45:50+00:00","dateModified":"2025-07-25T12:45:51+00:00","mainEntityOfPage":{"@id":"https:\/\/diariodelsurdigital.com.ar\/?p=3813"},"wordCount":1214,"commentCount":0,"image":{"@id":"https:\/\/diariodelsurdigital.com.ar\/?p=3813#primaryimage"},"thumbnailUrl":"https:\/\/diariodelsurdigital.com.ar\/wp-content\/uploads\/2025\/07\/md-29-1.webp","articleSection":["Inter\u00e9s General","Nacionales"],"inLanguage":"es","potentialAction":[{"@type":"CommentAction","name":"Comment","target":["https:\/\/diariodelsurdigital.com.ar\/?p=3813#respond"]}]},{"@type":"WebPage","@id":"https:\/\/diariodelsurdigital.com.ar\/?p=3813","url":"https:\/\/diariodelsurdigital.com.ar\/?p=3813","name":"La industria cay\u00f3 fuerte en junio y las pymes alertan sobre nuevos problemas que agudizan la crisis del sector - Diario del Sur","isPartOf":{"@id":"https:\/\/diariodelsurdigital.com.ar\/#website"},"primaryImageOfPage":{"@id":"https:\/\/diariodelsurdigital.com.ar\/?p=3813#primaryimage"},"image":{"@id":"https:\/\/diariodelsurdigital.com.ar\/?p=3813#primaryimage"},"thumbnailUrl":"https:\/\/diariodelsurdigital.com.ar\/wp-content\/uploads\/2025\/07\/md-29-1.webp","datePublished":"2025-07-25T12:45:50+00:00","dateModified":"2025-07-25T12:45:51+00:00","author":{"@id":"https:\/\/diariodelsurdigital.com.ar\/#\/schema\/person\/1a4992532ed62965c968031b49195c81"},"breadcrumb":{"@id":"https:\/\/diariodelsurdigital.com.ar\/?p=3813#breadcrumb"},"inLanguage":"es","potentialAction":[{"@type":"ReadAction","target":["https:\/\/diariodelsurdigital.com.ar\/?p=3813"]}]},{"@type":"ImageObject","inLanguage":"es","@id":"https:\/\/diariodelsurdigital.com.ar\/?p=3813#primaryimage","url":"https:\/\/diariodelsurdigital.com.ar\/wp-content\/uploads\/2025\/07\/md-29-1.webp","contentUrl":"https:\/\/diariodelsurdigital.com.ar\/wp-content\/uploads\/2025\/07\/md-29-1.webp","width":992,"height":557},{"@type":"BreadcrumbList","@id":"https:\/\/diariodelsurdigital.com.ar\/?p=3813#breadcrumb","itemListElement":[{"@type":"ListItem","position":1,"name":"Portada","item":"https:\/\/diariodelsurdigital.com.ar\/"},{"@type":"ListItem","position":2,"name":"La industria cay\u00f3 fuerte en junio y las pymes alertan sobre nuevos problemas que agudizan la crisis del sector"}]},{"@type":"WebSite","@id":"https:\/\/diariodelsurdigital.com.ar\/#website","url":"https:\/\/diariodelsurdigital.com.ar\/","name":"Diario del Sur","description":"Digital","potentialAction":[{"@type":"SearchAction","target":{"@type":"EntryPoint","urlTemplate":"https:\/\/diariodelsurdigital.com.ar\/?s={search_term_string}"},"query-input":{"@type":"PropertyValueSpecification","valueRequired":true,"valueName":"search_term_string"}}],"inLanguage":"es"},{"@type":"Person","@id":"https:\/\/diariodelsurdigital.com.ar\/#\/schema\/person\/1a4992532ed62965c968031b49195c81","name":"Diario del Sur Digital","image":{"@type":"ImageObject","inLanguage":"es","@id":"https:\/\/secure.gravatar.com\/avatar\/f0c7c47fc7146d19828273b9b8eda651c9c7ab583767e6338d3d3bee825adf76?s=96&d=mm&r=g","url":"https:\/\/secure.gravatar.com\/avatar\/f0c7c47fc7146d19828273b9b8eda651c9c7ab583767e6338d3d3bee825adf76?s=96&d=mm&r=g","contentUrl":"https:\/\/secure.gravatar.com\/avatar\/f0c7c47fc7146d19828273b9b8eda651c9c7ab583767e6338d3d3bee825adf76?s=96&d=mm&r=g","caption":"Diario del Sur Digital"},"url":"https:\/\/diariodelsurdigital.com.ar\/?author=4"}]}},"_links":{"self":[{"href":"https:\/\/diariodelsurdigital.com.ar\/index.php?rest_route=\/wp\/v2\/posts\/3813","targetHints":{"allow":["GET"]}}],"collection":[{"href":"https:\/\/diariodelsurdigital.com.ar\/index.php?rest_route=\/wp\/v2\/posts"}],"about":[{"href":"https:\/\/diariodelsurdigital.com.ar\/index.php?rest_route=\/wp\/v2\/types\/post"}],"author":[{"embeddable":true,"href":"https:\/\/diariodelsurdigital.com.ar\/index.php?rest_route=\/wp\/v2\/users\/4"}],"replies":[{"embeddable":true,"href":"https:\/\/diariodelsurdigital.com.ar\/index.php?rest_route=%2Fwp%2Fv2%2Fcomments&post=3813"}],"version-history":[{"count":1,"href":"https:\/\/diariodelsurdigital.com.ar\/index.php?rest_route=\/wp\/v2\/posts\/3813\/revisions"}],"predecessor-version":[{"id":3815,"href":"https:\/\/diariodelsurdigital.com.ar\/index.php?rest_route=\/wp\/v2\/posts\/3813\/revisions\/3815"}],"wp:featuredmedia":[{"embeddable":true,"href":"https:\/\/diariodelsurdigital.com.ar\/index.php?rest_route=\/wp\/v2\/media\/3814"}],"wp:attachment":[{"href":"https:\/\/diariodelsurdigital.com.ar\/index.php?rest_route=%2Fwp%2Fv2%2Fmedia&parent=3813"}],"wp:term":[{"taxonomy":"category","embeddable":true,"href":"https:\/\/diariodelsurdigital.com.ar\/index.php?rest_route=%2Fwp%2Fv2%2Fcategories&post=3813"},{"taxonomy":"post_tag","embeddable":true,"href":"https:\/\/diariodelsurdigital.com.ar\/index.php?rest_route=%2Fwp%2Fv2%2Ftags&post=3813"}],"curies":[{"name":"wp","href":"https:\/\/api.w.org\/{rel}","templated":true}]}}