{"id":3819,"date":"2025-07-25T09:49:57","date_gmt":"2025-07-25T12:49:57","guid":{"rendered":"https:\/\/diariodelsurdigital.com.ar\/?p=3819"},"modified":"2025-07-25T09:49:58","modified_gmt":"2025-07-25T12:49:58","slug":"volvieron-a-cambiar-la-fecha-del-dia-del-nino-2025-cuando-sera-y-por-que-se-modifico","status":"publish","type":"post","link":"https:\/\/diariodelsurdigital.com.ar\/?p=3819","title":{"rendered":"Volvieron a cambiar la fecha del D\u00eda del Ni\u00f1o 2025: cu\u00e1ndo ser\u00e1 y por qu\u00e9 se modific\u00f3"},"content":{"rendered":"\n<p>La fecha del D\u00eda del Ni\u00f1o volvi\u00f3 a ser modificada en este 2025. Aunque la C\u00e1mara Argentina de la Industria del Juguete (CAIJ) hab\u00eda confirmado que ser\u00eda el domingo 10 de agosto, ahora dispuso que se celebrara una semana m\u00e1s tarde, es decir, el 17 de agosto. El objetivo de este nuevo cambio es fomentar el consumo y facilitar la organizaci\u00f3n tanto de los comercios como de las familias.<\/p>\n\n\n\n<p>Para este a\u00f1o, La C\u00e1mara Argentina de la Industria del Juguete propuso adem\u00e1s la campa\u00f1a nacional \u201cDesconect\u00e1 la pantalla. Conect\u00e1 la familia con juguetes\u201d, donde resaltan la importancia del v\u00ednculo familiar entre padres e hijos a trav\u00e9s de juegos tradicionales por encima de los dispositivos electr\u00f3nicos.<\/p>\n\n\n\n<p>Adem\u00e1s, esta iniciativa se relaciona directamente con los datos de ventas del sector, ya que casi el 60% de los ingresos de los locales se realizan en torno a esta fecha, public\u00f3 TN.<\/p>\n\n\n\n<p>Cu\u00e1l fue el origen del D\u00eda del Ni\u00f1o<\/p>\n\n\n\n<p>En 1956, la Organizaci\u00f3n de las Naciones Unidas (ONU) dispuso el 20 de noviembre como D\u00eda Internacional del Ni\u00f1o. Sin embargo, dej\u00f3 a disposici\u00f3n de cada pa\u00eds le elecci\u00f3n de su propia fecha para celebraci\u00f3n.<\/p>\n\n\n\n<p>En la Argentina siempre se festej\u00f3 este d\u00eda durante agosto, aunque su fecha fue cambiando. En la d\u00e9cada de 1960, se celebraba el primer domingo del octavo mes del a\u00f1o.<\/p>\n\n\n\n<p>En 2003, la CAIJ cambi\u00f3 la celebraci\u00f3n al segundo domingo de agosto para potenciar las ventas del sector, ya que sosten\u00eda que para esa fecha, los trabajadores pod\u00edan acceder a la compra de juguetes porque habr\u00edan cobrado sus sueldos.<\/p>\n\n\n\n<p>Fue en 2013 cuando se cambi\u00f3 al tercer domingo de agosto para evitar que coincidiera con las PASO.<\/p>\n","protected":false},"excerpt":{"rendered":"<p>La fecha del D\u00eda del Ni\u00f1o volvi\u00f3 a ser modificada en este 2025. Aunque la C\u00e1mara Argentina de la Industria del Juguete (CAIJ) hab\u00eda confirmado que ser\u00eda el domingo 10 de agosto, ahora dispuso que se celebrara una semana m\u00e1s tarde, es decir, el 17 de agosto. El objetivo de este nuevo cambio es fomentar [&hellip;]<\/p>\n","protected":false},"author":4,"featured_media":3820,"comment_status":"open","ping_status":"open","sticky":false,"template":"","format":"standard","meta":{"footnotes":""},"categories":[19],"tags":[],"class_list":{"0":"post-3819","1":"post","2":"type-post","3":"status-publish","4":"format-standard","5":"has-post-thumbnail","7":"category-interes-general"},"yoast_head":"<!-- This site is optimized with the Yoast SEO plugin v27.4 - https:\/\/yoast.com\/product\/yoast-seo-wordpress\/ -->\n<title>Volvieron a cambiar la fecha del D\u00eda del Ni\u00f1o 2025: cu\u00e1ndo ser\u00e1 y por qu\u00e9 se modific\u00f3 - Diario del Sur<\/title>\n<meta name=\"robots\" content=\"index, follow, max-snippet:-1, max-image-preview:large, max-video-preview:-1\" \/>\n<link rel=\"canonical\" href=\"https:\/\/diariodelsurdigital.com.ar\/?p=3819\" \/>\n<meta property=\"og:locale\" content=\"es_ES\" \/>\n<meta property=\"og:type\" content=\"article\" \/>\n<meta property=\"og:title\" content=\"Volvieron a cambiar la fecha del D\u00eda del Ni\u00f1o 2025: cu\u00e1ndo ser\u00e1 y por qu\u00e9 se modific\u00f3 - Diario del Sur\" \/>\n<meta property=\"og:description\" content=\"La fecha del D\u00eda del Ni\u00f1o volvi\u00f3 a ser modificada en este 2025. Aunque la C\u00e1mara Argentina de la Industria del Juguete (CAIJ) hab\u00eda confirmado que ser\u00eda el domingo 10 de agosto, ahora dispuso que se celebrara una semana m\u00e1s tarde, es decir, el 17 de agosto. El objetivo de este nuevo cambio es fomentar [&hellip;]\" \/>\n<meta property=\"og:url\" content=\"https:\/\/diariodelsurdigital.com.ar\/?p=3819\" \/>\n<meta property=\"og:site_name\" content=\"Diario del Sur\" \/>\n<meta property=\"article:published_time\" content=\"2025-07-25T12:49:57+00:00\" \/>\n<meta property=\"article:modified_time\" content=\"2025-07-25T12:49:58+00:00\" \/>\n<meta property=\"og:image\" content=\"https:\/\/diariodelsurdigital.com.ar\/wp-content\/uploads\/2025\/07\/md-31.webp\" \/>\n\t<meta property=\"og:image:width\" content=\"992\" \/>\n\t<meta property=\"og:image:height\" content=\"654\" \/>\n\t<meta property=\"og:image:type\" content=\"image\/webp\" \/>\n<meta name=\"author\" content=\"Diario del Sur Digital\" \/>\n<meta name=\"twitter:card\" content=\"summary_large_image\" \/>\n<meta name=\"twitter:label1\" content=\"Escrito por\" \/>\n\t<meta name=\"twitter:data1\" content=\"Diario del Sur Digital\" \/>\n\t<meta name=\"twitter:label2\" content=\"Tiempo de lectura\" \/>\n\t<meta name=\"twitter:data2\" content=\"2 minutos\" \/>\n<script type=\"application\/ld+json\" class=\"yoast-schema-graph\">{\"@context\":\"https:\\\/\\\/schema.org\",\"@graph\":[{\"@type\":\"Article\",\"@id\":\"https:\\\/\\\/diariodelsurdigital.com.ar\\\/?p=3819#article\",\"isPartOf\":{\"@id\":\"https:\\\/\\\/diariodelsurdigital.com.ar\\\/?p=3819\"},\"author\":{\"name\":\"Diario del Sur Digital\",\"@id\":\"https:\\\/\\\/diariodelsurdigital.com.ar\\\/#\\\/schema\\\/person\\\/1a4992532ed62965c968031b49195c81\"},\"headline\":\"Volvieron a cambiar la fecha del D\u00eda del Ni\u00f1o 2025: cu\u00e1ndo ser\u00e1 y por qu\u00e9 se modific\u00f3\",\"datePublished\":\"2025-07-25T12:49:57+00:00\",\"dateModified\":\"2025-07-25T12:49:58+00:00\",\"mainEntityOfPage\":{\"@id\":\"https:\\\/\\\/diariodelsurdigital.com.ar\\\/?p=3819\"},\"wordCount\":320,\"commentCount\":0,\"image\":{\"@id\":\"https:\\\/\\\/diariodelsurdigital.com.ar\\\/?p=3819#primaryimage\"},\"thumbnailUrl\":\"https:\\\/\\\/diariodelsurdigital.com.ar\\\/wp-content\\\/uploads\\\/2025\\\/07\\\/md-31.webp\",\"articleSection\":[\"Inter\u00e9s General\"],\"inLanguage\":\"es\",\"potentialAction\":[{\"@type\":\"CommentAction\",\"name\":\"Comment\",\"target\":[\"https:\\\/\\\/diariodelsurdigital.com.ar\\\/?p=3819#respond\"]}]},{\"@type\":\"WebPage\",\"@id\":\"https:\\\/\\\/diariodelsurdigital.com.ar\\\/?p=3819\",\"url\":\"https:\\\/\\\/diariodelsurdigital.com.ar\\\/?p=3819\",\"name\":\"Volvieron a cambiar la fecha del D\u00eda del Ni\u00f1o 2025: cu\u00e1ndo ser\u00e1 y por qu\u00e9 se modific\u00f3 - Diario del Sur\",\"isPartOf\":{\"@id\":\"https:\\\/\\\/diariodelsurdigital.com.ar\\\/#website\"},\"primaryImageOfPage\":{\"@id\":\"https:\\\/\\\/diariodelsurdigital.com.ar\\\/?p=3819#primaryimage\"},\"image\":{\"@id\":\"https:\\\/\\\/diariodelsurdigital.com.ar\\\/?p=3819#primaryimage\"},\"thumbnailUrl\":\"https:\\\/\\\/diariodelsurdigital.com.ar\\\/wp-content\\\/uploads\\\/2025\\\/07\\\/md-31.webp\",\"datePublished\":\"2025-07-25T12:49:57+00:00\",\"dateModified\":\"2025-07-25T12:49:58+00:00\",\"author\":{\"@id\":\"https:\\\/\\\/diariodelsurdigital.com.ar\\\/#\\\/schema\\\/person\\\/1a4992532ed62965c968031b49195c81\"},\"breadcrumb\":{\"@id\":\"https:\\\/\\\/diariodelsurdigital.com.ar\\\/?p=3819#breadcrumb\"},\"inLanguage\":\"es\",\"potentialAction\":[{\"@type\":\"ReadAction\",\"target\":[\"https:\\\/\\\/diariodelsurdigital.com.ar\\\/?p=3819\"]}]},{\"@type\":\"ImageObject\",\"inLanguage\":\"es\",\"@id\":\"https:\\\/\\\/diariodelsurdigital.com.ar\\\/?p=3819#primaryimage\",\"url\":\"https:\\\/\\\/diariodelsurdigital.com.ar\\\/wp-content\\\/uploads\\\/2025\\\/07\\\/md-31.webp\",\"contentUrl\":\"https:\\\/\\\/diariodelsurdigital.com.ar\\\/wp-content\\\/uploads\\\/2025\\\/07\\\/md-31.webp\",\"width\":992,\"height\":654},{\"@type\":\"BreadcrumbList\",\"@id\":\"https:\\\/\\\/diariodelsurdigital.com.ar\\\/?p=3819#breadcrumb\",\"itemListElement\":[{\"@type\":\"ListItem\",\"position\":1,\"name\":\"Portada\",\"item\":\"https:\\\/\\\/diariodelsurdigital.com.ar\\\/\"},{\"@type\":\"ListItem\",\"position\":2,\"name\":\"Volvieron a cambiar la fecha del D\u00eda del Ni\u00f1o 2025: cu\u00e1ndo ser\u00e1 y por qu\u00e9 se modific\u00f3\"}]},{\"@type\":\"WebSite\",\"@id\":\"https:\\\/\\\/diariodelsurdigital.com.ar\\\/#website\",\"url\":\"https:\\\/\\\/diariodelsurdigital.com.ar\\\/\",\"name\":\"Diario del Sur\",\"description\":\"Digital\",\"potentialAction\":[{\"@type\":\"SearchAction\",\"target\":{\"@type\":\"EntryPoint\",\"urlTemplate\":\"https:\\\/\\\/diariodelsurdigital.com.ar\\\/?s={search_term_string}\"},\"query-input\":{\"@type\":\"PropertyValueSpecification\",\"valueRequired\":true,\"valueName\":\"search_term_string\"}}],\"inLanguage\":\"es\"},{\"@type\":\"Person\",\"@id\":\"https:\\\/\\\/diariodelsurdigital.com.ar\\\/#\\\/schema\\\/person\\\/1a4992532ed62965c968031b49195c81\",\"name\":\"Diario del Sur Digital\",\"image\":{\"@type\":\"ImageObject\",\"inLanguage\":\"es\",\"@id\":\"https:\\\/\\\/secure.gravatar.com\\\/avatar\\\/f0c7c47fc7146d19828273b9b8eda651c9c7ab583767e6338d3d3bee825adf76?s=96&d=mm&r=g\",\"url\":\"https:\\\/\\\/secure.gravatar.com\\\/avatar\\\/f0c7c47fc7146d19828273b9b8eda651c9c7ab583767e6338d3d3bee825adf76?s=96&d=mm&r=g\",\"contentUrl\":\"https:\\\/\\\/secure.gravatar.com\\\/avatar\\\/f0c7c47fc7146d19828273b9b8eda651c9c7ab583767e6338d3d3bee825adf76?s=96&d=mm&r=g\",\"caption\":\"Diario del Sur Digital\"},\"url\":\"https:\\\/\\\/diariodelsurdigital.com.ar\\\/?author=4\"}]}<\/script>\n<!-- \/ Yoast SEO plugin. -->","yoast_head_json":{"title":"Volvieron a cambiar la fecha del D\u00eda del Ni\u00f1o 2025: cu\u00e1ndo ser\u00e1 y por qu\u00e9 se modific\u00f3 - Diario del Sur","robots":{"index":"index","follow":"follow","max-snippet":"max-snippet:-1","max-image-preview":"max-image-preview:large","max-video-preview":"max-video-preview:-1"},"canonical":"https:\/\/diariodelsurdigital.com.ar\/?p=3819","og_locale":"es_ES","og_type":"article","og_title":"Volvieron a cambiar la fecha del D\u00eda del Ni\u00f1o 2025: cu\u00e1ndo ser\u00e1 y por qu\u00e9 se modific\u00f3 - Diario del Sur","og_description":"La fecha del D\u00eda del Ni\u00f1o volvi\u00f3 a ser modificada en este 2025. Aunque la C\u00e1mara Argentina de la Industria del Juguete (CAIJ) hab\u00eda confirmado que ser\u00eda el domingo 10 de agosto, ahora dispuso que se celebrara una semana m\u00e1s tarde, es decir, el 17 de agosto. El objetivo de este nuevo cambio es fomentar [&hellip;]","og_url":"https:\/\/diariodelsurdigital.com.ar\/?p=3819","og_site_name":"Diario del Sur","article_published_time":"2025-07-25T12:49:57+00:00","article_modified_time":"2025-07-25T12:49:58+00:00","og_image":[{"width":992,"height":654,"url":"https:\/\/diariodelsurdigital.com.ar\/wp-content\/uploads\/2025\/07\/md-31.webp","type":"image\/webp"}],"author":"Diario del Sur Digital","twitter_card":"summary_large_image","twitter_misc":{"Escrito por":"Diario del Sur Digital","Tiempo de lectura":"2 minutos"},"schema":{"@context":"https:\/\/schema.org","@graph":[{"@type":"Article","@id":"https:\/\/diariodelsurdigital.com.ar\/?p=3819#article","isPartOf":{"@id":"https:\/\/diariodelsurdigital.com.ar\/?p=3819"},"author":{"name":"Diario del Sur Digital","@id":"https:\/\/diariodelsurdigital.com.ar\/#\/schema\/person\/1a4992532ed62965c968031b49195c81"},"headline":"Volvieron a cambiar la fecha del D\u00eda del Ni\u00f1o 2025: cu\u00e1ndo ser\u00e1 y por qu\u00e9 se modific\u00f3","datePublished":"2025-07-25T12:49:57+00:00","dateModified":"2025-07-25T12:49:58+00:00","mainEntityOfPage":{"@id":"https:\/\/diariodelsurdigital.com.ar\/?p=3819"},"wordCount":320,"commentCount":0,"image":{"@id":"https:\/\/diariodelsurdigital.com.ar\/?p=3819#primaryimage"},"thumbnailUrl":"https:\/\/diariodelsurdigital.com.ar\/wp-content\/uploads\/2025\/07\/md-31.webp","articleSection":["Inter\u00e9s General"],"inLanguage":"es","potentialAction":[{"@type":"CommentAction","name":"Comment","target":["https:\/\/diariodelsurdigital.com.ar\/?p=3819#respond"]}]},{"@type":"WebPage","@id":"https:\/\/diariodelsurdigital.com.ar\/?p=3819","url":"https:\/\/diariodelsurdigital.com.ar\/?p=3819","name":"Volvieron a cambiar la fecha del D\u00eda del Ni\u00f1o 2025: cu\u00e1ndo ser\u00e1 y por qu\u00e9 se modific\u00f3 - Diario del Sur","isPartOf":{"@id":"https:\/\/diariodelsurdigital.com.ar\/#website"},"primaryImageOfPage":{"@id":"https:\/\/diariodelsurdigital.com.ar\/?p=3819#primaryimage"},"image":{"@id":"https:\/\/diariodelsurdigital.com.ar\/?p=3819#primaryimage"},"thumbnailUrl":"https:\/\/diariodelsurdigital.com.ar\/wp-content\/uploads\/2025\/07\/md-31.webp","datePublished":"2025-07-25T12:49:57+00:00","dateModified":"2025-07-25T12:49:58+00:00","author":{"@id":"https:\/\/diariodelsurdigital.com.ar\/#\/schema\/person\/1a4992532ed62965c968031b49195c81"},"breadcrumb":{"@id":"https:\/\/diariodelsurdigital.com.ar\/?p=3819#breadcrumb"},"inLanguage":"es","potentialAction":[{"@type":"ReadAction","target":["https:\/\/diariodelsurdigital.com.ar\/?p=3819"]}]},{"@type":"ImageObject","inLanguage":"es","@id":"https:\/\/diariodelsurdigital.com.ar\/?p=3819#primaryimage","url":"https:\/\/diariodelsurdigital.com.ar\/wp-content\/uploads\/2025\/07\/md-31.webp","contentUrl":"https:\/\/diariodelsurdigital.com.ar\/wp-content\/uploads\/2025\/07\/md-31.webp","width":992,"height":654},{"@type":"BreadcrumbList","@id":"https:\/\/diariodelsurdigital.com.ar\/?p=3819#breadcrumb","itemListElement":[{"@type":"ListItem","position":1,"name":"Portada","item":"https:\/\/diariodelsurdigital.com.ar\/"},{"@type":"ListItem","position":2,"name":"Volvieron a cambiar la fecha del D\u00eda del Ni\u00f1o 2025: cu\u00e1ndo ser\u00e1 y por qu\u00e9 se modific\u00f3"}]},{"@type":"WebSite","@id":"https:\/\/diariodelsurdigital.com.ar\/#website","url":"https:\/\/diariodelsurdigital.com.ar\/","name":"Diario del Sur","description":"Digital","potentialAction":[{"@type":"SearchAction","target":{"@type":"EntryPoint","urlTemplate":"https:\/\/diariodelsurdigital.com.ar\/?s={search_term_string}"},"query-input":{"@type":"PropertyValueSpecification","valueRequired":true,"valueName":"search_term_string"}}],"inLanguage":"es"},{"@type":"Person","@id":"https:\/\/diariodelsurdigital.com.ar\/#\/schema\/person\/1a4992532ed62965c968031b49195c81","name":"Diario del Sur Digital","image":{"@type":"ImageObject","inLanguage":"es","@id":"https:\/\/secure.gravatar.com\/avatar\/f0c7c47fc7146d19828273b9b8eda651c9c7ab583767e6338d3d3bee825adf76?s=96&d=mm&r=g","url":"https:\/\/secure.gravatar.com\/avatar\/f0c7c47fc7146d19828273b9b8eda651c9c7ab583767e6338d3d3bee825adf76?s=96&d=mm&r=g","contentUrl":"https:\/\/secure.gravatar.com\/avatar\/f0c7c47fc7146d19828273b9b8eda651c9c7ab583767e6338d3d3bee825adf76?s=96&d=mm&r=g","caption":"Diario del Sur Digital"},"url":"https:\/\/diariodelsurdigital.com.ar\/?author=4"}]}},"_links":{"self":[{"href":"https:\/\/diariodelsurdigital.com.ar\/index.php?rest_route=\/wp\/v2\/posts\/3819","targetHints":{"allow":["GET"]}}],"collection":[{"href":"https:\/\/diariodelsurdigital.com.ar\/index.php?rest_route=\/wp\/v2\/posts"}],"about":[{"href":"https:\/\/diariodelsurdigital.com.ar\/index.php?rest_route=\/wp\/v2\/types\/post"}],"author":[{"embeddable":true,"href":"https:\/\/diariodelsurdigital.com.ar\/index.php?rest_route=\/wp\/v2\/users\/4"}],"replies":[{"embeddable":true,"href":"https:\/\/diariodelsurdigital.com.ar\/index.php?rest_route=%2Fwp%2Fv2%2Fcomments&post=3819"}],"version-history":[{"count":1,"href":"https:\/\/diariodelsurdigital.com.ar\/index.php?rest_route=\/wp\/v2\/posts\/3819\/revisions"}],"predecessor-version":[{"id":3821,"href":"https:\/\/diariodelsurdigital.com.ar\/index.php?rest_route=\/wp\/v2\/posts\/3819\/revisions\/3821"}],"wp:featuredmedia":[{"embeddable":true,"href":"https:\/\/diariodelsurdigital.com.ar\/index.php?rest_route=\/wp\/v2\/media\/3820"}],"wp:attachment":[{"href":"https:\/\/diariodelsurdigital.com.ar\/index.php?rest_route=%2Fwp%2Fv2%2Fmedia&parent=3819"}],"wp:term":[{"taxonomy":"category","embeddable":true,"href":"https:\/\/diariodelsurdigital.com.ar\/index.php?rest_route=%2Fwp%2Fv2%2Fcategories&post=3819"},{"taxonomy":"post_tag","embeddable":true,"href":"https:\/\/diariodelsurdigital.com.ar\/index.php?rest_route=%2Fwp%2Fv2%2Ftags&post=3819"}],"curies":[{"name":"wp","href":"https:\/\/api.w.org\/{rel}","templated":true}]}}