{"id":3822,"date":"2025-07-25T20:45:55","date_gmt":"2025-07-25T23:45:55","guid":{"rendered":"https:\/\/diariodelsurdigital.com.ar\/?p=3822"},"modified":"2025-07-25T20:45:56","modified_gmt":"2025-07-25T23:45:56","slug":"se-consolida-un-espacio-de-las-listas-peronistas-proscriptas-para-presentar-batalla-al-pejotismo-de-bahl-y-mitchel","status":"publish","type":"post","link":"https:\/\/diariodelsurdigital.com.ar\/?p=3822","title":{"rendered":"Se consolida un espacio de las listas peronistas proscriptas para presentar batalla al pejotismo de Bahl y Mitchel"},"content":{"rendered":"\n<p><\/p>\n\n\n\n<p>\u00abEste Peronismo Disidente, es m\u00e1s que un slogan; es una marca que quedar\u00e1 sellada en el tiempo y que de alguna manera unifica las listas que fueron proscriptas en este \u00faltimo tiempo, por la mezquindad y los intereses inconfesables de algunos dirigentes\u201d, asever\u00f3 un referente provincial del peronismo a <strong>Diario de SUR Digital.<\/strong><\/p>\n\n\n\n<p>Este espacio que venimos construyendo a partir de la proscripci\u00f3n y la segregaci\u00f3n hecha por la conducci\u00f3n provincial actual del Partido Justicialista, garantizar\u00e1 la participaci\u00f3n finalmente de aquellos compa\u00f1eros que piensan en una democracia real y participativa. No quisieron ir a elecciones internas, pues bien, la tendr\u00e1n directamente en el mes de octubre\u201d, sentenci\u00f3 el dirigente provincial.<\/p>\n\n\n\n<p>En ese sentido, destac\u00f3 \u201cla participaci\u00f3n de distintos sectores del peronismo entrerriano en este espacio, que ofrecer\u00e1 al electorado una opci\u00f3n concreta, clara y precisa sobre lo que realmente queremos de ahora en m\u00e1s. Nuestra postura va m\u00e1s all\u00e1 de la coyuntura interna, porque estas elecciones de medio t\u00e9rmino, nos servir\u00e1 como impulso para ir pensando sobre el peronismo que queremos para el futuro, sin dejar de lado la rebeld\u00eda, la m\u00edstica y la participaci\u00f3n real en la toma de decisiones, algo que vienen demandando los militantes durante los \u00faltimos a\u00f1os como elementos indispensables y como sustancia principal de nuestro movimiento\u201d, esboz\u00f3 el dirigente.<\/p>\n\n\n\n<p>\u00abHoy Adan Bahl y Guillermo Mitchel recorren la provincia como candidatos salidos de una contienda electoral interna. Pero ellos saben perfectamente que fueron ungidos por el dedo m\u00e1gico de tres o cuatro dirigentes que ostentando la herramienta del PJ y una Junta Electoral viciada, les garantiz\u00f3 lo que son: los candidatos de la proscripci\u00f3n\u00bb<\/p>\n\n\n\n<p>\u201cSe acabaron las palabras, es hora de acci\u00f3n y de garantizar un camino alternativo al que nos propusieron a la hora de proscribir al resto de los compa\u00f1eros que leg\u00edtimanente se quer\u00edan presentar. No nos dejaron otro camino que es el de la lucha y la de buscar nuevas estrategias para no caer en la trampa de la mentira y la proscripci\u00f3n. Ser\u00e1 el Pueblo peronista quien finalmente har\u00e1 tronar el escarmiento\u201d, culmin\u00f3.<\/p>\n","protected":false},"excerpt":{"rendered":"<p>\u00abEste Peronismo Disidente, es m\u00e1s que un slogan; es una marca que quedar\u00e1 sellada en el tiempo y que de alguna manera unifica las listas que fueron proscriptas en este \u00faltimo tiempo, por la mezquindad y los intereses inconfesables de algunos dirigentes\u201d, asever\u00f3 un referente provincial del peronismo a Diario de SUR Digital. Este espacio [&hellip;]<\/p>\n","protected":false},"author":2,"featured_media":3823,"comment_status":"open","ping_status":"open","sticky":false,"template":"","format":"standard","meta":{"footnotes":""},"categories":[17],"tags":[],"class_list":{"0":"post-3822","1":"post","2":"type-post","3":"status-publish","4":"format-standard","5":"has-post-thumbnail","7":"category-provinciales"},"yoast_head":"<!-- This site is optimized with the Yoast SEO plugin v27.4 - https:\/\/yoast.com\/product\/yoast-seo-wordpress\/ -->\n<title>Se consolida un espacio de las listas peronistas proscriptas para presentar batalla al pejotismo de Bahl y Mitchel - Diario del Sur<\/title>\n<meta name=\"robots\" content=\"index, follow, max-snippet:-1, max-image-preview:large, max-video-preview:-1\" \/>\n<link rel=\"canonical\" href=\"https:\/\/diariodelsurdigital.com.ar\/?p=3822\" \/>\n<meta property=\"og:locale\" content=\"es_ES\" \/>\n<meta property=\"og:type\" content=\"article\" \/>\n<meta property=\"og:title\" content=\"Se consolida un espacio de las listas peronistas proscriptas para presentar batalla al pejotismo de Bahl y Mitchel - Diario del Sur\" \/>\n<meta property=\"og:description\" content=\"\u00abEste Peronismo Disidente, es m\u00e1s que un slogan; es una marca que quedar\u00e1 sellada en el tiempo y que de alguna manera unifica las listas que fueron proscriptas en este \u00faltimo tiempo, por la mezquindad y los intereses inconfesables de algunos dirigentes\u201d, asever\u00f3 un referente provincial del peronismo a Diario de SUR Digital. Este espacio [&hellip;]\" \/>\n<meta property=\"og:url\" content=\"https:\/\/diariodelsurdigital.com.ar\/?p=3822\" \/>\n<meta property=\"og:site_name\" content=\"Diario del Sur\" \/>\n<meta property=\"article:published_time\" content=\"2025-07-25T23:45:55+00:00\" \/>\n<meta property=\"article:modified_time\" content=\"2025-07-25T23:45:56+00:00\" \/>\n<meta property=\"og:image\" content=\"https:\/\/diariodelsurdigital.com.ar\/wp-content\/uploads\/2025\/07\/Imagen-de-WhatsApp-2025-07-25-a-las-20.43.43_09374f04.jpg\" \/>\n\t<meta property=\"og:image:width\" content=\"518\" \/>\n\t<meta property=\"og:image:height\" content=\"319\" \/>\n\t<meta property=\"og:image:type\" content=\"image\/jpeg\" \/>\n<meta name=\"author\" content=\"Diario del Sur Digital\" \/>\n<meta name=\"twitter:card\" content=\"summary_large_image\" \/>\n<meta name=\"twitter:label1\" content=\"Escrito por\" \/>\n\t<meta name=\"twitter:data1\" content=\"Diario del Sur Digital\" \/>\n\t<meta name=\"twitter:label2\" content=\"Tiempo de lectura\" \/>\n\t<meta name=\"twitter:data2\" content=\"2 minutos\" \/>\n<script type=\"application\/ld+json\" class=\"yoast-schema-graph\">{\"@context\":\"https:\\\/\\\/schema.org\",\"@graph\":[{\"@type\":\"Article\",\"@id\":\"https:\\\/\\\/diariodelsurdigital.com.ar\\\/?p=3822#article\",\"isPartOf\":{\"@id\":\"https:\\\/\\\/diariodelsurdigital.com.ar\\\/?p=3822\"},\"author\":{\"name\":\"Diario del Sur Digital\",\"@id\":\"https:\\\/\\\/diariodelsurdigital.com.ar\\\/#\\\/schema\\\/person\\\/6136a32571657f7dba980b88b04c5465\"},\"headline\":\"Se consolida un espacio de las listas peronistas proscriptas para presentar batalla al pejotismo de Bahl y Mitchel\",\"datePublished\":\"2025-07-25T23:45:55+00:00\",\"dateModified\":\"2025-07-25T23:45:56+00:00\",\"mainEntityOfPage\":{\"@id\":\"https:\\\/\\\/diariodelsurdigital.com.ar\\\/?p=3822\"},\"wordCount\":382,\"commentCount\":0,\"image\":{\"@id\":\"https:\\\/\\\/diariodelsurdigital.com.ar\\\/?p=3822#primaryimage\"},\"thumbnailUrl\":\"https:\\\/\\\/diariodelsurdigital.com.ar\\\/wp-content\\\/uploads\\\/2025\\\/07\\\/Imagen-de-WhatsApp-2025-07-25-a-las-20.43.43_09374f04.jpg\",\"articleSection\":[\"Provinciales\"],\"inLanguage\":\"es\",\"potentialAction\":[{\"@type\":\"CommentAction\",\"name\":\"Comment\",\"target\":[\"https:\\\/\\\/diariodelsurdigital.com.ar\\\/?p=3822#respond\"]}]},{\"@type\":\"WebPage\",\"@id\":\"https:\\\/\\\/diariodelsurdigital.com.ar\\\/?p=3822\",\"url\":\"https:\\\/\\\/diariodelsurdigital.com.ar\\\/?p=3822\",\"name\":\"Se consolida un espacio de las listas peronistas proscriptas para presentar batalla al pejotismo de Bahl y Mitchel - Diario del Sur\",\"isPartOf\":{\"@id\":\"https:\\\/\\\/diariodelsurdigital.com.ar\\\/#website\"},\"primaryImageOfPage\":{\"@id\":\"https:\\\/\\\/diariodelsurdigital.com.ar\\\/?p=3822#primaryimage\"},\"image\":{\"@id\":\"https:\\\/\\\/diariodelsurdigital.com.ar\\\/?p=3822#primaryimage\"},\"thumbnailUrl\":\"https:\\\/\\\/diariodelsurdigital.com.ar\\\/wp-content\\\/uploads\\\/2025\\\/07\\\/Imagen-de-WhatsApp-2025-07-25-a-las-20.43.43_09374f04.jpg\",\"datePublished\":\"2025-07-25T23:45:55+00:00\",\"dateModified\":\"2025-07-25T23:45:56+00:00\",\"author\":{\"@id\":\"https:\\\/\\\/diariodelsurdigital.com.ar\\\/#\\\/schema\\\/person\\\/6136a32571657f7dba980b88b04c5465\"},\"breadcrumb\":{\"@id\":\"https:\\\/\\\/diariodelsurdigital.com.ar\\\/?p=3822#breadcrumb\"},\"inLanguage\":\"es\",\"potentialAction\":[{\"@type\":\"ReadAction\",\"target\":[\"https:\\\/\\\/diariodelsurdigital.com.ar\\\/?p=3822\"]}]},{\"@type\":\"ImageObject\",\"inLanguage\":\"es\",\"@id\":\"https:\\\/\\\/diariodelsurdigital.com.ar\\\/?p=3822#primaryimage\",\"url\":\"https:\\\/\\\/diariodelsurdigital.com.ar\\\/wp-content\\\/uploads\\\/2025\\\/07\\\/Imagen-de-WhatsApp-2025-07-25-a-las-20.43.43_09374f04.jpg\",\"contentUrl\":\"https:\\\/\\\/diariodelsurdigital.com.ar\\\/wp-content\\\/uploads\\\/2025\\\/07\\\/Imagen-de-WhatsApp-2025-07-25-a-las-20.43.43_09374f04.jpg\",\"width\":518,\"height\":319},{\"@type\":\"BreadcrumbList\",\"@id\":\"https:\\\/\\\/diariodelsurdigital.com.ar\\\/?p=3822#breadcrumb\",\"itemListElement\":[{\"@type\":\"ListItem\",\"position\":1,\"name\":\"Portada\",\"item\":\"https:\\\/\\\/diariodelsurdigital.com.ar\\\/\"},{\"@type\":\"ListItem\",\"position\":2,\"name\":\"Se consolida un espacio de las listas peronistas proscriptas para presentar batalla al pejotismo de Bahl y Mitchel\"}]},{\"@type\":\"WebSite\",\"@id\":\"https:\\\/\\\/diariodelsurdigital.com.ar\\\/#website\",\"url\":\"https:\\\/\\\/diariodelsurdigital.com.ar\\\/\",\"name\":\"Diario del Sur\",\"description\":\"Digital\",\"potentialAction\":[{\"@type\":\"SearchAction\",\"target\":{\"@type\":\"EntryPoint\",\"urlTemplate\":\"https:\\\/\\\/diariodelsurdigital.com.ar\\\/?s={search_term_string}\"},\"query-input\":{\"@type\":\"PropertyValueSpecification\",\"valueRequired\":true,\"valueName\":\"search_term_string\"}}],\"inLanguage\":\"es\"},{\"@type\":\"Person\",\"@id\":\"https:\\\/\\\/diariodelsurdigital.com.ar\\\/#\\\/schema\\\/person\\\/6136a32571657f7dba980b88b04c5465\",\"name\":\"Diario del Sur Digital\",\"image\":{\"@type\":\"ImageObject\",\"inLanguage\":\"es\",\"@id\":\"https:\\\/\\\/secure.gravatar.com\\\/avatar\\\/4c29ceac98541dd42460b2474aaa5dd37594d6ce6cb3cf2c101d09b48ee287ba?s=96&d=mm&r=g\",\"url\":\"https:\\\/\\\/secure.gravatar.com\\\/avatar\\\/4c29ceac98541dd42460b2474aaa5dd37594d6ce6cb3cf2c101d09b48ee287ba?s=96&d=mm&r=g\",\"contentUrl\":\"https:\\\/\\\/secure.gravatar.com\\\/avatar\\\/4c29ceac98541dd42460b2474aaa5dd37594d6ce6cb3cf2c101d09b48ee287ba?s=96&d=mm&r=g\",\"caption\":\"Diario del Sur Digital\"},\"url\":\"https:\\\/\\\/diariodelsurdigital.com.ar\\\/?author=2\"}]}<\/script>\n<!-- \/ Yoast SEO plugin. -->","yoast_head_json":{"title":"Se consolida un espacio de las listas peronistas proscriptas para presentar batalla al pejotismo de Bahl y Mitchel - Diario del Sur","robots":{"index":"index","follow":"follow","max-snippet":"max-snippet:-1","max-image-preview":"max-image-preview:large","max-video-preview":"max-video-preview:-1"},"canonical":"https:\/\/diariodelsurdigital.com.ar\/?p=3822","og_locale":"es_ES","og_type":"article","og_title":"Se consolida un espacio de las listas peronistas proscriptas para presentar batalla al pejotismo de Bahl y Mitchel - Diario del Sur","og_description":"\u00abEste Peronismo Disidente, es m\u00e1s que un slogan; es una marca que quedar\u00e1 sellada en el tiempo y que de alguna manera unifica las listas que fueron proscriptas en este \u00faltimo tiempo, por la mezquindad y los intereses inconfesables de algunos dirigentes\u201d, asever\u00f3 un referente provincial del peronismo a Diario de SUR Digital. Este espacio [&hellip;]","og_url":"https:\/\/diariodelsurdigital.com.ar\/?p=3822","og_site_name":"Diario del Sur","article_published_time":"2025-07-25T23:45:55+00:00","article_modified_time":"2025-07-25T23:45:56+00:00","og_image":[{"width":518,"height":319,"url":"https:\/\/diariodelsurdigital.com.ar\/wp-content\/uploads\/2025\/07\/Imagen-de-WhatsApp-2025-07-25-a-las-20.43.43_09374f04.jpg","type":"image\/jpeg"}],"author":"Diario del Sur Digital","twitter_card":"summary_large_image","twitter_misc":{"Escrito por":"Diario del Sur Digital","Tiempo de lectura":"2 minutos"},"schema":{"@context":"https:\/\/schema.org","@graph":[{"@type":"Article","@id":"https:\/\/diariodelsurdigital.com.ar\/?p=3822#article","isPartOf":{"@id":"https:\/\/diariodelsurdigital.com.ar\/?p=3822"},"author":{"name":"Diario del Sur Digital","@id":"https:\/\/diariodelsurdigital.com.ar\/#\/schema\/person\/6136a32571657f7dba980b88b04c5465"},"headline":"Se consolida un espacio de las listas peronistas proscriptas para presentar batalla al pejotismo de Bahl y Mitchel","datePublished":"2025-07-25T23:45:55+00:00","dateModified":"2025-07-25T23:45:56+00:00","mainEntityOfPage":{"@id":"https:\/\/diariodelsurdigital.com.ar\/?p=3822"},"wordCount":382,"commentCount":0,"image":{"@id":"https:\/\/diariodelsurdigital.com.ar\/?p=3822#primaryimage"},"thumbnailUrl":"https:\/\/diariodelsurdigital.com.ar\/wp-content\/uploads\/2025\/07\/Imagen-de-WhatsApp-2025-07-25-a-las-20.43.43_09374f04.jpg","articleSection":["Provinciales"],"inLanguage":"es","potentialAction":[{"@type":"CommentAction","name":"Comment","target":["https:\/\/diariodelsurdigital.com.ar\/?p=3822#respond"]}]},{"@type":"WebPage","@id":"https:\/\/diariodelsurdigital.com.ar\/?p=3822","url":"https:\/\/diariodelsurdigital.com.ar\/?p=3822","name":"Se consolida un espacio de las listas peronistas proscriptas para presentar batalla al pejotismo de Bahl y Mitchel - Diario del Sur","isPartOf":{"@id":"https:\/\/diariodelsurdigital.com.ar\/#website"},"primaryImageOfPage":{"@id":"https:\/\/diariodelsurdigital.com.ar\/?p=3822#primaryimage"},"image":{"@id":"https:\/\/diariodelsurdigital.com.ar\/?p=3822#primaryimage"},"thumbnailUrl":"https:\/\/diariodelsurdigital.com.ar\/wp-content\/uploads\/2025\/07\/Imagen-de-WhatsApp-2025-07-25-a-las-20.43.43_09374f04.jpg","datePublished":"2025-07-25T23:45:55+00:00","dateModified":"2025-07-25T23:45:56+00:00","author":{"@id":"https:\/\/diariodelsurdigital.com.ar\/#\/schema\/person\/6136a32571657f7dba980b88b04c5465"},"breadcrumb":{"@id":"https:\/\/diariodelsurdigital.com.ar\/?p=3822#breadcrumb"},"inLanguage":"es","potentialAction":[{"@type":"ReadAction","target":["https:\/\/diariodelsurdigital.com.ar\/?p=3822"]}]},{"@type":"ImageObject","inLanguage":"es","@id":"https:\/\/diariodelsurdigital.com.ar\/?p=3822#primaryimage","url":"https:\/\/diariodelsurdigital.com.ar\/wp-content\/uploads\/2025\/07\/Imagen-de-WhatsApp-2025-07-25-a-las-20.43.43_09374f04.jpg","contentUrl":"https:\/\/diariodelsurdigital.com.ar\/wp-content\/uploads\/2025\/07\/Imagen-de-WhatsApp-2025-07-25-a-las-20.43.43_09374f04.jpg","width":518,"height":319},{"@type":"BreadcrumbList","@id":"https:\/\/diariodelsurdigital.com.ar\/?p=3822#breadcrumb","itemListElement":[{"@type":"ListItem","position":1,"name":"Portada","item":"https:\/\/diariodelsurdigital.com.ar\/"},{"@type":"ListItem","position":2,"name":"Se consolida un espacio de las listas peronistas proscriptas para presentar batalla al pejotismo de Bahl y Mitchel"}]},{"@type":"WebSite","@id":"https:\/\/diariodelsurdigital.com.ar\/#website","url":"https:\/\/diariodelsurdigital.com.ar\/","name":"Diario del Sur","description":"Digital","potentialAction":[{"@type":"SearchAction","target":{"@type":"EntryPoint","urlTemplate":"https:\/\/diariodelsurdigital.com.ar\/?s={search_term_string}"},"query-input":{"@type":"PropertyValueSpecification","valueRequired":true,"valueName":"search_term_string"}}],"inLanguage":"es"},{"@type":"Person","@id":"https:\/\/diariodelsurdigital.com.ar\/#\/schema\/person\/6136a32571657f7dba980b88b04c5465","name":"Diario del Sur Digital","image":{"@type":"ImageObject","inLanguage":"es","@id":"https:\/\/secure.gravatar.com\/avatar\/4c29ceac98541dd42460b2474aaa5dd37594d6ce6cb3cf2c101d09b48ee287ba?s=96&d=mm&r=g","url":"https:\/\/secure.gravatar.com\/avatar\/4c29ceac98541dd42460b2474aaa5dd37594d6ce6cb3cf2c101d09b48ee287ba?s=96&d=mm&r=g","contentUrl":"https:\/\/secure.gravatar.com\/avatar\/4c29ceac98541dd42460b2474aaa5dd37594d6ce6cb3cf2c101d09b48ee287ba?s=96&d=mm&r=g","caption":"Diario del Sur Digital"},"url":"https:\/\/diariodelsurdigital.com.ar\/?author=2"}]}},"_links":{"self":[{"href":"https:\/\/diariodelsurdigital.com.ar\/index.php?rest_route=\/wp\/v2\/posts\/3822","targetHints":{"allow":["GET"]}}],"collection":[{"href":"https:\/\/diariodelsurdigital.com.ar\/index.php?rest_route=\/wp\/v2\/posts"}],"about":[{"href":"https:\/\/diariodelsurdigital.com.ar\/index.php?rest_route=\/wp\/v2\/types\/post"}],"author":[{"embeddable":true,"href":"https:\/\/diariodelsurdigital.com.ar\/index.php?rest_route=\/wp\/v2\/users\/2"}],"replies":[{"embeddable":true,"href":"https:\/\/diariodelsurdigital.com.ar\/index.php?rest_route=%2Fwp%2Fv2%2Fcomments&post=3822"}],"version-history":[{"count":1,"href":"https:\/\/diariodelsurdigital.com.ar\/index.php?rest_route=\/wp\/v2\/posts\/3822\/revisions"}],"predecessor-version":[{"id":3824,"href":"https:\/\/diariodelsurdigital.com.ar\/index.php?rest_route=\/wp\/v2\/posts\/3822\/revisions\/3824"}],"wp:featuredmedia":[{"embeddable":true,"href":"https:\/\/diariodelsurdigital.com.ar\/index.php?rest_route=\/wp\/v2\/media\/3823"}],"wp:attachment":[{"href":"https:\/\/diariodelsurdigital.com.ar\/index.php?rest_route=%2Fwp%2Fv2%2Fmedia&parent=3822"}],"wp:term":[{"taxonomy":"category","embeddable":true,"href":"https:\/\/diariodelsurdigital.com.ar\/index.php?rest_route=%2Fwp%2Fv2%2Fcategories&post=3822"},{"taxonomy":"post_tag","embeddable":true,"href":"https:\/\/diariodelsurdigital.com.ar\/index.php?rest_route=%2Fwp%2Fv2%2Ftags&post=3822"}],"curies":[{"name":"wp","href":"https:\/\/api.w.org\/{rel}","templated":true}]}}