{"id":3828,"date":"2025-07-27T19:35:52","date_gmt":"2025-07-27T22:35:52","guid":{"rendered":"https:\/\/diariodelsurdigital.com.ar\/?p=3828"},"modified":"2025-07-27T19:35:53","modified_gmt":"2025-07-27T22:35:53","slug":"los-gobernadores-empujan-una-sesion-esta-semana-en-diputados-por-los-fondos-que-retiene-javier-milei","status":"publish","type":"post","link":"https:\/\/diariodelsurdigital.com.ar\/?p=3828","title":{"rendered":"Los gobernadores empujan una sesi\u00f3n esta semana en Diputados por los fondos que retiene Javier Milei"},"content":{"rendered":"\n<h1 class=\"wp-block-heading\"><\/h1>\n\n\n\n<h2 class=\"wp-block-heading\">Buscan debatir la distribuci\u00f3n de los&nbsp;<strong>ATN<\/strong>&nbsp;y el&nbsp;<strong>Impuesto a los Combustibles<\/strong>. Apoyo un\u00e1nime de las provincias y signos de que la paciencia se agota.<a href=\"https:\/\/www.letrap.com.ar\/politica\/otro-mensaje-los-gobernadores-frigerio-llaryora-y-pullaro-exigieron-milei-el-fin-las-retenciones-n5417459\" rel=\"noreferrer noopener\" target=\"_blank\">Otro mensaje de los gobernadores: Frigerio, Llaryora y Pullaro exigieron a Milei el fin de las retenciones<\/a><\/h2>\n\n\n\n<p><strong>Por Yanina Passero<\/strong><\/p>\n\n\n\n<p>Los\u00a0<strong><a href=\"https:\/\/www.letrap.com.ar\/tag\/gobernadores\">gobernadores<\/a><\/strong>\u00a0impulsan una sesi\u00f3n en la\u00a0<strong>C\u00e1mara de Diputados<\/strong>\u00a0para este mi\u00e9rcoles 30 para tratar los dos proyectos aprobados por el\u00a0<strong>Senado<\/strong>\u00a0y que tienen el consenso de las 24 jurisdicciones. Se trata de la distribuci\u00f3n de los\u00a0<strong>Aportes del Tesoro Nacional<\/strong>\u00a0(ATN) y el\u00a0<strong>Impuesto a los Combustibles L\u00edquidos<\/strong>\u00a0(ICL).\u00a0<strong><a href=\"https:\/\/www.letrap.com.ar\/javier-milei-a256\">Javier Milei<\/a><\/strong>\u00a0agita el veto.<a href=\"https:\/\/www.letrap.com.ar\/politica\/antes-los-vetos-guillermo-francos-aprovecha-el-brindis-la-rural-sumar-una-foto-gobernadores-n5417265\"><\/a><\/p>\n\n\n\n<p>Quedar\u00edan afuera de esta ronda la recomposici\u00f3n de las jubilaciones y la ley de discapacidad para evitar tensiones que impacten en las adhesiones necesarias para dar inicio al debate de dos reclamos centrales de las provincias al gobierno libertario.&nbsp;<a href=\"https:\/\/www.letrap.com.ar\/politica\/javier-milei-vs-gobernadores-el-mapa-calor-una-guerra-que-recien-empieza-n5417056\" target=\"_blank\" rel=\"noreferrer noopener\">Como explic\u00f3 este medio<\/a>, los mandatarios provinciales que no revistan en el kirchnerismo se desmarcan del paquete previsional, al que no respaldaron en Diputados y que en la c\u00e1mara alta tuvo contados y quir\u00fargicos apoyos.<\/p>\n\n\n\n<p>about:blank<\/p>\n\n\n\n<p>De hecho, la jugada de los mandatarios que buscar\u00eda tomar forma la semana que viene ya encuentra versiones que la matizan y patean la discusi\u00f3n para el 6 de agosto, casi pegando la sesi\u00f3n a la fecha del cierre de las alianzas para las elecciones legislativas de octubre.<\/p>\n\n\n\n<h2 class=\"wp-block-heading\">La rosca de los gobernadores<\/h2>\n\n\n\n<p>Este fue un punto que discutieron este jueves&nbsp;<strong><a href=\"https:\/\/www.letrap.com.ar\/tag\/martin-llaryora\">Mart\u00edn Llaryora<\/a><\/strong>&nbsp;(<strong><a href=\"https:\/\/www.letrap.com.ar\/region\/cordoba\">C\u00f3rdoba<\/a><\/strong>),&nbsp;<strong><a href=\"https:\/\/www.letrap.com.ar\/tag\/maximiliano-pullaro\">Maximiliano Pullaro<\/a><\/strong>&nbsp;(<strong>Santa Fe<\/strong>) y&nbsp;<strong><a href=\"https:\/\/www.letrap.com.ar\/tag\/rogelio-frigerio\">Rogelio Frigerio<\/a><\/strong>&nbsp;(<strong>Entre R\u00edos<\/strong>) en la reuni\u00f3n de una hora y media de duraci\u00f3n que tuvieron&nbsp;<a href=\"https:\/\/www.letrap.com.ar\/politica\/otro-mensaje-los-gobernadores-frigerio-llaryora-y-pullaro-exigieron-milei-el-fin-las-retenciones-n5417459?utm_source=thinkindot&amp;utm_medium=3-columnas&amp;utm_content=centro&amp;utm_campaign=geo-centro-2&amp;noredirect=1\" target=\"_blank\" rel=\"noreferrer noopener\">en la previa del acto de la Regi\u00f3n Centro<\/a>&nbsp;para la firma de convenios en materia de seguridad y educaci\u00f3n. Del encuentro, particip\u00f3 la mano derecha del gobernador cordobesista en la c\u00e1mara baja,&nbsp;<strong>Ignacio Garc\u00eda Aresca<\/strong>.<\/p>\n\n\n\n<p>En el amplio e iluminado despacho del mandatario cordob\u00e9s qued\u00f3 claro que el pelot\u00f3n de dialoguistas, que apoyaron muchas iniciativas de&nbsp;<strong>La Libertad Avanza<\/strong>&nbsp;en el&nbsp;<strong>Congreso<\/strong>, est\u00e1n determinados a ajustar las tuercas para garantizarse fondos que corresponden por ley a las provincias.<\/p>\n\n\n\n<figure class=\"wp-block-image\"><img decoding=\"async\" src=\"https:\/\/media.letrap.com.ar\/p\/2d208bb0bcbe57724f8d4c77417b2566\/adjuntos\/349\/imagenes\/100\/165\/0100165010\/790x0\/smart\/pullaro-llaryora-frigerio-panal-cordona.jpeg\" alt=\"Los gobernadores de la Regi\u00f3n Centro exigen a Javier Milei fondos, obras y el final de las retenciones al campo\" title=\"Los gobernadores de la Regi\u00f3n Centro exigen a Javier Milei fondos, obras y el final de las retenciones al campo\"\/><\/figure>\n\n\n\n<p>Los gobernadores de la Regi\u00f3n Centro exigen a Javier Milei fondos, obras y el final de las retenciones al campo<\/p>\n\n\n\n<p>Si la jugada sale en el recinto, la respuesta ser\u00e1 pol\u00edtica. Como cont\u00f3&nbsp;<strong>Letra P<\/strong>, Milei prometi\u00f3 en C\u00f3rdoba que vetar\u00e1 cualquier ley que impacte en su plan econ\u00f3mico que tiene como&nbsp;<em>vedette<\/em>&nbsp;el&nbsp;<strong>super\u00e1vit fiscal<\/strong>&nbsp;sin importar a qu\u00e9 o a qui\u00e9n le impacte el ajuste. En&nbsp;<strong>La Derecha Fest<\/strong>&nbsp;trat\u00f3 de \u201cbruta traidora\u201d a la vicepresidenta&nbsp;<strong>Victoria Vilarruel<\/strong>&nbsp;y de \u201cmorsa inmunda\u201d al senador peronista&nbsp;<strong>Jos\u00e9 Mayans<\/strong>. No es casual que haya separado de sus diatribas a los gobernadores.<\/p>\n\n\n\n<h2 class=\"wp-block-heading\">La agenda de reclamos a Javier Milei<\/h2>\n\n\n\n<p>Las jefaturas de las provincias empiezan a dar muestras claras de que habitan otra etapa con el Gobierno. En menos de una semana, la rosca de los gobernadores dialoguistas se mostr\u00f3 activa.<\/p>\n\n\n\n<p>El martes, el \u201ctri\u00e1ngulo del az\u00facar\u201d que compusieron&nbsp;<strong>Osvaldo Jaldo<\/strong>&nbsp;(<strong>Tucum\u00e1n<\/strong>),&nbsp;<strong>Gustavo S\u00e1enz<\/strong>&nbsp;(<strong>Salta<\/strong>) y&nbsp;<strong>Carlos Sadir<\/strong>&nbsp;(<strong>Jujuy<\/strong>) le recordaron al Presidente que pusieron su \u00abgranito de arena\u00bb en el Congreso y&nbsp;<a href=\"https:\/\/www.letrap.com.ar\/politica\/mensaje-tres-gobernadores-milei-jaldo-saenz-y-sadir-pidieron-reciprocidad-su-apoyo-el-congreso-n5417420\" target=\"_blank\" rel=\"noreferrer noopener\">reclamaron por las econom\u00edas regionales<\/a>, con el bioetanol como tema central.<\/p>\n\n\n\n<p>Este jueves, el tr\u00edo de la Regi\u00f3n Centro tambi\u00e9n le factur\u00f3 a Milei la gobernabilidad aportada y el acompa\u00f1amiento al ajuste que, en palabras de Llaryora, fue asumido por las provincias.<\/p>\n\n\n\n<p>Fuente: Letra P<\/p>\n\n\n\n<p><a href=\"https:\/\/clck.mgid.com\/ghits\/24150022\/i\/58132604\/0\/pp\/3\/1?h=PGCTRNVNyaF1ibDnjgs4WHvNgZcs1jYZhLfJ1ATUMCliqTXiupOM_GqyYb9FB7lZ6OZBkqK2lA9R7oD7XEfGbKsnaZ-ee_SxFmJVcSpwGAY*&amp;rid=d83b5886-6b38-11f0-8e86-c4cbe1e6c2ca&amp;tt=Direct&amp;att=3&amp;cpm=1&amp;abd=1&amp;iv=17&amp;ct=1&amp;gdprApplies=0&amp;muid=p6rdGnCaQIrf&amp;st=-180&amp;h2=BRrGSJXJhiyUEEEPKny7oJlgshOPbi5IM-ARg8ToEMI1Qrct5JRGEhm_f8SMNit8zkNd8xSWHowezVLBBlgo5w**\" target=\"_blank\" rel=\"noreferrer noopener\"><\/a><\/p>\n\n\n\n<p><a href=\"https:\/\/www.letrap.com.ar\/politica\/omar-perotti-y-agustin-rossi-ojo-ojo-diente-diente-n5417489\"><\/a><\/p>\n\n\n\n<p><a href=\"https:\/\/www.letrap.com.ar\/economia\/la-economia-javier-milei-las-elecciones-actividad-plana-empleo-precario-y-dolar-inquieto-n5417491\"><\/a><\/p>\n\n\n\n<figure class=\"wp-block-image\"><a class=\"news-article news-article--simple-news news-article--hover-effect news-article--border-bottom\" href=\"https:\/\/www.letrap.com.ar\/economia\/la-economia-javier-milei-las-elecciones-actividad-plana-empleo-precario-y-dolar-inquieto-n5417491\"><img decoding=\"async\" src=\"https:\/\/www.letrap.com.ar\/css-custom\/349\/lazy.svg\" alt=\"Changuitos vac\u00edos y ventas por el piso en la econom\u00eda de Javier Milei.\" title=\"Changuitos vac\u00edos y ventas por el piso en la econom\u00eda de Javier Milei.\"\/><\/a><\/figure>\n\n\n\n<p><a href=\"https:\/\/www.letrap.com.ar\/economia\/la-economia-javier-milei-las-elecciones-actividad-plana-empleo-precario-y-dolar-inquieto-n5417491\">Pedito de buzo<\/a><\/p>\n\n\n\n<h2 class=\"wp-block-heading\"><a href=\"https:\/\/www.letrap.com.ar\/economia\/la-economia-javier-milei-las-elecciones-actividad-plana-empleo-precario-y-dolar-inquieto-n5417491\">La econom\u00eda de Milei hacia las elecciones: actividad plana, empleo precario y d\u00f3lar inquieto<\/a><\/h2>\n\n\n\n<p><a href=\"https:\/\/www.letrap.com.ar\/economia\/la-economia-javier-milei-las-elecciones-actividad-plana-empleo-precario-y-dolar-inquieto-n5417491\">Por&nbsp;Esteban Rafele<\/a><\/p>\n\n\n\n<p><a href=\"https:\/\/www.letrap.com.ar\/politica\/bariloche-la-temporada-alta-elevo-la-tension-walter-cortes-y-el-circulo-rojo-del-turismo-n5417498\"><\/a><\/p>\n\n\n\n<figure class=\"wp-block-image\"><a class=\"news-article news-article--simple-news news-article--hover-effect news-article--border-bottom\" href=\"https:\/\/www.letrap.com.ar\/politica\/bariloche-la-temporada-alta-elevo-la-tension-walter-cortes-y-el-circulo-rojo-del-turismo-n5417498\"><img decoding=\"async\" src=\"https:\/\/www.letrap.com.ar\/css-custom\/349\/lazy.svg\" alt=\"Walter Cort\u00e9s y el secretario de Turismo de Bariloche, Sergio Herrero, junto a Daniel Scioli y representantes del sector durante el lanzamiento de la temporada 2025.\u00a0\" title=\"Walter Cort\u00e9s y el secretario de Turismo de Bariloche, Sergio Herrero, junto a Daniel Scioli y representantes del sector durante el lanzamiento de la temporada 2025.\u00a0\"\/><\/a><\/figure>\n\n\n\n<p><a href=\"https:\/\/www.letrap.com.ar\/politica\/bariloche-la-temporada-alta-elevo-la-tension-walter-cortes-y-el-circulo-rojo-del-turismo-n5417498\">EL NEGOCIO DE LA NIEVE<\/a><\/p>\n\n\n\n<h2 class=\"wp-block-heading\"><a href=\"https:\/\/www.letrap.com.ar\/politica\/bariloche-la-temporada-alta-elevo-la-tension-walter-cortes-y-el-circulo-rojo-del-turismo-n5417498\">Bariloche: la temporada alta elev\u00f3 la tensi\u00f3n entre Cort\u00e9s y el C\u00edrculo Rojo del turismo<\/a><\/h2>\n\n\n\n<p><a href=\"https:\/\/www.letrap.com.ar\/politica\/bariloche-la-temporada-alta-elevo-la-tension-walter-cortes-y-el-circulo-rojo-del-turismo-n5417498\">Por&nbsp;Germ\u00e1n Hern\u00e1ndez<\/a><\/p>\n\n\n\n<p><a href=\"https:\/\/www.letrap.com.ar\/politica\/el-peronismo-somos-buenos-aires-sale-buscar-heridos-la-interna-cielo-abierto-fuerza-patria-n5417462\"><\/a><\/p>\n\n\n\n<figure class=\"wp-block-image\"><a class=\"news-article news-article--simple-news news-article--hover-effect news-article--border-bottom\" href=\"https:\/\/www.letrap.com.ar\/politica\/el-peronismo-somos-buenos-aires-sale-buscar-heridos-la-interna-cielo-abierto-fuerza-patria-n5417462\"><img decoding=\"async\" src=\"https:\/\/www.letrap.com.ar\/css-custom\/349\/lazy.svg\" alt=\"Juan Zabaleta y Julio Zamora.\" title=\"Juan Zabaleta y Julio Zamora.\"\/><\/a><\/figure>\n\n\n\n<p><a href=\"https:\/\/www.letrap.com.ar\/politica\/el-peronismo-somos-buenos-aires-sale-buscar-heridos-la-interna-cielo-abierto-fuerza-patria-n5417462\">AMBULANCIA EN MARCHA<\/a><\/p>\n\n\n\n<h2 class=\"wp-block-heading\"><a href=\"https:\/\/www.letrap.com.ar\/politica\/el-peronismo-somos-buenos-aires-sale-buscar-heridos-la-interna-cielo-abierto-fuerza-patria-n5417462\">El peronismo de Somos Buenos Aires sale a buscar heridos de la interna a cielo abierto de Fuerza Patria<\/a><\/h2>\n\n\n\n<p><a href=\"https:\/\/www.letrap.com.ar\/politica\/el-peronismo-somos-buenos-aires-sale-buscar-heridos-la-interna-cielo-abierto-fuerza-patria-n5417462\">Por&nbsp;Jos\u00e9 Maldonado<\/a><\/p>\n\n\n\n<p><a href=\"https:\/\/www.letrap.com.ar\/politica\/ricardo-quintela-le-hizo-un-guino-maximiliano-pullaro-es-mas-lo-que-nos-une-que-lo-que-nos-separa-n5417485\"><\/a><\/p>\n\n\n\n<figure class=\"wp-block-image\"><a class=\"news-article news-article--simple-news news-article--hover-effect news-article--border-bottom\" href=\"https:\/\/www.letrap.com.ar\/politica\/ricardo-quintela-le-hizo-un-guino-maximiliano-pullaro-es-mas-lo-que-nos-une-que-lo-que-nos-separa-n5417485\"><img decoding=\"async\" src=\"https:\/\/www.letrap.com.ar\/css-custom\/349\/lazy.svg\" alt=\"Maximiliano Pullaro y Ricardo Quintela, juntos en Rosario.\" title=\"Maximiliano Pullaro y Ricardo Quintela, juntos en Rosario.\"\/><\/a><\/figure>\n\n\n\n<p><a href=\"https:\/\/www.letrap.com.ar\/politica\/ricardo-quintela-le-hizo-un-guino-maximiliano-pullaro-es-mas-lo-que-nos-une-que-lo-que-nos-separa-n5417485\">LIBERTARIOS VS. FEDERALES<\/a><\/p>\n\n\n\n<h2 class=\"wp-block-heading\"><a href=\"https:\/\/www.letrap.com.ar\/politica\/ricardo-quintela-le-hizo-un-guino-maximiliano-pullaro-es-mas-lo-que-nos-une-que-lo-que-nos-separa-n5417485\">Quintela le hizo un gui\u00f1o a Pullaro: \u00abEs m\u00e1s lo que nos une que lo que nos separa\u00bb<\/a><\/h2>\n\n\n\n<p><a href=\"https:\/\/www.letrap.com.ar\/politica\/ricardo-quintela-le-hizo-un-guino-maximiliano-pullaro-es-mas-lo-que-nos-une-que-lo-que-nos-separa-n5417485\">Por&nbsp;Ramiro Porchietti<\/a><\/p>\n\n\n\n<ul class=\"wp-block-list\">\n<li><a href=\"https:\/\/www.letrap.com.ar\/contacto\">Contactanos<\/a><\/li>\n\n\n\n<li><a href=\"https:\/\/twitter.com\/Letra_P\" target=\"_blank\" rel=\"noreferrer noopener\">Red Social &#8211; Twitter<\/a><\/li>\n\n\n\n<li><a href=\"https:\/\/www.facebook.com\/letrape\" target=\"_blank\" rel=\"noreferrer noopener\">Red Social &#8211; Facebook<\/a><\/li>\n\n\n\n<li><a href=\"https:\/\/www.instagram.com\/letra.p\/\" target=\"_blank\" rel=\"noreferrer noopener\">Red Social &#8211; Instagram<\/a><\/li>\n\n\n\n<li><a href=\"https:\/\/www.youtube.com\/user\/videosletrap\/featured\" target=\"_blank\" rel=\"noreferrer noopener\">Red Social &#8211; YouTube<\/a><\/li>\n<\/ul>\n\n\n\n<ul class=\"wp-block-list\">\n<li><a href=\"https:\/\/www.letrap.com.ar\/seccion\/politica\">Pol\u00edtica<\/a><\/li>\n\n\n\n<li><a href=\"https:\/\/www.letrap.com.ar\/seccion\/economia\">Econom\u00eda<\/a><\/li>\n\n\n\n<li><a href=\"https:\/\/www.letrap.com.ar\/region\/buenos-aires\">Buenos Aires<\/a><\/li>\n\n\n\n<li><a href=\"https:\/\/www.letrap.com.ar\/region\/caba\">CABA<\/a><\/li>\n\n\n\n<li><a href=\"https:\/\/www.letrap.com.ar\/region\/santa-fe\">Santa Fe<\/a><\/li>\n\n\n\n<li><a href=\"https:\/\/www.letrap.com.ar\/region\/entre-rios\">Entre R\u00edos<\/a><\/li>\n\n\n\n<li><a href=\"https:\/\/www.letrap.com.ar\/region\/cordoba\">C\u00f3rdoba<\/a><\/li>\n\n\n\n<li><a href=\"https:\/\/www.letrap.com.ar\/region\/norte-grande\">Norte Grande<\/a><\/li>\n\n\n\n<li><a href=\"https:\/\/www.letrap.com.ar\/region\/patagonia\">Patagonia<\/a><\/li>\n\n\n\n<li><a href=\"https:\/\/www.letrap.com.ar\/congreso\">Congreso<\/a><\/li>\n<\/ul>\n\n\n\n<figure class=\"wp-block-image\"><a href=\"https:\/\/www.letrap.com.ar\/\"><img decoding=\"async\" src=\"https:\/\/www.letrap.com.ar\/css-custom\/349\/lazy.svg\" alt=\"Letra P\"\/><\/a><\/figure>\n\n\n\n<figure class=\"wp-block-image\"><a class=\"footer__adepa-logo\" href=\"http:\/\/adepa.org.ar\/\" target=\"_blank\" rel=\"noreferrer noopener\"><img decoding=\"async\" src=\"https:\/\/www.letrap.com.ar\/css-custom\/349\/lazy.svg\" alt=\"Adepa\"\/><\/a><\/figure>\n\n\n\n<figure class=\"wp-block-image\"><a class=\"footer__sustantiva-logo\" href=\"https:\/\/sustantiva.digital\/\" target=\"_blank\" rel=\"noreferrer noopener\"><img decoding=\"async\" src=\"https:\/\/www.letrap.com.ar\/css-custom\/349\/lazy.svg\" alt=\"Sustantiva\"\/><\/a><\/figure>\n\n\n\n<figure class=\"wp-block-image\"><a class=\"footer__developer-signature\" href=\"http:\/\/www.dosalcubo.com.ar\/\" target=\"_blank\" rel=\"noreferrer noopener\"><img decoding=\"async\" src=\"https:\/\/www.letrap.com.ar\/css-custom\/349\/lazy.svg\" alt=\"Dos Al Cubo\"\/><\/a><\/figure>\n\n\n\n<p>\u00a9 2025 Letra P | Todos los derechos reservados \u2022 N\u00b0 registro RL-2025-58106340 \u2022 Propiedad de Comunicaci\u00f3n Positiva SA \u2022 Director: Carlos Marino \u2022 Edici\u00f3n N\u00ba 5095 &#8211; 27 de julio de 2025 \u2022 Chacabuco 314. Piso 4 of 50 &#8211; C.A.B.A. \u2022 &#8211;&nbsp;<a href=\"mailto:redaccion@letrap.com.ar\">redaccion@letrap.com.ar<\/a><\/p>\n","protected":false},"excerpt":{"rendered":"<p>Buscan debatir la distribuci\u00f3n de los&nbsp;ATN&nbsp;y el&nbsp;Impuesto a los Combustibles. Apoyo un\u00e1nime de las provincias y signos de que la paciencia se agota.Otro mensaje de los gobernadores: Frigerio, Llaryora y Pullaro exigieron a Milei el fin de las retenciones Por Yanina Passero Los\u00a0gobernadores\u00a0impulsan una sesi\u00f3n en la\u00a0C\u00e1mara de Diputados\u00a0para este mi\u00e9rcoles 30 para tratar los [&hellip;]<\/p>\n","protected":false},"author":2,"featured_media":3829,"comment_status":"open","ping_status":"open","sticky":false,"template":"","format":"standard","meta":{"footnotes":""},"categories":[18],"tags":[],"class_list":{"0":"post-3828","1":"post","2":"type-post","3":"status-publish","4":"format-standard","5":"has-post-thumbnail","7":"category-nacionales"},"yoast_head":"<!-- This site is optimized with the Yoast SEO plugin v27.4 - https:\/\/yoast.com\/product\/yoast-seo-wordpress\/ -->\n<title>Los gobernadores empujan una sesi\u00f3n esta semana en Diputados por los fondos que retiene Javier Milei - Diario del Sur<\/title>\n<meta name=\"robots\" content=\"index, follow, max-snippet:-1, max-image-preview:large, max-video-preview:-1\" \/>\n<link rel=\"canonical\" href=\"https:\/\/diariodelsurdigital.com.ar\/?p=3828\" \/>\n<meta property=\"og:locale\" content=\"es_ES\" \/>\n<meta property=\"og:type\" content=\"article\" \/>\n<meta property=\"og:title\" content=\"Los gobernadores empujan una sesi\u00f3n esta semana en Diputados por los fondos que retiene Javier Milei - Diario del Sur\" \/>\n<meta property=\"og:description\" content=\"Buscan debatir la distribuci\u00f3n de los&nbsp;ATN&nbsp;y el&nbsp;Impuesto a los Combustibles. Apoyo un\u00e1nime de las provincias y signos de que la paciencia se agota.Otro mensaje de los gobernadores: Frigerio, Llaryora y Pullaro exigieron a Milei el fin de las retenciones Por Yanina Passero Los\u00a0gobernadores\u00a0impulsan una sesi\u00f3n en la\u00a0C\u00e1mara de Diputados\u00a0para este mi\u00e9rcoles 30 para tratar los [&hellip;]\" \/>\n<meta property=\"og:url\" content=\"https:\/\/diariodelsurdigital.com.ar\/?p=3828\" \/>\n<meta property=\"og:site_name\" content=\"Diario del Sur\" \/>\n<meta property=\"article:published_time\" content=\"2025-07-27T22:35:52+00:00\" \/>\n<meta property=\"article:modified_time\" content=\"2025-07-27T22:35:53+00:00\" \/>\n<meta property=\"og:image\" content=\"https:\/\/diariodelsurdigital.com.ar\/wp-content\/uploads\/2025\/07\/gobernadores-el-cfi-23-juniopng.png\" \/>\n\t<meta property=\"og:image:width\" content=\"539\" \/>\n\t<meta property=\"og:image:height\" content=\"310\" \/>\n\t<meta property=\"og:image:type\" content=\"image\/png\" \/>\n<meta name=\"author\" content=\"Diario del Sur Digital\" \/>\n<meta name=\"twitter:card\" content=\"summary_large_image\" \/>\n<meta name=\"twitter:label1\" content=\"Escrito por\" \/>\n\t<meta name=\"twitter:data1\" content=\"Diario del Sur Digital\" \/>\n\t<meta name=\"twitter:label2\" content=\"Tiempo de lectura\" \/>\n\t<meta name=\"twitter:data2\" content=\"6 minutos\" \/>\n<script type=\"application\/ld+json\" class=\"yoast-schema-graph\">{\"@context\":\"https:\\\/\\\/schema.org\",\"@graph\":[{\"@type\":\"Article\",\"@id\":\"https:\\\/\\\/diariodelsurdigital.com.ar\\\/?p=3828#article\",\"isPartOf\":{\"@id\":\"https:\\\/\\\/diariodelsurdigital.com.ar\\\/?p=3828\"},\"author\":{\"name\":\"Diario del Sur Digital\",\"@id\":\"https:\\\/\\\/diariodelsurdigital.com.ar\\\/#\\\/schema\\\/person\\\/6136a32571657f7dba980b88b04c5465\"},\"headline\":\"Los gobernadores empujan una sesi\u00f3n esta semana en Diputados por los fondos que retiene Javier Milei\",\"datePublished\":\"2025-07-27T22:35:52+00:00\",\"dateModified\":\"2025-07-27T22:35:53+00:00\",\"mainEntityOfPage\":{\"@id\":\"https:\\\/\\\/diariodelsurdigital.com.ar\\\/?p=3828\"},\"wordCount\":828,\"commentCount\":0,\"image\":{\"@id\":\"https:\\\/\\\/diariodelsurdigital.com.ar\\\/?p=3828#primaryimage\"},\"thumbnailUrl\":\"https:\\\/\\\/diariodelsurdigital.com.ar\\\/wp-content\\\/uploads\\\/2025\\\/07\\\/gobernadores-el-cfi-23-juniopng.png\",\"articleSection\":[\"Nacionales\"],\"inLanguage\":\"es\",\"potentialAction\":[{\"@type\":\"CommentAction\",\"name\":\"Comment\",\"target\":[\"https:\\\/\\\/diariodelsurdigital.com.ar\\\/?p=3828#respond\"]}]},{\"@type\":\"WebPage\",\"@id\":\"https:\\\/\\\/diariodelsurdigital.com.ar\\\/?p=3828\",\"url\":\"https:\\\/\\\/diariodelsurdigital.com.ar\\\/?p=3828\",\"name\":\"Los gobernadores empujan una sesi\u00f3n esta semana en Diputados por los fondos que retiene Javier Milei - Diario del Sur\",\"isPartOf\":{\"@id\":\"https:\\\/\\\/diariodelsurdigital.com.ar\\\/#website\"},\"primaryImageOfPage\":{\"@id\":\"https:\\\/\\\/diariodelsurdigital.com.ar\\\/?p=3828#primaryimage\"},\"image\":{\"@id\":\"https:\\\/\\\/diariodelsurdigital.com.ar\\\/?p=3828#primaryimage\"},\"thumbnailUrl\":\"https:\\\/\\\/diariodelsurdigital.com.ar\\\/wp-content\\\/uploads\\\/2025\\\/07\\\/gobernadores-el-cfi-23-juniopng.png\",\"datePublished\":\"2025-07-27T22:35:52+00:00\",\"dateModified\":\"2025-07-27T22:35:53+00:00\",\"author\":{\"@id\":\"https:\\\/\\\/diariodelsurdigital.com.ar\\\/#\\\/schema\\\/person\\\/6136a32571657f7dba980b88b04c5465\"},\"breadcrumb\":{\"@id\":\"https:\\\/\\\/diariodelsurdigital.com.ar\\\/?p=3828#breadcrumb\"},\"inLanguage\":\"es\",\"potentialAction\":[{\"@type\":\"ReadAction\",\"target\":[\"https:\\\/\\\/diariodelsurdigital.com.ar\\\/?p=3828\"]}]},{\"@type\":\"ImageObject\",\"inLanguage\":\"es\",\"@id\":\"https:\\\/\\\/diariodelsurdigital.com.ar\\\/?p=3828#primaryimage\",\"url\":\"https:\\\/\\\/diariodelsurdigital.com.ar\\\/wp-content\\\/uploads\\\/2025\\\/07\\\/gobernadores-el-cfi-23-juniopng.png\",\"contentUrl\":\"https:\\\/\\\/diariodelsurdigital.com.ar\\\/wp-content\\\/uploads\\\/2025\\\/07\\\/gobernadores-el-cfi-23-juniopng.png\",\"width\":539,\"height\":310},{\"@type\":\"BreadcrumbList\",\"@id\":\"https:\\\/\\\/diariodelsurdigital.com.ar\\\/?p=3828#breadcrumb\",\"itemListElement\":[{\"@type\":\"ListItem\",\"position\":1,\"name\":\"Portada\",\"item\":\"https:\\\/\\\/diariodelsurdigital.com.ar\\\/\"},{\"@type\":\"ListItem\",\"position\":2,\"name\":\"Los gobernadores empujan una sesi\u00f3n esta semana en Diputados por los fondos que retiene Javier Milei\"}]},{\"@type\":\"WebSite\",\"@id\":\"https:\\\/\\\/diariodelsurdigital.com.ar\\\/#website\",\"url\":\"https:\\\/\\\/diariodelsurdigital.com.ar\\\/\",\"name\":\"Diario del Sur\",\"description\":\"Digital\",\"potentialAction\":[{\"@type\":\"SearchAction\",\"target\":{\"@type\":\"EntryPoint\",\"urlTemplate\":\"https:\\\/\\\/diariodelsurdigital.com.ar\\\/?s={search_term_string}\"},\"query-input\":{\"@type\":\"PropertyValueSpecification\",\"valueRequired\":true,\"valueName\":\"search_term_string\"}}],\"inLanguage\":\"es\"},{\"@type\":\"Person\",\"@id\":\"https:\\\/\\\/diariodelsurdigital.com.ar\\\/#\\\/schema\\\/person\\\/6136a32571657f7dba980b88b04c5465\",\"name\":\"Diario del Sur Digital\",\"image\":{\"@type\":\"ImageObject\",\"inLanguage\":\"es\",\"@id\":\"https:\\\/\\\/secure.gravatar.com\\\/avatar\\\/4c29ceac98541dd42460b2474aaa5dd37594d6ce6cb3cf2c101d09b48ee287ba?s=96&d=mm&r=g\",\"url\":\"https:\\\/\\\/secure.gravatar.com\\\/avatar\\\/4c29ceac98541dd42460b2474aaa5dd37594d6ce6cb3cf2c101d09b48ee287ba?s=96&d=mm&r=g\",\"contentUrl\":\"https:\\\/\\\/secure.gravatar.com\\\/avatar\\\/4c29ceac98541dd42460b2474aaa5dd37594d6ce6cb3cf2c101d09b48ee287ba?s=96&d=mm&r=g\",\"caption\":\"Diario del Sur Digital\"},\"url\":\"https:\\\/\\\/diariodelsurdigital.com.ar\\\/?author=2\"}]}<\/script>\n<!-- \/ Yoast SEO plugin. -->","yoast_head_json":{"title":"Los gobernadores empujan una sesi\u00f3n esta semana en Diputados por los fondos que retiene Javier Milei - Diario del Sur","robots":{"index":"index","follow":"follow","max-snippet":"max-snippet:-1","max-image-preview":"max-image-preview:large","max-video-preview":"max-video-preview:-1"},"canonical":"https:\/\/diariodelsurdigital.com.ar\/?p=3828","og_locale":"es_ES","og_type":"article","og_title":"Los gobernadores empujan una sesi\u00f3n esta semana en Diputados por los fondos que retiene Javier Milei - Diario del Sur","og_description":"Buscan debatir la distribuci\u00f3n de los&nbsp;ATN&nbsp;y el&nbsp;Impuesto a los Combustibles. Apoyo un\u00e1nime de las provincias y signos de que la paciencia se agota.Otro mensaje de los gobernadores: Frigerio, Llaryora y Pullaro exigieron a Milei el fin de las retenciones Por Yanina Passero Los\u00a0gobernadores\u00a0impulsan una sesi\u00f3n en la\u00a0C\u00e1mara de Diputados\u00a0para este mi\u00e9rcoles 30 para tratar los [&hellip;]","og_url":"https:\/\/diariodelsurdigital.com.ar\/?p=3828","og_site_name":"Diario del Sur","article_published_time":"2025-07-27T22:35:52+00:00","article_modified_time":"2025-07-27T22:35:53+00:00","og_image":[{"width":539,"height":310,"url":"https:\/\/diariodelsurdigital.com.ar\/wp-content\/uploads\/2025\/07\/gobernadores-el-cfi-23-juniopng.png","type":"image\/png"}],"author":"Diario del Sur Digital","twitter_card":"summary_large_image","twitter_misc":{"Escrito por":"Diario del Sur Digital","Tiempo de lectura":"6 minutos"},"schema":{"@context":"https:\/\/schema.org","@graph":[{"@type":"Article","@id":"https:\/\/diariodelsurdigital.com.ar\/?p=3828#article","isPartOf":{"@id":"https:\/\/diariodelsurdigital.com.ar\/?p=3828"},"author":{"name":"Diario del Sur Digital","@id":"https:\/\/diariodelsurdigital.com.ar\/#\/schema\/person\/6136a32571657f7dba980b88b04c5465"},"headline":"Los gobernadores empujan una sesi\u00f3n esta semana en Diputados por los fondos que retiene Javier Milei","datePublished":"2025-07-27T22:35:52+00:00","dateModified":"2025-07-27T22:35:53+00:00","mainEntityOfPage":{"@id":"https:\/\/diariodelsurdigital.com.ar\/?p=3828"},"wordCount":828,"commentCount":0,"image":{"@id":"https:\/\/diariodelsurdigital.com.ar\/?p=3828#primaryimage"},"thumbnailUrl":"https:\/\/diariodelsurdigital.com.ar\/wp-content\/uploads\/2025\/07\/gobernadores-el-cfi-23-juniopng.png","articleSection":["Nacionales"],"inLanguage":"es","potentialAction":[{"@type":"CommentAction","name":"Comment","target":["https:\/\/diariodelsurdigital.com.ar\/?p=3828#respond"]}]},{"@type":"WebPage","@id":"https:\/\/diariodelsurdigital.com.ar\/?p=3828","url":"https:\/\/diariodelsurdigital.com.ar\/?p=3828","name":"Los gobernadores empujan una sesi\u00f3n esta semana en Diputados por los fondos que retiene Javier Milei - Diario del Sur","isPartOf":{"@id":"https:\/\/diariodelsurdigital.com.ar\/#website"},"primaryImageOfPage":{"@id":"https:\/\/diariodelsurdigital.com.ar\/?p=3828#primaryimage"},"image":{"@id":"https:\/\/diariodelsurdigital.com.ar\/?p=3828#primaryimage"},"thumbnailUrl":"https:\/\/diariodelsurdigital.com.ar\/wp-content\/uploads\/2025\/07\/gobernadores-el-cfi-23-juniopng.png","datePublished":"2025-07-27T22:35:52+00:00","dateModified":"2025-07-27T22:35:53+00:00","author":{"@id":"https:\/\/diariodelsurdigital.com.ar\/#\/schema\/person\/6136a32571657f7dba980b88b04c5465"},"breadcrumb":{"@id":"https:\/\/diariodelsurdigital.com.ar\/?p=3828#breadcrumb"},"inLanguage":"es","potentialAction":[{"@type":"ReadAction","target":["https:\/\/diariodelsurdigital.com.ar\/?p=3828"]}]},{"@type":"ImageObject","inLanguage":"es","@id":"https:\/\/diariodelsurdigital.com.ar\/?p=3828#primaryimage","url":"https:\/\/diariodelsurdigital.com.ar\/wp-content\/uploads\/2025\/07\/gobernadores-el-cfi-23-juniopng.png","contentUrl":"https:\/\/diariodelsurdigital.com.ar\/wp-content\/uploads\/2025\/07\/gobernadores-el-cfi-23-juniopng.png","width":539,"height":310},{"@type":"BreadcrumbList","@id":"https:\/\/diariodelsurdigital.com.ar\/?p=3828#breadcrumb","itemListElement":[{"@type":"ListItem","position":1,"name":"Portada","item":"https:\/\/diariodelsurdigital.com.ar\/"},{"@type":"ListItem","position":2,"name":"Los gobernadores empujan una sesi\u00f3n esta semana en Diputados por los fondos que retiene Javier Milei"}]},{"@type":"WebSite","@id":"https:\/\/diariodelsurdigital.com.ar\/#website","url":"https:\/\/diariodelsurdigital.com.ar\/","name":"Diario del Sur","description":"Digital","potentialAction":[{"@type":"SearchAction","target":{"@type":"EntryPoint","urlTemplate":"https:\/\/diariodelsurdigital.com.ar\/?s={search_term_string}"},"query-input":{"@type":"PropertyValueSpecification","valueRequired":true,"valueName":"search_term_string"}}],"inLanguage":"es"},{"@type":"Person","@id":"https:\/\/diariodelsurdigital.com.ar\/#\/schema\/person\/6136a32571657f7dba980b88b04c5465","name":"Diario del Sur Digital","image":{"@type":"ImageObject","inLanguage":"es","@id":"https:\/\/secure.gravatar.com\/avatar\/4c29ceac98541dd42460b2474aaa5dd37594d6ce6cb3cf2c101d09b48ee287ba?s=96&d=mm&r=g","url":"https:\/\/secure.gravatar.com\/avatar\/4c29ceac98541dd42460b2474aaa5dd37594d6ce6cb3cf2c101d09b48ee287ba?s=96&d=mm&r=g","contentUrl":"https:\/\/secure.gravatar.com\/avatar\/4c29ceac98541dd42460b2474aaa5dd37594d6ce6cb3cf2c101d09b48ee287ba?s=96&d=mm&r=g","caption":"Diario del Sur Digital"},"url":"https:\/\/diariodelsurdigital.com.ar\/?author=2"}]}},"_links":{"self":[{"href":"https:\/\/diariodelsurdigital.com.ar\/index.php?rest_route=\/wp\/v2\/posts\/3828","targetHints":{"allow":["GET"]}}],"collection":[{"href":"https:\/\/diariodelsurdigital.com.ar\/index.php?rest_route=\/wp\/v2\/posts"}],"about":[{"href":"https:\/\/diariodelsurdigital.com.ar\/index.php?rest_route=\/wp\/v2\/types\/post"}],"author":[{"embeddable":true,"href":"https:\/\/diariodelsurdigital.com.ar\/index.php?rest_route=\/wp\/v2\/users\/2"}],"replies":[{"embeddable":true,"href":"https:\/\/diariodelsurdigital.com.ar\/index.php?rest_route=%2Fwp%2Fv2%2Fcomments&post=3828"}],"version-history":[{"count":1,"href":"https:\/\/diariodelsurdigital.com.ar\/index.php?rest_route=\/wp\/v2\/posts\/3828\/revisions"}],"predecessor-version":[{"id":3830,"href":"https:\/\/diariodelsurdigital.com.ar\/index.php?rest_route=\/wp\/v2\/posts\/3828\/revisions\/3830"}],"wp:featuredmedia":[{"embeddable":true,"href":"https:\/\/diariodelsurdigital.com.ar\/index.php?rest_route=\/wp\/v2\/media\/3829"}],"wp:attachment":[{"href":"https:\/\/diariodelsurdigital.com.ar\/index.php?rest_route=%2Fwp%2Fv2%2Fmedia&parent=3828"}],"wp:term":[{"taxonomy":"category","embeddable":true,"href":"https:\/\/diariodelsurdigital.com.ar\/index.php?rest_route=%2Fwp%2Fv2%2Fcategories&post=3828"},{"taxonomy":"post_tag","embeddable":true,"href":"https:\/\/diariodelsurdigital.com.ar\/index.php?rest_route=%2Fwp%2Fv2%2Ftags&post=3828"}],"curies":[{"name":"wp","href":"https:\/\/api.w.org\/{rel}","templated":true}]}}