{"id":3837,"date":"2025-07-27T20:07:34","date_gmt":"2025-07-27T23:07:34","guid":{"rendered":"https:\/\/diariodelsurdigital.com.ar\/?p=3837"},"modified":"2025-07-27T20:07:34","modified_gmt":"2025-07-27T23:07:34","slug":"cierre-de-radio-publica-ruben-pagliotto-cargo-contra-azcue","status":"publish","type":"post","link":"https:\/\/diariodelsurdigital.com.ar\/?p=3837","title":{"rendered":"CIERRE DE RADIO P\u00daBLICA: Rub\u00e9n Pagliotto carg\u00f3 contra Azcu\u00e9"},"content":{"rendered":"\n<p>Mediante un comunicado enviado a la redacci\u00f3n de Diario del SUR Digital, el hist\u00f3rico dirigente provincial de la Uni\u00f3n C\u00edvica Radical y referente de DD HH, Rub\u00e9n Pagliotto se manifest\u00f3 en contra del cierre de Radio Ciudadana en Concordia. Texto completo del letrado: <\/p>\n\n\n\n<p>Mi m\u00e1s en\u00e9rgico repudio al injusto e insensible cierre de Radio Ciudadana, una verdadera fragua de cultura popular y debate abierto de todas las voces. Este cierre de la emisora es, a mi modo de ver y sentir, un vulgar y excecrable acto de censura, propio de las dictaduras e incompatible absolutamente con un estado de derecho y una \u00e9tica republicana.<br>Me duele en las entra\u00f1as mismas de mi ser, que alguien que se precie de radical, haya sido el ejecutor de esta tropel\u00eda pol\u00edtica ciudadana.<br>Mi repudio es doble: por el cierre en s\u00ed y por qui\u00e9n lo llev\u00f3 adelante. De estas cosas no se vuelven.<br>Cierro mi abrazo solidario con los concordienses y los trabajadores de la radio, con una frase de Lebensohn que este infausto culturicidio me trae a la memoria: \u201ccuantos afiliados que no son radicales y cuantos radicales que no son afilados\u201d<\/p>\n\n\n\n<p><br>Rub\u00e9n Pagliotto- Precandidato a Diputado Nacional por la Lista 1 -Militancia Activa.<\/p>\n","protected":false},"excerpt":{"rendered":"<p>Mediante un comunicado enviado a la redacci\u00f3n de Diario del SUR Digital, el hist\u00f3rico dirigente provincial de la Uni\u00f3n C\u00edvica Radical y referente de DD HH, Rub\u00e9n Pagliotto se manifest\u00f3 en contra del cierre de Radio Ciudadana en Concordia. Texto completo del letrado: Mi m\u00e1s en\u00e9rgico repudio al injusto e insensible cierre de Radio Ciudadana, [&hellip;]<\/p>\n","protected":false},"author":2,"featured_media":3838,"comment_status":"open","ping_status":"open","sticky":false,"template":"","format":"standard","meta":{"footnotes":""},"categories":[1],"tags":[],"class_list":{"0":"post-3837","1":"post","2":"type-post","3":"status-publish","4":"format-standard","5":"has-post-thumbnail","7":"category-uncategorized"},"yoast_head":"<!-- This site is optimized with the Yoast SEO plugin v27.4 - https:\/\/yoast.com\/product\/yoast-seo-wordpress\/ -->\n<title>CIERRE DE RADIO P\u00daBLICA: Rub\u00e9n Pagliotto carg\u00f3 contra Azcu\u00e9 - Diario del Sur<\/title>\n<meta name=\"robots\" content=\"index, follow, max-snippet:-1, max-image-preview:large, max-video-preview:-1\" \/>\n<link rel=\"canonical\" href=\"https:\/\/diariodelsurdigital.com.ar\/?p=3837\" \/>\n<meta property=\"og:locale\" content=\"es_ES\" \/>\n<meta property=\"og:type\" content=\"article\" \/>\n<meta property=\"og:title\" content=\"CIERRE DE RADIO P\u00daBLICA: Rub\u00e9n Pagliotto carg\u00f3 contra Azcu\u00e9 - Diario del Sur\" \/>\n<meta property=\"og:description\" content=\"Mediante un comunicado enviado a la redacci\u00f3n de Diario del SUR Digital, el hist\u00f3rico dirigente provincial de la Uni\u00f3n C\u00edvica Radical y referente de DD HH, Rub\u00e9n Pagliotto se manifest\u00f3 en contra del cierre de Radio Ciudadana en Concordia. Texto completo del letrado: Mi m\u00e1s en\u00e9rgico repudio al injusto e insensible cierre de Radio Ciudadana, [&hellip;]\" \/>\n<meta property=\"og:url\" content=\"https:\/\/diariodelsurdigital.com.ar\/?p=3837\" \/>\n<meta property=\"og:site_name\" content=\"Diario del Sur\" \/>\n<meta property=\"article:published_time\" content=\"2025-07-27T23:07:34+00:00\" \/>\n<meta property=\"og:image\" content=\"https:\/\/diariodelsurdigital.com.ar\/wp-content\/uploads\/2025\/07\/o_1688223190.jpg\" \/>\n\t<meta property=\"og:image:width\" content=\"386\" \/>\n\t<meta property=\"og:image:height\" content=\"225\" \/>\n\t<meta property=\"og:image:type\" content=\"image\/jpeg\" \/>\n<meta name=\"author\" content=\"Diario del Sur Digital\" \/>\n<meta name=\"twitter:card\" content=\"summary_large_image\" \/>\n<meta name=\"twitter:label1\" content=\"Escrito por\" \/>\n\t<meta name=\"twitter:data1\" content=\"Diario del Sur Digital\" \/>\n\t<meta name=\"twitter:label2\" content=\"Tiempo de lectura\" \/>\n\t<meta name=\"twitter:data2\" content=\"2 minutos\" \/>\n<script type=\"application\/ld+json\" class=\"yoast-schema-graph\">{\"@context\":\"https:\\\/\\\/schema.org\",\"@graph\":[{\"@type\":\"Article\",\"@id\":\"https:\\\/\\\/diariodelsurdigital.com.ar\\\/?p=3837#article\",\"isPartOf\":{\"@id\":\"https:\\\/\\\/diariodelsurdigital.com.ar\\\/?p=3837\"},\"author\":{\"name\":\"Diario del Sur Digital\",\"@id\":\"https:\\\/\\\/diariodelsurdigital.com.ar\\\/#\\\/schema\\\/person\\\/6136a32571657f7dba980b88b04c5465\"},\"headline\":\"CIERRE DE RADIO P\u00daBLICA: Rub\u00e9n Pagliotto carg\u00f3 contra Azcu\u00e9\",\"datePublished\":\"2025-07-27T23:07:34+00:00\",\"mainEntityOfPage\":{\"@id\":\"https:\\\/\\\/diariodelsurdigital.com.ar\\\/?p=3837\"},\"wordCount\":224,\"commentCount\":0,\"image\":{\"@id\":\"https:\\\/\\\/diariodelsurdigital.com.ar\\\/?p=3837#primaryimage\"},\"thumbnailUrl\":\"https:\\\/\\\/diariodelsurdigital.com.ar\\\/wp-content\\\/uploads\\\/2025\\\/07\\\/o_1688223190.jpg\",\"articleSection\":[\"Uncategorized\"],\"inLanguage\":\"es\",\"potentialAction\":[{\"@type\":\"CommentAction\",\"name\":\"Comment\",\"target\":[\"https:\\\/\\\/diariodelsurdigital.com.ar\\\/?p=3837#respond\"]}]},{\"@type\":\"WebPage\",\"@id\":\"https:\\\/\\\/diariodelsurdigital.com.ar\\\/?p=3837\",\"url\":\"https:\\\/\\\/diariodelsurdigital.com.ar\\\/?p=3837\",\"name\":\"CIERRE DE RADIO P\u00daBLICA: Rub\u00e9n Pagliotto carg\u00f3 contra Azcu\u00e9 - Diario del Sur\",\"isPartOf\":{\"@id\":\"https:\\\/\\\/diariodelsurdigital.com.ar\\\/#website\"},\"primaryImageOfPage\":{\"@id\":\"https:\\\/\\\/diariodelsurdigital.com.ar\\\/?p=3837#primaryimage\"},\"image\":{\"@id\":\"https:\\\/\\\/diariodelsurdigital.com.ar\\\/?p=3837#primaryimage\"},\"thumbnailUrl\":\"https:\\\/\\\/diariodelsurdigital.com.ar\\\/wp-content\\\/uploads\\\/2025\\\/07\\\/o_1688223190.jpg\",\"datePublished\":\"2025-07-27T23:07:34+00:00\",\"author\":{\"@id\":\"https:\\\/\\\/diariodelsurdigital.com.ar\\\/#\\\/schema\\\/person\\\/6136a32571657f7dba980b88b04c5465\"},\"breadcrumb\":{\"@id\":\"https:\\\/\\\/diariodelsurdigital.com.ar\\\/?p=3837#breadcrumb\"},\"inLanguage\":\"es\",\"potentialAction\":[{\"@type\":\"ReadAction\",\"target\":[\"https:\\\/\\\/diariodelsurdigital.com.ar\\\/?p=3837\"]}]},{\"@type\":\"ImageObject\",\"inLanguage\":\"es\",\"@id\":\"https:\\\/\\\/diariodelsurdigital.com.ar\\\/?p=3837#primaryimage\",\"url\":\"https:\\\/\\\/diariodelsurdigital.com.ar\\\/wp-content\\\/uploads\\\/2025\\\/07\\\/o_1688223190.jpg\",\"contentUrl\":\"https:\\\/\\\/diariodelsurdigital.com.ar\\\/wp-content\\\/uploads\\\/2025\\\/07\\\/o_1688223190.jpg\",\"width\":386,\"height\":225},{\"@type\":\"BreadcrumbList\",\"@id\":\"https:\\\/\\\/diariodelsurdigital.com.ar\\\/?p=3837#breadcrumb\",\"itemListElement\":[{\"@type\":\"ListItem\",\"position\":1,\"name\":\"Portada\",\"item\":\"https:\\\/\\\/diariodelsurdigital.com.ar\\\/\"},{\"@type\":\"ListItem\",\"position\":2,\"name\":\"CIERRE DE RADIO P\u00daBLICA: Rub\u00e9n Pagliotto carg\u00f3 contra Azcu\u00e9\"}]},{\"@type\":\"WebSite\",\"@id\":\"https:\\\/\\\/diariodelsurdigital.com.ar\\\/#website\",\"url\":\"https:\\\/\\\/diariodelsurdigital.com.ar\\\/\",\"name\":\"Diario del Sur\",\"description\":\"Digital\",\"potentialAction\":[{\"@type\":\"SearchAction\",\"target\":{\"@type\":\"EntryPoint\",\"urlTemplate\":\"https:\\\/\\\/diariodelsurdigital.com.ar\\\/?s={search_term_string}\"},\"query-input\":{\"@type\":\"PropertyValueSpecification\",\"valueRequired\":true,\"valueName\":\"search_term_string\"}}],\"inLanguage\":\"es\"},{\"@type\":\"Person\",\"@id\":\"https:\\\/\\\/diariodelsurdigital.com.ar\\\/#\\\/schema\\\/person\\\/6136a32571657f7dba980b88b04c5465\",\"name\":\"Diario del Sur Digital\",\"image\":{\"@type\":\"ImageObject\",\"inLanguage\":\"es\",\"@id\":\"https:\\\/\\\/secure.gravatar.com\\\/avatar\\\/4c29ceac98541dd42460b2474aaa5dd37594d6ce6cb3cf2c101d09b48ee287ba?s=96&d=mm&r=g\",\"url\":\"https:\\\/\\\/secure.gravatar.com\\\/avatar\\\/4c29ceac98541dd42460b2474aaa5dd37594d6ce6cb3cf2c101d09b48ee287ba?s=96&d=mm&r=g\",\"contentUrl\":\"https:\\\/\\\/secure.gravatar.com\\\/avatar\\\/4c29ceac98541dd42460b2474aaa5dd37594d6ce6cb3cf2c101d09b48ee287ba?s=96&d=mm&r=g\",\"caption\":\"Diario del Sur Digital\"},\"url\":\"https:\\\/\\\/diariodelsurdigital.com.ar\\\/?author=2\"}]}<\/script>\n<!-- \/ Yoast SEO plugin. -->","yoast_head_json":{"title":"CIERRE DE RADIO P\u00daBLICA: Rub\u00e9n Pagliotto carg\u00f3 contra Azcu\u00e9 - Diario del Sur","robots":{"index":"index","follow":"follow","max-snippet":"max-snippet:-1","max-image-preview":"max-image-preview:large","max-video-preview":"max-video-preview:-1"},"canonical":"https:\/\/diariodelsurdigital.com.ar\/?p=3837","og_locale":"es_ES","og_type":"article","og_title":"CIERRE DE RADIO P\u00daBLICA: Rub\u00e9n Pagliotto carg\u00f3 contra Azcu\u00e9 - Diario del Sur","og_description":"Mediante un comunicado enviado a la redacci\u00f3n de Diario del SUR Digital, el hist\u00f3rico dirigente provincial de la Uni\u00f3n C\u00edvica Radical y referente de DD HH, Rub\u00e9n Pagliotto se manifest\u00f3 en contra del cierre de Radio Ciudadana en Concordia. Texto completo del letrado: Mi m\u00e1s en\u00e9rgico repudio al injusto e insensible cierre de Radio Ciudadana, [&hellip;]","og_url":"https:\/\/diariodelsurdigital.com.ar\/?p=3837","og_site_name":"Diario del Sur","article_published_time":"2025-07-27T23:07:34+00:00","og_image":[{"width":386,"height":225,"url":"https:\/\/diariodelsurdigital.com.ar\/wp-content\/uploads\/2025\/07\/o_1688223190.jpg","type":"image\/jpeg"}],"author":"Diario del Sur Digital","twitter_card":"summary_large_image","twitter_misc":{"Escrito por":"Diario del Sur Digital","Tiempo de lectura":"2 minutos"},"schema":{"@context":"https:\/\/schema.org","@graph":[{"@type":"Article","@id":"https:\/\/diariodelsurdigital.com.ar\/?p=3837#article","isPartOf":{"@id":"https:\/\/diariodelsurdigital.com.ar\/?p=3837"},"author":{"name":"Diario del Sur Digital","@id":"https:\/\/diariodelsurdigital.com.ar\/#\/schema\/person\/6136a32571657f7dba980b88b04c5465"},"headline":"CIERRE DE RADIO P\u00daBLICA: Rub\u00e9n Pagliotto carg\u00f3 contra Azcu\u00e9","datePublished":"2025-07-27T23:07:34+00:00","mainEntityOfPage":{"@id":"https:\/\/diariodelsurdigital.com.ar\/?p=3837"},"wordCount":224,"commentCount":0,"image":{"@id":"https:\/\/diariodelsurdigital.com.ar\/?p=3837#primaryimage"},"thumbnailUrl":"https:\/\/diariodelsurdigital.com.ar\/wp-content\/uploads\/2025\/07\/o_1688223190.jpg","articleSection":["Uncategorized"],"inLanguage":"es","potentialAction":[{"@type":"CommentAction","name":"Comment","target":["https:\/\/diariodelsurdigital.com.ar\/?p=3837#respond"]}]},{"@type":"WebPage","@id":"https:\/\/diariodelsurdigital.com.ar\/?p=3837","url":"https:\/\/diariodelsurdigital.com.ar\/?p=3837","name":"CIERRE DE RADIO P\u00daBLICA: Rub\u00e9n Pagliotto carg\u00f3 contra Azcu\u00e9 - Diario del Sur","isPartOf":{"@id":"https:\/\/diariodelsurdigital.com.ar\/#website"},"primaryImageOfPage":{"@id":"https:\/\/diariodelsurdigital.com.ar\/?p=3837#primaryimage"},"image":{"@id":"https:\/\/diariodelsurdigital.com.ar\/?p=3837#primaryimage"},"thumbnailUrl":"https:\/\/diariodelsurdigital.com.ar\/wp-content\/uploads\/2025\/07\/o_1688223190.jpg","datePublished":"2025-07-27T23:07:34+00:00","author":{"@id":"https:\/\/diariodelsurdigital.com.ar\/#\/schema\/person\/6136a32571657f7dba980b88b04c5465"},"breadcrumb":{"@id":"https:\/\/diariodelsurdigital.com.ar\/?p=3837#breadcrumb"},"inLanguage":"es","potentialAction":[{"@type":"ReadAction","target":["https:\/\/diariodelsurdigital.com.ar\/?p=3837"]}]},{"@type":"ImageObject","inLanguage":"es","@id":"https:\/\/diariodelsurdigital.com.ar\/?p=3837#primaryimage","url":"https:\/\/diariodelsurdigital.com.ar\/wp-content\/uploads\/2025\/07\/o_1688223190.jpg","contentUrl":"https:\/\/diariodelsurdigital.com.ar\/wp-content\/uploads\/2025\/07\/o_1688223190.jpg","width":386,"height":225},{"@type":"BreadcrumbList","@id":"https:\/\/diariodelsurdigital.com.ar\/?p=3837#breadcrumb","itemListElement":[{"@type":"ListItem","position":1,"name":"Portada","item":"https:\/\/diariodelsurdigital.com.ar\/"},{"@type":"ListItem","position":2,"name":"CIERRE DE RADIO P\u00daBLICA: Rub\u00e9n Pagliotto carg\u00f3 contra Azcu\u00e9"}]},{"@type":"WebSite","@id":"https:\/\/diariodelsurdigital.com.ar\/#website","url":"https:\/\/diariodelsurdigital.com.ar\/","name":"Diario del Sur","description":"Digital","potentialAction":[{"@type":"SearchAction","target":{"@type":"EntryPoint","urlTemplate":"https:\/\/diariodelsurdigital.com.ar\/?s={search_term_string}"},"query-input":{"@type":"PropertyValueSpecification","valueRequired":true,"valueName":"search_term_string"}}],"inLanguage":"es"},{"@type":"Person","@id":"https:\/\/diariodelsurdigital.com.ar\/#\/schema\/person\/6136a32571657f7dba980b88b04c5465","name":"Diario del Sur Digital","image":{"@type":"ImageObject","inLanguage":"es","@id":"https:\/\/secure.gravatar.com\/avatar\/4c29ceac98541dd42460b2474aaa5dd37594d6ce6cb3cf2c101d09b48ee287ba?s=96&d=mm&r=g","url":"https:\/\/secure.gravatar.com\/avatar\/4c29ceac98541dd42460b2474aaa5dd37594d6ce6cb3cf2c101d09b48ee287ba?s=96&d=mm&r=g","contentUrl":"https:\/\/secure.gravatar.com\/avatar\/4c29ceac98541dd42460b2474aaa5dd37594d6ce6cb3cf2c101d09b48ee287ba?s=96&d=mm&r=g","caption":"Diario del Sur Digital"},"url":"https:\/\/diariodelsurdigital.com.ar\/?author=2"}]}},"_links":{"self":[{"href":"https:\/\/diariodelsurdigital.com.ar\/index.php?rest_route=\/wp\/v2\/posts\/3837","targetHints":{"allow":["GET"]}}],"collection":[{"href":"https:\/\/diariodelsurdigital.com.ar\/index.php?rest_route=\/wp\/v2\/posts"}],"about":[{"href":"https:\/\/diariodelsurdigital.com.ar\/index.php?rest_route=\/wp\/v2\/types\/post"}],"author":[{"embeddable":true,"href":"https:\/\/diariodelsurdigital.com.ar\/index.php?rest_route=\/wp\/v2\/users\/2"}],"replies":[{"embeddable":true,"href":"https:\/\/diariodelsurdigital.com.ar\/index.php?rest_route=%2Fwp%2Fv2%2Fcomments&post=3837"}],"version-history":[{"count":1,"href":"https:\/\/diariodelsurdigital.com.ar\/index.php?rest_route=\/wp\/v2\/posts\/3837\/revisions"}],"predecessor-version":[{"id":3839,"href":"https:\/\/diariodelsurdigital.com.ar\/index.php?rest_route=\/wp\/v2\/posts\/3837\/revisions\/3839"}],"wp:featuredmedia":[{"embeddable":true,"href":"https:\/\/diariodelsurdigital.com.ar\/index.php?rest_route=\/wp\/v2\/media\/3838"}],"wp:attachment":[{"href":"https:\/\/diariodelsurdigital.com.ar\/index.php?rest_route=%2Fwp%2Fv2%2Fmedia&parent=3837"}],"wp:term":[{"taxonomy":"category","embeddable":true,"href":"https:\/\/diariodelsurdigital.com.ar\/index.php?rest_route=%2Fwp%2Fv2%2Fcategories&post=3837"},{"taxonomy":"post_tag","embeddable":true,"href":"https:\/\/diariodelsurdigital.com.ar\/index.php?rest_route=%2Fwp%2Fv2%2Ftags&post=3837"}],"curies":[{"name":"wp","href":"https:\/\/api.w.org\/{rel}","templated":true}]}}