{"id":3841,"date":"2025-07-28T09:56:06","date_gmt":"2025-07-28T12:56:06","guid":{"rendered":"https:\/\/diariodelsurdigital.com.ar\/?p=3841"},"modified":"2025-07-28T09:56:08","modified_gmt":"2025-07-28T12:56:08","slug":"con-las-concesiones-viales-de-milei-habra-un-162-mas-de-cabinas-de-peaje-en-la-zona-nucleo","status":"publish","type":"post","link":"https:\/\/diariodelsurdigital.com.ar\/?p=3841","title":{"rendered":"Con las concesiones viales de Milei, habr\u00e1 un 162% m\u00e1s de cabinas de peaje en la zona n\u00facleo"},"content":{"rendered":"\n<p>Las audiencias p\u00fablicas que hubo en junio para exponer los alcances de las nuevas concesiones viales blanquearon que en las provincias de Buenos Aires, C\u00f3rdoba, Santa Fe y Entre R\u00edos -que concentran casi el 60% de la poblaci\u00f3n nacional y la mayor producci\u00f3n agroindustrial del pa\u00eds-, la cantidad de cabinas de cobro de peaje aumentar\u00e1n un 162%: pasar\u00e1n de 24 a un total de 63. Los corredores tendr\u00e1n una posta cada 97 km.<\/p>\n\n\n\n<p><\/p>\n\n\n\n<p>Para revertir el deterioro de las rutas provocado por la motosierra, el gobierno de Javier Milei avanza en un esquema de privatizaci\u00f3n vial que va a superpoblar de estaciones de peaje las provincias de Buenos Aires, Santa Fe, C\u00f3rdoba y Entre R\u00edos.<\/p>\n\n\n\n<p>A nivel nacional, la privatizaci\u00f3n vial que impulsa la gesti\u00f3n libertaria prev\u00e9 una suba del 135% en las estaciones de peaje con 54 nuevas cabinas de pago que se sumar\u00e1n a las 40 existentes en las rutas que ser\u00e1n concesionadas.<\/p>\n\n\n\n<p>Cuando se transfieran todos los tramos previstos a las operadoras privadas, los autom\u00f3viles, \u00f3mnibus y camiones se topar\u00e1n, en promedio, con una estaci\u00f3n de peaje cada 97 kil\u00f3metros que recorran en las rutas concesionadas.<\/p>\n\n\n\n<p>La privatizaci\u00f3n de las rutas<\/p>\n\n\n\n<p>El proceso de privatizaci\u00f3n de las rutas con peaje que lleva adelante el Gobierno contempla la licitaci\u00f3n de 9.155 kil\u00f3metros divididos en 18 tramos por los que se moviliza el 80% del tr\u00e1nsito vehicular del pa\u00eds.<\/p>\n\n\n\n<p>El cronograma licitatorio que armaron t\u00e9cnicos de Vialidad Nacional consta de tres etapas. La primera corresponde a los tramos Oriental, compuesto por la autov\u00eda del Mercosur de las rutas nacionales 12 y 14; y Conexi\u00f3n, que engloba los caminos de accesos y el puente Rosario-Victoria. Es la m\u00e1s avanzada y, seg\u00fan el \u00faltimo cambio de fechas, los sobres con las ofertas se estar\u00edan abriendo a comienzos de septiembre.<\/p>\n\n\n\n<p>La segunda etapa, todav\u00eda sin delinearse, abarca algo m\u00e1s de 4.400 kil\u00f3metros agrupados en ocho tramos que atraviesan las provincias de Buenos Aires, Santa, Fe, C\u00f3rdoba, San Luis y La Pampa. Son los denominados Acceso Sur, 50 km de las autopistas Riccheri y Ezeiza-Ca\u00f1uelas; Sur, 870 km de las rutas 3 y 205; Atl\u00e1ntico, 404 km de la RN 226; y Pampa, 546 km de la RN 5.<\/p>\n\n\n\n<p>Completan el listado los tramos Mediterr\u00e1neo, 672 km de la RN 7 y 35; Puntano, 720 km de las rutas 8, 36, 193 y A005; Portuario Sur, 636 km de las rutas 9 y 188; y Portuario Norte, 528 km de las rutas 9, 33 y A008.<\/p>\n\n\n\n<p>La tercera etapa, que a\u00fan no tiene fecha de inicio, aglutina casi 4.000 kil\u00f3metros divididos en otros ocho tramos: Cuyo (RN 7), Centro-Norte (RN 34), Noroeste (RN 9, 34, 66, 1V66 y A-016), Chaco-Santa Fe (RN 11), Litoral (RN 12 y 16), Noreste (RN 12 y 105), Mesopot\u00e1mico (RN 12, 18 y A-012) y Centro (RN 9, 19 y 34).<\/p>\n\n\n\n<p>El mapa de las cabinas de peaje<\/p>\n\n\n\n<p>El mapeo de las nuevas concesiones que busca adjudicar la administraci\u00f3n mile\u00edsta muestra que el 72% de las nuevas cabinas de peaje se instalar\u00e1n en las rutas de Buenos Aires, Santa Fe, Entre R\u00edos y C\u00f3rdoba.<\/p>\n\n\n\n<p>Entre los peajes nuevos m\u00e1s relevantes se destacan:<\/p>\n\n\n\n<p>. En el tramo Sur se a\u00f1adir\u00e1n siete nuevas cabinas a las dos actuales de Ca\u00f1uelas y Uribelarrea. En la RN 3 se agregar\u00e1n las estaciones de Gorchs, Azul, Chillar, Tres Arroyos y Dorrego. En tanto, en la R 205, las cabinas adicionales estar\u00e1n en Saladillo y Unzu\u00e9.<\/p>\n\n\n\n<p>. En los 497 kil\u00f3metros del tramo Chaco-Santa Fe que actualmente no tienen peajes, se habilitar\u00e1n cinco nuevas ventanillas de cobro en Llambi Campbell, Gobernador Crespo, Vera, Guadalupe y Florencia.<\/p>\n\n\n\n<p>. En el tramo Portuario Norte, donde hay una sola estaci\u00f3n de peaje en Lagos, tambi\u00e9n se agregar\u00e1n cinco nuevas sobre la RN 33 en las localidades de Trenque Lauqu\u00e9n, Villegas, Rufino, Venado Tuerto y Casilda.<\/p>\n\n\n\n<p>. En Entre R\u00edos, en la RN 18 del tramo Mesopot\u00e1mico que va de Paran\u00e1 a Concordia que en la actualidad est\u00e1 libre de peajes se colocar\u00e1n tres cabinas en Viale, Villaguay y San Salvador.<\/p>\n\n\n\n<p>. A las cuatro cabinas existentes de Lorena, Sol\u00eds, Venado Tuerto y Sampacho que tiene el tramo Puntano de las RN 8 y 193 se incorporar\u00e1n otras cuatro en Maguire, Hugues, Canals y Reducci\u00f3n.<\/p>\n\n\n\n<p>. Lo mismo est\u00e1 previsto en el tramo Mediterr\u00e1neo de las rutas 7 y 35 que enlazan Luj\u00e1n con el l\u00edmite de la provincia de La Pampa y localidad cordobesa de Santa Catalina: a las tres cabinas existentes en Villa Espil, Jun\u00edn y Vicu\u00f1a Mackena se sumar\u00e1n cuatro nuevas en Chacabuco, Rufino, Laboulaye y Molina.<\/p>\n\n\n\n<p>. En el tramo Portuario Sur de las RN 9 y 188, que tiene dos cabinas en Z\u00e1rate y Jun\u00edn, se a\u00f1adir\u00e1n tres nuevas en De la Pe\u00f1a, Ameghino y Benito Larroud\u00e9.<\/p>\n\n\n\n<p>. A su vez, a las tres cabinas que funcionan en Carcara\u00f1\u00e1, James Craik y Franck del tramo Centro se les acoplar\u00e1n tres nuevas en Leones, San Francisco y Totoras.<\/p>\n\n\n\n<p>En lo que respecta a las tarifas que aplicar\u00e1n las nuevas concesionarias viales, hasta ahora el \u00fanico dato cierto que se conoce son los \u201cvalores topes\u201d de los peajes que las autoridades nacionales fijaron para las licitaciones de los tramos Oriental y Conexi\u00f3n.<\/p>\n\n\n\n<p>Una vez que concluya las \u201cobras iniciales de puesta en valor\u201d, el futuro concesionario de autov\u00eda del Mercosur podr\u00e1 cobrar en cada una de las cuatro estaciones de Z\u00e1rate, Colonia El\u00edas, Yer\u00faa y Piedritas un peaje que supera en un 184% a la tarifa actual unificada que tiene la estatal Corredores Viales en todas las rutas que est\u00e1n a su cargo.<\/p>\n\n\n\n<p>Tarifas en las rutas de Javier Milei<\/p>\n\n\n\n<p>Tal como cont\u00f3 Letra P, en el tramo Oriental la tarifa b\u00e1sica tope ser\u00e1 de $ 3.700 frente al valor actual de $ 1.300 que pagan los autos en todas las cabinas de las rutas nacionales.<\/p>\n\n\n\n<p>Los pliegos de bases y condiciones tambi\u00e9n prev\u00e9n la instalaci\u00f3n de una nueva estaci\u00f3n de peaje en el acceso al puente fronterizo binacional de Pasos de los Libres-Uruguayana, donde la tarifa tope de peaje trepa a $ 9.247.<\/p>\n\n\n\n<p>Ricardo Lasca, coordinador del Comit\u00e9 Nacional de Defensa del Usuario Vial (Conaduv), estim\u00f3 que un autom\u00f3vil particular -que desde el 9 de abril circula sin pagar por el levantamiento de las barreras que dispuso el Gobierno cuando finaliz\u00f3 la concesi\u00f3n anterior- deber\u00e1 abonar una suma total de peajes de $ 14.800 y de $ 29.600 si el viaje es de ida y vuelta, para ir desde Paso de los Libres a Campana.<\/p>\n\n\n\n<p>Si bien a\u00fan no est\u00e1n definidos los valores topes para los 16 tramos que se encuentran para ser licitados, los n\u00fameros preliminares que manejan en Vialidad indican que el peaje promedio a pagar con las nuevas privatizaciones rondar\u00eda en torno de $ 2.200 por cada 100 kil\u00f3metros de recorrido.<\/p>\n\n\n\n<p>Las constructoras que eval\u00faan presentar ofertas ya avisaron que esta tarifa inicial no ser\u00eda suficiente para afrontar las obras obligatorias y el mantenimiento de las rutas durante los 20 a\u00f1os de plazo que tendr\u00e1n las concesiones.<\/p>\n","protected":false},"excerpt":{"rendered":"<p>Las audiencias p\u00fablicas que hubo en junio para exponer los alcances de las nuevas concesiones viales blanquearon que en las provincias de Buenos Aires, C\u00f3rdoba, Santa Fe y Entre R\u00edos -que concentran casi el 60% de la poblaci\u00f3n nacional y la mayor producci\u00f3n agroindustrial del pa\u00eds-, la cantidad de cabinas de cobro de peaje aumentar\u00e1n [&hellip;]<\/p>\n","protected":false},"author":4,"featured_media":3842,"comment_status":"open","ping_status":"open","sticky":false,"template":"","format":"standard","meta":{"footnotes":""},"categories":[17],"tags":[],"class_list":{"0":"post-3841","1":"post","2":"type-post","3":"status-publish","4":"format-standard","5":"has-post-thumbnail","7":"category-provinciales"},"yoast_head":"<!-- This site is optimized with the Yoast SEO plugin v27.4 - https:\/\/yoast.com\/product\/yoast-seo-wordpress\/ -->\n<title>Con las concesiones viales de Milei, habr\u00e1 un 162% m\u00e1s de cabinas de peaje en la zona n\u00facleo - Diario del Sur<\/title>\n<meta name=\"robots\" content=\"index, follow, max-snippet:-1, max-image-preview:large, max-video-preview:-1\" \/>\n<link rel=\"canonical\" href=\"https:\/\/diariodelsurdigital.com.ar\/?p=3841\" \/>\n<meta property=\"og:locale\" content=\"es_ES\" \/>\n<meta property=\"og:type\" content=\"article\" \/>\n<meta property=\"og:title\" content=\"Con las concesiones viales de Milei, habr\u00e1 un 162% m\u00e1s de cabinas de peaje en la zona n\u00facleo - Diario del Sur\" \/>\n<meta property=\"og:description\" content=\"Las audiencias p\u00fablicas que hubo en junio para exponer los alcances de las nuevas concesiones viales blanquearon que en las provincias de Buenos Aires, C\u00f3rdoba, Santa Fe y Entre R\u00edos -que concentran casi el 60% de la poblaci\u00f3n nacional y la mayor producci\u00f3n agroindustrial del pa\u00eds-, la cantidad de cabinas de cobro de peaje aumentar\u00e1n [&hellip;]\" \/>\n<meta property=\"og:url\" content=\"https:\/\/diariodelsurdigital.com.ar\/?p=3841\" \/>\n<meta property=\"og:site_name\" content=\"Diario del Sur\" \/>\n<meta property=\"article:published_time\" content=\"2025-07-28T12:56:06+00:00\" \/>\n<meta property=\"article:modified_time\" content=\"2025-07-28T12:56:08+00:00\" \/>\n<meta property=\"og:image\" content=\"https:\/\/diariodelsurdigital.com.ar\/wp-content\/uploads\/2025\/07\/md-32.webp\" \/>\n\t<meta property=\"og:image:width\" content=\"992\" \/>\n\t<meta property=\"og:image:height\" content=\"744\" \/>\n\t<meta property=\"og:image:type\" content=\"image\/webp\" \/>\n<meta name=\"author\" content=\"Diario del Sur Digital\" \/>\n<meta name=\"twitter:card\" content=\"summary_large_image\" \/>\n<meta name=\"twitter:label1\" content=\"Escrito por\" \/>\n\t<meta name=\"twitter:data1\" content=\"Diario del Sur Digital\" \/>\n\t<meta name=\"twitter:label2\" content=\"Tiempo de lectura\" \/>\n\t<meta name=\"twitter:data2\" content=\"6 minutos\" \/>\n<script type=\"application\/ld+json\" class=\"yoast-schema-graph\">{\"@context\":\"https:\\\/\\\/schema.org\",\"@graph\":[{\"@type\":\"Article\",\"@id\":\"https:\\\/\\\/diariodelsurdigital.com.ar\\\/?p=3841#article\",\"isPartOf\":{\"@id\":\"https:\\\/\\\/diariodelsurdigital.com.ar\\\/?p=3841\"},\"author\":{\"name\":\"Diario del Sur Digital\",\"@id\":\"https:\\\/\\\/diariodelsurdigital.com.ar\\\/#\\\/schema\\\/person\\\/1a4992532ed62965c968031b49195c81\"},\"headline\":\"Con las concesiones viales de Milei, habr\u00e1 un 162% m\u00e1s de cabinas de peaje en la zona n\u00facleo\",\"datePublished\":\"2025-07-28T12:56:06+00:00\",\"dateModified\":\"2025-07-28T12:56:08+00:00\",\"mainEntityOfPage\":{\"@id\":\"https:\\\/\\\/diariodelsurdigital.com.ar\\\/?p=3841\"},\"wordCount\":1196,\"commentCount\":0,\"image\":{\"@id\":\"https:\\\/\\\/diariodelsurdigital.com.ar\\\/?p=3841#primaryimage\"},\"thumbnailUrl\":\"https:\\\/\\\/diariodelsurdigital.com.ar\\\/wp-content\\\/uploads\\\/2025\\\/07\\\/md-32.webp\",\"articleSection\":[\"Provinciales\"],\"inLanguage\":\"es\",\"potentialAction\":[{\"@type\":\"CommentAction\",\"name\":\"Comment\",\"target\":[\"https:\\\/\\\/diariodelsurdigital.com.ar\\\/?p=3841#respond\"]}]},{\"@type\":\"WebPage\",\"@id\":\"https:\\\/\\\/diariodelsurdigital.com.ar\\\/?p=3841\",\"url\":\"https:\\\/\\\/diariodelsurdigital.com.ar\\\/?p=3841\",\"name\":\"Con las concesiones viales de Milei, habr\u00e1 un 162% m\u00e1s de cabinas de peaje en la zona n\u00facleo - Diario del Sur\",\"isPartOf\":{\"@id\":\"https:\\\/\\\/diariodelsurdigital.com.ar\\\/#website\"},\"primaryImageOfPage\":{\"@id\":\"https:\\\/\\\/diariodelsurdigital.com.ar\\\/?p=3841#primaryimage\"},\"image\":{\"@id\":\"https:\\\/\\\/diariodelsurdigital.com.ar\\\/?p=3841#primaryimage\"},\"thumbnailUrl\":\"https:\\\/\\\/diariodelsurdigital.com.ar\\\/wp-content\\\/uploads\\\/2025\\\/07\\\/md-32.webp\",\"datePublished\":\"2025-07-28T12:56:06+00:00\",\"dateModified\":\"2025-07-28T12:56:08+00:00\",\"author\":{\"@id\":\"https:\\\/\\\/diariodelsurdigital.com.ar\\\/#\\\/schema\\\/person\\\/1a4992532ed62965c968031b49195c81\"},\"breadcrumb\":{\"@id\":\"https:\\\/\\\/diariodelsurdigital.com.ar\\\/?p=3841#breadcrumb\"},\"inLanguage\":\"es\",\"potentialAction\":[{\"@type\":\"ReadAction\",\"target\":[\"https:\\\/\\\/diariodelsurdigital.com.ar\\\/?p=3841\"]}]},{\"@type\":\"ImageObject\",\"inLanguage\":\"es\",\"@id\":\"https:\\\/\\\/diariodelsurdigital.com.ar\\\/?p=3841#primaryimage\",\"url\":\"https:\\\/\\\/diariodelsurdigital.com.ar\\\/wp-content\\\/uploads\\\/2025\\\/07\\\/md-32.webp\",\"contentUrl\":\"https:\\\/\\\/diariodelsurdigital.com.ar\\\/wp-content\\\/uploads\\\/2025\\\/07\\\/md-32.webp\",\"width\":992,\"height\":744},{\"@type\":\"BreadcrumbList\",\"@id\":\"https:\\\/\\\/diariodelsurdigital.com.ar\\\/?p=3841#breadcrumb\",\"itemListElement\":[{\"@type\":\"ListItem\",\"position\":1,\"name\":\"Portada\",\"item\":\"https:\\\/\\\/diariodelsurdigital.com.ar\\\/\"},{\"@type\":\"ListItem\",\"position\":2,\"name\":\"Con las concesiones viales de Milei, habr\u00e1 un 162% m\u00e1s de cabinas de peaje en la zona n\u00facleo\"}]},{\"@type\":\"WebSite\",\"@id\":\"https:\\\/\\\/diariodelsurdigital.com.ar\\\/#website\",\"url\":\"https:\\\/\\\/diariodelsurdigital.com.ar\\\/\",\"name\":\"Diario del Sur\",\"description\":\"Digital\",\"potentialAction\":[{\"@type\":\"SearchAction\",\"target\":{\"@type\":\"EntryPoint\",\"urlTemplate\":\"https:\\\/\\\/diariodelsurdigital.com.ar\\\/?s={search_term_string}\"},\"query-input\":{\"@type\":\"PropertyValueSpecification\",\"valueRequired\":true,\"valueName\":\"search_term_string\"}}],\"inLanguage\":\"es\"},{\"@type\":\"Person\",\"@id\":\"https:\\\/\\\/diariodelsurdigital.com.ar\\\/#\\\/schema\\\/person\\\/1a4992532ed62965c968031b49195c81\",\"name\":\"Diario del Sur Digital\",\"image\":{\"@type\":\"ImageObject\",\"inLanguage\":\"es\",\"@id\":\"https:\\\/\\\/secure.gravatar.com\\\/avatar\\\/f0c7c47fc7146d19828273b9b8eda651c9c7ab583767e6338d3d3bee825adf76?s=96&d=mm&r=g\",\"url\":\"https:\\\/\\\/secure.gravatar.com\\\/avatar\\\/f0c7c47fc7146d19828273b9b8eda651c9c7ab583767e6338d3d3bee825adf76?s=96&d=mm&r=g\",\"contentUrl\":\"https:\\\/\\\/secure.gravatar.com\\\/avatar\\\/f0c7c47fc7146d19828273b9b8eda651c9c7ab583767e6338d3d3bee825adf76?s=96&d=mm&r=g\",\"caption\":\"Diario del Sur Digital\"},\"url\":\"https:\\\/\\\/diariodelsurdigital.com.ar\\\/?author=4\"}]}<\/script>\n<!-- \/ Yoast SEO plugin. -->","yoast_head_json":{"title":"Con las concesiones viales de Milei, habr\u00e1 un 162% m\u00e1s de cabinas de peaje en la zona n\u00facleo - Diario del Sur","robots":{"index":"index","follow":"follow","max-snippet":"max-snippet:-1","max-image-preview":"max-image-preview:large","max-video-preview":"max-video-preview:-1"},"canonical":"https:\/\/diariodelsurdigital.com.ar\/?p=3841","og_locale":"es_ES","og_type":"article","og_title":"Con las concesiones viales de Milei, habr\u00e1 un 162% m\u00e1s de cabinas de peaje en la zona n\u00facleo - Diario del Sur","og_description":"Las audiencias p\u00fablicas que hubo en junio para exponer los alcances de las nuevas concesiones viales blanquearon que en las provincias de Buenos Aires, C\u00f3rdoba, Santa Fe y Entre R\u00edos -que concentran casi el 60% de la poblaci\u00f3n nacional y la mayor producci\u00f3n agroindustrial del pa\u00eds-, la cantidad de cabinas de cobro de peaje aumentar\u00e1n [&hellip;]","og_url":"https:\/\/diariodelsurdigital.com.ar\/?p=3841","og_site_name":"Diario del Sur","article_published_time":"2025-07-28T12:56:06+00:00","article_modified_time":"2025-07-28T12:56:08+00:00","og_image":[{"width":992,"height":744,"url":"https:\/\/diariodelsurdigital.com.ar\/wp-content\/uploads\/2025\/07\/md-32.webp","type":"image\/webp"}],"author":"Diario del Sur Digital","twitter_card":"summary_large_image","twitter_misc":{"Escrito por":"Diario del Sur Digital","Tiempo de lectura":"6 minutos"},"schema":{"@context":"https:\/\/schema.org","@graph":[{"@type":"Article","@id":"https:\/\/diariodelsurdigital.com.ar\/?p=3841#article","isPartOf":{"@id":"https:\/\/diariodelsurdigital.com.ar\/?p=3841"},"author":{"name":"Diario del Sur Digital","@id":"https:\/\/diariodelsurdigital.com.ar\/#\/schema\/person\/1a4992532ed62965c968031b49195c81"},"headline":"Con las concesiones viales de Milei, habr\u00e1 un 162% m\u00e1s de cabinas de peaje en la zona n\u00facleo","datePublished":"2025-07-28T12:56:06+00:00","dateModified":"2025-07-28T12:56:08+00:00","mainEntityOfPage":{"@id":"https:\/\/diariodelsurdigital.com.ar\/?p=3841"},"wordCount":1196,"commentCount":0,"image":{"@id":"https:\/\/diariodelsurdigital.com.ar\/?p=3841#primaryimage"},"thumbnailUrl":"https:\/\/diariodelsurdigital.com.ar\/wp-content\/uploads\/2025\/07\/md-32.webp","articleSection":["Provinciales"],"inLanguage":"es","potentialAction":[{"@type":"CommentAction","name":"Comment","target":["https:\/\/diariodelsurdigital.com.ar\/?p=3841#respond"]}]},{"@type":"WebPage","@id":"https:\/\/diariodelsurdigital.com.ar\/?p=3841","url":"https:\/\/diariodelsurdigital.com.ar\/?p=3841","name":"Con las concesiones viales de Milei, habr\u00e1 un 162% m\u00e1s de cabinas de peaje en la zona n\u00facleo - Diario del Sur","isPartOf":{"@id":"https:\/\/diariodelsurdigital.com.ar\/#website"},"primaryImageOfPage":{"@id":"https:\/\/diariodelsurdigital.com.ar\/?p=3841#primaryimage"},"image":{"@id":"https:\/\/diariodelsurdigital.com.ar\/?p=3841#primaryimage"},"thumbnailUrl":"https:\/\/diariodelsurdigital.com.ar\/wp-content\/uploads\/2025\/07\/md-32.webp","datePublished":"2025-07-28T12:56:06+00:00","dateModified":"2025-07-28T12:56:08+00:00","author":{"@id":"https:\/\/diariodelsurdigital.com.ar\/#\/schema\/person\/1a4992532ed62965c968031b49195c81"},"breadcrumb":{"@id":"https:\/\/diariodelsurdigital.com.ar\/?p=3841#breadcrumb"},"inLanguage":"es","potentialAction":[{"@type":"ReadAction","target":["https:\/\/diariodelsurdigital.com.ar\/?p=3841"]}]},{"@type":"ImageObject","inLanguage":"es","@id":"https:\/\/diariodelsurdigital.com.ar\/?p=3841#primaryimage","url":"https:\/\/diariodelsurdigital.com.ar\/wp-content\/uploads\/2025\/07\/md-32.webp","contentUrl":"https:\/\/diariodelsurdigital.com.ar\/wp-content\/uploads\/2025\/07\/md-32.webp","width":992,"height":744},{"@type":"BreadcrumbList","@id":"https:\/\/diariodelsurdigital.com.ar\/?p=3841#breadcrumb","itemListElement":[{"@type":"ListItem","position":1,"name":"Portada","item":"https:\/\/diariodelsurdigital.com.ar\/"},{"@type":"ListItem","position":2,"name":"Con las concesiones viales de Milei, habr\u00e1 un 162% m\u00e1s de cabinas de peaje en la zona n\u00facleo"}]},{"@type":"WebSite","@id":"https:\/\/diariodelsurdigital.com.ar\/#website","url":"https:\/\/diariodelsurdigital.com.ar\/","name":"Diario del Sur","description":"Digital","potentialAction":[{"@type":"SearchAction","target":{"@type":"EntryPoint","urlTemplate":"https:\/\/diariodelsurdigital.com.ar\/?s={search_term_string}"},"query-input":{"@type":"PropertyValueSpecification","valueRequired":true,"valueName":"search_term_string"}}],"inLanguage":"es"},{"@type":"Person","@id":"https:\/\/diariodelsurdigital.com.ar\/#\/schema\/person\/1a4992532ed62965c968031b49195c81","name":"Diario del Sur Digital","image":{"@type":"ImageObject","inLanguage":"es","@id":"https:\/\/secure.gravatar.com\/avatar\/f0c7c47fc7146d19828273b9b8eda651c9c7ab583767e6338d3d3bee825adf76?s=96&d=mm&r=g","url":"https:\/\/secure.gravatar.com\/avatar\/f0c7c47fc7146d19828273b9b8eda651c9c7ab583767e6338d3d3bee825adf76?s=96&d=mm&r=g","contentUrl":"https:\/\/secure.gravatar.com\/avatar\/f0c7c47fc7146d19828273b9b8eda651c9c7ab583767e6338d3d3bee825adf76?s=96&d=mm&r=g","caption":"Diario del Sur Digital"},"url":"https:\/\/diariodelsurdigital.com.ar\/?author=4"}]}},"_links":{"self":[{"href":"https:\/\/diariodelsurdigital.com.ar\/index.php?rest_route=\/wp\/v2\/posts\/3841","targetHints":{"allow":["GET"]}}],"collection":[{"href":"https:\/\/diariodelsurdigital.com.ar\/index.php?rest_route=\/wp\/v2\/posts"}],"about":[{"href":"https:\/\/diariodelsurdigital.com.ar\/index.php?rest_route=\/wp\/v2\/types\/post"}],"author":[{"embeddable":true,"href":"https:\/\/diariodelsurdigital.com.ar\/index.php?rest_route=\/wp\/v2\/users\/4"}],"replies":[{"embeddable":true,"href":"https:\/\/diariodelsurdigital.com.ar\/index.php?rest_route=%2Fwp%2Fv2%2Fcomments&post=3841"}],"version-history":[{"count":1,"href":"https:\/\/diariodelsurdigital.com.ar\/index.php?rest_route=\/wp\/v2\/posts\/3841\/revisions"}],"predecessor-version":[{"id":3843,"href":"https:\/\/diariodelsurdigital.com.ar\/index.php?rest_route=\/wp\/v2\/posts\/3841\/revisions\/3843"}],"wp:featuredmedia":[{"embeddable":true,"href":"https:\/\/diariodelsurdigital.com.ar\/index.php?rest_route=\/wp\/v2\/media\/3842"}],"wp:attachment":[{"href":"https:\/\/diariodelsurdigital.com.ar\/index.php?rest_route=%2Fwp%2Fv2%2Fmedia&parent=3841"}],"wp:term":[{"taxonomy":"category","embeddable":true,"href":"https:\/\/diariodelsurdigital.com.ar\/index.php?rest_route=%2Fwp%2Fv2%2Fcategories&post=3841"},{"taxonomy":"post_tag","embeddable":true,"href":"https:\/\/diariodelsurdigital.com.ar\/index.php?rest_route=%2Fwp%2Fv2%2Ftags&post=3841"}],"curies":[{"name":"wp","href":"https:\/\/api.w.org\/{rel}","templated":true}]}}