{"id":3844,"date":"2025-07-28T09:58:53","date_gmt":"2025-07-28T12:58:53","guid":{"rendered":"https:\/\/diariodelsurdigital.com.ar\/?p=3844"},"modified":"2025-07-28T09:58:54","modified_gmt":"2025-07-28T12:58:54","slug":"francia-reino-unido-y-alemania-piden-que-cese-la-catastrofe-humanitaria-en-gaza","status":"publish","type":"post","link":"https:\/\/diariodelsurdigital.com.ar\/?p=3844","title":{"rendered":"Francia, Reino Unido y Alemania piden que cese la cat\u00e1strofe humanitaria en Gaza"},"content":{"rendered":"\n<p>Francia, Reino Unido y Alemania reaccionaron a la alerta que lanzaron la ONU y las organizaciones no gubernamentales sobre un riesgo inminente de hambre generalizado en Gaza e hicieron un llamado al gobierno presidido por Benjamin Netanyahu a \u00ablevantar inmediatamente las restricciones\u00bb para la entrega de ayuda.<\/p>\n\n\n\n<p><\/p>\n\n\n\n<p>\u00abLa cat\u00e1strofe humanitaria que estamos presenciando en la Franja de Gaza debe cesar de inmediato\u00bb, exhortaron este viernes Reino Unido, Francia y Alemania en un comunicado conjunto. M\u00e9xico y Brasil se sumaron a un llamado de 15 pa\u00edses en la ONU sobre la urgencia de atender la falta de alimentos en el devastado enclave palestino.<\/p>\n\n\n\n<p>\u00abHacemos un llamado al gobierno israel\u00ed para que levante de inmediato las restricciones a la distribuci\u00f3n de ayuda y permita con urgencia a la ONU y a las ONGs humanitarias llevar a cabo su trabajo con el fin de combatir el hambre\u00bb, a\u00f1adieron.<\/p>\n\n\n\n<p>El comunicado de los tres gobiernos europeos record\u00f3 a Israel que \u00abdebe cumplir con sus obligaciones en virtud del derecho internacional humanitario\u00bb. \u00abHa llegado el momento de poner fin a la guerra en Gaza\u00bb, dijeron e instaron \u00aba todas las partes a terminar el conflicto concluyendo inmediatamente un alto al fuego\u00bb. Y reiteraron su llamado a la liberaci\u00f3n de los rehenes israel\u00edes y al desarme del grupo Hamas que gobierna en en el enclave.<\/p>\n\n\n\n<p>Asimismo, los tres gobiernos indicaron que se \u00aboponen firmemente a cualquier intento de imponer la soberan\u00eda israel\u00ed sobre los territorios palestinos ocupados\u00bb. \u00abLas amenazas de anexi\u00f3n, los asentamientos y los actos de violencia cometidos por los colonos contra los palestinos comprometen las perspectivas de una soluci\u00f3n negociada que contemple la coexistencia de dos Estados\u00bb, advirtieron.<\/p>\n\n\n\n<p>El presidente Macron anunci\u00f3 el jueves que su pa\u00eds reconocer\u00e1 formalmente el Estado palestino soberano durante la pr\u00f3xima Asamblea General de las Naciones Unidas en septiembre.<\/p>\n\n\n\n<p>El gobierno de Brasil salud\u00f3 el anuncio de Francia y exhort\u00f3 a todas las dem\u00e1s naciones que a\u00fan no lo hicieron a tomar la misma decisi\u00f3n, divulg\u00f3 Itamaraty, canciller\u00eda brasile\u00f1a. El presidente Luiz In\u00e1cio Lula da Silva es cr\u00edtico del actual gobierno israel\u00ed, al que ha acusado de ejecutar un \u00abgenocidio\u00bb en Gaza.<\/p>\n\n\n\n<p>Adem\u00e1s, el gobierno brasile\u00f1o dijo esta semana que se sumar\u00e1 a la demanda de Sud\u00e1frica en que la Corte Internacional de Justicia de las Naciones Unidas contra Israel por genocidio en el conflicto palestino-israel\u00ed.<\/p>\n\n\n\n<p>Brasil reconoce el Estado de Palestina desde 2010 y aboga por la \u00absoluci\u00f3n de dos estados\u00bb para el conflicto palestino-israel\u00ed. \u00abEl reconocimiento del Estado de Palestina por un creciente n\u00famero de pa\u00edses (\u2026) contribuye a responder a las ansias de paz en la regi\u00f3n, libertad y autodeterminaci\u00f3n del pueblo palestino\u00bb, divulg\u00f3 la canciller\u00eda.<\/p>\n\n\n\n<p>A todo esto, M\u00e9xico se sum\u00f3 a las voces en el mundo que exigen respuestas a la crisis alimentaria en Gaza. \u00abPor supuesto que condenamos lo que est\u00e1 ocurriendo en este momento\u00bb, dijo la presidenta Claudia Sheinbaum en rueda de prensa ante una pregunta sobre el hambre generalizado en ese territorio.<\/p>\n\n\n\n<p>La mandataria reiter\u00f3 la posici\u00f3n de M\u00e9xico de que se alcance la paz en la regi\u00f3n mediante la \u00abestancia pac\u00edfica de dos Estados\u00bb, el de Israel y el de Palestina. El Programa Mundial de Alimentos estim\u00f3 el viernes que un tercio de la poblaci\u00f3n de Gaza no come durante d\u00edas y la desnutrici\u00f3n est\u00e1 aumentando considerablemente.<\/p>\n\n\n\n<p>El jueves, la representaci\u00f3n mexicana ante la ONU se sum\u00f3 a un llamado de 15 pa\u00edses sobre la urgencia de atender la falta de alimentos en Gaza, y que fue firmado por Reino Unido, Noruega, Francia, Suiza, Alemania y Suecia, entre otros. \u00abEs inaceptable que el hambre (\u2026) causada por el conflicto, siga afligiendo a la poblaci\u00f3n civil de Gaza. Este sufrimiento prolongado tendr\u00e1 consecuencias irreversibles que perdurar\u00e1n durante generaciones\u00bb, se\u00f1ala el documento divulgado en sitios web oficiales de pa\u00edses signatarios.<\/p>\n\n\n\n<p>El secretario general de la ONU, Antonio Guterres, critic\u00f3 este viernes a la comunidad internacional por ignorar el sufrimiento de los palestinos que mueren de hambre en la Franja, devastada por m\u00e1s de 21 meses de guerra de Israel con Hamas.<\/p>\n\n\n\n<p>\u00abNo puedo explicar el nivel de indiferencia e inacci\u00f3n que vemos de parte de demasiados actores en la comunidad internacional: la falta de compasi\u00f3n, la falta de verdad, la falta de humanidad\u00bb, dijo Guterres en una intervenci\u00f3n en la asamblea de Amnist\u00eda Internacional.<\/p>\n","protected":false},"excerpt":{"rendered":"<p>Francia, Reino Unido y Alemania reaccionaron a la alerta que lanzaron la ONU y las organizaciones no gubernamentales sobre un riesgo inminente de hambre generalizado en Gaza e hicieron un llamado al gobierno presidido por Benjamin Netanyahu a \u00ablevantar inmediatamente las restricciones\u00bb para la entrega de ayuda. \u00abLa cat\u00e1strofe humanitaria que estamos presenciando en la [&hellip;]<\/p>\n","protected":false},"author":4,"featured_media":3845,"comment_status":"open","ping_status":"open","sticky":false,"template":"","format":"standard","meta":{"footnotes":""},"categories":[20],"tags":[],"class_list":{"0":"post-3844","1":"post","2":"type-post","3":"status-publish","4":"format-standard","5":"has-post-thumbnail","7":"category-internacionales"},"yoast_head":"<!-- This site is optimized with the Yoast SEO plugin v27.4 - https:\/\/yoast.com\/product\/yoast-seo-wordpress\/ -->\n<title>Francia, Reino Unido y Alemania piden que cese la cat\u00e1strofe humanitaria en Gaza - Diario del Sur<\/title>\n<meta name=\"robots\" content=\"index, follow, max-snippet:-1, max-image-preview:large, max-video-preview:-1\" \/>\n<link rel=\"canonical\" href=\"https:\/\/diariodelsurdigital.com.ar\/?p=3844\" \/>\n<meta property=\"og:locale\" content=\"es_ES\" \/>\n<meta property=\"og:type\" content=\"article\" \/>\n<meta property=\"og:title\" content=\"Francia, Reino Unido y Alemania piden que cese la cat\u00e1strofe humanitaria en Gaza - Diario del Sur\" \/>\n<meta property=\"og:description\" content=\"Francia, Reino Unido y Alemania reaccionaron a la alerta que lanzaron la ONU y las organizaciones no gubernamentales sobre un riesgo inminente de hambre generalizado en Gaza e hicieron un llamado al gobierno presidido por Benjamin Netanyahu a \u00ablevantar inmediatamente las restricciones\u00bb para la entrega de ayuda. \u00abLa cat\u00e1strofe humanitaria que estamos presenciando en la [&hellip;]\" \/>\n<meta property=\"og:url\" content=\"https:\/\/diariodelsurdigital.com.ar\/?p=3844\" \/>\n<meta property=\"og:site_name\" content=\"Diario del Sur\" \/>\n<meta property=\"article:published_time\" content=\"2025-07-28T12:58:53+00:00\" \/>\n<meta property=\"article:modified_time\" content=\"2025-07-28T12:58:54+00:00\" \/>\n<meta property=\"og:image\" content=\"https:\/\/diariodelsurdigital.com.ar\/wp-content\/uploads\/2025\/07\/md-33.webp\" \/>\n\t<meta property=\"og:image:width\" content=\"992\" \/>\n\t<meta property=\"og:image:height\" content=\"661\" \/>\n\t<meta property=\"og:image:type\" content=\"image\/webp\" \/>\n<meta name=\"author\" content=\"Diario del Sur Digital\" \/>\n<meta name=\"twitter:card\" content=\"summary_large_image\" \/>\n<meta name=\"twitter:label1\" content=\"Escrito por\" \/>\n\t<meta name=\"twitter:data1\" content=\"Diario del Sur Digital\" \/>\n\t<meta name=\"twitter:label2\" content=\"Tiempo de lectura\" \/>\n\t<meta name=\"twitter:data2\" content=\"4 minutos\" \/>\n<script type=\"application\/ld+json\" class=\"yoast-schema-graph\">{\"@context\":\"https:\\\/\\\/schema.org\",\"@graph\":[{\"@type\":\"Article\",\"@id\":\"https:\\\/\\\/diariodelsurdigital.com.ar\\\/?p=3844#article\",\"isPartOf\":{\"@id\":\"https:\\\/\\\/diariodelsurdigital.com.ar\\\/?p=3844\"},\"author\":{\"name\":\"Diario del Sur Digital\",\"@id\":\"https:\\\/\\\/diariodelsurdigital.com.ar\\\/#\\\/schema\\\/person\\\/1a4992532ed62965c968031b49195c81\"},\"headline\":\"Francia, Reino Unido y Alemania piden que cese la cat\u00e1strofe humanitaria en Gaza\",\"datePublished\":\"2025-07-28T12:58:53+00:00\",\"dateModified\":\"2025-07-28T12:58:54+00:00\",\"mainEntityOfPage\":{\"@id\":\"https:\\\/\\\/diariodelsurdigital.com.ar\\\/?p=3844\"},\"wordCount\":767,\"commentCount\":0,\"image\":{\"@id\":\"https:\\\/\\\/diariodelsurdigital.com.ar\\\/?p=3844#primaryimage\"},\"thumbnailUrl\":\"https:\\\/\\\/diariodelsurdigital.com.ar\\\/wp-content\\\/uploads\\\/2025\\\/07\\\/md-33.webp\",\"articleSection\":[\"Internacionales\"],\"inLanguage\":\"es\",\"potentialAction\":[{\"@type\":\"CommentAction\",\"name\":\"Comment\",\"target\":[\"https:\\\/\\\/diariodelsurdigital.com.ar\\\/?p=3844#respond\"]}]},{\"@type\":\"WebPage\",\"@id\":\"https:\\\/\\\/diariodelsurdigital.com.ar\\\/?p=3844\",\"url\":\"https:\\\/\\\/diariodelsurdigital.com.ar\\\/?p=3844\",\"name\":\"Francia, Reino Unido y Alemania piden que cese la cat\u00e1strofe humanitaria en Gaza - Diario del Sur\",\"isPartOf\":{\"@id\":\"https:\\\/\\\/diariodelsurdigital.com.ar\\\/#website\"},\"primaryImageOfPage\":{\"@id\":\"https:\\\/\\\/diariodelsurdigital.com.ar\\\/?p=3844#primaryimage\"},\"image\":{\"@id\":\"https:\\\/\\\/diariodelsurdigital.com.ar\\\/?p=3844#primaryimage\"},\"thumbnailUrl\":\"https:\\\/\\\/diariodelsurdigital.com.ar\\\/wp-content\\\/uploads\\\/2025\\\/07\\\/md-33.webp\",\"datePublished\":\"2025-07-28T12:58:53+00:00\",\"dateModified\":\"2025-07-28T12:58:54+00:00\",\"author\":{\"@id\":\"https:\\\/\\\/diariodelsurdigital.com.ar\\\/#\\\/schema\\\/person\\\/1a4992532ed62965c968031b49195c81\"},\"breadcrumb\":{\"@id\":\"https:\\\/\\\/diariodelsurdigital.com.ar\\\/?p=3844#breadcrumb\"},\"inLanguage\":\"es\",\"potentialAction\":[{\"@type\":\"ReadAction\",\"target\":[\"https:\\\/\\\/diariodelsurdigital.com.ar\\\/?p=3844\"]}]},{\"@type\":\"ImageObject\",\"inLanguage\":\"es\",\"@id\":\"https:\\\/\\\/diariodelsurdigital.com.ar\\\/?p=3844#primaryimage\",\"url\":\"https:\\\/\\\/diariodelsurdigital.com.ar\\\/wp-content\\\/uploads\\\/2025\\\/07\\\/md-33.webp\",\"contentUrl\":\"https:\\\/\\\/diariodelsurdigital.com.ar\\\/wp-content\\\/uploads\\\/2025\\\/07\\\/md-33.webp\",\"width\":992,\"height\":661},{\"@type\":\"BreadcrumbList\",\"@id\":\"https:\\\/\\\/diariodelsurdigital.com.ar\\\/?p=3844#breadcrumb\",\"itemListElement\":[{\"@type\":\"ListItem\",\"position\":1,\"name\":\"Portada\",\"item\":\"https:\\\/\\\/diariodelsurdigital.com.ar\\\/\"},{\"@type\":\"ListItem\",\"position\":2,\"name\":\"Francia, Reino Unido y Alemania piden que cese la cat\u00e1strofe humanitaria en Gaza\"}]},{\"@type\":\"WebSite\",\"@id\":\"https:\\\/\\\/diariodelsurdigital.com.ar\\\/#website\",\"url\":\"https:\\\/\\\/diariodelsurdigital.com.ar\\\/\",\"name\":\"Diario del Sur\",\"description\":\"Digital\",\"potentialAction\":[{\"@type\":\"SearchAction\",\"target\":{\"@type\":\"EntryPoint\",\"urlTemplate\":\"https:\\\/\\\/diariodelsurdigital.com.ar\\\/?s={search_term_string}\"},\"query-input\":{\"@type\":\"PropertyValueSpecification\",\"valueRequired\":true,\"valueName\":\"search_term_string\"}}],\"inLanguage\":\"es\"},{\"@type\":\"Person\",\"@id\":\"https:\\\/\\\/diariodelsurdigital.com.ar\\\/#\\\/schema\\\/person\\\/1a4992532ed62965c968031b49195c81\",\"name\":\"Diario del Sur Digital\",\"image\":{\"@type\":\"ImageObject\",\"inLanguage\":\"es\",\"@id\":\"https:\\\/\\\/secure.gravatar.com\\\/avatar\\\/f0c7c47fc7146d19828273b9b8eda651c9c7ab583767e6338d3d3bee825adf76?s=96&d=mm&r=g\",\"url\":\"https:\\\/\\\/secure.gravatar.com\\\/avatar\\\/f0c7c47fc7146d19828273b9b8eda651c9c7ab583767e6338d3d3bee825adf76?s=96&d=mm&r=g\",\"contentUrl\":\"https:\\\/\\\/secure.gravatar.com\\\/avatar\\\/f0c7c47fc7146d19828273b9b8eda651c9c7ab583767e6338d3d3bee825adf76?s=96&d=mm&r=g\",\"caption\":\"Diario del Sur Digital\"},\"url\":\"https:\\\/\\\/diariodelsurdigital.com.ar\\\/?author=4\"}]}<\/script>\n<!-- \/ Yoast SEO plugin. -->","yoast_head_json":{"title":"Francia, Reino Unido y Alemania piden que cese la cat\u00e1strofe humanitaria en Gaza - Diario del Sur","robots":{"index":"index","follow":"follow","max-snippet":"max-snippet:-1","max-image-preview":"max-image-preview:large","max-video-preview":"max-video-preview:-1"},"canonical":"https:\/\/diariodelsurdigital.com.ar\/?p=3844","og_locale":"es_ES","og_type":"article","og_title":"Francia, Reino Unido y Alemania piden que cese la cat\u00e1strofe humanitaria en Gaza - Diario del Sur","og_description":"Francia, Reino Unido y Alemania reaccionaron a la alerta que lanzaron la ONU y las organizaciones no gubernamentales sobre un riesgo inminente de hambre generalizado en Gaza e hicieron un llamado al gobierno presidido por Benjamin Netanyahu a \u00ablevantar inmediatamente las restricciones\u00bb para la entrega de ayuda. \u00abLa cat\u00e1strofe humanitaria que estamos presenciando en la [&hellip;]","og_url":"https:\/\/diariodelsurdigital.com.ar\/?p=3844","og_site_name":"Diario del Sur","article_published_time":"2025-07-28T12:58:53+00:00","article_modified_time":"2025-07-28T12:58:54+00:00","og_image":[{"width":992,"height":661,"url":"https:\/\/diariodelsurdigital.com.ar\/wp-content\/uploads\/2025\/07\/md-33.webp","type":"image\/webp"}],"author":"Diario del Sur Digital","twitter_card":"summary_large_image","twitter_misc":{"Escrito por":"Diario del Sur Digital","Tiempo de lectura":"4 minutos"},"schema":{"@context":"https:\/\/schema.org","@graph":[{"@type":"Article","@id":"https:\/\/diariodelsurdigital.com.ar\/?p=3844#article","isPartOf":{"@id":"https:\/\/diariodelsurdigital.com.ar\/?p=3844"},"author":{"name":"Diario del Sur Digital","@id":"https:\/\/diariodelsurdigital.com.ar\/#\/schema\/person\/1a4992532ed62965c968031b49195c81"},"headline":"Francia, Reino Unido y Alemania piden que cese la cat\u00e1strofe humanitaria en Gaza","datePublished":"2025-07-28T12:58:53+00:00","dateModified":"2025-07-28T12:58:54+00:00","mainEntityOfPage":{"@id":"https:\/\/diariodelsurdigital.com.ar\/?p=3844"},"wordCount":767,"commentCount":0,"image":{"@id":"https:\/\/diariodelsurdigital.com.ar\/?p=3844#primaryimage"},"thumbnailUrl":"https:\/\/diariodelsurdigital.com.ar\/wp-content\/uploads\/2025\/07\/md-33.webp","articleSection":["Internacionales"],"inLanguage":"es","potentialAction":[{"@type":"CommentAction","name":"Comment","target":["https:\/\/diariodelsurdigital.com.ar\/?p=3844#respond"]}]},{"@type":"WebPage","@id":"https:\/\/diariodelsurdigital.com.ar\/?p=3844","url":"https:\/\/diariodelsurdigital.com.ar\/?p=3844","name":"Francia, Reino Unido y Alemania piden que cese la cat\u00e1strofe humanitaria en Gaza - Diario del Sur","isPartOf":{"@id":"https:\/\/diariodelsurdigital.com.ar\/#website"},"primaryImageOfPage":{"@id":"https:\/\/diariodelsurdigital.com.ar\/?p=3844#primaryimage"},"image":{"@id":"https:\/\/diariodelsurdigital.com.ar\/?p=3844#primaryimage"},"thumbnailUrl":"https:\/\/diariodelsurdigital.com.ar\/wp-content\/uploads\/2025\/07\/md-33.webp","datePublished":"2025-07-28T12:58:53+00:00","dateModified":"2025-07-28T12:58:54+00:00","author":{"@id":"https:\/\/diariodelsurdigital.com.ar\/#\/schema\/person\/1a4992532ed62965c968031b49195c81"},"breadcrumb":{"@id":"https:\/\/diariodelsurdigital.com.ar\/?p=3844#breadcrumb"},"inLanguage":"es","potentialAction":[{"@type":"ReadAction","target":["https:\/\/diariodelsurdigital.com.ar\/?p=3844"]}]},{"@type":"ImageObject","inLanguage":"es","@id":"https:\/\/diariodelsurdigital.com.ar\/?p=3844#primaryimage","url":"https:\/\/diariodelsurdigital.com.ar\/wp-content\/uploads\/2025\/07\/md-33.webp","contentUrl":"https:\/\/diariodelsurdigital.com.ar\/wp-content\/uploads\/2025\/07\/md-33.webp","width":992,"height":661},{"@type":"BreadcrumbList","@id":"https:\/\/diariodelsurdigital.com.ar\/?p=3844#breadcrumb","itemListElement":[{"@type":"ListItem","position":1,"name":"Portada","item":"https:\/\/diariodelsurdigital.com.ar\/"},{"@type":"ListItem","position":2,"name":"Francia, Reino Unido y Alemania piden que cese la cat\u00e1strofe humanitaria en Gaza"}]},{"@type":"WebSite","@id":"https:\/\/diariodelsurdigital.com.ar\/#website","url":"https:\/\/diariodelsurdigital.com.ar\/","name":"Diario del Sur","description":"Digital","potentialAction":[{"@type":"SearchAction","target":{"@type":"EntryPoint","urlTemplate":"https:\/\/diariodelsurdigital.com.ar\/?s={search_term_string}"},"query-input":{"@type":"PropertyValueSpecification","valueRequired":true,"valueName":"search_term_string"}}],"inLanguage":"es"},{"@type":"Person","@id":"https:\/\/diariodelsurdigital.com.ar\/#\/schema\/person\/1a4992532ed62965c968031b49195c81","name":"Diario del Sur Digital","image":{"@type":"ImageObject","inLanguage":"es","@id":"https:\/\/secure.gravatar.com\/avatar\/f0c7c47fc7146d19828273b9b8eda651c9c7ab583767e6338d3d3bee825adf76?s=96&d=mm&r=g","url":"https:\/\/secure.gravatar.com\/avatar\/f0c7c47fc7146d19828273b9b8eda651c9c7ab583767e6338d3d3bee825adf76?s=96&d=mm&r=g","contentUrl":"https:\/\/secure.gravatar.com\/avatar\/f0c7c47fc7146d19828273b9b8eda651c9c7ab583767e6338d3d3bee825adf76?s=96&d=mm&r=g","caption":"Diario del Sur Digital"},"url":"https:\/\/diariodelsurdigital.com.ar\/?author=4"}]}},"_links":{"self":[{"href":"https:\/\/diariodelsurdigital.com.ar\/index.php?rest_route=\/wp\/v2\/posts\/3844","targetHints":{"allow":["GET"]}}],"collection":[{"href":"https:\/\/diariodelsurdigital.com.ar\/index.php?rest_route=\/wp\/v2\/posts"}],"about":[{"href":"https:\/\/diariodelsurdigital.com.ar\/index.php?rest_route=\/wp\/v2\/types\/post"}],"author":[{"embeddable":true,"href":"https:\/\/diariodelsurdigital.com.ar\/index.php?rest_route=\/wp\/v2\/users\/4"}],"replies":[{"embeddable":true,"href":"https:\/\/diariodelsurdigital.com.ar\/index.php?rest_route=%2Fwp%2Fv2%2Fcomments&post=3844"}],"version-history":[{"count":1,"href":"https:\/\/diariodelsurdigital.com.ar\/index.php?rest_route=\/wp\/v2\/posts\/3844\/revisions"}],"predecessor-version":[{"id":3846,"href":"https:\/\/diariodelsurdigital.com.ar\/index.php?rest_route=\/wp\/v2\/posts\/3844\/revisions\/3846"}],"wp:featuredmedia":[{"embeddable":true,"href":"https:\/\/diariodelsurdigital.com.ar\/index.php?rest_route=\/wp\/v2\/media\/3845"}],"wp:attachment":[{"href":"https:\/\/diariodelsurdigital.com.ar\/index.php?rest_route=%2Fwp%2Fv2%2Fmedia&parent=3844"}],"wp:term":[{"taxonomy":"category","embeddable":true,"href":"https:\/\/diariodelsurdigital.com.ar\/index.php?rest_route=%2Fwp%2Fv2%2Fcategories&post=3844"},{"taxonomy":"post_tag","embeddable":true,"href":"https:\/\/diariodelsurdigital.com.ar\/index.php?rest_route=%2Fwp%2Fv2%2Ftags&post=3844"}],"curies":[{"name":"wp","href":"https:\/\/api.w.org\/{rel}","templated":true}]}}