{"id":3847,"date":"2025-07-28T10:03:13","date_gmt":"2025-07-28T13:03:13","guid":{"rendered":"https:\/\/diariodelsurdigital.com.ar\/?p=3847"},"modified":"2025-07-28T10:03:15","modified_gmt":"2025-07-28T13:03:15","slug":"entre-rios-avanza-con-la-digitalizacion-de-estudios-por-imagenes-en-hospitales","status":"publish","type":"post","link":"https:\/\/diariodelsurdigital.com.ar\/?p=3847","title":{"rendered":"Entre R\u00edos avanza con la digitalizaci\u00f3n de estudios por im\u00e1genes en hospitales"},"content":{"rendered":"\n<p>M\u00e1s de 20 hospitales ya cuentan con el sistema PACS, que permite almacenar en la nube, gestionar y compartir estudios radiol\u00f3gicos y mamograf\u00edas de forma \u00e1gil y segura. La implementaci\u00f3n mejora la calidad diagn\u00f3stica, reduce costos y garantiza un manejo eficiente y protegido de la informaci\u00f3n m\u00e9dica.<\/p>\n\n\n\n<p>El Ministerio de Salud provincial contin\u00faa avanzando con la implementaci\u00f3n del sistema PACS (Picture Archiving and Communication System) en la nube, una herramienta tecnol\u00f3gica clave para modernizar el acceso a los estudios por im\u00e1genes en los establecimientos p\u00fablicos.<\/p>\n\n\n\n<p>La iniciativa comenz\u00f3 a implementarse con una prueba piloto en mayo de 2024 en el hospital de Santa Elena y, desde entonces, el sistema se fue instalando progresivamente en distintos efectores de la red p\u00fablica sanitaria.<\/p>\n\n\n\n<p>Actualmente, est\u00e1 operativo en m\u00e1s de 20 hospitales y centros de salud distribuidos en diversos departamentos de la provincia. Resta integrar a esta red PACS los 16 efectores que cuentan con equipos de rayos X y mamograf\u00eda digitalizados.<\/p>\n\n\n\n<p>Este sistema permite a los equipos m\u00e9dicos acceder a los estudios desde cualquier lugar mediante visores web, sin necesidad de estar en el hospital, y compartir las im\u00e1genes de forma segura a trav\u00e9s de canales como WhatsApp o correo electr\u00f3nico. Adem\u00e1s, garantiza copias de seguridad autom\u00e1ticas, actualizaciones permanentes y una estructura escalable que se adapta a las necesidades de cada establecimiento.<\/p>\n\n\n\n<p>Los servidores que alojan la plataforma est\u00e1n ubicados en el Data Center provincial y son gestionados por la Direcci\u00f3n General de Inform\u00e1tica, dependiente de la Secretar\u00eda de Modernizaci\u00f3n. La conexi\u00f3n de cada efector se realiza mediante routers marca Mikrotik, con un costo estimado de entre 60.000 y 80.000 pesos.<\/p>\n\n\n\n<p>Con respecto a este importante avance, el director de Integraci\u00f3n de Sistemas e Interoperatividad Digital en Salud, dependiente de la Direcci\u00f3n General de Recursos Materiales de la cartera sanitaria, Emilio Arengo, destac\u00f3: \u00abContar con una soluci\u00f3n propia representa un ahorro significativo para el sistema de salud p\u00fablica, ya que evitamos contratar servicios privados que pueden implicar costos mensuales de hasta 400.000 pesos en hospitales peque\u00f1os y 800.000 en hospitales m\u00e1s grandes. Esta implementaci\u00f3n no solo optimiza recursos, sino que tambi\u00e9n fortalece nuestra soberan\u00eda tecnol\u00f3gica y garantiza un manejo seguro de la informaci\u00f3n m\u00e9dica\u00bb.<\/p>\n\n\n\n<p>El sistema PACS ya fue instalado en el hospital materno infantil San Roque, el hospital Pascual Palma y los centros regionales de referencia Gerardo Domagk, Ram\u00f3n Carrillo y Arturo O\u00f1ativia, de Paran\u00e1; as\u00ed como en los hospitales Juan Manuel Castilla Mira (Viale), Joseph Lister (Segu\u00ed), San Francisco de As\u00eds (Crespo), Jos\u00e9 Brague Villar (Hasenkamp), Francisco Castaldo (Mar\u00eda Grande), Jos\u00e9 Mar\u00eda Miranda (Cerrito) y el Centro de Salud N\u00e9stor Kirchner (Colonia Avellaneda).<\/p>\n\n\n\n<p>En Concordia, en el hospital Felipe Heras y los centros regionales de referencia La Constituci\u00f3n y Ram\u00f3n Carrillo. En La Paz, en los hospitales 9 de Julio (de la localidad hom\u00f3nima), San Miguel (Brovril) y Santa Elena.<\/p>\n\n\n\n<p>En Gualeguaych\u00fa, en los hospitales Centenario (en la ciudad cabecera), San Isidro Labrador (Larroque) y Manuel Belgrano (Urdinarrain). Tambi\u00e9n en los hospitales San Jos\u00e9 (Federaci\u00f3n), Santa Rosa (Chajar\u00ed), Sagrado Coraz\u00f3n (Basavilbaso), San Roque (Rosario del Tala) y Justo Jos\u00e9 de Urquiza (Federal). <\/p>\n","protected":false},"excerpt":{"rendered":"<p>M\u00e1s de 20 hospitales ya cuentan con el sistema PACS, que permite almacenar en la nube, gestionar y compartir estudios radiol\u00f3gicos y mamograf\u00edas de forma \u00e1gil y segura. La implementaci\u00f3n mejora la calidad diagn\u00f3stica, reduce costos y garantiza un manejo eficiente y protegido de la informaci\u00f3n m\u00e9dica. El Ministerio de Salud provincial contin\u00faa avanzando con [&hellip;]<\/p>\n","protected":false},"author":4,"featured_media":3849,"comment_status":"open","ping_status":"open","sticky":false,"template":"","format":"standard","meta":{"footnotes":""},"categories":[17],"tags":[],"class_list":{"0":"post-3847","1":"post","2":"type-post","3":"status-publish","4":"format-standard","5":"has-post-thumbnail","7":"category-provinciales"},"yoast_head":"<!-- This site is optimized with the Yoast SEO plugin v27.4 - https:\/\/yoast.com\/product\/yoast-seo-wordpress\/ -->\n<title>Entre R\u00edos avanza con la digitalizaci\u00f3n de estudios por im\u00e1genes en hospitales - Diario del Sur<\/title>\n<meta name=\"robots\" content=\"index, follow, max-snippet:-1, max-image-preview:large, max-video-preview:-1\" \/>\n<link rel=\"canonical\" href=\"https:\/\/diariodelsurdigital.com.ar\/?p=3847\" \/>\n<meta property=\"og:locale\" content=\"es_ES\" \/>\n<meta property=\"og:type\" content=\"article\" \/>\n<meta property=\"og:title\" content=\"Entre R\u00edos avanza con la digitalizaci\u00f3n de estudios por im\u00e1genes en hospitales - Diario del Sur\" \/>\n<meta property=\"og:description\" content=\"M\u00e1s de 20 hospitales ya cuentan con el sistema PACS, que permite almacenar en la nube, gestionar y compartir estudios radiol\u00f3gicos y mamograf\u00edas de forma \u00e1gil y segura. La implementaci\u00f3n mejora la calidad diagn\u00f3stica, reduce costos y garantiza un manejo eficiente y protegido de la informaci\u00f3n m\u00e9dica. El Ministerio de Salud provincial contin\u00faa avanzando con [&hellip;]\" \/>\n<meta property=\"og:url\" content=\"https:\/\/diariodelsurdigital.com.ar\/?p=3847\" \/>\n<meta property=\"og:site_name\" content=\"Diario del Sur\" \/>\n<meta property=\"article:published_time\" content=\"2025-07-28T13:03:13+00:00\" \/>\n<meta property=\"article:modified_time\" content=\"2025-07-28T13:03:15+00:00\" \/>\n<meta property=\"og:image\" content=\"https:\/\/diariodelsurdigital.com.ar\/wp-content\/uploads\/2025\/07\/md-34.webp\" \/>\n\t<meta property=\"og:image:width\" content=\"992\" \/>\n\t<meta property=\"og:image:height\" content=\"661\" \/>\n\t<meta property=\"og:image:type\" content=\"image\/webp\" \/>\n<meta name=\"author\" content=\"Diario del Sur Digital\" \/>\n<meta name=\"twitter:card\" content=\"summary_large_image\" \/>\n<meta name=\"twitter:label1\" content=\"Escrito por\" \/>\n\t<meta name=\"twitter:data1\" content=\"Diario del Sur Digital\" \/>\n\t<meta name=\"twitter:label2\" content=\"Tiempo de lectura\" \/>\n\t<meta name=\"twitter:data2\" content=\"3 minutos\" \/>\n<script type=\"application\/ld+json\" class=\"yoast-schema-graph\">{\"@context\":\"https:\\\/\\\/schema.org\",\"@graph\":[{\"@type\":\"Article\",\"@id\":\"https:\\\/\\\/diariodelsurdigital.com.ar\\\/?p=3847#article\",\"isPartOf\":{\"@id\":\"https:\\\/\\\/diariodelsurdigital.com.ar\\\/?p=3847\"},\"author\":{\"name\":\"Diario del Sur Digital\",\"@id\":\"https:\\\/\\\/diariodelsurdigital.com.ar\\\/#\\\/schema\\\/person\\\/1a4992532ed62965c968031b49195c81\"},\"headline\":\"Entre R\u00edos avanza con la digitalizaci\u00f3n de estudios por im\u00e1genes en hospitales\",\"datePublished\":\"2025-07-28T13:03:13+00:00\",\"dateModified\":\"2025-07-28T13:03:15+00:00\",\"mainEntityOfPage\":{\"@id\":\"https:\\\/\\\/diariodelsurdigital.com.ar\\\/?p=3847\"},\"wordCount\":569,\"commentCount\":0,\"image\":{\"@id\":\"https:\\\/\\\/diariodelsurdigital.com.ar\\\/?p=3847#primaryimage\"},\"thumbnailUrl\":\"https:\\\/\\\/diariodelsurdigital.com.ar\\\/wp-content\\\/uploads\\\/2025\\\/07\\\/md-34.webp\",\"articleSection\":[\"Provinciales\"],\"inLanguage\":\"es\",\"potentialAction\":[{\"@type\":\"CommentAction\",\"name\":\"Comment\",\"target\":[\"https:\\\/\\\/diariodelsurdigital.com.ar\\\/?p=3847#respond\"]}]},{\"@type\":\"WebPage\",\"@id\":\"https:\\\/\\\/diariodelsurdigital.com.ar\\\/?p=3847\",\"url\":\"https:\\\/\\\/diariodelsurdigital.com.ar\\\/?p=3847\",\"name\":\"Entre R\u00edos avanza con la digitalizaci\u00f3n de estudios por im\u00e1genes en hospitales - Diario del Sur\",\"isPartOf\":{\"@id\":\"https:\\\/\\\/diariodelsurdigital.com.ar\\\/#website\"},\"primaryImageOfPage\":{\"@id\":\"https:\\\/\\\/diariodelsurdigital.com.ar\\\/?p=3847#primaryimage\"},\"image\":{\"@id\":\"https:\\\/\\\/diariodelsurdigital.com.ar\\\/?p=3847#primaryimage\"},\"thumbnailUrl\":\"https:\\\/\\\/diariodelsurdigital.com.ar\\\/wp-content\\\/uploads\\\/2025\\\/07\\\/md-34.webp\",\"datePublished\":\"2025-07-28T13:03:13+00:00\",\"dateModified\":\"2025-07-28T13:03:15+00:00\",\"author\":{\"@id\":\"https:\\\/\\\/diariodelsurdigital.com.ar\\\/#\\\/schema\\\/person\\\/1a4992532ed62965c968031b49195c81\"},\"breadcrumb\":{\"@id\":\"https:\\\/\\\/diariodelsurdigital.com.ar\\\/?p=3847#breadcrumb\"},\"inLanguage\":\"es\",\"potentialAction\":[{\"@type\":\"ReadAction\",\"target\":[\"https:\\\/\\\/diariodelsurdigital.com.ar\\\/?p=3847\"]}]},{\"@type\":\"ImageObject\",\"inLanguage\":\"es\",\"@id\":\"https:\\\/\\\/diariodelsurdigital.com.ar\\\/?p=3847#primaryimage\",\"url\":\"https:\\\/\\\/diariodelsurdigital.com.ar\\\/wp-content\\\/uploads\\\/2025\\\/07\\\/md-34.webp\",\"contentUrl\":\"https:\\\/\\\/diariodelsurdigital.com.ar\\\/wp-content\\\/uploads\\\/2025\\\/07\\\/md-34.webp\",\"width\":992,\"height\":661},{\"@type\":\"BreadcrumbList\",\"@id\":\"https:\\\/\\\/diariodelsurdigital.com.ar\\\/?p=3847#breadcrumb\",\"itemListElement\":[{\"@type\":\"ListItem\",\"position\":1,\"name\":\"Portada\",\"item\":\"https:\\\/\\\/diariodelsurdigital.com.ar\\\/\"},{\"@type\":\"ListItem\",\"position\":2,\"name\":\"Entre R\u00edos avanza con la digitalizaci\u00f3n de estudios por im\u00e1genes en hospitales\"}]},{\"@type\":\"WebSite\",\"@id\":\"https:\\\/\\\/diariodelsurdigital.com.ar\\\/#website\",\"url\":\"https:\\\/\\\/diariodelsurdigital.com.ar\\\/\",\"name\":\"Diario del Sur\",\"description\":\"Digital\",\"potentialAction\":[{\"@type\":\"SearchAction\",\"target\":{\"@type\":\"EntryPoint\",\"urlTemplate\":\"https:\\\/\\\/diariodelsurdigital.com.ar\\\/?s={search_term_string}\"},\"query-input\":{\"@type\":\"PropertyValueSpecification\",\"valueRequired\":true,\"valueName\":\"search_term_string\"}}],\"inLanguage\":\"es\"},{\"@type\":\"Person\",\"@id\":\"https:\\\/\\\/diariodelsurdigital.com.ar\\\/#\\\/schema\\\/person\\\/1a4992532ed62965c968031b49195c81\",\"name\":\"Diario del Sur Digital\",\"image\":{\"@type\":\"ImageObject\",\"inLanguage\":\"es\",\"@id\":\"https:\\\/\\\/secure.gravatar.com\\\/avatar\\\/f0c7c47fc7146d19828273b9b8eda651c9c7ab583767e6338d3d3bee825adf76?s=96&d=mm&r=g\",\"url\":\"https:\\\/\\\/secure.gravatar.com\\\/avatar\\\/f0c7c47fc7146d19828273b9b8eda651c9c7ab583767e6338d3d3bee825adf76?s=96&d=mm&r=g\",\"contentUrl\":\"https:\\\/\\\/secure.gravatar.com\\\/avatar\\\/f0c7c47fc7146d19828273b9b8eda651c9c7ab583767e6338d3d3bee825adf76?s=96&d=mm&r=g\",\"caption\":\"Diario del Sur Digital\"},\"url\":\"https:\\\/\\\/diariodelsurdigital.com.ar\\\/?author=4\"}]}<\/script>\n<!-- \/ Yoast SEO plugin. -->","yoast_head_json":{"title":"Entre R\u00edos avanza con la digitalizaci\u00f3n de estudios por im\u00e1genes en hospitales - Diario del Sur","robots":{"index":"index","follow":"follow","max-snippet":"max-snippet:-1","max-image-preview":"max-image-preview:large","max-video-preview":"max-video-preview:-1"},"canonical":"https:\/\/diariodelsurdigital.com.ar\/?p=3847","og_locale":"es_ES","og_type":"article","og_title":"Entre R\u00edos avanza con la digitalizaci\u00f3n de estudios por im\u00e1genes en hospitales - Diario del Sur","og_description":"M\u00e1s de 20 hospitales ya cuentan con el sistema PACS, que permite almacenar en la nube, gestionar y compartir estudios radiol\u00f3gicos y mamograf\u00edas de forma \u00e1gil y segura. La implementaci\u00f3n mejora la calidad diagn\u00f3stica, reduce costos y garantiza un manejo eficiente y protegido de la informaci\u00f3n m\u00e9dica. El Ministerio de Salud provincial contin\u00faa avanzando con [&hellip;]","og_url":"https:\/\/diariodelsurdigital.com.ar\/?p=3847","og_site_name":"Diario del Sur","article_published_time":"2025-07-28T13:03:13+00:00","article_modified_time":"2025-07-28T13:03:15+00:00","og_image":[{"width":992,"height":661,"url":"https:\/\/diariodelsurdigital.com.ar\/wp-content\/uploads\/2025\/07\/md-34.webp","type":"image\/webp"}],"author":"Diario del Sur Digital","twitter_card":"summary_large_image","twitter_misc":{"Escrito por":"Diario del Sur Digital","Tiempo de lectura":"3 minutos"},"schema":{"@context":"https:\/\/schema.org","@graph":[{"@type":"Article","@id":"https:\/\/diariodelsurdigital.com.ar\/?p=3847#article","isPartOf":{"@id":"https:\/\/diariodelsurdigital.com.ar\/?p=3847"},"author":{"name":"Diario del Sur Digital","@id":"https:\/\/diariodelsurdigital.com.ar\/#\/schema\/person\/1a4992532ed62965c968031b49195c81"},"headline":"Entre R\u00edos avanza con la digitalizaci\u00f3n de estudios por im\u00e1genes en hospitales","datePublished":"2025-07-28T13:03:13+00:00","dateModified":"2025-07-28T13:03:15+00:00","mainEntityOfPage":{"@id":"https:\/\/diariodelsurdigital.com.ar\/?p=3847"},"wordCount":569,"commentCount":0,"image":{"@id":"https:\/\/diariodelsurdigital.com.ar\/?p=3847#primaryimage"},"thumbnailUrl":"https:\/\/diariodelsurdigital.com.ar\/wp-content\/uploads\/2025\/07\/md-34.webp","articleSection":["Provinciales"],"inLanguage":"es","potentialAction":[{"@type":"CommentAction","name":"Comment","target":["https:\/\/diariodelsurdigital.com.ar\/?p=3847#respond"]}]},{"@type":"WebPage","@id":"https:\/\/diariodelsurdigital.com.ar\/?p=3847","url":"https:\/\/diariodelsurdigital.com.ar\/?p=3847","name":"Entre R\u00edos avanza con la digitalizaci\u00f3n de estudios por im\u00e1genes en hospitales - Diario del Sur","isPartOf":{"@id":"https:\/\/diariodelsurdigital.com.ar\/#website"},"primaryImageOfPage":{"@id":"https:\/\/diariodelsurdigital.com.ar\/?p=3847#primaryimage"},"image":{"@id":"https:\/\/diariodelsurdigital.com.ar\/?p=3847#primaryimage"},"thumbnailUrl":"https:\/\/diariodelsurdigital.com.ar\/wp-content\/uploads\/2025\/07\/md-34.webp","datePublished":"2025-07-28T13:03:13+00:00","dateModified":"2025-07-28T13:03:15+00:00","author":{"@id":"https:\/\/diariodelsurdigital.com.ar\/#\/schema\/person\/1a4992532ed62965c968031b49195c81"},"breadcrumb":{"@id":"https:\/\/diariodelsurdigital.com.ar\/?p=3847#breadcrumb"},"inLanguage":"es","potentialAction":[{"@type":"ReadAction","target":["https:\/\/diariodelsurdigital.com.ar\/?p=3847"]}]},{"@type":"ImageObject","inLanguage":"es","@id":"https:\/\/diariodelsurdigital.com.ar\/?p=3847#primaryimage","url":"https:\/\/diariodelsurdigital.com.ar\/wp-content\/uploads\/2025\/07\/md-34.webp","contentUrl":"https:\/\/diariodelsurdigital.com.ar\/wp-content\/uploads\/2025\/07\/md-34.webp","width":992,"height":661},{"@type":"BreadcrumbList","@id":"https:\/\/diariodelsurdigital.com.ar\/?p=3847#breadcrumb","itemListElement":[{"@type":"ListItem","position":1,"name":"Portada","item":"https:\/\/diariodelsurdigital.com.ar\/"},{"@type":"ListItem","position":2,"name":"Entre R\u00edos avanza con la digitalizaci\u00f3n de estudios por im\u00e1genes en hospitales"}]},{"@type":"WebSite","@id":"https:\/\/diariodelsurdigital.com.ar\/#website","url":"https:\/\/diariodelsurdigital.com.ar\/","name":"Diario del Sur","description":"Digital","potentialAction":[{"@type":"SearchAction","target":{"@type":"EntryPoint","urlTemplate":"https:\/\/diariodelsurdigital.com.ar\/?s={search_term_string}"},"query-input":{"@type":"PropertyValueSpecification","valueRequired":true,"valueName":"search_term_string"}}],"inLanguage":"es"},{"@type":"Person","@id":"https:\/\/diariodelsurdigital.com.ar\/#\/schema\/person\/1a4992532ed62965c968031b49195c81","name":"Diario del Sur Digital","image":{"@type":"ImageObject","inLanguage":"es","@id":"https:\/\/secure.gravatar.com\/avatar\/f0c7c47fc7146d19828273b9b8eda651c9c7ab583767e6338d3d3bee825adf76?s=96&d=mm&r=g","url":"https:\/\/secure.gravatar.com\/avatar\/f0c7c47fc7146d19828273b9b8eda651c9c7ab583767e6338d3d3bee825adf76?s=96&d=mm&r=g","contentUrl":"https:\/\/secure.gravatar.com\/avatar\/f0c7c47fc7146d19828273b9b8eda651c9c7ab583767e6338d3d3bee825adf76?s=96&d=mm&r=g","caption":"Diario del Sur Digital"},"url":"https:\/\/diariodelsurdigital.com.ar\/?author=4"}]}},"_links":{"self":[{"href":"https:\/\/diariodelsurdigital.com.ar\/index.php?rest_route=\/wp\/v2\/posts\/3847","targetHints":{"allow":["GET"]}}],"collection":[{"href":"https:\/\/diariodelsurdigital.com.ar\/index.php?rest_route=\/wp\/v2\/posts"}],"about":[{"href":"https:\/\/diariodelsurdigital.com.ar\/index.php?rest_route=\/wp\/v2\/types\/post"}],"author":[{"embeddable":true,"href":"https:\/\/diariodelsurdigital.com.ar\/index.php?rest_route=\/wp\/v2\/users\/4"}],"replies":[{"embeddable":true,"href":"https:\/\/diariodelsurdigital.com.ar\/index.php?rest_route=%2Fwp%2Fv2%2Fcomments&post=3847"}],"version-history":[{"count":1,"href":"https:\/\/diariodelsurdigital.com.ar\/index.php?rest_route=\/wp\/v2\/posts\/3847\/revisions"}],"predecessor-version":[{"id":3850,"href":"https:\/\/diariodelsurdigital.com.ar\/index.php?rest_route=\/wp\/v2\/posts\/3847\/revisions\/3850"}],"wp:featuredmedia":[{"embeddable":true,"href":"https:\/\/diariodelsurdigital.com.ar\/index.php?rest_route=\/wp\/v2\/media\/3849"}],"wp:attachment":[{"href":"https:\/\/diariodelsurdigital.com.ar\/index.php?rest_route=%2Fwp%2Fv2%2Fmedia&parent=3847"}],"wp:term":[{"taxonomy":"category","embeddable":true,"href":"https:\/\/diariodelsurdigital.com.ar\/index.php?rest_route=%2Fwp%2Fv2%2Fcategories&post=3847"},{"taxonomy":"post_tag","embeddable":true,"href":"https:\/\/diariodelsurdigital.com.ar\/index.php?rest_route=%2Fwp%2Fv2%2Ftags&post=3847"}],"curies":[{"name":"wp","href":"https:\/\/api.w.org\/{rel}","templated":true}]}}