{"id":3851,"date":"2025-07-28T10:05:07","date_gmt":"2025-07-28T13:05:07","guid":{"rendered":"https:\/\/diariodelsurdigital.com.ar\/?p=3851"},"modified":"2025-07-28T10:05:08","modified_gmt":"2025-07-28T13:05:08","slug":"un-637-de-los-argentinos-tiene-dificultades-para-llegar-a-fin-de-mes","status":"publish","type":"post","link":"https:\/\/diariodelsurdigital.com.ar\/?p=3851","title":{"rendered":"Un 63,7% de los argentinos tiene dificultades para llegar a fin de mes"},"content":{"rendered":"\n<p>Un estudio de Zuban C\u00f3rdoba tambi\u00e9n se\u00f1al\u00f3 que el 60% advirti\u00f3 que \u00abcree que Milei y su gobierno est\u00e1n profundizando la desigualdad en Argentina\u00bb.<\/p>\n\n\n\n<p>Pese a la baja de la inflaci\u00f3n de los \u00faltimos meses, el 89,3% de los argentinos asegur\u00f3 que necesita mejores sueldos y el 63,7% afirm\u00f3 que tiene cada vez m\u00e1s dificultades para llegar a fin de mes, seg\u00fan revel\u00f3 el \u00faltimo informe de la consultora Zuban C\u00f3rdoba.<\/p>\n\n\n\n<p>El sondeo fue hecho a 1400 personas, y dentro de los que tuvieron dificultades para llegar a fin de mes con sus ingresos, hubo un 44,9% entre 16 y 30 a\u00f1os, 62,9% entre 31 y 45, 60,8% entre 46 y 60 y 67,3% m\u00e1s de 60.<\/p>\n\n\n\n<p>A su vez, el 57,4% de los encuestados respondi\u00f3 que no a la siguiente afirmaci\u00f3n \u00abJavier Milei y Toto Caputo tienen todo bajo control\u00bb y el 35% la respald\u00f3. Tambi\u00e9n el 50,3% admiti\u00f3 que \u00abtiene miedo a perder su empleo o ingresos\u00bb por las pol\u00edticas del Gobierno.<\/p>\n\n\n\n<p>Por otro lado, el 60% advirti\u00f3 que \u00abcree que Milei y su gobierno est\u00e1n profundizando la desigualdad en Argentina\u00bb y el 37,1% cuestion\u00f3 esa frase.<\/p>\n\n\n\n<p>Cae la imagen del gobierno de Javier Milei<br>Seg\u00fan otro informe de la misma consultora, un 56,8% de los argentinos rechaza las pol\u00edticas del gobierno de Javier Milei. Este n\u00famero representa un crecimiento del descontento social con la gesti\u00f3n libertaria con las elecciones en la provincia de Buenos Aires y las nacionales cada vez m\u00e1s cerca.<\/p>\n\n\n\n<p>Este relevamiento tambi\u00e9n se\u00f1ala que la imagen del Presidente tambi\u00e9n empeor\u00f3: el 57,5% tiene una imagen negativa de Milei y el 41,9% positiva. Un 42,8% de los encuestados mantiene su apoyo a la gesti\u00f3n libertaria.<\/p>\n\n\n\n<p>En el mismo sentido, el informe tambi\u00e9n mostr\u00f3 que el 53,6% de los encuestados se define antimileista y el 28,1% mileista. Adem\u00e1s, el 55,4% consider\u00f3 que el jefe de Estado representa \u00abun riesgo para la sociedad\u00bb y el 37,8% que \u00absigue siendo el cambio\u00bb.<\/p>\n\n\n\n<p>Con la mira puesta en los pr\u00f3ximos comicios, tanto provinciales como nacionales, el sondeo tambi\u00e9n apunt\u00f3 que la intenci\u00f3n del 52,8% de los encuestados es \u00abcastigar la gesti\u00f3n del gobierno actual\u00bb con su voto, mientras que el 38,3% buscar\u00e1 \u00abpremiar al gobierno\u00bb de Milei, public\u00f3 \u00c1mbito. <\/p>\n","protected":false},"excerpt":{"rendered":"<p>Un estudio de Zuban C\u00f3rdoba tambi\u00e9n se\u00f1al\u00f3 que el 60% advirti\u00f3 que \u00abcree que Milei y su gobierno est\u00e1n profundizando la desigualdad en Argentina\u00bb. Pese a la baja de la inflaci\u00f3n de los \u00faltimos meses, el 89,3% de los argentinos asegur\u00f3 que necesita mejores sueldos y el 63,7% afirm\u00f3 que tiene cada vez m\u00e1s dificultades [&hellip;]<\/p>\n","protected":false},"author":4,"featured_media":3852,"comment_status":"open","ping_status":"open","sticky":false,"template":"","format":"standard","meta":{"footnotes":""},"categories":[19,18],"tags":[],"class_list":{"0":"post-3851","1":"post","2":"type-post","3":"status-publish","4":"format-standard","5":"has-post-thumbnail","7":"category-interes-general","8":"category-nacionales"},"yoast_head":"<!-- This site is optimized with the Yoast SEO plugin v27.4 - https:\/\/yoast.com\/product\/yoast-seo-wordpress\/ -->\n<title>Un 63,7% de los argentinos tiene dificultades para llegar a fin de mes - Diario del Sur<\/title>\n<meta name=\"robots\" content=\"index, follow, max-snippet:-1, max-image-preview:large, max-video-preview:-1\" \/>\n<link rel=\"canonical\" href=\"https:\/\/diariodelsurdigital.com.ar\/?p=3851\" \/>\n<meta property=\"og:locale\" content=\"es_ES\" \/>\n<meta property=\"og:type\" content=\"article\" \/>\n<meta property=\"og:title\" content=\"Un 63,7% de los argentinos tiene dificultades para llegar a fin de mes - Diario del Sur\" \/>\n<meta property=\"og:description\" content=\"Un estudio de Zuban C\u00f3rdoba tambi\u00e9n se\u00f1al\u00f3 que el 60% advirti\u00f3 que \u00abcree que Milei y su gobierno est\u00e1n profundizando la desigualdad en Argentina\u00bb. Pese a la baja de la inflaci\u00f3n de los \u00faltimos meses, el 89,3% de los argentinos asegur\u00f3 que necesita mejores sueldos y el 63,7% afirm\u00f3 que tiene cada vez m\u00e1s dificultades [&hellip;]\" \/>\n<meta property=\"og:url\" content=\"https:\/\/diariodelsurdigital.com.ar\/?p=3851\" \/>\n<meta property=\"og:site_name\" content=\"Diario del Sur\" \/>\n<meta property=\"article:published_time\" content=\"2025-07-28T13:05:07+00:00\" \/>\n<meta property=\"article:modified_time\" content=\"2025-07-28T13:05:08+00:00\" \/>\n<meta property=\"og:image\" content=\"https:\/\/diariodelsurdigital.com.ar\/wp-content\/uploads\/2025\/07\/md-35.webp\" \/>\n\t<meta property=\"og:image:width\" content=\"992\" \/>\n\t<meta property=\"og:image:height\" content=\"633\" \/>\n\t<meta property=\"og:image:type\" content=\"image\/webp\" \/>\n<meta name=\"author\" content=\"Diario del Sur Digital\" \/>\n<meta name=\"twitter:card\" content=\"summary_large_image\" \/>\n<meta name=\"twitter:label1\" content=\"Escrito por\" \/>\n\t<meta name=\"twitter:data1\" content=\"Diario del Sur Digital\" \/>\n\t<meta name=\"twitter:label2\" content=\"Tiempo de lectura\" \/>\n\t<meta name=\"twitter:data2\" content=\"2 minutos\" \/>\n<script type=\"application\/ld+json\" class=\"yoast-schema-graph\">{\"@context\":\"https:\\\/\\\/schema.org\",\"@graph\":[{\"@type\":\"Article\",\"@id\":\"https:\\\/\\\/diariodelsurdigital.com.ar\\\/?p=3851#article\",\"isPartOf\":{\"@id\":\"https:\\\/\\\/diariodelsurdigital.com.ar\\\/?p=3851\"},\"author\":{\"name\":\"Diario del Sur Digital\",\"@id\":\"https:\\\/\\\/diariodelsurdigital.com.ar\\\/#\\\/schema\\\/person\\\/1a4992532ed62965c968031b49195c81\"},\"headline\":\"Un 63,7% de los argentinos tiene dificultades para llegar a fin de mes\",\"datePublished\":\"2025-07-28T13:05:07+00:00\",\"dateModified\":\"2025-07-28T13:05:08+00:00\",\"mainEntityOfPage\":{\"@id\":\"https:\\\/\\\/diariodelsurdigital.com.ar\\\/?p=3851\"},\"wordCount\":380,\"commentCount\":0,\"image\":{\"@id\":\"https:\\\/\\\/diariodelsurdigital.com.ar\\\/?p=3851#primaryimage\"},\"thumbnailUrl\":\"https:\\\/\\\/diariodelsurdigital.com.ar\\\/wp-content\\\/uploads\\\/2025\\\/07\\\/md-35.webp\",\"articleSection\":[\"Inter\u00e9s General\",\"Nacionales\"],\"inLanguage\":\"es\",\"potentialAction\":[{\"@type\":\"CommentAction\",\"name\":\"Comment\",\"target\":[\"https:\\\/\\\/diariodelsurdigital.com.ar\\\/?p=3851#respond\"]}]},{\"@type\":\"WebPage\",\"@id\":\"https:\\\/\\\/diariodelsurdigital.com.ar\\\/?p=3851\",\"url\":\"https:\\\/\\\/diariodelsurdigital.com.ar\\\/?p=3851\",\"name\":\"Un 63,7% de los argentinos tiene dificultades para llegar a fin de mes - Diario del Sur\",\"isPartOf\":{\"@id\":\"https:\\\/\\\/diariodelsurdigital.com.ar\\\/#website\"},\"primaryImageOfPage\":{\"@id\":\"https:\\\/\\\/diariodelsurdigital.com.ar\\\/?p=3851#primaryimage\"},\"image\":{\"@id\":\"https:\\\/\\\/diariodelsurdigital.com.ar\\\/?p=3851#primaryimage\"},\"thumbnailUrl\":\"https:\\\/\\\/diariodelsurdigital.com.ar\\\/wp-content\\\/uploads\\\/2025\\\/07\\\/md-35.webp\",\"datePublished\":\"2025-07-28T13:05:07+00:00\",\"dateModified\":\"2025-07-28T13:05:08+00:00\",\"author\":{\"@id\":\"https:\\\/\\\/diariodelsurdigital.com.ar\\\/#\\\/schema\\\/person\\\/1a4992532ed62965c968031b49195c81\"},\"breadcrumb\":{\"@id\":\"https:\\\/\\\/diariodelsurdigital.com.ar\\\/?p=3851#breadcrumb\"},\"inLanguage\":\"es\",\"potentialAction\":[{\"@type\":\"ReadAction\",\"target\":[\"https:\\\/\\\/diariodelsurdigital.com.ar\\\/?p=3851\"]}]},{\"@type\":\"ImageObject\",\"inLanguage\":\"es\",\"@id\":\"https:\\\/\\\/diariodelsurdigital.com.ar\\\/?p=3851#primaryimage\",\"url\":\"https:\\\/\\\/diariodelsurdigital.com.ar\\\/wp-content\\\/uploads\\\/2025\\\/07\\\/md-35.webp\",\"contentUrl\":\"https:\\\/\\\/diariodelsurdigital.com.ar\\\/wp-content\\\/uploads\\\/2025\\\/07\\\/md-35.webp\",\"width\":992,\"height\":633},{\"@type\":\"BreadcrumbList\",\"@id\":\"https:\\\/\\\/diariodelsurdigital.com.ar\\\/?p=3851#breadcrumb\",\"itemListElement\":[{\"@type\":\"ListItem\",\"position\":1,\"name\":\"Portada\",\"item\":\"https:\\\/\\\/diariodelsurdigital.com.ar\\\/\"},{\"@type\":\"ListItem\",\"position\":2,\"name\":\"Un 63,7% de los argentinos tiene dificultades para llegar a fin de mes\"}]},{\"@type\":\"WebSite\",\"@id\":\"https:\\\/\\\/diariodelsurdigital.com.ar\\\/#website\",\"url\":\"https:\\\/\\\/diariodelsurdigital.com.ar\\\/\",\"name\":\"Diario del Sur\",\"description\":\"Digital\",\"potentialAction\":[{\"@type\":\"SearchAction\",\"target\":{\"@type\":\"EntryPoint\",\"urlTemplate\":\"https:\\\/\\\/diariodelsurdigital.com.ar\\\/?s={search_term_string}\"},\"query-input\":{\"@type\":\"PropertyValueSpecification\",\"valueRequired\":true,\"valueName\":\"search_term_string\"}}],\"inLanguage\":\"es\"},{\"@type\":\"Person\",\"@id\":\"https:\\\/\\\/diariodelsurdigital.com.ar\\\/#\\\/schema\\\/person\\\/1a4992532ed62965c968031b49195c81\",\"name\":\"Diario del Sur Digital\",\"image\":{\"@type\":\"ImageObject\",\"inLanguage\":\"es\",\"@id\":\"https:\\\/\\\/secure.gravatar.com\\\/avatar\\\/f0c7c47fc7146d19828273b9b8eda651c9c7ab583767e6338d3d3bee825adf76?s=96&d=mm&r=g\",\"url\":\"https:\\\/\\\/secure.gravatar.com\\\/avatar\\\/f0c7c47fc7146d19828273b9b8eda651c9c7ab583767e6338d3d3bee825adf76?s=96&d=mm&r=g\",\"contentUrl\":\"https:\\\/\\\/secure.gravatar.com\\\/avatar\\\/f0c7c47fc7146d19828273b9b8eda651c9c7ab583767e6338d3d3bee825adf76?s=96&d=mm&r=g\",\"caption\":\"Diario del Sur Digital\"},\"url\":\"https:\\\/\\\/diariodelsurdigital.com.ar\\\/?author=4\"}]}<\/script>\n<!-- \/ Yoast SEO plugin. -->","yoast_head_json":{"title":"Un 63,7% de los argentinos tiene dificultades para llegar a fin de mes - Diario del Sur","robots":{"index":"index","follow":"follow","max-snippet":"max-snippet:-1","max-image-preview":"max-image-preview:large","max-video-preview":"max-video-preview:-1"},"canonical":"https:\/\/diariodelsurdigital.com.ar\/?p=3851","og_locale":"es_ES","og_type":"article","og_title":"Un 63,7% de los argentinos tiene dificultades para llegar a fin de mes - Diario del Sur","og_description":"Un estudio de Zuban C\u00f3rdoba tambi\u00e9n se\u00f1al\u00f3 que el 60% advirti\u00f3 que \u00abcree que Milei y su gobierno est\u00e1n profundizando la desigualdad en Argentina\u00bb. Pese a la baja de la inflaci\u00f3n de los \u00faltimos meses, el 89,3% de los argentinos asegur\u00f3 que necesita mejores sueldos y el 63,7% afirm\u00f3 que tiene cada vez m\u00e1s dificultades [&hellip;]","og_url":"https:\/\/diariodelsurdigital.com.ar\/?p=3851","og_site_name":"Diario del Sur","article_published_time":"2025-07-28T13:05:07+00:00","article_modified_time":"2025-07-28T13:05:08+00:00","og_image":[{"width":992,"height":633,"url":"https:\/\/diariodelsurdigital.com.ar\/wp-content\/uploads\/2025\/07\/md-35.webp","type":"image\/webp"}],"author":"Diario del Sur Digital","twitter_card":"summary_large_image","twitter_misc":{"Escrito por":"Diario del Sur Digital","Tiempo de lectura":"2 minutos"},"schema":{"@context":"https:\/\/schema.org","@graph":[{"@type":"Article","@id":"https:\/\/diariodelsurdigital.com.ar\/?p=3851#article","isPartOf":{"@id":"https:\/\/diariodelsurdigital.com.ar\/?p=3851"},"author":{"name":"Diario del Sur Digital","@id":"https:\/\/diariodelsurdigital.com.ar\/#\/schema\/person\/1a4992532ed62965c968031b49195c81"},"headline":"Un 63,7% de los argentinos tiene dificultades para llegar a fin de mes","datePublished":"2025-07-28T13:05:07+00:00","dateModified":"2025-07-28T13:05:08+00:00","mainEntityOfPage":{"@id":"https:\/\/diariodelsurdigital.com.ar\/?p=3851"},"wordCount":380,"commentCount":0,"image":{"@id":"https:\/\/diariodelsurdigital.com.ar\/?p=3851#primaryimage"},"thumbnailUrl":"https:\/\/diariodelsurdigital.com.ar\/wp-content\/uploads\/2025\/07\/md-35.webp","articleSection":["Inter\u00e9s General","Nacionales"],"inLanguage":"es","potentialAction":[{"@type":"CommentAction","name":"Comment","target":["https:\/\/diariodelsurdigital.com.ar\/?p=3851#respond"]}]},{"@type":"WebPage","@id":"https:\/\/diariodelsurdigital.com.ar\/?p=3851","url":"https:\/\/diariodelsurdigital.com.ar\/?p=3851","name":"Un 63,7% de los argentinos tiene dificultades para llegar a fin de mes - Diario del Sur","isPartOf":{"@id":"https:\/\/diariodelsurdigital.com.ar\/#website"},"primaryImageOfPage":{"@id":"https:\/\/diariodelsurdigital.com.ar\/?p=3851#primaryimage"},"image":{"@id":"https:\/\/diariodelsurdigital.com.ar\/?p=3851#primaryimage"},"thumbnailUrl":"https:\/\/diariodelsurdigital.com.ar\/wp-content\/uploads\/2025\/07\/md-35.webp","datePublished":"2025-07-28T13:05:07+00:00","dateModified":"2025-07-28T13:05:08+00:00","author":{"@id":"https:\/\/diariodelsurdigital.com.ar\/#\/schema\/person\/1a4992532ed62965c968031b49195c81"},"breadcrumb":{"@id":"https:\/\/diariodelsurdigital.com.ar\/?p=3851#breadcrumb"},"inLanguage":"es","potentialAction":[{"@type":"ReadAction","target":["https:\/\/diariodelsurdigital.com.ar\/?p=3851"]}]},{"@type":"ImageObject","inLanguage":"es","@id":"https:\/\/diariodelsurdigital.com.ar\/?p=3851#primaryimage","url":"https:\/\/diariodelsurdigital.com.ar\/wp-content\/uploads\/2025\/07\/md-35.webp","contentUrl":"https:\/\/diariodelsurdigital.com.ar\/wp-content\/uploads\/2025\/07\/md-35.webp","width":992,"height":633},{"@type":"BreadcrumbList","@id":"https:\/\/diariodelsurdigital.com.ar\/?p=3851#breadcrumb","itemListElement":[{"@type":"ListItem","position":1,"name":"Portada","item":"https:\/\/diariodelsurdigital.com.ar\/"},{"@type":"ListItem","position":2,"name":"Un 63,7% de los argentinos tiene dificultades para llegar a fin de mes"}]},{"@type":"WebSite","@id":"https:\/\/diariodelsurdigital.com.ar\/#website","url":"https:\/\/diariodelsurdigital.com.ar\/","name":"Diario del Sur","description":"Digital","potentialAction":[{"@type":"SearchAction","target":{"@type":"EntryPoint","urlTemplate":"https:\/\/diariodelsurdigital.com.ar\/?s={search_term_string}"},"query-input":{"@type":"PropertyValueSpecification","valueRequired":true,"valueName":"search_term_string"}}],"inLanguage":"es"},{"@type":"Person","@id":"https:\/\/diariodelsurdigital.com.ar\/#\/schema\/person\/1a4992532ed62965c968031b49195c81","name":"Diario del Sur Digital","image":{"@type":"ImageObject","inLanguage":"es","@id":"https:\/\/secure.gravatar.com\/avatar\/f0c7c47fc7146d19828273b9b8eda651c9c7ab583767e6338d3d3bee825adf76?s=96&d=mm&r=g","url":"https:\/\/secure.gravatar.com\/avatar\/f0c7c47fc7146d19828273b9b8eda651c9c7ab583767e6338d3d3bee825adf76?s=96&d=mm&r=g","contentUrl":"https:\/\/secure.gravatar.com\/avatar\/f0c7c47fc7146d19828273b9b8eda651c9c7ab583767e6338d3d3bee825adf76?s=96&d=mm&r=g","caption":"Diario del Sur Digital"},"url":"https:\/\/diariodelsurdigital.com.ar\/?author=4"}]}},"_links":{"self":[{"href":"https:\/\/diariodelsurdigital.com.ar\/index.php?rest_route=\/wp\/v2\/posts\/3851","targetHints":{"allow":["GET"]}}],"collection":[{"href":"https:\/\/diariodelsurdigital.com.ar\/index.php?rest_route=\/wp\/v2\/posts"}],"about":[{"href":"https:\/\/diariodelsurdigital.com.ar\/index.php?rest_route=\/wp\/v2\/types\/post"}],"author":[{"embeddable":true,"href":"https:\/\/diariodelsurdigital.com.ar\/index.php?rest_route=\/wp\/v2\/users\/4"}],"replies":[{"embeddable":true,"href":"https:\/\/diariodelsurdigital.com.ar\/index.php?rest_route=%2Fwp%2Fv2%2Fcomments&post=3851"}],"version-history":[{"count":1,"href":"https:\/\/diariodelsurdigital.com.ar\/index.php?rest_route=\/wp\/v2\/posts\/3851\/revisions"}],"predecessor-version":[{"id":3853,"href":"https:\/\/diariodelsurdigital.com.ar\/index.php?rest_route=\/wp\/v2\/posts\/3851\/revisions\/3853"}],"wp:featuredmedia":[{"embeddable":true,"href":"https:\/\/diariodelsurdigital.com.ar\/index.php?rest_route=\/wp\/v2\/media\/3852"}],"wp:attachment":[{"href":"https:\/\/diariodelsurdigital.com.ar\/index.php?rest_route=%2Fwp%2Fv2%2Fmedia&parent=3851"}],"wp:term":[{"taxonomy":"category","embeddable":true,"href":"https:\/\/diariodelsurdigital.com.ar\/index.php?rest_route=%2Fwp%2Fv2%2Fcategories&post=3851"},{"taxonomy":"post_tag","embeddable":true,"href":"https:\/\/diariodelsurdigital.com.ar\/index.php?rest_route=%2Fwp%2Fv2%2Ftags&post=3851"}],"curies":[{"name":"wp","href":"https:\/\/api.w.org\/{rel}","templated":true}]}}