{"id":3857,"date":"2025-07-28T19:58:28","date_gmt":"2025-07-28T22:58:28","guid":{"rendered":"https:\/\/diariodelsurdigital.com.ar\/?p=3857"},"modified":"2025-07-28T19:58:28","modified_gmt":"2025-07-28T22:58:28","slug":"la-tierra-rota-en-el-ciclo-de-teatro-en-pueblo-viejo","status":"publish","type":"post","link":"https:\/\/diariodelsurdigital.com.ar\/?p=3857","title":{"rendered":"La Tierra Rota en el ciclo de Teatro en Pueblo Viejo"},"content":{"rendered":"\n<p><\/p>\n\n\n\n<p>Luego de las funciones estreno a sala llena, realizadas en Arand\u00fa, el Laboratorio de Experimentaci\u00f3n Teatral pondr\u00e1 en escena \u201cLa Tierra Rota\u201d (un trabajo sobre la presencia esc\u00e9nica) en la sala de teatro de Pueblo Viejo, el pr\u00f3ximo domingo 10 de agosto.<\/p>\n\n\n\n<p>Con una puesta no convencional, el Laboratorio de Teatro narra la historia de un pueblo que parece haber perdido la memoria.<\/p>\n\n\n\n<p>Una sala de espera que desespera.<\/p>\n\n\n\n<p>Personajes arquetipicos que sufren el individualismo propio de la rotura social. Esperan. Esperan buscando desesperadamente la construcci\u00f3n de sentido.<\/p>\n\n\n\n<p>\u00bfQue nos pas\u00f3? Se preguntan. Historias de personajes atravesados por vicisitudes tr\u00e1gicas y c\u00f3micas. Que se van entrelazando a lo largo de la trama. \u00bfUna b\u00fasqueda que conducir\u00e1 a un encuentro?.<\/p>\n\n\n\n<p>Coordinado por la actriz y directora Rosario Correa, el Laboratorio de Experimentaci\u00f3n Teatral comenz\u00f3 en el 2024. Proponiendo entrenamientos f\u00edsicos y vocales que permitieron profundizar la investigaci\u00f3n sobre la presencia esc\u00e9nica y el trabajo sobre ellos mismos. Transitando instancias de lenguaje po\u00e9tico de manera colectiva. Como resultado surge este montaje, cuya dramaturgia se basa en la escritura del actor en escena. La obra irrumpe en las convencionalidades del hecho teatral poniendo su \u00e9nfasis en el cuerpo en escena como sost\u00e9n dram\u00e1tico. La presencia de los actores en un espacio casi vac\u00edo. Como la espera. Como el agujero mismo del ser.<\/p>\n\n\n\n<p>Act\u00faan Andrea Vargas, Diego Gim\u00e9nez, Ivana Machuca, Liliana Polastri, Juan Menoni, Juan Pablo Portugau, Natalia Noir y Sof\u00eda Quarroz. La iluminaci\u00f3n y asistencia de direcci\u00f3n est\u00e1 a cargo de Sergio Calvo. El sonido a cargo de Amadeo Zagaglia. El trabajo cont\u00f3 con la colaboraci\u00f3n en la musicalidad de la obra de Mariano Mart\u00ednez y Lucas Salvarrey, y los aportes en la dramaturgia de Fernando Belottini. La direcci\u00f3n general est\u00e1 a cargo de Rosario Correa.<\/p>\n\n\n\n<p>La nueva funci\u00f3n de \u201cLa Tierra Rota\u201d ser\u00e1 el pr\u00f3ximo domingo 10 de agosto a las 20 hs en la Sala de Pueblo Viejo, Alem 230. Las entradas se pueden reservar al 3454244735.<\/p>\n","protected":false},"excerpt":{"rendered":"<p>Luego de las funciones estreno a sala llena, realizadas en Arand\u00fa, el Laboratorio de Experimentaci\u00f3n Teatral pondr\u00e1 en escena \u201cLa Tierra Rota\u201d (un trabajo sobre la presencia esc\u00e9nica) en la sala de teatro de Pueblo Viejo, el pr\u00f3ximo domingo 10 de agosto. Con una puesta no convencional, el Laboratorio de Teatro narra la historia de [&hellip;]<\/p>\n","protected":false},"author":2,"featured_media":3858,"comment_status":"open","ping_status":"open","sticky":false,"template":"","format":"standard","meta":{"footnotes":""},"categories":[19],"tags":[],"class_list":{"0":"post-3857","1":"post","2":"type-post","3":"status-publish","4":"format-standard","5":"has-post-thumbnail","7":"category-interes-general"},"yoast_head":"<!-- This site is optimized with the Yoast SEO plugin v27.4 - https:\/\/yoast.com\/product\/yoast-seo-wordpress\/ -->\n<title>La Tierra Rota en el ciclo de Teatro en Pueblo Viejo - Diario del Sur<\/title>\n<meta name=\"robots\" content=\"index, follow, max-snippet:-1, max-image-preview:large, max-video-preview:-1\" \/>\n<link rel=\"canonical\" href=\"https:\/\/diariodelsurdigital.com.ar\/?p=3857\" \/>\n<meta property=\"og:locale\" content=\"es_ES\" \/>\n<meta property=\"og:type\" content=\"article\" \/>\n<meta property=\"og:title\" content=\"La Tierra Rota en el ciclo de Teatro en Pueblo Viejo - Diario del Sur\" \/>\n<meta property=\"og:description\" content=\"Luego de las funciones estreno a sala llena, realizadas en Arand\u00fa, el Laboratorio de Experimentaci\u00f3n Teatral pondr\u00e1 en escena \u201cLa Tierra Rota\u201d (un trabajo sobre la presencia esc\u00e9nica) en la sala de teatro de Pueblo Viejo, el pr\u00f3ximo domingo 10 de agosto. Con una puesta no convencional, el Laboratorio de Teatro narra la historia de [&hellip;]\" \/>\n<meta property=\"og:url\" content=\"https:\/\/diariodelsurdigital.com.ar\/?p=3857\" \/>\n<meta property=\"og:site_name\" content=\"Diario del Sur\" \/>\n<meta property=\"article:published_time\" content=\"2025-07-28T22:58:28+00:00\" \/>\n<meta property=\"og:image\" content=\"https:\/\/diariodelsurdigital.com.ar\/wp-content\/uploads\/2025\/07\/Imagen-de-WhatsApp-2025-07-28-a-las-17.46.27_573908c7.jpg\" \/>\n\t<meta property=\"og:image:width\" content=\"448\" \/>\n\t<meta property=\"og:image:height\" content=\"318\" \/>\n\t<meta property=\"og:image:type\" content=\"image\/jpeg\" \/>\n<meta name=\"author\" content=\"Diario del Sur Digital\" \/>\n<meta name=\"twitter:card\" content=\"summary_large_image\" \/>\n<meta name=\"twitter:label1\" content=\"Escrito por\" \/>\n\t<meta name=\"twitter:data1\" content=\"Diario del Sur Digital\" \/>\n\t<meta name=\"twitter:label2\" content=\"Tiempo de lectura\" \/>\n\t<meta name=\"twitter:data2\" content=\"2 minutos\" \/>\n<script type=\"application\/ld+json\" class=\"yoast-schema-graph\">{\"@context\":\"https:\\\/\\\/schema.org\",\"@graph\":[{\"@type\":\"Article\",\"@id\":\"https:\\\/\\\/diariodelsurdigital.com.ar\\\/?p=3857#article\",\"isPartOf\":{\"@id\":\"https:\\\/\\\/diariodelsurdigital.com.ar\\\/?p=3857\"},\"author\":{\"name\":\"Diario del Sur Digital\",\"@id\":\"https:\\\/\\\/diariodelsurdigital.com.ar\\\/#\\\/schema\\\/person\\\/6136a32571657f7dba980b88b04c5465\"},\"headline\":\"La Tierra Rota en el ciclo de Teatro en Pueblo Viejo\",\"datePublished\":\"2025-07-28T22:58:28+00:00\",\"mainEntityOfPage\":{\"@id\":\"https:\\\/\\\/diariodelsurdigital.com.ar\\\/?p=3857\"},\"wordCount\":356,\"commentCount\":0,\"image\":{\"@id\":\"https:\\\/\\\/diariodelsurdigital.com.ar\\\/?p=3857#primaryimage\"},\"thumbnailUrl\":\"https:\\\/\\\/diariodelsurdigital.com.ar\\\/wp-content\\\/uploads\\\/2025\\\/07\\\/Imagen-de-WhatsApp-2025-07-28-a-las-17.46.27_573908c7.jpg\",\"articleSection\":[\"Inter\u00e9s General\"],\"inLanguage\":\"es\",\"potentialAction\":[{\"@type\":\"CommentAction\",\"name\":\"Comment\",\"target\":[\"https:\\\/\\\/diariodelsurdigital.com.ar\\\/?p=3857#respond\"]}]},{\"@type\":\"WebPage\",\"@id\":\"https:\\\/\\\/diariodelsurdigital.com.ar\\\/?p=3857\",\"url\":\"https:\\\/\\\/diariodelsurdigital.com.ar\\\/?p=3857\",\"name\":\"La Tierra Rota en el ciclo de Teatro en Pueblo Viejo - Diario del Sur\",\"isPartOf\":{\"@id\":\"https:\\\/\\\/diariodelsurdigital.com.ar\\\/#website\"},\"primaryImageOfPage\":{\"@id\":\"https:\\\/\\\/diariodelsurdigital.com.ar\\\/?p=3857#primaryimage\"},\"image\":{\"@id\":\"https:\\\/\\\/diariodelsurdigital.com.ar\\\/?p=3857#primaryimage\"},\"thumbnailUrl\":\"https:\\\/\\\/diariodelsurdigital.com.ar\\\/wp-content\\\/uploads\\\/2025\\\/07\\\/Imagen-de-WhatsApp-2025-07-28-a-las-17.46.27_573908c7.jpg\",\"datePublished\":\"2025-07-28T22:58:28+00:00\",\"author\":{\"@id\":\"https:\\\/\\\/diariodelsurdigital.com.ar\\\/#\\\/schema\\\/person\\\/6136a32571657f7dba980b88b04c5465\"},\"breadcrumb\":{\"@id\":\"https:\\\/\\\/diariodelsurdigital.com.ar\\\/?p=3857#breadcrumb\"},\"inLanguage\":\"es\",\"potentialAction\":[{\"@type\":\"ReadAction\",\"target\":[\"https:\\\/\\\/diariodelsurdigital.com.ar\\\/?p=3857\"]}]},{\"@type\":\"ImageObject\",\"inLanguage\":\"es\",\"@id\":\"https:\\\/\\\/diariodelsurdigital.com.ar\\\/?p=3857#primaryimage\",\"url\":\"https:\\\/\\\/diariodelsurdigital.com.ar\\\/wp-content\\\/uploads\\\/2025\\\/07\\\/Imagen-de-WhatsApp-2025-07-28-a-las-17.46.27_573908c7.jpg\",\"contentUrl\":\"https:\\\/\\\/diariodelsurdigital.com.ar\\\/wp-content\\\/uploads\\\/2025\\\/07\\\/Imagen-de-WhatsApp-2025-07-28-a-las-17.46.27_573908c7.jpg\",\"width\":448,\"height\":318},{\"@type\":\"BreadcrumbList\",\"@id\":\"https:\\\/\\\/diariodelsurdigital.com.ar\\\/?p=3857#breadcrumb\",\"itemListElement\":[{\"@type\":\"ListItem\",\"position\":1,\"name\":\"Portada\",\"item\":\"https:\\\/\\\/diariodelsurdigital.com.ar\\\/\"},{\"@type\":\"ListItem\",\"position\":2,\"name\":\"La Tierra Rota en el ciclo de Teatro en Pueblo Viejo\"}]},{\"@type\":\"WebSite\",\"@id\":\"https:\\\/\\\/diariodelsurdigital.com.ar\\\/#website\",\"url\":\"https:\\\/\\\/diariodelsurdigital.com.ar\\\/\",\"name\":\"Diario del Sur\",\"description\":\"Digital\",\"potentialAction\":[{\"@type\":\"SearchAction\",\"target\":{\"@type\":\"EntryPoint\",\"urlTemplate\":\"https:\\\/\\\/diariodelsurdigital.com.ar\\\/?s={search_term_string}\"},\"query-input\":{\"@type\":\"PropertyValueSpecification\",\"valueRequired\":true,\"valueName\":\"search_term_string\"}}],\"inLanguage\":\"es\"},{\"@type\":\"Person\",\"@id\":\"https:\\\/\\\/diariodelsurdigital.com.ar\\\/#\\\/schema\\\/person\\\/6136a32571657f7dba980b88b04c5465\",\"name\":\"Diario del Sur Digital\",\"image\":{\"@type\":\"ImageObject\",\"inLanguage\":\"es\",\"@id\":\"https:\\\/\\\/secure.gravatar.com\\\/avatar\\\/4c29ceac98541dd42460b2474aaa5dd37594d6ce6cb3cf2c101d09b48ee287ba?s=96&d=mm&r=g\",\"url\":\"https:\\\/\\\/secure.gravatar.com\\\/avatar\\\/4c29ceac98541dd42460b2474aaa5dd37594d6ce6cb3cf2c101d09b48ee287ba?s=96&d=mm&r=g\",\"contentUrl\":\"https:\\\/\\\/secure.gravatar.com\\\/avatar\\\/4c29ceac98541dd42460b2474aaa5dd37594d6ce6cb3cf2c101d09b48ee287ba?s=96&d=mm&r=g\",\"caption\":\"Diario del Sur Digital\"},\"url\":\"https:\\\/\\\/diariodelsurdigital.com.ar\\\/?author=2\"}]}<\/script>\n<!-- \/ Yoast SEO plugin. -->","yoast_head_json":{"title":"La Tierra Rota en el ciclo de Teatro en Pueblo Viejo - Diario del Sur","robots":{"index":"index","follow":"follow","max-snippet":"max-snippet:-1","max-image-preview":"max-image-preview:large","max-video-preview":"max-video-preview:-1"},"canonical":"https:\/\/diariodelsurdigital.com.ar\/?p=3857","og_locale":"es_ES","og_type":"article","og_title":"La Tierra Rota en el ciclo de Teatro en Pueblo Viejo - Diario del Sur","og_description":"Luego de las funciones estreno a sala llena, realizadas en Arand\u00fa, el Laboratorio de Experimentaci\u00f3n Teatral pondr\u00e1 en escena \u201cLa Tierra Rota\u201d (un trabajo sobre la presencia esc\u00e9nica) en la sala de teatro de Pueblo Viejo, el pr\u00f3ximo domingo 10 de agosto. Con una puesta no convencional, el Laboratorio de Teatro narra la historia de [&hellip;]","og_url":"https:\/\/diariodelsurdigital.com.ar\/?p=3857","og_site_name":"Diario del Sur","article_published_time":"2025-07-28T22:58:28+00:00","og_image":[{"width":448,"height":318,"url":"https:\/\/diariodelsurdigital.com.ar\/wp-content\/uploads\/2025\/07\/Imagen-de-WhatsApp-2025-07-28-a-las-17.46.27_573908c7.jpg","type":"image\/jpeg"}],"author":"Diario del Sur Digital","twitter_card":"summary_large_image","twitter_misc":{"Escrito por":"Diario del Sur Digital","Tiempo de lectura":"2 minutos"},"schema":{"@context":"https:\/\/schema.org","@graph":[{"@type":"Article","@id":"https:\/\/diariodelsurdigital.com.ar\/?p=3857#article","isPartOf":{"@id":"https:\/\/diariodelsurdigital.com.ar\/?p=3857"},"author":{"name":"Diario del Sur Digital","@id":"https:\/\/diariodelsurdigital.com.ar\/#\/schema\/person\/6136a32571657f7dba980b88b04c5465"},"headline":"La Tierra Rota en el ciclo de Teatro en Pueblo Viejo","datePublished":"2025-07-28T22:58:28+00:00","mainEntityOfPage":{"@id":"https:\/\/diariodelsurdigital.com.ar\/?p=3857"},"wordCount":356,"commentCount":0,"image":{"@id":"https:\/\/diariodelsurdigital.com.ar\/?p=3857#primaryimage"},"thumbnailUrl":"https:\/\/diariodelsurdigital.com.ar\/wp-content\/uploads\/2025\/07\/Imagen-de-WhatsApp-2025-07-28-a-las-17.46.27_573908c7.jpg","articleSection":["Inter\u00e9s General"],"inLanguage":"es","potentialAction":[{"@type":"CommentAction","name":"Comment","target":["https:\/\/diariodelsurdigital.com.ar\/?p=3857#respond"]}]},{"@type":"WebPage","@id":"https:\/\/diariodelsurdigital.com.ar\/?p=3857","url":"https:\/\/diariodelsurdigital.com.ar\/?p=3857","name":"La Tierra Rota en el ciclo de Teatro en Pueblo Viejo - Diario del Sur","isPartOf":{"@id":"https:\/\/diariodelsurdigital.com.ar\/#website"},"primaryImageOfPage":{"@id":"https:\/\/diariodelsurdigital.com.ar\/?p=3857#primaryimage"},"image":{"@id":"https:\/\/diariodelsurdigital.com.ar\/?p=3857#primaryimage"},"thumbnailUrl":"https:\/\/diariodelsurdigital.com.ar\/wp-content\/uploads\/2025\/07\/Imagen-de-WhatsApp-2025-07-28-a-las-17.46.27_573908c7.jpg","datePublished":"2025-07-28T22:58:28+00:00","author":{"@id":"https:\/\/diariodelsurdigital.com.ar\/#\/schema\/person\/6136a32571657f7dba980b88b04c5465"},"breadcrumb":{"@id":"https:\/\/diariodelsurdigital.com.ar\/?p=3857#breadcrumb"},"inLanguage":"es","potentialAction":[{"@type":"ReadAction","target":["https:\/\/diariodelsurdigital.com.ar\/?p=3857"]}]},{"@type":"ImageObject","inLanguage":"es","@id":"https:\/\/diariodelsurdigital.com.ar\/?p=3857#primaryimage","url":"https:\/\/diariodelsurdigital.com.ar\/wp-content\/uploads\/2025\/07\/Imagen-de-WhatsApp-2025-07-28-a-las-17.46.27_573908c7.jpg","contentUrl":"https:\/\/diariodelsurdigital.com.ar\/wp-content\/uploads\/2025\/07\/Imagen-de-WhatsApp-2025-07-28-a-las-17.46.27_573908c7.jpg","width":448,"height":318},{"@type":"BreadcrumbList","@id":"https:\/\/diariodelsurdigital.com.ar\/?p=3857#breadcrumb","itemListElement":[{"@type":"ListItem","position":1,"name":"Portada","item":"https:\/\/diariodelsurdigital.com.ar\/"},{"@type":"ListItem","position":2,"name":"La Tierra Rota en el ciclo de Teatro en Pueblo Viejo"}]},{"@type":"WebSite","@id":"https:\/\/diariodelsurdigital.com.ar\/#website","url":"https:\/\/diariodelsurdigital.com.ar\/","name":"Diario del Sur","description":"Digital","potentialAction":[{"@type":"SearchAction","target":{"@type":"EntryPoint","urlTemplate":"https:\/\/diariodelsurdigital.com.ar\/?s={search_term_string}"},"query-input":{"@type":"PropertyValueSpecification","valueRequired":true,"valueName":"search_term_string"}}],"inLanguage":"es"},{"@type":"Person","@id":"https:\/\/diariodelsurdigital.com.ar\/#\/schema\/person\/6136a32571657f7dba980b88b04c5465","name":"Diario del Sur Digital","image":{"@type":"ImageObject","inLanguage":"es","@id":"https:\/\/secure.gravatar.com\/avatar\/4c29ceac98541dd42460b2474aaa5dd37594d6ce6cb3cf2c101d09b48ee287ba?s=96&d=mm&r=g","url":"https:\/\/secure.gravatar.com\/avatar\/4c29ceac98541dd42460b2474aaa5dd37594d6ce6cb3cf2c101d09b48ee287ba?s=96&d=mm&r=g","contentUrl":"https:\/\/secure.gravatar.com\/avatar\/4c29ceac98541dd42460b2474aaa5dd37594d6ce6cb3cf2c101d09b48ee287ba?s=96&d=mm&r=g","caption":"Diario del Sur Digital"},"url":"https:\/\/diariodelsurdigital.com.ar\/?author=2"}]}},"_links":{"self":[{"href":"https:\/\/diariodelsurdigital.com.ar\/index.php?rest_route=\/wp\/v2\/posts\/3857","targetHints":{"allow":["GET"]}}],"collection":[{"href":"https:\/\/diariodelsurdigital.com.ar\/index.php?rest_route=\/wp\/v2\/posts"}],"about":[{"href":"https:\/\/diariodelsurdigital.com.ar\/index.php?rest_route=\/wp\/v2\/types\/post"}],"author":[{"embeddable":true,"href":"https:\/\/diariodelsurdigital.com.ar\/index.php?rest_route=\/wp\/v2\/users\/2"}],"replies":[{"embeddable":true,"href":"https:\/\/diariodelsurdigital.com.ar\/index.php?rest_route=%2Fwp%2Fv2%2Fcomments&post=3857"}],"version-history":[{"count":1,"href":"https:\/\/diariodelsurdigital.com.ar\/index.php?rest_route=\/wp\/v2\/posts\/3857\/revisions"}],"predecessor-version":[{"id":3859,"href":"https:\/\/diariodelsurdigital.com.ar\/index.php?rest_route=\/wp\/v2\/posts\/3857\/revisions\/3859"}],"wp:featuredmedia":[{"embeddable":true,"href":"https:\/\/diariodelsurdigital.com.ar\/index.php?rest_route=\/wp\/v2\/media\/3858"}],"wp:attachment":[{"href":"https:\/\/diariodelsurdigital.com.ar\/index.php?rest_route=%2Fwp%2Fv2%2Fmedia&parent=3857"}],"wp:term":[{"taxonomy":"category","embeddable":true,"href":"https:\/\/diariodelsurdigital.com.ar\/index.php?rest_route=%2Fwp%2Fv2%2Fcategories&post=3857"},{"taxonomy":"post_tag","embeddable":true,"href":"https:\/\/diariodelsurdigital.com.ar\/index.php?rest_route=%2Fwp%2Fv2%2Ftags&post=3857"}],"curies":[{"name":"wp","href":"https:\/\/api.w.org\/{rel}","templated":true}]}}