{"id":3861,"date":"2025-07-29T09:51:20","date_gmt":"2025-07-29T12:51:20","guid":{"rendered":"https:\/\/diariodelsurdigital.com.ar\/?p=3861"},"modified":"2025-07-29T09:51:21","modified_gmt":"2025-07-29T12:51:21","slug":"milei-informo-un-patrimonio-de-206-millones-en-su-nueva-declaracion-jurada","status":"publish","type":"post","link":"https:\/\/diariodelsurdigital.com.ar\/?p=3861","title":{"rendered":"Milei inform\u00f3 un patrimonio de $206 millones en su nueva declaraci\u00f3n jurada"},"content":{"rendered":"\n<p>El presidente Javier Milei inform\u00f3 un patrimonio de 206 millones de pesos en su declaraci\u00f3n jurada presentada ante la Oficina Anticorrupci\u00f3n (OA). El mandatario declar\u00f3 los mismos bienes muebles e inmuebles que presenta en sus informes p\u00fablicos desde que era diputado nacional: un departamento en la Capital Federal y dos veh\u00edculos. Su hermana, Karina Milei, secretaria general de la Presidencia, declar\u00f3 $11 millones.<\/p>\n\n\n\n<p>El jefe del Estado elev\u00f3 en un 64% su patrimonio, que lleg\u00f3 a los $206.046.375,48. El aumento se debe a la revaluaci\u00f3n de sus bienes. Cuenta con una propiedad de 100 metros cuadrados, en la Capital Federal, valuada en $38.419.071,20, que tiene desde el a\u00f1o 2000. Los dos veh\u00edculos que declar\u00f3 ingresaron a su patrimonio en los a\u00f1os 2013 y 2019: son un Peugeot CRZ Coup\u00e9, modelo 2013, valuado en $16.254.200, y una camioneta Mercedes Benz Sprinter, modelo 2015, cotizada en $20.173.600.<\/p>\n\n\n\n<p>Milei declar\u00f3 que cuenta con US$20.000 en efectivo, el mismo monto que expuso en su declaraci\u00f3n anterior (expresados en pesos en la declaraci\u00f3n, son $20.580.000). En dep\u00f3sitos en el pa\u00eds, el Presidente tiene US$65.542,49.<\/p>\n\n\n\n<p>En el per\u00edodo fiscal anterior, Milei hab\u00eda informado un patrimonio de $125.640.891,45. En 2024, sum\u00f3 $80.405.484 a la valuaci\u00f3n de sus posesiones.<\/p>\n\n\n\n<p>Karina Milei, en tanto, declar\u00f3 un patrimonio de $11.401.021,93. En 2023, hab\u00eda informado ante la OA posesiones por $3.548.270,42. Tambi\u00e9n por efecto de la revaluaci\u00f3n de sus bienes, el valor de su patrimonio se triplic\u00f3.<\/p>\n\n\n\n<p>La secretaria general de la Presidencia cuenta con un departamento de 150 metros cuadrados, con cochera, en la localidad bonaerense de Vicente L\u00f3pez, valuado en $3.992.825,14. En 2023, esa propiedad se declar\u00f3 en $1.833.559.<\/p>\n\n\n\n<p>La hermana del Presidente no declarar d\u00f3lares ni en efectivo ni tampoco depositados en el pa\u00eds. Tiene $4.260.081 pesos en una caja de ahorro, y un cr\u00e9dito impositivo de poco m\u00e1s de 2,4 millones de pesos.<\/p>\n\n\n\n<p>El ranking de 2023<br>Seg\u00fan las declaraciones juradas del per\u00edodo 2023, los funcionarios m\u00e1s acaudalados del Gobierno son el canciller, Gerardo Werthein; el ministro de Econom\u00eda, Luis Caputo, y el ministro de Justicia, Mariano C\u00faneo Libarona. Werthein declar\u00f3 $85.553.932.433,86; Caputo, $15.951.090.088,02, y C\u00faneo Libarona, 12.242.817.159,25. Milei figuraba en ese listado en el octavo puesto.<\/p>\n\n\n\n<p>La Oficina Anticorrupci\u00f3n, que maneja de las declaraciones juradas, tiene como jefe a Alejandro Melik. \u00c9l fue denunciado por los diputados de la Coalici\u00f3n C\u00edvica M\u00f3nica Frade y Maximiliano Ferraro, por haber firmado una resoluci\u00f3n en la que se desliga al Presidente de toda responsabilidad en el caso de la criptomoneda $LIBRA, public\u00f3 La Naci\u00f3n.<\/p>\n","protected":false},"excerpt":{"rendered":"<p>El presidente Javier Milei inform\u00f3 un patrimonio de 206 millones de pesos en su declaraci\u00f3n jurada presentada ante la Oficina Anticorrupci\u00f3n (OA). El mandatario declar\u00f3 los mismos bienes muebles e inmuebles que presenta en sus informes p\u00fablicos desde que era diputado nacional: un departamento en la Capital Federal y dos veh\u00edculos. Su hermana, Karina Milei, [&hellip;]<\/p>\n","protected":false},"author":4,"featured_media":3862,"comment_status":"open","ping_status":"open","sticky":false,"template":"","format":"standard","meta":{"footnotes":""},"categories":[18,22],"tags":[],"class_list":{"0":"post-3861","1":"post","2":"type-post","3":"status-publish","4":"format-standard","5":"has-post-thumbnail","7":"category-nacionales","8":"category-politica"},"yoast_head":"<!-- This site is optimized with the Yoast SEO plugin v27.4 - https:\/\/yoast.com\/product\/yoast-seo-wordpress\/ -->\n<title>Milei inform\u00f3 un patrimonio de $206 millones en su nueva declaraci\u00f3n jurada - Diario del Sur<\/title>\n<meta name=\"robots\" content=\"index, follow, max-snippet:-1, max-image-preview:large, max-video-preview:-1\" \/>\n<link rel=\"canonical\" href=\"https:\/\/diariodelsurdigital.com.ar\/?p=3861\" \/>\n<meta property=\"og:locale\" content=\"es_ES\" \/>\n<meta property=\"og:type\" content=\"article\" \/>\n<meta property=\"og:title\" content=\"Milei inform\u00f3 un patrimonio de $206 millones en su nueva declaraci\u00f3n jurada - Diario del Sur\" \/>\n<meta property=\"og:description\" content=\"El presidente Javier Milei inform\u00f3 un patrimonio de 206 millones de pesos en su declaraci\u00f3n jurada presentada ante la Oficina Anticorrupci\u00f3n (OA). El mandatario declar\u00f3 los mismos bienes muebles e inmuebles que presenta en sus informes p\u00fablicos desde que era diputado nacional: un departamento en la Capital Federal y dos veh\u00edculos. Su hermana, Karina Milei, [&hellip;]\" \/>\n<meta property=\"og:url\" content=\"https:\/\/diariodelsurdigital.com.ar\/?p=3861\" \/>\n<meta property=\"og:site_name\" content=\"Diario del Sur\" \/>\n<meta property=\"article:published_time\" content=\"2025-07-29T12:51:20+00:00\" \/>\n<meta property=\"article:modified_time\" content=\"2025-07-29T12:51:21+00:00\" \/>\n<meta property=\"og:image\" content=\"https:\/\/diariodelsurdigital.com.ar\/wp-content\/uploads\/2025\/07\/md-36.webp\" \/>\n\t<meta property=\"og:image:width\" content=\"992\" \/>\n\t<meta property=\"og:image:height\" content=\"635\" \/>\n\t<meta property=\"og:image:type\" content=\"image\/webp\" \/>\n<meta name=\"author\" content=\"Diario del Sur Digital\" \/>\n<meta name=\"twitter:card\" content=\"summary_large_image\" \/>\n<meta name=\"twitter:label1\" content=\"Escrito por\" \/>\n\t<meta name=\"twitter:data1\" content=\"Diario del Sur Digital\" \/>\n\t<meta name=\"twitter:label2\" content=\"Tiempo de lectura\" \/>\n\t<meta name=\"twitter:data2\" content=\"3 minutos\" \/>\n<script type=\"application\/ld+json\" class=\"yoast-schema-graph\">{\"@context\":\"https:\\\/\\\/schema.org\",\"@graph\":[{\"@type\":\"Article\",\"@id\":\"https:\\\/\\\/diariodelsurdigital.com.ar\\\/?p=3861#article\",\"isPartOf\":{\"@id\":\"https:\\\/\\\/diariodelsurdigital.com.ar\\\/?p=3861\"},\"author\":{\"name\":\"Diario del Sur Digital\",\"@id\":\"https:\\\/\\\/diariodelsurdigital.com.ar\\\/#\\\/schema\\\/person\\\/1a4992532ed62965c968031b49195c81\"},\"headline\":\"Milei inform\u00f3 un patrimonio de $206 millones en su nueva declaraci\u00f3n jurada\",\"datePublished\":\"2025-07-29T12:51:20+00:00\",\"dateModified\":\"2025-07-29T12:51:21+00:00\",\"mainEntityOfPage\":{\"@id\":\"https:\\\/\\\/diariodelsurdigital.com.ar\\\/?p=3861\"},\"wordCount\":431,\"commentCount\":0,\"image\":{\"@id\":\"https:\\\/\\\/diariodelsurdigital.com.ar\\\/?p=3861#primaryimage\"},\"thumbnailUrl\":\"https:\\\/\\\/diariodelsurdigital.com.ar\\\/wp-content\\\/uploads\\\/2025\\\/07\\\/md-36.webp\",\"articleSection\":[\"Nacionales\",\"Pol\u00edtica\"],\"inLanguage\":\"es\",\"potentialAction\":[{\"@type\":\"CommentAction\",\"name\":\"Comment\",\"target\":[\"https:\\\/\\\/diariodelsurdigital.com.ar\\\/?p=3861#respond\"]}]},{\"@type\":\"WebPage\",\"@id\":\"https:\\\/\\\/diariodelsurdigital.com.ar\\\/?p=3861\",\"url\":\"https:\\\/\\\/diariodelsurdigital.com.ar\\\/?p=3861\",\"name\":\"Milei inform\u00f3 un patrimonio de $206 millones en su nueva declaraci\u00f3n jurada - Diario del Sur\",\"isPartOf\":{\"@id\":\"https:\\\/\\\/diariodelsurdigital.com.ar\\\/#website\"},\"primaryImageOfPage\":{\"@id\":\"https:\\\/\\\/diariodelsurdigital.com.ar\\\/?p=3861#primaryimage\"},\"image\":{\"@id\":\"https:\\\/\\\/diariodelsurdigital.com.ar\\\/?p=3861#primaryimage\"},\"thumbnailUrl\":\"https:\\\/\\\/diariodelsurdigital.com.ar\\\/wp-content\\\/uploads\\\/2025\\\/07\\\/md-36.webp\",\"datePublished\":\"2025-07-29T12:51:20+00:00\",\"dateModified\":\"2025-07-29T12:51:21+00:00\",\"author\":{\"@id\":\"https:\\\/\\\/diariodelsurdigital.com.ar\\\/#\\\/schema\\\/person\\\/1a4992532ed62965c968031b49195c81\"},\"breadcrumb\":{\"@id\":\"https:\\\/\\\/diariodelsurdigital.com.ar\\\/?p=3861#breadcrumb\"},\"inLanguage\":\"es\",\"potentialAction\":[{\"@type\":\"ReadAction\",\"target\":[\"https:\\\/\\\/diariodelsurdigital.com.ar\\\/?p=3861\"]}]},{\"@type\":\"ImageObject\",\"inLanguage\":\"es\",\"@id\":\"https:\\\/\\\/diariodelsurdigital.com.ar\\\/?p=3861#primaryimage\",\"url\":\"https:\\\/\\\/diariodelsurdigital.com.ar\\\/wp-content\\\/uploads\\\/2025\\\/07\\\/md-36.webp\",\"contentUrl\":\"https:\\\/\\\/diariodelsurdigital.com.ar\\\/wp-content\\\/uploads\\\/2025\\\/07\\\/md-36.webp\",\"width\":992,\"height\":635},{\"@type\":\"BreadcrumbList\",\"@id\":\"https:\\\/\\\/diariodelsurdigital.com.ar\\\/?p=3861#breadcrumb\",\"itemListElement\":[{\"@type\":\"ListItem\",\"position\":1,\"name\":\"Portada\",\"item\":\"https:\\\/\\\/diariodelsurdigital.com.ar\\\/\"},{\"@type\":\"ListItem\",\"position\":2,\"name\":\"Milei inform\u00f3 un patrimonio de $206 millones en su nueva declaraci\u00f3n jurada\"}]},{\"@type\":\"WebSite\",\"@id\":\"https:\\\/\\\/diariodelsurdigital.com.ar\\\/#website\",\"url\":\"https:\\\/\\\/diariodelsurdigital.com.ar\\\/\",\"name\":\"Diario del Sur\",\"description\":\"Digital\",\"potentialAction\":[{\"@type\":\"SearchAction\",\"target\":{\"@type\":\"EntryPoint\",\"urlTemplate\":\"https:\\\/\\\/diariodelsurdigital.com.ar\\\/?s={search_term_string}\"},\"query-input\":{\"@type\":\"PropertyValueSpecification\",\"valueRequired\":true,\"valueName\":\"search_term_string\"}}],\"inLanguage\":\"es\"},{\"@type\":\"Person\",\"@id\":\"https:\\\/\\\/diariodelsurdigital.com.ar\\\/#\\\/schema\\\/person\\\/1a4992532ed62965c968031b49195c81\",\"name\":\"Diario del Sur Digital\",\"image\":{\"@type\":\"ImageObject\",\"inLanguage\":\"es\",\"@id\":\"https:\\\/\\\/secure.gravatar.com\\\/avatar\\\/f0c7c47fc7146d19828273b9b8eda651c9c7ab583767e6338d3d3bee825adf76?s=96&d=mm&r=g\",\"url\":\"https:\\\/\\\/secure.gravatar.com\\\/avatar\\\/f0c7c47fc7146d19828273b9b8eda651c9c7ab583767e6338d3d3bee825adf76?s=96&d=mm&r=g\",\"contentUrl\":\"https:\\\/\\\/secure.gravatar.com\\\/avatar\\\/f0c7c47fc7146d19828273b9b8eda651c9c7ab583767e6338d3d3bee825adf76?s=96&d=mm&r=g\",\"caption\":\"Diario del Sur Digital\"},\"url\":\"https:\\\/\\\/diariodelsurdigital.com.ar\\\/?author=4\"}]}<\/script>\n<!-- \/ Yoast SEO plugin. -->","yoast_head_json":{"title":"Milei inform\u00f3 un patrimonio de $206 millones en su nueva declaraci\u00f3n jurada - Diario del Sur","robots":{"index":"index","follow":"follow","max-snippet":"max-snippet:-1","max-image-preview":"max-image-preview:large","max-video-preview":"max-video-preview:-1"},"canonical":"https:\/\/diariodelsurdigital.com.ar\/?p=3861","og_locale":"es_ES","og_type":"article","og_title":"Milei inform\u00f3 un patrimonio de $206 millones en su nueva declaraci\u00f3n jurada - Diario del Sur","og_description":"El presidente Javier Milei inform\u00f3 un patrimonio de 206 millones de pesos en su declaraci\u00f3n jurada presentada ante la Oficina Anticorrupci\u00f3n (OA). El mandatario declar\u00f3 los mismos bienes muebles e inmuebles que presenta en sus informes p\u00fablicos desde que era diputado nacional: un departamento en la Capital Federal y dos veh\u00edculos. Su hermana, Karina Milei, [&hellip;]","og_url":"https:\/\/diariodelsurdigital.com.ar\/?p=3861","og_site_name":"Diario del Sur","article_published_time":"2025-07-29T12:51:20+00:00","article_modified_time":"2025-07-29T12:51:21+00:00","og_image":[{"width":992,"height":635,"url":"https:\/\/diariodelsurdigital.com.ar\/wp-content\/uploads\/2025\/07\/md-36.webp","type":"image\/webp"}],"author":"Diario del Sur Digital","twitter_card":"summary_large_image","twitter_misc":{"Escrito por":"Diario del Sur Digital","Tiempo de lectura":"3 minutos"},"schema":{"@context":"https:\/\/schema.org","@graph":[{"@type":"Article","@id":"https:\/\/diariodelsurdigital.com.ar\/?p=3861#article","isPartOf":{"@id":"https:\/\/diariodelsurdigital.com.ar\/?p=3861"},"author":{"name":"Diario del Sur Digital","@id":"https:\/\/diariodelsurdigital.com.ar\/#\/schema\/person\/1a4992532ed62965c968031b49195c81"},"headline":"Milei inform\u00f3 un patrimonio de $206 millones en su nueva declaraci\u00f3n jurada","datePublished":"2025-07-29T12:51:20+00:00","dateModified":"2025-07-29T12:51:21+00:00","mainEntityOfPage":{"@id":"https:\/\/diariodelsurdigital.com.ar\/?p=3861"},"wordCount":431,"commentCount":0,"image":{"@id":"https:\/\/diariodelsurdigital.com.ar\/?p=3861#primaryimage"},"thumbnailUrl":"https:\/\/diariodelsurdigital.com.ar\/wp-content\/uploads\/2025\/07\/md-36.webp","articleSection":["Nacionales","Pol\u00edtica"],"inLanguage":"es","potentialAction":[{"@type":"CommentAction","name":"Comment","target":["https:\/\/diariodelsurdigital.com.ar\/?p=3861#respond"]}]},{"@type":"WebPage","@id":"https:\/\/diariodelsurdigital.com.ar\/?p=3861","url":"https:\/\/diariodelsurdigital.com.ar\/?p=3861","name":"Milei inform\u00f3 un patrimonio de $206 millones en su nueva declaraci\u00f3n jurada - Diario del Sur","isPartOf":{"@id":"https:\/\/diariodelsurdigital.com.ar\/#website"},"primaryImageOfPage":{"@id":"https:\/\/diariodelsurdigital.com.ar\/?p=3861#primaryimage"},"image":{"@id":"https:\/\/diariodelsurdigital.com.ar\/?p=3861#primaryimage"},"thumbnailUrl":"https:\/\/diariodelsurdigital.com.ar\/wp-content\/uploads\/2025\/07\/md-36.webp","datePublished":"2025-07-29T12:51:20+00:00","dateModified":"2025-07-29T12:51:21+00:00","author":{"@id":"https:\/\/diariodelsurdigital.com.ar\/#\/schema\/person\/1a4992532ed62965c968031b49195c81"},"breadcrumb":{"@id":"https:\/\/diariodelsurdigital.com.ar\/?p=3861#breadcrumb"},"inLanguage":"es","potentialAction":[{"@type":"ReadAction","target":["https:\/\/diariodelsurdigital.com.ar\/?p=3861"]}]},{"@type":"ImageObject","inLanguage":"es","@id":"https:\/\/diariodelsurdigital.com.ar\/?p=3861#primaryimage","url":"https:\/\/diariodelsurdigital.com.ar\/wp-content\/uploads\/2025\/07\/md-36.webp","contentUrl":"https:\/\/diariodelsurdigital.com.ar\/wp-content\/uploads\/2025\/07\/md-36.webp","width":992,"height":635},{"@type":"BreadcrumbList","@id":"https:\/\/diariodelsurdigital.com.ar\/?p=3861#breadcrumb","itemListElement":[{"@type":"ListItem","position":1,"name":"Portada","item":"https:\/\/diariodelsurdigital.com.ar\/"},{"@type":"ListItem","position":2,"name":"Milei inform\u00f3 un patrimonio de $206 millones en su nueva declaraci\u00f3n jurada"}]},{"@type":"WebSite","@id":"https:\/\/diariodelsurdigital.com.ar\/#website","url":"https:\/\/diariodelsurdigital.com.ar\/","name":"Diario del Sur","description":"Digital","potentialAction":[{"@type":"SearchAction","target":{"@type":"EntryPoint","urlTemplate":"https:\/\/diariodelsurdigital.com.ar\/?s={search_term_string}"},"query-input":{"@type":"PropertyValueSpecification","valueRequired":true,"valueName":"search_term_string"}}],"inLanguage":"es"},{"@type":"Person","@id":"https:\/\/diariodelsurdigital.com.ar\/#\/schema\/person\/1a4992532ed62965c968031b49195c81","name":"Diario del Sur Digital","image":{"@type":"ImageObject","inLanguage":"es","@id":"https:\/\/secure.gravatar.com\/avatar\/f0c7c47fc7146d19828273b9b8eda651c9c7ab583767e6338d3d3bee825adf76?s=96&d=mm&r=g","url":"https:\/\/secure.gravatar.com\/avatar\/f0c7c47fc7146d19828273b9b8eda651c9c7ab583767e6338d3d3bee825adf76?s=96&d=mm&r=g","contentUrl":"https:\/\/secure.gravatar.com\/avatar\/f0c7c47fc7146d19828273b9b8eda651c9c7ab583767e6338d3d3bee825adf76?s=96&d=mm&r=g","caption":"Diario del Sur Digital"},"url":"https:\/\/diariodelsurdigital.com.ar\/?author=4"}]}},"_links":{"self":[{"href":"https:\/\/diariodelsurdigital.com.ar\/index.php?rest_route=\/wp\/v2\/posts\/3861","targetHints":{"allow":["GET"]}}],"collection":[{"href":"https:\/\/diariodelsurdigital.com.ar\/index.php?rest_route=\/wp\/v2\/posts"}],"about":[{"href":"https:\/\/diariodelsurdigital.com.ar\/index.php?rest_route=\/wp\/v2\/types\/post"}],"author":[{"embeddable":true,"href":"https:\/\/diariodelsurdigital.com.ar\/index.php?rest_route=\/wp\/v2\/users\/4"}],"replies":[{"embeddable":true,"href":"https:\/\/diariodelsurdigital.com.ar\/index.php?rest_route=%2Fwp%2Fv2%2Fcomments&post=3861"}],"version-history":[{"count":1,"href":"https:\/\/diariodelsurdigital.com.ar\/index.php?rest_route=\/wp\/v2\/posts\/3861\/revisions"}],"predecessor-version":[{"id":3863,"href":"https:\/\/diariodelsurdigital.com.ar\/index.php?rest_route=\/wp\/v2\/posts\/3861\/revisions\/3863"}],"wp:featuredmedia":[{"embeddable":true,"href":"https:\/\/diariodelsurdigital.com.ar\/index.php?rest_route=\/wp\/v2\/media\/3862"}],"wp:attachment":[{"href":"https:\/\/diariodelsurdigital.com.ar\/index.php?rest_route=%2Fwp%2Fv2%2Fmedia&parent=3861"}],"wp:term":[{"taxonomy":"category","embeddable":true,"href":"https:\/\/diariodelsurdigital.com.ar\/index.php?rest_route=%2Fwp%2Fv2%2Fcategories&post=3861"},{"taxonomy":"post_tag","embeddable":true,"href":"https:\/\/diariodelsurdigital.com.ar\/index.php?rest_route=%2Fwp%2Fv2%2Ftags&post=3861"}],"curies":[{"name":"wp","href":"https:\/\/api.w.org\/{rel}","templated":true}]}}