{"id":3864,"date":"2025-07-29T09:54:15","date_gmt":"2025-07-29T12:54:15","guid":{"rendered":"https:\/\/diariodelsurdigital.com.ar\/?p=3864"},"modified":"2025-07-29T09:54:16","modified_gmt":"2025-07-29T12:54:16","slug":"fiscal-federal-advirtio-que-el-transporte-de-cocaina-en-encomiendas-se-ha-convertido-en-una-de-las-metodologias-preferidas","status":"publish","type":"post","link":"https:\/\/diariodelsurdigital.com.ar\/?p=3864","title":{"rendered":"Fiscal federal advirti\u00f3 que el transporte de coca\u00edna en encomiendas se ha convertido en una de las \u201cmetodolog\u00edas preferidas\u201d"},"content":{"rendered":"\n<p>Un fallo de la C\u00e1mara Federal de Paran\u00e1 resolvi\u00f3 el conflicto negativo de competencia entre el Tribunal Federal de Concordia, y su par de San Mart\u00edn, Buenos Aires, inclinando la competencia en el \u00faltimo. Fue en una investigaci\u00f3n por el transporte por Entre R\u00edos de un kilo y medio de coca\u00edna en una encomienda enviada desde Misiones hacia Buenos Aires. Se reiter\u00f3 que se inician investigaciones contra personas que no son de Entre R\u00edos afectando los recursos de la jurisdicci\u00f3n.<\/p>\n\n\n\n<p><br>La C\u00e1mara Federal de Paran\u00e1, integrada de manera unipersonal en la vocal\u00eda de Mateo Busaniche, resolvi\u00f3 este lunes dirimir el conflicto negativo de competencia que se suscit\u00f3 entre el Juzgado Federal de Concordia y el Juzgado Federal en lo Criminal y Correccional N\u00b0 1 de San Mart\u00edn, declarando la competencia del \u00faltimo.<\/p>\n\n\n\n<p>\u201cNumeros\u00edsimas causas\u201d<\/p>\n\n\n\n<p>La C\u00e1mara intervino en atenci\u00f3n a ser la C\u00e1mara de Apelaciones superior del juez que previno las actuaciones. En la resoluci\u00f3n se tuvo en cuenta los fundamentado desarrollados por el Fiscal General ante la C\u00e1mara, que tras esbozar consideraciones respecto del tr\u00e1nsito de la mercader\u00eda, analiz\u00f3 que \u201cen numeros\u00edsimas causas originadas a partir de procedimientos en la Ruta Nacional N\u00b0 14 de esta provincia, la competencia se ha descontado como perteneciente al Magistrado preveniente, es decir el de Concordia, en quien se deposita la legitimidad de la interceptaci\u00f3n de la marcha de un rodado y el seguimiento de la carga hacia destino, habitualmente situados fuera de la provincia\u201d.<\/p>\n\n\n\n<p>La metodolog\u00eda preferida del narco<\/p>\n\n\n\n<p>El fiscal tambi\u00e9n sostuvo que de aquello \u201cha resultado que el Juzgado dedique buena parte de su agenda a la conducci\u00f3n de investigaciones de quienes no son finalmente imputados domiciliados en Entre R\u00edos, comprometiendo recursos de la jurisdicci\u00f3n, de un modo que no parece mitigarse en el marco de la experiencia y de la estad\u00edstica\u201d. El Fiscal General concluy\u00f3 que \u201cno se trata de episodios eventuales, pues la metodolog\u00eda que emplean se ha convertido en una de las preferidas\u201d.<\/p>\n\n\n\n<p>Detecci\u00f3n y entrega vigilada<\/p>\n\n\n\n<p>Las actuaciones se iniciaron el 13 de julio de 2025 en el operativo realizado por el Escuadr\u00f3n 4 Concordia de Gendarmer\u00eda Nacional, en la Ruta Nacional N\u00b0 14 a la altura del kil\u00f3metro 240, donde se procedi\u00f3 a la detenci\u00f3n y control de un veh\u00edculo de transporte de encomienda de la empresa V\u00eda Cargo, que proven\u00eda de Puerto Esperanza, Misiones, con destino a Pablo Nogu\u00e9s, Buenos Aires.<\/p>\n\n\n\n<p>Tras detectar el perro de la fuerza una encomienda que pod\u00eda contener sustancias estupefacientes, que indicaba como remitente a \u201cJuan Ram\u00f3n \u00c1lvarez\u201d y como destinatario a \u201cIsa\u00edas Mart\u00edn Ib\u00e1\u00f1ez\u201d quien la recibir\u00eda en Pablo Nogu\u00e9s, Buenos Aires, se la abri\u00f3 y se constat\u00f3 que conten\u00eda coca\u00edna con un peso total de 1.460 gramos.<\/p>\n\n\n\n<p>El Juzgado interviniente, el de Concordia, dispuso la continuidad del paquete hacia su destino y que se efect\u00fae la entrega vigilada, por lo que se implementaron los operativos de seguridad en el local de la empresa de encomienda. As\u00ed, el 14 de julio de 2025, Ib\u00e1\u00f1ez y Juan Carlos Torrez se hicieron presentes en el local de V\u00eda Cargo, en Pablo Nogu\u00e9s, para retirar la encomienda, cuando fueron detenidos por la fuerza federal.<\/p>\n\n\n\n<p>Derrotero procesal y conflicto negativo de competencia<\/p>\n\n\n\n<p>En el allanamiento del inmueble donde resid\u00edan los nombrados, en Jos\u00e9 C. Paz, Buenos Aires, el 15 de julio, se secuestraron dos celulares que pertenec\u00edan a los sospechosos. El 16 de julio fueron indagados; y el mismo d\u00eda se decret\u00f3 su incompetencia territorial en favor del Juzgado Federal en lo Criminal y Correccional con competencia en la jurisdicci\u00f3n de la C\u00e1mara Federal de San Mart\u00edn que por turno corresponda.<\/p>\n\n\n\n<p>Para decretar su incompetencia el juez Federal Subrogante de Concordia consider\u00f3 que \u201cla conducta constituy\u00f3 un transporte de estupefacientes, que es un delito permanente que se prolonga durante todo el tiempo en que dura el traslado de la sustancia y que la competencia corresponde al Juzgado con asiento en el lugar de destino final del t\u00f3xico, toda vez que all\u00ed se produjo la detenci\u00f3n de Ib\u00e1\u00f1ez y Torrez; aludi\u00f3 a la cercan\u00eda con la producci\u00f3n de la prueba, lo que garantizar\u00eda una mejor administraci\u00f3n de justicia, y una tutela judicial efectiva a trav\u00e9s del eficaz ejercicio del derecho de defensa de los nombrados. Cit\u00f3 jurisprudencia\u201d.<\/p>\n\n\n\n<p>Por su parte, el juez del Juzgado Federal en lo Criminal y Correccional N\u00b0 1 de San Mart\u00edn, el 17 de julio decidi\u00f3 rechazar la competencia atribuida, entendiendo que \u201cla declinaci\u00f3n de competencia por parte del Juzgado Federal de Concordia fue realizada en forma prematura atento al estado de la investigaci\u00f3n, haciendo especial \u00e9nfasis en el remitente\u201d.<\/p>\n\n\n\n<p>Asimismo expres\u00f3: \u201cPor lo expuesto, entiendo que hasta tanto esa parte de la investigaci\u00f3n se profundice, la remisi\u00f3n de la causa a este juzgado resulta prematura, debido a que no se sostiene el fundamento vinculado a la alegada mejor y m\u00e1s pronta administraci\u00f3n de justicia, para lo cual solo tuvo en cuenta la proximidad de la prueba con la detenci\u00f3n de los imputados\u201d.<\/p>\n","protected":false},"excerpt":{"rendered":"<p>Un fallo de la C\u00e1mara Federal de Paran\u00e1 resolvi\u00f3 el conflicto negativo de competencia entre el Tribunal Federal de Concordia, y su par de San Mart\u00edn, Buenos Aires, inclinando la competencia en el \u00faltimo. Fue en una investigaci\u00f3n por el transporte por Entre R\u00edos de un kilo y medio de coca\u00edna en una encomienda enviada [&hellip;]<\/p>\n","protected":false},"author":4,"featured_media":3866,"comment_status":"open","ping_status":"open","sticky":false,"template":"","format":"standard","meta":{"footnotes":""},"categories":[21],"tags":[],"class_list":{"0":"post-3864","1":"post","2":"type-post","3":"status-publish","4":"format-standard","5":"has-post-thumbnail","7":"category-policiales"},"yoast_head":"<!-- This site is optimized with the Yoast SEO plugin v27.4 - https:\/\/yoast.com\/product\/yoast-seo-wordpress\/ -->\n<title>Fiscal federal advirti\u00f3 que el transporte de coca\u00edna en encomiendas se ha convertido en una de las \u201cmetodolog\u00edas preferidas\u201d - Diario del Sur<\/title>\n<meta name=\"robots\" content=\"index, follow, max-snippet:-1, max-image-preview:large, max-video-preview:-1\" \/>\n<link rel=\"canonical\" href=\"https:\/\/diariodelsurdigital.com.ar\/?p=3864\" \/>\n<meta property=\"og:locale\" content=\"es_ES\" \/>\n<meta property=\"og:type\" content=\"article\" \/>\n<meta property=\"og:title\" content=\"Fiscal federal advirti\u00f3 que el transporte de coca\u00edna en encomiendas se ha convertido en una de las \u201cmetodolog\u00edas preferidas\u201d - Diario del Sur\" \/>\n<meta property=\"og:description\" content=\"Un fallo de la C\u00e1mara Federal de Paran\u00e1 resolvi\u00f3 el conflicto negativo de competencia entre el Tribunal Federal de Concordia, y su par de San Mart\u00edn, Buenos Aires, inclinando la competencia en el \u00faltimo. Fue en una investigaci\u00f3n por el transporte por Entre R\u00edos de un kilo y medio de coca\u00edna en una encomienda enviada [&hellip;]\" \/>\n<meta property=\"og:url\" content=\"https:\/\/diariodelsurdigital.com.ar\/?p=3864\" \/>\n<meta property=\"og:site_name\" content=\"Diario del Sur\" \/>\n<meta property=\"article:published_time\" content=\"2025-07-29T12:54:15+00:00\" \/>\n<meta property=\"article:modified_time\" content=\"2025-07-29T12:54:16+00:00\" \/>\n<meta property=\"og:image\" content=\"https:\/\/diariodelsurdigital.com.ar\/wp-content\/uploads\/2025\/07\/md-37.webp\" \/>\n\t<meta property=\"og:image:width\" content=\"992\" \/>\n\t<meta property=\"og:image:height\" content=\"529\" \/>\n\t<meta property=\"og:image:type\" content=\"image\/webp\" \/>\n<meta name=\"author\" content=\"Diario del Sur Digital\" \/>\n<meta name=\"twitter:card\" content=\"summary_large_image\" \/>\n<meta name=\"twitter:label1\" content=\"Escrito por\" \/>\n\t<meta name=\"twitter:data1\" content=\"Diario del Sur Digital\" \/>\n\t<meta name=\"twitter:label2\" content=\"Tiempo de lectura\" \/>\n\t<meta name=\"twitter:data2\" content=\"4 minutos\" \/>\n<script type=\"application\/ld+json\" class=\"yoast-schema-graph\">{\"@context\":\"https:\\\/\\\/schema.org\",\"@graph\":[{\"@type\":\"Article\",\"@id\":\"https:\\\/\\\/diariodelsurdigital.com.ar\\\/?p=3864#article\",\"isPartOf\":{\"@id\":\"https:\\\/\\\/diariodelsurdigital.com.ar\\\/?p=3864\"},\"author\":{\"name\":\"Diario del Sur Digital\",\"@id\":\"https:\\\/\\\/diariodelsurdigital.com.ar\\\/#\\\/schema\\\/person\\\/1a4992532ed62965c968031b49195c81\"},\"headline\":\"Fiscal federal advirti\u00f3 que el transporte de coca\u00edna en encomiendas se ha convertido en una de las \u201cmetodolog\u00edas preferidas\u201d\",\"datePublished\":\"2025-07-29T12:54:15+00:00\",\"dateModified\":\"2025-07-29T12:54:16+00:00\",\"mainEntityOfPage\":{\"@id\":\"https:\\\/\\\/diariodelsurdigital.com.ar\\\/?p=3864\"},\"wordCount\":902,\"commentCount\":0,\"image\":{\"@id\":\"https:\\\/\\\/diariodelsurdigital.com.ar\\\/?p=3864#primaryimage\"},\"thumbnailUrl\":\"https:\\\/\\\/diariodelsurdigital.com.ar\\\/wp-content\\\/uploads\\\/2025\\\/07\\\/md-37.webp\",\"articleSection\":[\"Policiales\"],\"inLanguage\":\"es\",\"potentialAction\":[{\"@type\":\"CommentAction\",\"name\":\"Comment\",\"target\":[\"https:\\\/\\\/diariodelsurdigital.com.ar\\\/?p=3864#respond\"]}]},{\"@type\":\"WebPage\",\"@id\":\"https:\\\/\\\/diariodelsurdigital.com.ar\\\/?p=3864\",\"url\":\"https:\\\/\\\/diariodelsurdigital.com.ar\\\/?p=3864\",\"name\":\"Fiscal federal advirti\u00f3 que el transporte de coca\u00edna en encomiendas se ha convertido en una de las \u201cmetodolog\u00edas preferidas\u201d - Diario del Sur\",\"isPartOf\":{\"@id\":\"https:\\\/\\\/diariodelsurdigital.com.ar\\\/#website\"},\"primaryImageOfPage\":{\"@id\":\"https:\\\/\\\/diariodelsurdigital.com.ar\\\/?p=3864#primaryimage\"},\"image\":{\"@id\":\"https:\\\/\\\/diariodelsurdigital.com.ar\\\/?p=3864#primaryimage\"},\"thumbnailUrl\":\"https:\\\/\\\/diariodelsurdigital.com.ar\\\/wp-content\\\/uploads\\\/2025\\\/07\\\/md-37.webp\",\"datePublished\":\"2025-07-29T12:54:15+00:00\",\"dateModified\":\"2025-07-29T12:54:16+00:00\",\"author\":{\"@id\":\"https:\\\/\\\/diariodelsurdigital.com.ar\\\/#\\\/schema\\\/person\\\/1a4992532ed62965c968031b49195c81\"},\"breadcrumb\":{\"@id\":\"https:\\\/\\\/diariodelsurdigital.com.ar\\\/?p=3864#breadcrumb\"},\"inLanguage\":\"es\",\"potentialAction\":[{\"@type\":\"ReadAction\",\"target\":[\"https:\\\/\\\/diariodelsurdigital.com.ar\\\/?p=3864\"]}]},{\"@type\":\"ImageObject\",\"inLanguage\":\"es\",\"@id\":\"https:\\\/\\\/diariodelsurdigital.com.ar\\\/?p=3864#primaryimage\",\"url\":\"https:\\\/\\\/diariodelsurdigital.com.ar\\\/wp-content\\\/uploads\\\/2025\\\/07\\\/md-37.webp\",\"contentUrl\":\"https:\\\/\\\/diariodelsurdigital.com.ar\\\/wp-content\\\/uploads\\\/2025\\\/07\\\/md-37.webp\",\"width\":992,\"height\":529},{\"@type\":\"BreadcrumbList\",\"@id\":\"https:\\\/\\\/diariodelsurdigital.com.ar\\\/?p=3864#breadcrumb\",\"itemListElement\":[{\"@type\":\"ListItem\",\"position\":1,\"name\":\"Portada\",\"item\":\"https:\\\/\\\/diariodelsurdigital.com.ar\\\/\"},{\"@type\":\"ListItem\",\"position\":2,\"name\":\"Fiscal federal advirti\u00f3 que el transporte de coca\u00edna en encomiendas se ha convertido en una de las \u201cmetodolog\u00edas preferidas\u201d\"}]},{\"@type\":\"WebSite\",\"@id\":\"https:\\\/\\\/diariodelsurdigital.com.ar\\\/#website\",\"url\":\"https:\\\/\\\/diariodelsurdigital.com.ar\\\/\",\"name\":\"Diario del Sur\",\"description\":\"Digital\",\"potentialAction\":[{\"@type\":\"SearchAction\",\"target\":{\"@type\":\"EntryPoint\",\"urlTemplate\":\"https:\\\/\\\/diariodelsurdigital.com.ar\\\/?s={search_term_string}\"},\"query-input\":{\"@type\":\"PropertyValueSpecification\",\"valueRequired\":true,\"valueName\":\"search_term_string\"}}],\"inLanguage\":\"es\"},{\"@type\":\"Person\",\"@id\":\"https:\\\/\\\/diariodelsurdigital.com.ar\\\/#\\\/schema\\\/person\\\/1a4992532ed62965c968031b49195c81\",\"name\":\"Diario del Sur Digital\",\"image\":{\"@type\":\"ImageObject\",\"inLanguage\":\"es\",\"@id\":\"https:\\\/\\\/secure.gravatar.com\\\/avatar\\\/f0c7c47fc7146d19828273b9b8eda651c9c7ab583767e6338d3d3bee825adf76?s=96&d=mm&r=g\",\"url\":\"https:\\\/\\\/secure.gravatar.com\\\/avatar\\\/f0c7c47fc7146d19828273b9b8eda651c9c7ab583767e6338d3d3bee825adf76?s=96&d=mm&r=g\",\"contentUrl\":\"https:\\\/\\\/secure.gravatar.com\\\/avatar\\\/f0c7c47fc7146d19828273b9b8eda651c9c7ab583767e6338d3d3bee825adf76?s=96&d=mm&r=g\",\"caption\":\"Diario del Sur Digital\"},\"url\":\"https:\\\/\\\/diariodelsurdigital.com.ar\\\/?author=4\"}]}<\/script>\n<!-- \/ Yoast SEO plugin. -->","yoast_head_json":{"title":"Fiscal federal advirti\u00f3 que el transporte de coca\u00edna en encomiendas se ha convertido en una de las \u201cmetodolog\u00edas preferidas\u201d - Diario del Sur","robots":{"index":"index","follow":"follow","max-snippet":"max-snippet:-1","max-image-preview":"max-image-preview:large","max-video-preview":"max-video-preview:-1"},"canonical":"https:\/\/diariodelsurdigital.com.ar\/?p=3864","og_locale":"es_ES","og_type":"article","og_title":"Fiscal federal advirti\u00f3 que el transporte de coca\u00edna en encomiendas se ha convertido en una de las \u201cmetodolog\u00edas preferidas\u201d - Diario del Sur","og_description":"Un fallo de la C\u00e1mara Federal de Paran\u00e1 resolvi\u00f3 el conflicto negativo de competencia entre el Tribunal Federal de Concordia, y su par de San Mart\u00edn, Buenos Aires, inclinando la competencia en el \u00faltimo. Fue en una investigaci\u00f3n por el transporte por Entre R\u00edos de un kilo y medio de coca\u00edna en una encomienda enviada [&hellip;]","og_url":"https:\/\/diariodelsurdigital.com.ar\/?p=3864","og_site_name":"Diario del Sur","article_published_time":"2025-07-29T12:54:15+00:00","article_modified_time":"2025-07-29T12:54:16+00:00","og_image":[{"width":992,"height":529,"url":"https:\/\/diariodelsurdigital.com.ar\/wp-content\/uploads\/2025\/07\/md-37.webp","type":"image\/webp"}],"author":"Diario del Sur Digital","twitter_card":"summary_large_image","twitter_misc":{"Escrito por":"Diario del Sur Digital","Tiempo de lectura":"4 minutos"},"schema":{"@context":"https:\/\/schema.org","@graph":[{"@type":"Article","@id":"https:\/\/diariodelsurdigital.com.ar\/?p=3864#article","isPartOf":{"@id":"https:\/\/diariodelsurdigital.com.ar\/?p=3864"},"author":{"name":"Diario del Sur Digital","@id":"https:\/\/diariodelsurdigital.com.ar\/#\/schema\/person\/1a4992532ed62965c968031b49195c81"},"headline":"Fiscal federal advirti\u00f3 que el transporte de coca\u00edna en encomiendas se ha convertido en una de las \u201cmetodolog\u00edas preferidas\u201d","datePublished":"2025-07-29T12:54:15+00:00","dateModified":"2025-07-29T12:54:16+00:00","mainEntityOfPage":{"@id":"https:\/\/diariodelsurdigital.com.ar\/?p=3864"},"wordCount":902,"commentCount":0,"image":{"@id":"https:\/\/diariodelsurdigital.com.ar\/?p=3864#primaryimage"},"thumbnailUrl":"https:\/\/diariodelsurdigital.com.ar\/wp-content\/uploads\/2025\/07\/md-37.webp","articleSection":["Policiales"],"inLanguage":"es","potentialAction":[{"@type":"CommentAction","name":"Comment","target":["https:\/\/diariodelsurdigital.com.ar\/?p=3864#respond"]}]},{"@type":"WebPage","@id":"https:\/\/diariodelsurdigital.com.ar\/?p=3864","url":"https:\/\/diariodelsurdigital.com.ar\/?p=3864","name":"Fiscal federal advirti\u00f3 que el transporte de coca\u00edna en encomiendas se ha convertido en una de las \u201cmetodolog\u00edas preferidas\u201d - Diario del Sur","isPartOf":{"@id":"https:\/\/diariodelsurdigital.com.ar\/#website"},"primaryImageOfPage":{"@id":"https:\/\/diariodelsurdigital.com.ar\/?p=3864#primaryimage"},"image":{"@id":"https:\/\/diariodelsurdigital.com.ar\/?p=3864#primaryimage"},"thumbnailUrl":"https:\/\/diariodelsurdigital.com.ar\/wp-content\/uploads\/2025\/07\/md-37.webp","datePublished":"2025-07-29T12:54:15+00:00","dateModified":"2025-07-29T12:54:16+00:00","author":{"@id":"https:\/\/diariodelsurdigital.com.ar\/#\/schema\/person\/1a4992532ed62965c968031b49195c81"},"breadcrumb":{"@id":"https:\/\/diariodelsurdigital.com.ar\/?p=3864#breadcrumb"},"inLanguage":"es","potentialAction":[{"@type":"ReadAction","target":["https:\/\/diariodelsurdigital.com.ar\/?p=3864"]}]},{"@type":"ImageObject","inLanguage":"es","@id":"https:\/\/diariodelsurdigital.com.ar\/?p=3864#primaryimage","url":"https:\/\/diariodelsurdigital.com.ar\/wp-content\/uploads\/2025\/07\/md-37.webp","contentUrl":"https:\/\/diariodelsurdigital.com.ar\/wp-content\/uploads\/2025\/07\/md-37.webp","width":992,"height":529},{"@type":"BreadcrumbList","@id":"https:\/\/diariodelsurdigital.com.ar\/?p=3864#breadcrumb","itemListElement":[{"@type":"ListItem","position":1,"name":"Portada","item":"https:\/\/diariodelsurdigital.com.ar\/"},{"@type":"ListItem","position":2,"name":"Fiscal federal advirti\u00f3 que el transporte de coca\u00edna en encomiendas se ha convertido en una de las \u201cmetodolog\u00edas preferidas\u201d"}]},{"@type":"WebSite","@id":"https:\/\/diariodelsurdigital.com.ar\/#website","url":"https:\/\/diariodelsurdigital.com.ar\/","name":"Diario del Sur","description":"Digital","potentialAction":[{"@type":"SearchAction","target":{"@type":"EntryPoint","urlTemplate":"https:\/\/diariodelsurdigital.com.ar\/?s={search_term_string}"},"query-input":{"@type":"PropertyValueSpecification","valueRequired":true,"valueName":"search_term_string"}}],"inLanguage":"es"},{"@type":"Person","@id":"https:\/\/diariodelsurdigital.com.ar\/#\/schema\/person\/1a4992532ed62965c968031b49195c81","name":"Diario del Sur Digital","image":{"@type":"ImageObject","inLanguage":"es","@id":"https:\/\/secure.gravatar.com\/avatar\/f0c7c47fc7146d19828273b9b8eda651c9c7ab583767e6338d3d3bee825adf76?s=96&d=mm&r=g","url":"https:\/\/secure.gravatar.com\/avatar\/f0c7c47fc7146d19828273b9b8eda651c9c7ab583767e6338d3d3bee825adf76?s=96&d=mm&r=g","contentUrl":"https:\/\/secure.gravatar.com\/avatar\/f0c7c47fc7146d19828273b9b8eda651c9c7ab583767e6338d3d3bee825adf76?s=96&d=mm&r=g","caption":"Diario del Sur Digital"},"url":"https:\/\/diariodelsurdigital.com.ar\/?author=4"}]}},"_links":{"self":[{"href":"https:\/\/diariodelsurdigital.com.ar\/index.php?rest_route=\/wp\/v2\/posts\/3864","targetHints":{"allow":["GET"]}}],"collection":[{"href":"https:\/\/diariodelsurdigital.com.ar\/index.php?rest_route=\/wp\/v2\/posts"}],"about":[{"href":"https:\/\/diariodelsurdigital.com.ar\/index.php?rest_route=\/wp\/v2\/types\/post"}],"author":[{"embeddable":true,"href":"https:\/\/diariodelsurdigital.com.ar\/index.php?rest_route=\/wp\/v2\/users\/4"}],"replies":[{"embeddable":true,"href":"https:\/\/diariodelsurdigital.com.ar\/index.php?rest_route=%2Fwp%2Fv2%2Fcomments&post=3864"}],"version-history":[{"count":1,"href":"https:\/\/diariodelsurdigital.com.ar\/index.php?rest_route=\/wp\/v2\/posts\/3864\/revisions"}],"predecessor-version":[{"id":3865,"href":"https:\/\/diariodelsurdigital.com.ar\/index.php?rest_route=\/wp\/v2\/posts\/3864\/revisions\/3865"}],"wp:featuredmedia":[{"embeddable":true,"href":"https:\/\/diariodelsurdigital.com.ar\/index.php?rest_route=\/wp\/v2\/media\/3866"}],"wp:attachment":[{"href":"https:\/\/diariodelsurdigital.com.ar\/index.php?rest_route=%2Fwp%2Fv2%2Fmedia&parent=3864"}],"wp:term":[{"taxonomy":"category","embeddable":true,"href":"https:\/\/diariodelsurdigital.com.ar\/index.php?rest_route=%2Fwp%2Fv2%2Fcategories&post=3864"},{"taxonomy":"post_tag","embeddable":true,"href":"https:\/\/diariodelsurdigital.com.ar\/index.php?rest_route=%2Fwp%2Fv2%2Ftags&post=3864"}],"curies":[{"name":"wp","href":"https:\/\/api.w.org\/{rel}","templated":true}]}}