{"id":3867,"date":"2025-07-29T09:57:21","date_gmt":"2025-07-29T12:57:21","guid":{"rendered":"https:\/\/diariodelsurdigital.com.ar\/?p=3867"},"modified":"2025-07-29T09:57:22","modified_gmt":"2025-07-29T12:57:22","slug":"nobel-de-economia-critico-al-ex-presidente-macri-y-al-actual-javier-milei-por-un-endeudamiento-impagable","status":"publish","type":"post","link":"https:\/\/diariodelsurdigital.com.ar\/?p=3867","title":{"rendered":"Nobel de Econom\u00eda critic\u00f3 al ex presidente Macri y al actual, Javier Milei, por un endeudamiento \u201cimpagable\u201d"},"content":{"rendered":"\n<p>El premio Nobel de Econom\u00eda, Joseph Stiglitz, opin\u00f3 sobre el futuro de la Argentina y fue contundente: \u00abEst\u00e1 a las puertas de otra crisis\u00bb. En una de las cr\u00edticas m\u00e1s fuertes, el economista estadounidense, entendi\u00f3 que no se debe mirar la baja de la inflaci\u00f3n como un \u00e9xito puesto que se estar\u00eda alcanzando a costa de un endeudamiento \u201cimpagable\u201d con el Fondo Monetario Internacional (FMI). A\u00f1adi\u00f3 que \u00abel pa\u00eds no es viable con m\u00e1s de 56 mil millones de d\u00f3lares en deuda. No podr\u00e1n pagar\u201d.<\/p>\n\n\n\n<p><\/p>\n\n\n\n<p>El premio nobel de Econom\u00eda Joseph Stiglitz sostuvo que Argentina \u00abest\u00e1 a las puertas de otra crisis\u00bb. Apunt\u00f3 sus cr\u00edticas contra la toma de deuda con el Fondo Monetario Internacional en la gesti\u00f3n de Mauricio Macri y el nuevo pr\u00e9stamo conseguido por la administraci\u00f3n de Javier Milei, que \u00abengrandece el problema\u00bb, ambos bajo el mando del ministro de Econom\u00eda, Luis Caputo. \u00abEl pa\u00eds no es viable\u00bb, sentenci\u00f3.<\/p>\n\n\n\n<p>Sitglitz, en una conferencia que ofreci\u00f3 durante el Festival Gabo en Colombia, propuso un modelo de \u00abcapitalismo progresista\u00bb, en el que el Estado tenga mecanismos de control sobre el poder financiero. En ese sentido, el Nobel de Econom\u00eda marc\u00f3 un patr\u00f3n entre Macri y Mieli para pronosticar una nueva crisis econ\u00f3mica. Record\u00f3 que durante la administraci\u00f3n Macri se acudi\u00f3 al FMI para conseguir un pr\u00e9stamo de 44 mil millones de d\u00f3lares para abrir la econom\u00eda, pero \u00ablos m\u00e1s ricos de Argentina sacaron el dinero, sin comprobar qu\u00e9 hicieron\u00bb, opin\u00f3 en declaraciones que public\u00f3 P\u00e1gina 12.<\/p>\n\n\n\n<p>El economista indic\u00f3 que la decisi\u00f3n del gobierno de Macri \u00abcambi\u00f3 el pa\u00eds\u00bb porque, aunque lleg\u00f3 con problemas en la econom\u00eda, gener\u00f3 un quiebre respecto de la deuda externa. \u00abNo hab\u00eda deuda y luego cuando se fue hubo una crisis de deuda, entonces, fue un muy mal manejo de mercados abiertos que los llev\u00f3 a la actual crisis\u00bb, apunt\u00f3 el economista estadounidense.<\/p>\n\n\n\n<p>El mal manejo de los mercados abiertos es punto relevante en la cr\u00edtica de Stiglitz ya que durante la gesti\u00f3n Macri esas decisiones tambi\u00e9n estuvieron en manos de Caputo, primero como secretario y luego como ministro de Finanzas. \u00abLo que acaba de ocurrir bajo la administraci\u00f3n de Milei engrandece el problema. No pudieron pagar los 44 mil millones y el FMI les ha prestado otros 20 mil millones, que tampoco van a ser capaces poder pagar\u00bb, advirti\u00f3 el economista.<\/p>\n\n\n\n<p>En su pron\u00f3stico, el premio Nobel invit\u00f3 a no mirar como un logro la baja de la inflaci\u00f3n y comprender que se est\u00e1 logrando a partir de una toma de deuda dif\u00edcil de afrontar: \u00abLa inflaci\u00f3n se ha reducido porque han sido capaces de mantener la tasa de cambio estable, sin que se caiga, y ha jugado un gran rol para sostener la inflaci\u00f3n, pero el pa\u00eds no es viable con m\u00e1s de 56 mil millones de d\u00f3lares en deuda. No podr\u00e1n pagar esto\u00bb, pronostic\u00f3.<\/p>\n\n\n\n<p>Las palabras de Stiglitz ocurrieron pocas horas despu\u00e9s de que Caputo anunciara que se alcanz\u00f3 la aprobaci\u00f3n de la revisi\u00f3n del nuevo acuerdo con el FMI, a pesar de no cumplir la meta de acumulaci\u00f3n de reservas. El ministro de Econom\u00eda dijo en el programa de stream oficialista Carajo que se firm\u00f3 \u00abun excelente acuerdo para el pa\u00eds\u00bb y confi\u00f3 en que \u00abva a ayudar, significativamente, a que el pa\u00eds pueda recuperar el acceso a los mercados para poder refinanciar la deuda\u00bb.<\/p>\n\n\n\n<p>Sobre la falta de acumulaci\u00f3n de reservas que era parte del nuevo acuerdo con el FMI, Caputo se excus\u00f3: \u00abEl problema es que, si uno no tiene acceso al mercado para refinanciar el capital, entonces esas reservas se van en pagos de deuda, que es lo que ha pasado en estos 18 meses\u00bb.<\/p>\n\n\n\n<p>Ante la expectativa de la administraci\u00f3n de Milei de alcanzar una baja en el riesgo pa\u00eds para regresar a los mercados internacionales a tomar deuda con tasas cercanas al 9 por ciento, Stiglitz consider\u00f3 que Argentina no podr\u00e1 pagar la deuda acumulada por las administraciones de las que fue y es parte Caputo y \u00aben unos a\u00f1os, veremos otra crisis. Aunque ahora las cifras se ven bien, en temas de inflaci\u00f3n, si analizamos d\u00f3nde est\u00e1 Argentina, est\u00e1 en puertas de otra crisis\u00bb.<\/p>\n","protected":false},"excerpt":{"rendered":"<p>El premio Nobel de Econom\u00eda, Joseph Stiglitz, opin\u00f3 sobre el futuro de la Argentina y fue contundente: \u00abEst\u00e1 a las puertas de otra crisis\u00bb. En una de las cr\u00edticas m\u00e1s fuertes, el economista estadounidense, entendi\u00f3 que no se debe mirar la baja de la inflaci\u00f3n como un \u00e9xito puesto que se estar\u00eda alcanzando a costa [&hellip;]<\/p>\n","protected":false},"author":4,"featured_media":3868,"comment_status":"open","ping_status":"open","sticky":false,"template":"","format":"standard","meta":{"footnotes":""},"categories":[22],"tags":[],"class_list":{"0":"post-3867","1":"post","2":"type-post","3":"status-publish","4":"format-standard","5":"has-post-thumbnail","7":"category-politica"},"yoast_head":"<!-- This site is optimized with the Yoast SEO plugin v27.4 - https:\/\/yoast.com\/product\/yoast-seo-wordpress\/ -->\n<title>Nobel de Econom\u00eda critic\u00f3 al ex presidente Macri y al actual, Javier Milei, por un endeudamiento \u201cimpagable\u201d - Diario del Sur<\/title>\n<meta name=\"robots\" content=\"index, follow, max-snippet:-1, max-image-preview:large, max-video-preview:-1\" \/>\n<link rel=\"canonical\" href=\"https:\/\/diariodelsurdigital.com.ar\/?p=3867\" \/>\n<meta property=\"og:locale\" content=\"es_ES\" \/>\n<meta property=\"og:type\" content=\"article\" \/>\n<meta property=\"og:title\" content=\"Nobel de Econom\u00eda critic\u00f3 al ex presidente Macri y al actual, Javier Milei, por un endeudamiento \u201cimpagable\u201d - Diario del Sur\" \/>\n<meta property=\"og:description\" content=\"El premio Nobel de Econom\u00eda, Joseph Stiglitz, opin\u00f3 sobre el futuro de la Argentina y fue contundente: \u00abEst\u00e1 a las puertas de otra crisis\u00bb. En una de las cr\u00edticas m\u00e1s fuertes, el economista estadounidense, entendi\u00f3 que no se debe mirar la baja de la inflaci\u00f3n como un \u00e9xito puesto que se estar\u00eda alcanzando a costa [&hellip;]\" \/>\n<meta property=\"og:url\" content=\"https:\/\/diariodelsurdigital.com.ar\/?p=3867\" \/>\n<meta property=\"og:site_name\" content=\"Diario del Sur\" \/>\n<meta property=\"article:published_time\" content=\"2025-07-29T12:57:21+00:00\" \/>\n<meta property=\"article:modified_time\" content=\"2025-07-29T12:57:22+00:00\" \/>\n<meta property=\"og:image\" content=\"https:\/\/diariodelsurdigital.com.ar\/wp-content\/uploads\/2025\/07\/md-38.webp\" \/>\n\t<meta property=\"og:image:width\" content=\"992\" \/>\n\t<meta property=\"og:image:height\" content=\"660\" \/>\n\t<meta property=\"og:image:type\" content=\"image\/webp\" \/>\n<meta name=\"author\" content=\"Diario del Sur Digital\" \/>\n<meta name=\"twitter:card\" content=\"summary_large_image\" \/>\n<meta name=\"twitter:label1\" content=\"Escrito por\" \/>\n\t<meta name=\"twitter:data1\" content=\"Diario del Sur Digital\" \/>\n\t<meta name=\"twitter:label2\" content=\"Tiempo de lectura\" \/>\n\t<meta name=\"twitter:data2\" content=\"4 minutos\" \/>\n<script type=\"application\/ld+json\" class=\"yoast-schema-graph\">{\"@context\":\"https:\\\/\\\/schema.org\",\"@graph\":[{\"@type\":\"Article\",\"@id\":\"https:\\\/\\\/diariodelsurdigital.com.ar\\\/?p=3867#article\",\"isPartOf\":{\"@id\":\"https:\\\/\\\/diariodelsurdigital.com.ar\\\/?p=3867\"},\"author\":{\"name\":\"Diario del Sur Digital\",\"@id\":\"https:\\\/\\\/diariodelsurdigital.com.ar\\\/#\\\/schema\\\/person\\\/1a4992532ed62965c968031b49195c81\"},\"headline\":\"Nobel de Econom\u00eda critic\u00f3 al ex presidente Macri y al actual, Javier Milei, por un endeudamiento \u201cimpagable\u201d\",\"datePublished\":\"2025-07-29T12:57:21+00:00\",\"dateModified\":\"2025-07-29T12:57:22+00:00\",\"mainEntityOfPage\":{\"@id\":\"https:\\\/\\\/diariodelsurdigital.com.ar\\\/?p=3867\"},\"wordCount\":756,\"commentCount\":0,\"image\":{\"@id\":\"https:\\\/\\\/diariodelsurdigital.com.ar\\\/?p=3867#primaryimage\"},\"thumbnailUrl\":\"https:\\\/\\\/diariodelsurdigital.com.ar\\\/wp-content\\\/uploads\\\/2025\\\/07\\\/md-38.webp\",\"articleSection\":[\"Pol\u00edtica\"],\"inLanguage\":\"es\",\"potentialAction\":[{\"@type\":\"CommentAction\",\"name\":\"Comment\",\"target\":[\"https:\\\/\\\/diariodelsurdigital.com.ar\\\/?p=3867#respond\"]}]},{\"@type\":\"WebPage\",\"@id\":\"https:\\\/\\\/diariodelsurdigital.com.ar\\\/?p=3867\",\"url\":\"https:\\\/\\\/diariodelsurdigital.com.ar\\\/?p=3867\",\"name\":\"Nobel de Econom\u00eda critic\u00f3 al ex presidente Macri y al actual, Javier Milei, por un endeudamiento \u201cimpagable\u201d - Diario del Sur\",\"isPartOf\":{\"@id\":\"https:\\\/\\\/diariodelsurdigital.com.ar\\\/#website\"},\"primaryImageOfPage\":{\"@id\":\"https:\\\/\\\/diariodelsurdigital.com.ar\\\/?p=3867#primaryimage\"},\"image\":{\"@id\":\"https:\\\/\\\/diariodelsurdigital.com.ar\\\/?p=3867#primaryimage\"},\"thumbnailUrl\":\"https:\\\/\\\/diariodelsurdigital.com.ar\\\/wp-content\\\/uploads\\\/2025\\\/07\\\/md-38.webp\",\"datePublished\":\"2025-07-29T12:57:21+00:00\",\"dateModified\":\"2025-07-29T12:57:22+00:00\",\"author\":{\"@id\":\"https:\\\/\\\/diariodelsurdigital.com.ar\\\/#\\\/schema\\\/person\\\/1a4992532ed62965c968031b49195c81\"},\"breadcrumb\":{\"@id\":\"https:\\\/\\\/diariodelsurdigital.com.ar\\\/?p=3867#breadcrumb\"},\"inLanguage\":\"es\",\"potentialAction\":[{\"@type\":\"ReadAction\",\"target\":[\"https:\\\/\\\/diariodelsurdigital.com.ar\\\/?p=3867\"]}]},{\"@type\":\"ImageObject\",\"inLanguage\":\"es\",\"@id\":\"https:\\\/\\\/diariodelsurdigital.com.ar\\\/?p=3867#primaryimage\",\"url\":\"https:\\\/\\\/diariodelsurdigital.com.ar\\\/wp-content\\\/uploads\\\/2025\\\/07\\\/md-38.webp\",\"contentUrl\":\"https:\\\/\\\/diariodelsurdigital.com.ar\\\/wp-content\\\/uploads\\\/2025\\\/07\\\/md-38.webp\",\"width\":992,\"height\":660},{\"@type\":\"BreadcrumbList\",\"@id\":\"https:\\\/\\\/diariodelsurdigital.com.ar\\\/?p=3867#breadcrumb\",\"itemListElement\":[{\"@type\":\"ListItem\",\"position\":1,\"name\":\"Portada\",\"item\":\"https:\\\/\\\/diariodelsurdigital.com.ar\\\/\"},{\"@type\":\"ListItem\",\"position\":2,\"name\":\"Nobel de Econom\u00eda critic\u00f3 al ex presidente Macri y al actual, Javier Milei, por un endeudamiento \u201cimpagable\u201d\"}]},{\"@type\":\"WebSite\",\"@id\":\"https:\\\/\\\/diariodelsurdigital.com.ar\\\/#website\",\"url\":\"https:\\\/\\\/diariodelsurdigital.com.ar\\\/\",\"name\":\"Diario del Sur\",\"description\":\"Digital\",\"potentialAction\":[{\"@type\":\"SearchAction\",\"target\":{\"@type\":\"EntryPoint\",\"urlTemplate\":\"https:\\\/\\\/diariodelsurdigital.com.ar\\\/?s={search_term_string}\"},\"query-input\":{\"@type\":\"PropertyValueSpecification\",\"valueRequired\":true,\"valueName\":\"search_term_string\"}}],\"inLanguage\":\"es\"},{\"@type\":\"Person\",\"@id\":\"https:\\\/\\\/diariodelsurdigital.com.ar\\\/#\\\/schema\\\/person\\\/1a4992532ed62965c968031b49195c81\",\"name\":\"Diario del Sur Digital\",\"image\":{\"@type\":\"ImageObject\",\"inLanguage\":\"es\",\"@id\":\"https:\\\/\\\/secure.gravatar.com\\\/avatar\\\/f0c7c47fc7146d19828273b9b8eda651c9c7ab583767e6338d3d3bee825adf76?s=96&d=mm&r=g\",\"url\":\"https:\\\/\\\/secure.gravatar.com\\\/avatar\\\/f0c7c47fc7146d19828273b9b8eda651c9c7ab583767e6338d3d3bee825adf76?s=96&d=mm&r=g\",\"contentUrl\":\"https:\\\/\\\/secure.gravatar.com\\\/avatar\\\/f0c7c47fc7146d19828273b9b8eda651c9c7ab583767e6338d3d3bee825adf76?s=96&d=mm&r=g\",\"caption\":\"Diario del Sur Digital\"},\"url\":\"https:\\\/\\\/diariodelsurdigital.com.ar\\\/?author=4\"}]}<\/script>\n<!-- \/ Yoast SEO plugin. -->","yoast_head_json":{"title":"Nobel de Econom\u00eda critic\u00f3 al ex presidente Macri y al actual, Javier Milei, por un endeudamiento \u201cimpagable\u201d - Diario del Sur","robots":{"index":"index","follow":"follow","max-snippet":"max-snippet:-1","max-image-preview":"max-image-preview:large","max-video-preview":"max-video-preview:-1"},"canonical":"https:\/\/diariodelsurdigital.com.ar\/?p=3867","og_locale":"es_ES","og_type":"article","og_title":"Nobel de Econom\u00eda critic\u00f3 al ex presidente Macri y al actual, Javier Milei, por un endeudamiento \u201cimpagable\u201d - Diario del Sur","og_description":"El premio Nobel de Econom\u00eda, Joseph Stiglitz, opin\u00f3 sobre el futuro de la Argentina y fue contundente: \u00abEst\u00e1 a las puertas de otra crisis\u00bb. En una de las cr\u00edticas m\u00e1s fuertes, el economista estadounidense, entendi\u00f3 que no se debe mirar la baja de la inflaci\u00f3n como un \u00e9xito puesto que se estar\u00eda alcanzando a costa [&hellip;]","og_url":"https:\/\/diariodelsurdigital.com.ar\/?p=3867","og_site_name":"Diario del Sur","article_published_time":"2025-07-29T12:57:21+00:00","article_modified_time":"2025-07-29T12:57:22+00:00","og_image":[{"width":992,"height":660,"url":"https:\/\/diariodelsurdigital.com.ar\/wp-content\/uploads\/2025\/07\/md-38.webp","type":"image\/webp"}],"author":"Diario del Sur Digital","twitter_card":"summary_large_image","twitter_misc":{"Escrito por":"Diario del Sur Digital","Tiempo de lectura":"4 minutos"},"schema":{"@context":"https:\/\/schema.org","@graph":[{"@type":"Article","@id":"https:\/\/diariodelsurdigital.com.ar\/?p=3867#article","isPartOf":{"@id":"https:\/\/diariodelsurdigital.com.ar\/?p=3867"},"author":{"name":"Diario del Sur Digital","@id":"https:\/\/diariodelsurdigital.com.ar\/#\/schema\/person\/1a4992532ed62965c968031b49195c81"},"headline":"Nobel de Econom\u00eda critic\u00f3 al ex presidente Macri y al actual, Javier Milei, por un endeudamiento \u201cimpagable\u201d","datePublished":"2025-07-29T12:57:21+00:00","dateModified":"2025-07-29T12:57:22+00:00","mainEntityOfPage":{"@id":"https:\/\/diariodelsurdigital.com.ar\/?p=3867"},"wordCount":756,"commentCount":0,"image":{"@id":"https:\/\/diariodelsurdigital.com.ar\/?p=3867#primaryimage"},"thumbnailUrl":"https:\/\/diariodelsurdigital.com.ar\/wp-content\/uploads\/2025\/07\/md-38.webp","articleSection":["Pol\u00edtica"],"inLanguage":"es","potentialAction":[{"@type":"CommentAction","name":"Comment","target":["https:\/\/diariodelsurdigital.com.ar\/?p=3867#respond"]}]},{"@type":"WebPage","@id":"https:\/\/diariodelsurdigital.com.ar\/?p=3867","url":"https:\/\/diariodelsurdigital.com.ar\/?p=3867","name":"Nobel de Econom\u00eda critic\u00f3 al ex presidente Macri y al actual, Javier Milei, por un endeudamiento \u201cimpagable\u201d - Diario del Sur","isPartOf":{"@id":"https:\/\/diariodelsurdigital.com.ar\/#website"},"primaryImageOfPage":{"@id":"https:\/\/diariodelsurdigital.com.ar\/?p=3867#primaryimage"},"image":{"@id":"https:\/\/diariodelsurdigital.com.ar\/?p=3867#primaryimage"},"thumbnailUrl":"https:\/\/diariodelsurdigital.com.ar\/wp-content\/uploads\/2025\/07\/md-38.webp","datePublished":"2025-07-29T12:57:21+00:00","dateModified":"2025-07-29T12:57:22+00:00","author":{"@id":"https:\/\/diariodelsurdigital.com.ar\/#\/schema\/person\/1a4992532ed62965c968031b49195c81"},"breadcrumb":{"@id":"https:\/\/diariodelsurdigital.com.ar\/?p=3867#breadcrumb"},"inLanguage":"es","potentialAction":[{"@type":"ReadAction","target":["https:\/\/diariodelsurdigital.com.ar\/?p=3867"]}]},{"@type":"ImageObject","inLanguage":"es","@id":"https:\/\/diariodelsurdigital.com.ar\/?p=3867#primaryimage","url":"https:\/\/diariodelsurdigital.com.ar\/wp-content\/uploads\/2025\/07\/md-38.webp","contentUrl":"https:\/\/diariodelsurdigital.com.ar\/wp-content\/uploads\/2025\/07\/md-38.webp","width":992,"height":660},{"@type":"BreadcrumbList","@id":"https:\/\/diariodelsurdigital.com.ar\/?p=3867#breadcrumb","itemListElement":[{"@type":"ListItem","position":1,"name":"Portada","item":"https:\/\/diariodelsurdigital.com.ar\/"},{"@type":"ListItem","position":2,"name":"Nobel de Econom\u00eda critic\u00f3 al ex presidente Macri y al actual, Javier Milei, por un endeudamiento \u201cimpagable\u201d"}]},{"@type":"WebSite","@id":"https:\/\/diariodelsurdigital.com.ar\/#website","url":"https:\/\/diariodelsurdigital.com.ar\/","name":"Diario del Sur","description":"Digital","potentialAction":[{"@type":"SearchAction","target":{"@type":"EntryPoint","urlTemplate":"https:\/\/diariodelsurdigital.com.ar\/?s={search_term_string}"},"query-input":{"@type":"PropertyValueSpecification","valueRequired":true,"valueName":"search_term_string"}}],"inLanguage":"es"},{"@type":"Person","@id":"https:\/\/diariodelsurdigital.com.ar\/#\/schema\/person\/1a4992532ed62965c968031b49195c81","name":"Diario del Sur Digital","image":{"@type":"ImageObject","inLanguage":"es","@id":"https:\/\/secure.gravatar.com\/avatar\/f0c7c47fc7146d19828273b9b8eda651c9c7ab583767e6338d3d3bee825adf76?s=96&d=mm&r=g","url":"https:\/\/secure.gravatar.com\/avatar\/f0c7c47fc7146d19828273b9b8eda651c9c7ab583767e6338d3d3bee825adf76?s=96&d=mm&r=g","contentUrl":"https:\/\/secure.gravatar.com\/avatar\/f0c7c47fc7146d19828273b9b8eda651c9c7ab583767e6338d3d3bee825adf76?s=96&d=mm&r=g","caption":"Diario del Sur Digital"},"url":"https:\/\/diariodelsurdigital.com.ar\/?author=4"}]}},"_links":{"self":[{"href":"https:\/\/diariodelsurdigital.com.ar\/index.php?rest_route=\/wp\/v2\/posts\/3867","targetHints":{"allow":["GET"]}}],"collection":[{"href":"https:\/\/diariodelsurdigital.com.ar\/index.php?rest_route=\/wp\/v2\/posts"}],"about":[{"href":"https:\/\/diariodelsurdigital.com.ar\/index.php?rest_route=\/wp\/v2\/types\/post"}],"author":[{"embeddable":true,"href":"https:\/\/diariodelsurdigital.com.ar\/index.php?rest_route=\/wp\/v2\/users\/4"}],"replies":[{"embeddable":true,"href":"https:\/\/diariodelsurdigital.com.ar\/index.php?rest_route=%2Fwp%2Fv2%2Fcomments&post=3867"}],"version-history":[{"count":1,"href":"https:\/\/diariodelsurdigital.com.ar\/index.php?rest_route=\/wp\/v2\/posts\/3867\/revisions"}],"predecessor-version":[{"id":3869,"href":"https:\/\/diariodelsurdigital.com.ar\/index.php?rest_route=\/wp\/v2\/posts\/3867\/revisions\/3869"}],"wp:featuredmedia":[{"embeddable":true,"href":"https:\/\/diariodelsurdigital.com.ar\/index.php?rest_route=\/wp\/v2\/media\/3868"}],"wp:attachment":[{"href":"https:\/\/diariodelsurdigital.com.ar\/index.php?rest_route=%2Fwp%2Fv2%2Fmedia&parent=3867"}],"wp:term":[{"taxonomy":"category","embeddable":true,"href":"https:\/\/diariodelsurdigital.com.ar\/index.php?rest_route=%2Fwp%2Fv2%2Fcategories&post=3867"},{"taxonomy":"post_tag","embeddable":true,"href":"https:\/\/diariodelsurdigital.com.ar\/index.php?rest_route=%2Fwp%2Fv2%2Ftags&post=3867"}],"curies":[{"name":"wp","href":"https:\/\/api.w.org\/{rel}","templated":true}]}}