{"id":3870,"date":"2025-07-29T09:59:18","date_gmt":"2025-07-29T12:59:18","guid":{"rendered":"https:\/\/diariodelsurdigital.com.ar\/?p=3870"},"modified":"2025-07-29T09:59:19","modified_gmt":"2025-07-29T12:59:19","slug":"murio-a-los-47-anos-alejandra-locomotora-oliveras-tras-haber-sufrido-un-acv","status":"publish","type":"post","link":"https:\/\/diariodelsurdigital.com.ar\/?p=3870","title":{"rendered":"Muri\u00f3 a los 47 a\u00f1os Alejandra \u201cLocomotora\u201d Oliveras, tras haber sufrido un ACV"},"content":{"rendered":"\n<p>La juje\u00f1a permanec\u00eda internada hace dos semanas en el hospital Jos\u00e9 Mar\u00eda Cullen de Santa Fe. Fue campeona en diferentes categor\u00edas del boxeo y se sum\u00f3 al Sal\u00f3n de la Fama del Boxeo Latinoamericano, convirti\u00e9ndose en la primera mujer argentina en recibir esa distinci\u00f3n. Adem\u00e1s hab\u00eda sido fue elegida en abril para que forme parte del debate y definici\u00f3n de la reforma de la Constituci\u00f3n de Santa Fe.<\/p>\n\n\n\n<p>La boxeadora Alejandra \u201cLocomotora\u201d Oliveras muri\u00f3 este lunes en el Hospital Jos\u00e9 Mar\u00eda Cullen en Santa Fe, a las 16, despu\u00e9s de haber sufrido un accidente cerebrovascular isqu\u00e9mico (AVC) y estar dos semanas internada. Desde su ingreso al nosocomio, su cuadro se hab\u00eda presentado como \u201ccr\u00edtico\u201d.<\/p>\n\n\n\n<p>La deportista de 47 a\u00f1os hab\u00eda ingresado por guardia al hospital santafesino donde se constat\u00f3 que \u201cpresentaba un s\u00edndrome confusional asociado a una p\u00e9rdida de movilidad en el lado izquierdo del cuerpo\u201d, motivo por el cual qued\u00f3 internada. Oliveras no ten\u00eda antecedentes de salud de consideraci\u00f3n, salvo una reciente operaci\u00f3n que no habr\u00eda generado complicaciones.<\/p>\n\n\n\n<p>En uno de los estudios realizados, se detect\u00f3 una obstrucci\u00f3n en una de las arterias que provoc\u00f3 este accidente cerebrovascular. Al no permitir la llegada de flujo sangu\u00edneo a una parte del cerebro es que se le produjo la isquemia. Oliveras iba a ser parte de la convenci\u00f3n constituyente de su provincia para modificar parte de la Carta Magna. Al momento de su fallecimiento, estuvo acompa\u00f1ada de sus hijos y familia.<\/p>\n\n\n\n<p>Oliveras naci\u00f3 el 20 de marzo de 1978 en El Carmen, Jujuy, pero se cri\u00f3 en C\u00f3rdoba. Creci\u00f3 en una familia de escasos recursos y comenz\u00f3 a trabajar desde muy joven. Fue madre a los 14 a\u00f1os y v\u00edctima de violencia de g\u00e9nero, lo que la llev\u00f3 a iniciarse en el boxeo como forma de defensa personal.<\/p>\n\n\n\n<p>Debut\u00f3 como boxeadora profesional el 12 de agosto de 2005 en General Levalle, C\u00f3rdoba, con una victoria por nocaut ante Mar\u00eda del Carmen Potenza. En mayo de 2006 alcanz\u00f3 reconocimiento internacional al consagrarse campeona mundial supergallo del Consejo Mundial de Boxeo (CMB) ante Jackie Nava en Tijuana, M\u00e9xico.<\/p>\n\n\n\n<p>Posteriormente, obtuvo otros cinco t\u00edtulos mundiales: fue campeona pluma de la Asociaci\u00f3n Mundial de Boxeo (AMB) en 2011 al derrotar a Liliana Palmera; campeona pluma de la Organizaci\u00f3n Mundial de Boxeo (OMB) en 2012 tras imponerse a Jessica Villafranca; y campeona superligero del CMB en 2013 al vencer a Lely Luz Fl\u00f3rez.<\/p>\n\n\n\n<p>Adem\u00e1s de su carrera deportiva, Oliveras se destac\u00f3 por su activismo en favor del boxeo femenino. Denunci\u00f3 p\u00fablicamente la desigualdad de condiciones entre hombres y mujeres en el deporte, especialmente en lo econ\u00f3mico, y cuestion\u00f3 el trato que reciben las boxeadoras profesionales. Fuera del ring, fund\u00f3 el \u201cTeam Locomotora\u201d en Santo Tom\u00e9, Santa Fe, donde ofrec\u00eda entrenamientos gratuitos para j\u00f3venes de bajos recursos. Durante la pandemia de Covid-19 organiz\u00f3 colectas de alimentos y asistencia social.<\/p>\n\n\n\n<p>En 2021 fue candidata a diputada nacional por la provincia de Santa Fe, representando al partido Unite. En abril de 2024 fue incorporada adem\u00e1s al Ministerio de Seguridad de la Naci\u00f3n, donde trabaj\u00f3 en el \u00e1rea de Seguridad en Eventos Deportivos. Ese mismo a\u00f1o se sum\u00f3 al Sal\u00f3n de la Fama del Boxeo Latinoamericano, convirti\u00e9ndose en la primera mujer argentina en recibir esa distinci\u00f3n.<\/p>\n","protected":false},"excerpt":{"rendered":"<p>La juje\u00f1a permanec\u00eda internada hace dos semanas en el hospital Jos\u00e9 Mar\u00eda Cullen de Santa Fe. Fue campeona en diferentes categor\u00edas del boxeo y se sum\u00f3 al Sal\u00f3n de la Fama del Boxeo Latinoamericano, convirti\u00e9ndose en la primera mujer argentina en recibir esa distinci\u00f3n. Adem\u00e1s hab\u00eda sido fue elegida en abril para que forme parte [&hellip;]<\/p>\n","protected":false},"author":4,"featured_media":3871,"comment_status":"open","ping_status":"open","sticky":false,"template":"","format":"standard","meta":{"footnotes":""},"categories":[19,18],"tags":[],"class_list":{"0":"post-3870","1":"post","2":"type-post","3":"status-publish","4":"format-standard","5":"has-post-thumbnail","7":"category-interes-general","8":"category-nacionales"},"yoast_head":"<!-- This site is optimized with the Yoast SEO plugin v27.4 - https:\/\/yoast.com\/product\/yoast-seo-wordpress\/ -->\n<title>Muri\u00f3 a los 47 a\u00f1os Alejandra \u201cLocomotora\u201d Oliveras, tras haber sufrido un ACV - Diario del Sur<\/title>\n<meta name=\"robots\" content=\"index, follow, max-snippet:-1, max-image-preview:large, max-video-preview:-1\" \/>\n<link rel=\"canonical\" href=\"https:\/\/diariodelsurdigital.com.ar\/?p=3870\" \/>\n<meta property=\"og:locale\" content=\"es_ES\" \/>\n<meta property=\"og:type\" content=\"article\" \/>\n<meta property=\"og:title\" content=\"Muri\u00f3 a los 47 a\u00f1os Alejandra \u201cLocomotora\u201d Oliveras, tras haber sufrido un ACV - Diario del Sur\" \/>\n<meta property=\"og:description\" content=\"La juje\u00f1a permanec\u00eda internada hace dos semanas en el hospital Jos\u00e9 Mar\u00eda Cullen de Santa Fe. Fue campeona en diferentes categor\u00edas del boxeo y se sum\u00f3 al Sal\u00f3n de la Fama del Boxeo Latinoamericano, convirti\u00e9ndose en la primera mujer argentina en recibir esa distinci\u00f3n. Adem\u00e1s hab\u00eda sido fue elegida en abril para que forme parte [&hellip;]\" \/>\n<meta property=\"og:url\" content=\"https:\/\/diariodelsurdigital.com.ar\/?p=3870\" \/>\n<meta property=\"og:site_name\" content=\"Diario del Sur\" \/>\n<meta property=\"article:published_time\" content=\"2025-07-29T12:59:18+00:00\" \/>\n<meta property=\"article:modified_time\" content=\"2025-07-29T12:59:19+00:00\" \/>\n<meta property=\"og:image\" content=\"https:\/\/diariodelsurdigital.com.ar\/wp-content\/uploads\/2025\/07\/md-39.webp\" \/>\n\t<meta property=\"og:image:width\" content=\"992\" \/>\n\t<meta property=\"og:image:height\" content=\"558\" \/>\n\t<meta property=\"og:image:type\" content=\"image\/webp\" \/>\n<meta name=\"author\" content=\"Diario del Sur Digital\" \/>\n<meta name=\"twitter:card\" content=\"summary_large_image\" \/>\n<meta name=\"twitter:label1\" content=\"Escrito por\" \/>\n\t<meta name=\"twitter:data1\" content=\"Diario del Sur Digital\" \/>\n\t<meta name=\"twitter:label2\" content=\"Tiempo de lectura\" \/>\n\t<meta name=\"twitter:data2\" content=\"3 minutos\" \/>\n<script type=\"application\/ld+json\" class=\"yoast-schema-graph\">{\"@context\":\"https:\\\/\\\/schema.org\",\"@graph\":[{\"@type\":\"Article\",\"@id\":\"https:\\\/\\\/diariodelsurdigital.com.ar\\\/?p=3870#article\",\"isPartOf\":{\"@id\":\"https:\\\/\\\/diariodelsurdigital.com.ar\\\/?p=3870\"},\"author\":{\"name\":\"Diario del Sur Digital\",\"@id\":\"https:\\\/\\\/diariodelsurdigital.com.ar\\\/#\\\/schema\\\/person\\\/1a4992532ed62965c968031b49195c81\"},\"headline\":\"Muri\u00f3 a los 47 a\u00f1os Alejandra \u201cLocomotora\u201d Oliveras, tras haber sufrido un ACV\",\"datePublished\":\"2025-07-29T12:59:18+00:00\",\"dateModified\":\"2025-07-29T12:59:19+00:00\",\"mainEntityOfPage\":{\"@id\":\"https:\\\/\\\/diariodelsurdigital.com.ar\\\/?p=3870\"},\"wordCount\":586,\"commentCount\":0,\"image\":{\"@id\":\"https:\\\/\\\/diariodelsurdigital.com.ar\\\/?p=3870#primaryimage\"},\"thumbnailUrl\":\"https:\\\/\\\/diariodelsurdigital.com.ar\\\/wp-content\\\/uploads\\\/2025\\\/07\\\/md-39.webp\",\"articleSection\":[\"Inter\u00e9s General\",\"Nacionales\"],\"inLanguage\":\"es\",\"potentialAction\":[{\"@type\":\"CommentAction\",\"name\":\"Comment\",\"target\":[\"https:\\\/\\\/diariodelsurdigital.com.ar\\\/?p=3870#respond\"]}]},{\"@type\":\"WebPage\",\"@id\":\"https:\\\/\\\/diariodelsurdigital.com.ar\\\/?p=3870\",\"url\":\"https:\\\/\\\/diariodelsurdigital.com.ar\\\/?p=3870\",\"name\":\"Muri\u00f3 a los 47 a\u00f1os Alejandra \u201cLocomotora\u201d Oliveras, tras haber sufrido un ACV - Diario del Sur\",\"isPartOf\":{\"@id\":\"https:\\\/\\\/diariodelsurdigital.com.ar\\\/#website\"},\"primaryImageOfPage\":{\"@id\":\"https:\\\/\\\/diariodelsurdigital.com.ar\\\/?p=3870#primaryimage\"},\"image\":{\"@id\":\"https:\\\/\\\/diariodelsurdigital.com.ar\\\/?p=3870#primaryimage\"},\"thumbnailUrl\":\"https:\\\/\\\/diariodelsurdigital.com.ar\\\/wp-content\\\/uploads\\\/2025\\\/07\\\/md-39.webp\",\"datePublished\":\"2025-07-29T12:59:18+00:00\",\"dateModified\":\"2025-07-29T12:59:19+00:00\",\"author\":{\"@id\":\"https:\\\/\\\/diariodelsurdigital.com.ar\\\/#\\\/schema\\\/person\\\/1a4992532ed62965c968031b49195c81\"},\"breadcrumb\":{\"@id\":\"https:\\\/\\\/diariodelsurdigital.com.ar\\\/?p=3870#breadcrumb\"},\"inLanguage\":\"es\",\"potentialAction\":[{\"@type\":\"ReadAction\",\"target\":[\"https:\\\/\\\/diariodelsurdigital.com.ar\\\/?p=3870\"]}]},{\"@type\":\"ImageObject\",\"inLanguage\":\"es\",\"@id\":\"https:\\\/\\\/diariodelsurdigital.com.ar\\\/?p=3870#primaryimage\",\"url\":\"https:\\\/\\\/diariodelsurdigital.com.ar\\\/wp-content\\\/uploads\\\/2025\\\/07\\\/md-39.webp\",\"contentUrl\":\"https:\\\/\\\/diariodelsurdigital.com.ar\\\/wp-content\\\/uploads\\\/2025\\\/07\\\/md-39.webp\",\"width\":992,\"height\":558},{\"@type\":\"BreadcrumbList\",\"@id\":\"https:\\\/\\\/diariodelsurdigital.com.ar\\\/?p=3870#breadcrumb\",\"itemListElement\":[{\"@type\":\"ListItem\",\"position\":1,\"name\":\"Portada\",\"item\":\"https:\\\/\\\/diariodelsurdigital.com.ar\\\/\"},{\"@type\":\"ListItem\",\"position\":2,\"name\":\"Muri\u00f3 a los 47 a\u00f1os Alejandra \u201cLocomotora\u201d Oliveras, tras haber sufrido un ACV\"}]},{\"@type\":\"WebSite\",\"@id\":\"https:\\\/\\\/diariodelsurdigital.com.ar\\\/#website\",\"url\":\"https:\\\/\\\/diariodelsurdigital.com.ar\\\/\",\"name\":\"Diario del Sur\",\"description\":\"Digital\",\"potentialAction\":[{\"@type\":\"SearchAction\",\"target\":{\"@type\":\"EntryPoint\",\"urlTemplate\":\"https:\\\/\\\/diariodelsurdigital.com.ar\\\/?s={search_term_string}\"},\"query-input\":{\"@type\":\"PropertyValueSpecification\",\"valueRequired\":true,\"valueName\":\"search_term_string\"}}],\"inLanguage\":\"es\"},{\"@type\":\"Person\",\"@id\":\"https:\\\/\\\/diariodelsurdigital.com.ar\\\/#\\\/schema\\\/person\\\/1a4992532ed62965c968031b49195c81\",\"name\":\"Diario del Sur Digital\",\"image\":{\"@type\":\"ImageObject\",\"inLanguage\":\"es\",\"@id\":\"https:\\\/\\\/secure.gravatar.com\\\/avatar\\\/f0c7c47fc7146d19828273b9b8eda651c9c7ab583767e6338d3d3bee825adf76?s=96&d=mm&r=g\",\"url\":\"https:\\\/\\\/secure.gravatar.com\\\/avatar\\\/f0c7c47fc7146d19828273b9b8eda651c9c7ab583767e6338d3d3bee825adf76?s=96&d=mm&r=g\",\"contentUrl\":\"https:\\\/\\\/secure.gravatar.com\\\/avatar\\\/f0c7c47fc7146d19828273b9b8eda651c9c7ab583767e6338d3d3bee825adf76?s=96&d=mm&r=g\",\"caption\":\"Diario del Sur Digital\"},\"url\":\"https:\\\/\\\/diariodelsurdigital.com.ar\\\/?author=4\"}]}<\/script>\n<!-- \/ Yoast SEO plugin. -->","yoast_head_json":{"title":"Muri\u00f3 a los 47 a\u00f1os Alejandra \u201cLocomotora\u201d Oliveras, tras haber sufrido un ACV - Diario del Sur","robots":{"index":"index","follow":"follow","max-snippet":"max-snippet:-1","max-image-preview":"max-image-preview:large","max-video-preview":"max-video-preview:-1"},"canonical":"https:\/\/diariodelsurdigital.com.ar\/?p=3870","og_locale":"es_ES","og_type":"article","og_title":"Muri\u00f3 a los 47 a\u00f1os Alejandra \u201cLocomotora\u201d Oliveras, tras haber sufrido un ACV - Diario del Sur","og_description":"La juje\u00f1a permanec\u00eda internada hace dos semanas en el hospital Jos\u00e9 Mar\u00eda Cullen de Santa Fe. Fue campeona en diferentes categor\u00edas del boxeo y se sum\u00f3 al Sal\u00f3n de la Fama del Boxeo Latinoamericano, convirti\u00e9ndose en la primera mujer argentina en recibir esa distinci\u00f3n. Adem\u00e1s hab\u00eda sido fue elegida en abril para que forme parte [&hellip;]","og_url":"https:\/\/diariodelsurdigital.com.ar\/?p=3870","og_site_name":"Diario del Sur","article_published_time":"2025-07-29T12:59:18+00:00","article_modified_time":"2025-07-29T12:59:19+00:00","og_image":[{"width":992,"height":558,"url":"https:\/\/diariodelsurdigital.com.ar\/wp-content\/uploads\/2025\/07\/md-39.webp","type":"image\/webp"}],"author":"Diario del Sur Digital","twitter_card":"summary_large_image","twitter_misc":{"Escrito por":"Diario del Sur Digital","Tiempo de lectura":"3 minutos"},"schema":{"@context":"https:\/\/schema.org","@graph":[{"@type":"Article","@id":"https:\/\/diariodelsurdigital.com.ar\/?p=3870#article","isPartOf":{"@id":"https:\/\/diariodelsurdigital.com.ar\/?p=3870"},"author":{"name":"Diario del Sur Digital","@id":"https:\/\/diariodelsurdigital.com.ar\/#\/schema\/person\/1a4992532ed62965c968031b49195c81"},"headline":"Muri\u00f3 a los 47 a\u00f1os Alejandra \u201cLocomotora\u201d Oliveras, tras haber sufrido un ACV","datePublished":"2025-07-29T12:59:18+00:00","dateModified":"2025-07-29T12:59:19+00:00","mainEntityOfPage":{"@id":"https:\/\/diariodelsurdigital.com.ar\/?p=3870"},"wordCount":586,"commentCount":0,"image":{"@id":"https:\/\/diariodelsurdigital.com.ar\/?p=3870#primaryimage"},"thumbnailUrl":"https:\/\/diariodelsurdigital.com.ar\/wp-content\/uploads\/2025\/07\/md-39.webp","articleSection":["Inter\u00e9s General","Nacionales"],"inLanguage":"es","potentialAction":[{"@type":"CommentAction","name":"Comment","target":["https:\/\/diariodelsurdigital.com.ar\/?p=3870#respond"]}]},{"@type":"WebPage","@id":"https:\/\/diariodelsurdigital.com.ar\/?p=3870","url":"https:\/\/diariodelsurdigital.com.ar\/?p=3870","name":"Muri\u00f3 a los 47 a\u00f1os Alejandra \u201cLocomotora\u201d Oliveras, tras haber sufrido un ACV - Diario del Sur","isPartOf":{"@id":"https:\/\/diariodelsurdigital.com.ar\/#website"},"primaryImageOfPage":{"@id":"https:\/\/diariodelsurdigital.com.ar\/?p=3870#primaryimage"},"image":{"@id":"https:\/\/diariodelsurdigital.com.ar\/?p=3870#primaryimage"},"thumbnailUrl":"https:\/\/diariodelsurdigital.com.ar\/wp-content\/uploads\/2025\/07\/md-39.webp","datePublished":"2025-07-29T12:59:18+00:00","dateModified":"2025-07-29T12:59:19+00:00","author":{"@id":"https:\/\/diariodelsurdigital.com.ar\/#\/schema\/person\/1a4992532ed62965c968031b49195c81"},"breadcrumb":{"@id":"https:\/\/diariodelsurdigital.com.ar\/?p=3870#breadcrumb"},"inLanguage":"es","potentialAction":[{"@type":"ReadAction","target":["https:\/\/diariodelsurdigital.com.ar\/?p=3870"]}]},{"@type":"ImageObject","inLanguage":"es","@id":"https:\/\/diariodelsurdigital.com.ar\/?p=3870#primaryimage","url":"https:\/\/diariodelsurdigital.com.ar\/wp-content\/uploads\/2025\/07\/md-39.webp","contentUrl":"https:\/\/diariodelsurdigital.com.ar\/wp-content\/uploads\/2025\/07\/md-39.webp","width":992,"height":558},{"@type":"BreadcrumbList","@id":"https:\/\/diariodelsurdigital.com.ar\/?p=3870#breadcrumb","itemListElement":[{"@type":"ListItem","position":1,"name":"Portada","item":"https:\/\/diariodelsurdigital.com.ar\/"},{"@type":"ListItem","position":2,"name":"Muri\u00f3 a los 47 a\u00f1os Alejandra \u201cLocomotora\u201d Oliveras, tras haber sufrido un ACV"}]},{"@type":"WebSite","@id":"https:\/\/diariodelsurdigital.com.ar\/#website","url":"https:\/\/diariodelsurdigital.com.ar\/","name":"Diario del Sur","description":"Digital","potentialAction":[{"@type":"SearchAction","target":{"@type":"EntryPoint","urlTemplate":"https:\/\/diariodelsurdigital.com.ar\/?s={search_term_string}"},"query-input":{"@type":"PropertyValueSpecification","valueRequired":true,"valueName":"search_term_string"}}],"inLanguage":"es"},{"@type":"Person","@id":"https:\/\/diariodelsurdigital.com.ar\/#\/schema\/person\/1a4992532ed62965c968031b49195c81","name":"Diario del Sur Digital","image":{"@type":"ImageObject","inLanguage":"es","@id":"https:\/\/secure.gravatar.com\/avatar\/f0c7c47fc7146d19828273b9b8eda651c9c7ab583767e6338d3d3bee825adf76?s=96&d=mm&r=g","url":"https:\/\/secure.gravatar.com\/avatar\/f0c7c47fc7146d19828273b9b8eda651c9c7ab583767e6338d3d3bee825adf76?s=96&d=mm&r=g","contentUrl":"https:\/\/secure.gravatar.com\/avatar\/f0c7c47fc7146d19828273b9b8eda651c9c7ab583767e6338d3d3bee825adf76?s=96&d=mm&r=g","caption":"Diario del Sur Digital"},"url":"https:\/\/diariodelsurdigital.com.ar\/?author=4"}]}},"_links":{"self":[{"href":"https:\/\/diariodelsurdigital.com.ar\/index.php?rest_route=\/wp\/v2\/posts\/3870","targetHints":{"allow":["GET"]}}],"collection":[{"href":"https:\/\/diariodelsurdigital.com.ar\/index.php?rest_route=\/wp\/v2\/posts"}],"about":[{"href":"https:\/\/diariodelsurdigital.com.ar\/index.php?rest_route=\/wp\/v2\/types\/post"}],"author":[{"embeddable":true,"href":"https:\/\/diariodelsurdigital.com.ar\/index.php?rest_route=\/wp\/v2\/users\/4"}],"replies":[{"embeddable":true,"href":"https:\/\/diariodelsurdigital.com.ar\/index.php?rest_route=%2Fwp%2Fv2%2Fcomments&post=3870"}],"version-history":[{"count":1,"href":"https:\/\/diariodelsurdigital.com.ar\/index.php?rest_route=\/wp\/v2\/posts\/3870\/revisions"}],"predecessor-version":[{"id":3872,"href":"https:\/\/diariodelsurdigital.com.ar\/index.php?rest_route=\/wp\/v2\/posts\/3870\/revisions\/3872"}],"wp:featuredmedia":[{"embeddable":true,"href":"https:\/\/diariodelsurdigital.com.ar\/index.php?rest_route=\/wp\/v2\/media\/3871"}],"wp:attachment":[{"href":"https:\/\/diariodelsurdigital.com.ar\/index.php?rest_route=%2Fwp%2Fv2%2Fmedia&parent=3870"}],"wp:term":[{"taxonomy":"category","embeddable":true,"href":"https:\/\/diariodelsurdigital.com.ar\/index.php?rest_route=%2Fwp%2Fv2%2Fcategories&post=3870"},{"taxonomy":"post_tag","embeddable":true,"href":"https:\/\/diariodelsurdigital.com.ar\/index.php?rest_route=%2Fwp%2Fv2%2Ftags&post=3870"}],"curies":[{"name":"wp","href":"https:\/\/api.w.org\/{rel}","templated":true}]}}