{"id":3873,"date":"2025-07-29T22:12:26","date_gmt":"2025-07-30T01:12:26","guid":{"rendered":"https:\/\/diariodelsurdigital.com.ar\/?p=3873"},"modified":"2025-07-29T22:12:27","modified_gmt":"2025-07-30T01:12:27","slug":"trabajadores-de-cafesg-se-encuentran-en-estado-permanente-de-asamblea","status":"publish","type":"post","link":"https:\/\/diariodelsurdigital.com.ar\/?p=3873","title":{"rendered":"Trabajadores de CAFESG se encuentran en estado permanente de asamblea"},"content":{"rendered":"\n<h1 class=\"wp-block-heading\"><\/h1>\n\n\n\n<h2 class=\"wp-block-heading\">Aunque no est\u00e1n formalmente realizando medidas de fuerza, sostienen que est\u00e1n en estado permanente de asamblea y siguiendo el tema.<\/h2>\n\n\n\n<p> <\/p>\n\n\n\n<p>Los trabajadores de la Comisi\u00f3n Administradora de los Fondos Especiales de Salto Grande (CAFESG) insisten acerca sobre la incertidumbre que est\u00e1n viviendo en cuanto a la situaci\u00f3n laboral.<\/p>\n\n\n\n<p>Ya hab\u00edan advertido sobre lo que oficialmente se denomina proceso de \u00abreestructuraci\u00f3n de personal\u201d y aunque afirman tener buen di\u00e1logo con las autoridades locales, denuncian que las decisiones se toman en Paran\u00e1, con gente no que no conoce la realidad del organismo.<\/p>\n\n\n\n<h3 class=\"wp-block-heading\">Puestos de trabajo<\/h3>\n\n\n\n<p>Al respecto, Alexis Lambert &#8211; referente de los trabajadores &#8211; expres\u00f3 que \u00abnosotros venimos con mucha incertidumbre, algo que venimos acarreando desde hace un mont\u00f3n de a\u00f1os, porque nosotros venimos con un estado de precarizaci\u00f3n bastante importante\u00bb.<\/p>\n\n\n\n<p>En di\u00e1logo con\u00a0<em>Diario R\u00edo Uruguay<\/em>, record\u00f3 que \u00abconseguimos planta permanente en el 2023, pero esa planta no alcanz\u00f3 a la totalidad personal y con esta nueva gesti\u00f3n del gobierno provincial hemos sufrido despidos bastante intempestivos, sin preaviso e injustificados\u00bb.<\/p>\n\n\n\n<p>Lambert puso el eje en que, con esa suma de situaciones, en la actualidad los empleados viven \u00abcon la imprevisibilidad de no saber si vas a cobrar al mes siguiente, o si a la semana siguiente vas a seguir trabajando y esto que estoy hablando es para gente con m\u00e1s de 15 a\u00f1os en la instituci\u00f3n\u00bb.<\/p>\n\n\n\n<h3 class=\"wp-block-heading\">Personal<\/h3>\n\n\n\n<p>El portavoz de los trabajadores explic\u00f3 que en CAFESG &#8211; desde 2023 hasta lo que va de 2025 &#8211; \u00abtenemos casi 30 compa\u00f1eros menos, para que tengan una idea de c\u00f3mo se viene reduciendo el personal\u00bb.<\/p>\n\n\n\n<p>En ese contexto, aclar\u00f3 que \u00abno todos esos son echados porque nosotros hemos tenido bajas por gente que ha fallecido, tenemos otras personas que se han jubilado, pero s\u00ed podemos hablar que a m\u00e1s de diez personas no se les ha renovado el contrato\u00bb.<\/p>\n\n\n\n<p>Seg\u00fan Lambert, \u00ablo que s\u00ed se est\u00e1 dando ahora, que no se daba en otras gestiones, es que directamente te dicen de un d\u00eda para otro no vengas m\u00e1s a trabajar y eso es lo que g\u00e9nero un malestar tremendo\u00bb.<\/p>\n\n\n\n<p>En efecto, \u00abimaginate si ten\u00e9s una familia, que de un d\u00eda para otro &#8211; teniendo m\u00e1s de 15 a\u00f1os de antig\u00fcedad en la instituci\u00f3n &#8211; se te diga no vengas m\u00e1s, con todo lo que eso conlleva\u00bb, expres\u00f3.<\/p>\n\n\n\n<h3 class=\"wp-block-heading\">Situaciones injustas<\/h3>\n\n\n\n<p>Por \u00faltimo, Lambert apunt\u00f3 que encima se est\u00e1n dando nuevos nombramientos o contratos. \u00abNosotros entendemos la posibilidad que tiene cada directorio de contratar a nuevos personal y se est\u00e1 dando, porque a diario vemos como entran nuevas personas a trabajar\u00bb, puntualiz\u00f3.<\/p>\n\n\n\n<p>Sin embargo, aclar\u00f3 que \u00abeso para nada nos molestar\u00eda, siempre y cuando no se deje sin trabajo a las personas y a los trabajadores que lo vienen haciendo desde hace muchos a\u00f1os\u00bb.<\/p>\n\n\n\n<p>En efecto, subray\u00f3, \u00abnos parece una buena opci\u00f3n generar puestos de trabajo pero no en detrimento de personas que tienen tantos a\u00f1os en la instituci\u00f3n y que tranquilamente pueden hacer la tarea para la cual se est\u00e1 contratando, nosotros estamos capacitados para hacer las tareas que la comisi\u00f3n necesita, tenemos muchos a\u00f1os de experiencia, podemos responder r\u00e1pidamente al proyecto que se nos asigne, la mayor\u00eda somos profesionales y no tenemos inconveniente, estamos a disposici\u00f3n permanentemente del directorio y de los proyectos que quiera encarar con tal de mantener nuestras fuentes de trabajo\u00bb.<\/p>\n\n\n\n<p>El portavoz dijo que los trabajadores \u00abtenemos contacto y di\u00e1logo con el presidente, Carlos Cecco, en eso no tenemos inconveniente, el tema es que hay cosas que no decide el directorio entonces, hay gente, hay una contadora o una persona en la Secretar\u00eda de Hacienda de la Provincia que se toma las atribuciones de semanalmente pedir el listado de personal, sin conocer la funci\u00f3n que esa persona cumple\u00bb.<\/p>\n\n\n\n<p>Seg\u00fan Lambert \u00abdesde el gobierno provincial se piden listados de personal cuando nosotros somos un ente aut\u00f3nomo, que se autofinancia, los sueldos nuestros no salen de las arcas directas de la provincia, sino que vienen con los fondos excedentes de Salto Grande, entonces eso tambi\u00e9n cae mal en el personal\u00bb.<\/p>\n\n\n\n<p>Fuente: Diario R\u00edo Uruguay<\/p>\n","protected":false},"excerpt":{"rendered":"<p>Aunque no est\u00e1n formalmente realizando medidas de fuerza, sostienen que est\u00e1n en estado permanente de asamblea y siguiendo el tema. Los trabajadores de la Comisi\u00f3n Administradora de los Fondos Especiales de Salto Grande (CAFESG) insisten acerca sobre la incertidumbre que est\u00e1n viviendo en cuanto a la situaci\u00f3n laboral. Ya hab\u00edan advertido sobre lo que oficialmente [&hellip;]<\/p>\n","protected":false},"author":2,"featured_media":3874,"comment_status":"open","ping_status":"open","sticky":false,"template":"","format":"standard","meta":{"footnotes":""},"categories":[16],"tags":[],"class_list":{"0":"post-3873","1":"post","2":"type-post","3":"status-publish","4":"format-standard","5":"has-post-thumbnail","7":"category-locales"},"yoast_head":"<!-- This site is optimized with the Yoast SEO plugin v27.4 - https:\/\/yoast.com\/product\/yoast-seo-wordpress\/ -->\n<title>Trabajadores de CAFESG se encuentran en estado permanente de asamblea - Diario del Sur<\/title>\n<meta name=\"robots\" content=\"index, follow, max-snippet:-1, max-image-preview:large, max-video-preview:-1\" \/>\n<link rel=\"canonical\" href=\"https:\/\/diariodelsurdigital.com.ar\/?p=3873\" \/>\n<meta property=\"og:locale\" content=\"es_ES\" \/>\n<meta property=\"og:type\" content=\"article\" \/>\n<meta property=\"og:title\" content=\"Trabajadores de CAFESG se encuentran en estado permanente de asamblea - Diario del Sur\" \/>\n<meta property=\"og:description\" content=\"Aunque no est\u00e1n formalmente realizando medidas de fuerza, sostienen que est\u00e1n en estado permanente de asamblea y siguiendo el tema. Los trabajadores de la Comisi\u00f3n Administradora de los Fondos Especiales de Salto Grande (CAFESG) insisten acerca sobre la incertidumbre que est\u00e1n viviendo en cuanto a la situaci\u00f3n laboral. Ya hab\u00edan advertido sobre lo que oficialmente [&hellip;]\" \/>\n<meta property=\"og:url\" content=\"https:\/\/diariodelsurdigital.com.ar\/?p=3873\" \/>\n<meta property=\"og:site_name\" content=\"Diario del Sur\" \/>\n<meta property=\"article:published_time\" content=\"2025-07-30T01:12:26+00:00\" \/>\n<meta property=\"article:modified_time\" content=\"2025-07-30T01:12:27+00:00\" \/>\n<meta property=\"og:image\" content=\"https:\/\/diariodelsurdigital.com.ar\/wp-content\/uploads\/2025\/07\/l_1678282036.jpg\" \/>\n\t<meta property=\"og:image:width\" content=\"439\" \/>\n\t<meta property=\"og:image:height\" content=\"292\" \/>\n\t<meta property=\"og:image:type\" content=\"image\/jpeg\" \/>\n<meta name=\"author\" content=\"Diario del Sur Digital\" \/>\n<meta name=\"twitter:card\" content=\"summary_large_image\" \/>\n<meta name=\"twitter:label1\" content=\"Escrito por\" \/>\n\t<meta name=\"twitter:data1\" content=\"Diario del Sur Digital\" \/>\n\t<meta name=\"twitter:label2\" content=\"Tiempo de lectura\" \/>\n\t<meta name=\"twitter:data2\" content=\"4 minutos\" \/>\n<script type=\"application\/ld+json\" class=\"yoast-schema-graph\">{\"@context\":\"https:\\\/\\\/schema.org\",\"@graph\":[{\"@type\":\"Article\",\"@id\":\"https:\\\/\\\/diariodelsurdigital.com.ar\\\/?p=3873#article\",\"isPartOf\":{\"@id\":\"https:\\\/\\\/diariodelsurdigital.com.ar\\\/?p=3873\"},\"author\":{\"name\":\"Diario del Sur Digital\",\"@id\":\"https:\\\/\\\/diariodelsurdigital.com.ar\\\/#\\\/schema\\\/person\\\/6136a32571657f7dba980b88b04c5465\"},\"headline\":\"Trabajadores de CAFESG se encuentran en estado permanente de asamblea\",\"datePublished\":\"2025-07-30T01:12:26+00:00\",\"dateModified\":\"2025-07-30T01:12:27+00:00\",\"mainEntityOfPage\":{\"@id\":\"https:\\\/\\\/diariodelsurdigital.com.ar\\\/?p=3873\"},\"wordCount\":727,\"commentCount\":0,\"image\":{\"@id\":\"https:\\\/\\\/diariodelsurdigital.com.ar\\\/?p=3873#primaryimage\"},\"thumbnailUrl\":\"https:\\\/\\\/diariodelsurdigital.com.ar\\\/wp-content\\\/uploads\\\/2025\\\/07\\\/l_1678282036.jpg\",\"articleSection\":[\"Locales\"],\"inLanguage\":\"es\",\"potentialAction\":[{\"@type\":\"CommentAction\",\"name\":\"Comment\",\"target\":[\"https:\\\/\\\/diariodelsurdigital.com.ar\\\/?p=3873#respond\"]}]},{\"@type\":\"WebPage\",\"@id\":\"https:\\\/\\\/diariodelsurdigital.com.ar\\\/?p=3873\",\"url\":\"https:\\\/\\\/diariodelsurdigital.com.ar\\\/?p=3873\",\"name\":\"Trabajadores de CAFESG se encuentran en estado permanente de asamblea - Diario del Sur\",\"isPartOf\":{\"@id\":\"https:\\\/\\\/diariodelsurdigital.com.ar\\\/#website\"},\"primaryImageOfPage\":{\"@id\":\"https:\\\/\\\/diariodelsurdigital.com.ar\\\/?p=3873#primaryimage\"},\"image\":{\"@id\":\"https:\\\/\\\/diariodelsurdigital.com.ar\\\/?p=3873#primaryimage\"},\"thumbnailUrl\":\"https:\\\/\\\/diariodelsurdigital.com.ar\\\/wp-content\\\/uploads\\\/2025\\\/07\\\/l_1678282036.jpg\",\"datePublished\":\"2025-07-30T01:12:26+00:00\",\"dateModified\":\"2025-07-30T01:12:27+00:00\",\"author\":{\"@id\":\"https:\\\/\\\/diariodelsurdigital.com.ar\\\/#\\\/schema\\\/person\\\/6136a32571657f7dba980b88b04c5465\"},\"breadcrumb\":{\"@id\":\"https:\\\/\\\/diariodelsurdigital.com.ar\\\/?p=3873#breadcrumb\"},\"inLanguage\":\"es\",\"potentialAction\":[{\"@type\":\"ReadAction\",\"target\":[\"https:\\\/\\\/diariodelsurdigital.com.ar\\\/?p=3873\"]}]},{\"@type\":\"ImageObject\",\"inLanguage\":\"es\",\"@id\":\"https:\\\/\\\/diariodelsurdigital.com.ar\\\/?p=3873#primaryimage\",\"url\":\"https:\\\/\\\/diariodelsurdigital.com.ar\\\/wp-content\\\/uploads\\\/2025\\\/07\\\/l_1678282036.jpg\",\"contentUrl\":\"https:\\\/\\\/diariodelsurdigital.com.ar\\\/wp-content\\\/uploads\\\/2025\\\/07\\\/l_1678282036.jpg\",\"width\":439,\"height\":292},{\"@type\":\"BreadcrumbList\",\"@id\":\"https:\\\/\\\/diariodelsurdigital.com.ar\\\/?p=3873#breadcrumb\",\"itemListElement\":[{\"@type\":\"ListItem\",\"position\":1,\"name\":\"Portada\",\"item\":\"https:\\\/\\\/diariodelsurdigital.com.ar\\\/\"},{\"@type\":\"ListItem\",\"position\":2,\"name\":\"Trabajadores de CAFESG se encuentran en estado permanente de asamblea\"}]},{\"@type\":\"WebSite\",\"@id\":\"https:\\\/\\\/diariodelsurdigital.com.ar\\\/#website\",\"url\":\"https:\\\/\\\/diariodelsurdigital.com.ar\\\/\",\"name\":\"Diario del Sur\",\"description\":\"Digital\",\"potentialAction\":[{\"@type\":\"SearchAction\",\"target\":{\"@type\":\"EntryPoint\",\"urlTemplate\":\"https:\\\/\\\/diariodelsurdigital.com.ar\\\/?s={search_term_string}\"},\"query-input\":{\"@type\":\"PropertyValueSpecification\",\"valueRequired\":true,\"valueName\":\"search_term_string\"}}],\"inLanguage\":\"es\"},{\"@type\":\"Person\",\"@id\":\"https:\\\/\\\/diariodelsurdigital.com.ar\\\/#\\\/schema\\\/person\\\/6136a32571657f7dba980b88b04c5465\",\"name\":\"Diario del Sur Digital\",\"image\":{\"@type\":\"ImageObject\",\"inLanguage\":\"es\",\"@id\":\"https:\\\/\\\/secure.gravatar.com\\\/avatar\\\/4c29ceac98541dd42460b2474aaa5dd37594d6ce6cb3cf2c101d09b48ee287ba?s=96&d=mm&r=g\",\"url\":\"https:\\\/\\\/secure.gravatar.com\\\/avatar\\\/4c29ceac98541dd42460b2474aaa5dd37594d6ce6cb3cf2c101d09b48ee287ba?s=96&d=mm&r=g\",\"contentUrl\":\"https:\\\/\\\/secure.gravatar.com\\\/avatar\\\/4c29ceac98541dd42460b2474aaa5dd37594d6ce6cb3cf2c101d09b48ee287ba?s=96&d=mm&r=g\",\"caption\":\"Diario del Sur Digital\"},\"url\":\"https:\\\/\\\/diariodelsurdigital.com.ar\\\/?author=2\"}]}<\/script>\n<!-- \/ Yoast SEO plugin. -->","yoast_head_json":{"title":"Trabajadores de CAFESG se encuentran en estado permanente de asamblea - Diario del Sur","robots":{"index":"index","follow":"follow","max-snippet":"max-snippet:-1","max-image-preview":"max-image-preview:large","max-video-preview":"max-video-preview:-1"},"canonical":"https:\/\/diariodelsurdigital.com.ar\/?p=3873","og_locale":"es_ES","og_type":"article","og_title":"Trabajadores de CAFESG se encuentran en estado permanente de asamblea - Diario del Sur","og_description":"Aunque no est\u00e1n formalmente realizando medidas de fuerza, sostienen que est\u00e1n en estado permanente de asamblea y siguiendo el tema. Los trabajadores de la Comisi\u00f3n Administradora de los Fondos Especiales de Salto Grande (CAFESG) insisten acerca sobre la incertidumbre que est\u00e1n viviendo en cuanto a la situaci\u00f3n laboral. Ya hab\u00edan advertido sobre lo que oficialmente [&hellip;]","og_url":"https:\/\/diariodelsurdigital.com.ar\/?p=3873","og_site_name":"Diario del Sur","article_published_time":"2025-07-30T01:12:26+00:00","article_modified_time":"2025-07-30T01:12:27+00:00","og_image":[{"width":439,"height":292,"url":"https:\/\/diariodelsurdigital.com.ar\/wp-content\/uploads\/2025\/07\/l_1678282036.jpg","type":"image\/jpeg"}],"author":"Diario del Sur Digital","twitter_card":"summary_large_image","twitter_misc":{"Escrito por":"Diario del Sur Digital","Tiempo de lectura":"4 minutos"},"schema":{"@context":"https:\/\/schema.org","@graph":[{"@type":"Article","@id":"https:\/\/diariodelsurdigital.com.ar\/?p=3873#article","isPartOf":{"@id":"https:\/\/diariodelsurdigital.com.ar\/?p=3873"},"author":{"name":"Diario del Sur Digital","@id":"https:\/\/diariodelsurdigital.com.ar\/#\/schema\/person\/6136a32571657f7dba980b88b04c5465"},"headline":"Trabajadores de CAFESG se encuentran en estado permanente de asamblea","datePublished":"2025-07-30T01:12:26+00:00","dateModified":"2025-07-30T01:12:27+00:00","mainEntityOfPage":{"@id":"https:\/\/diariodelsurdigital.com.ar\/?p=3873"},"wordCount":727,"commentCount":0,"image":{"@id":"https:\/\/diariodelsurdigital.com.ar\/?p=3873#primaryimage"},"thumbnailUrl":"https:\/\/diariodelsurdigital.com.ar\/wp-content\/uploads\/2025\/07\/l_1678282036.jpg","articleSection":["Locales"],"inLanguage":"es","potentialAction":[{"@type":"CommentAction","name":"Comment","target":["https:\/\/diariodelsurdigital.com.ar\/?p=3873#respond"]}]},{"@type":"WebPage","@id":"https:\/\/diariodelsurdigital.com.ar\/?p=3873","url":"https:\/\/diariodelsurdigital.com.ar\/?p=3873","name":"Trabajadores de CAFESG se encuentran en estado permanente de asamblea - Diario del Sur","isPartOf":{"@id":"https:\/\/diariodelsurdigital.com.ar\/#website"},"primaryImageOfPage":{"@id":"https:\/\/diariodelsurdigital.com.ar\/?p=3873#primaryimage"},"image":{"@id":"https:\/\/diariodelsurdigital.com.ar\/?p=3873#primaryimage"},"thumbnailUrl":"https:\/\/diariodelsurdigital.com.ar\/wp-content\/uploads\/2025\/07\/l_1678282036.jpg","datePublished":"2025-07-30T01:12:26+00:00","dateModified":"2025-07-30T01:12:27+00:00","author":{"@id":"https:\/\/diariodelsurdigital.com.ar\/#\/schema\/person\/6136a32571657f7dba980b88b04c5465"},"breadcrumb":{"@id":"https:\/\/diariodelsurdigital.com.ar\/?p=3873#breadcrumb"},"inLanguage":"es","potentialAction":[{"@type":"ReadAction","target":["https:\/\/diariodelsurdigital.com.ar\/?p=3873"]}]},{"@type":"ImageObject","inLanguage":"es","@id":"https:\/\/diariodelsurdigital.com.ar\/?p=3873#primaryimage","url":"https:\/\/diariodelsurdigital.com.ar\/wp-content\/uploads\/2025\/07\/l_1678282036.jpg","contentUrl":"https:\/\/diariodelsurdigital.com.ar\/wp-content\/uploads\/2025\/07\/l_1678282036.jpg","width":439,"height":292},{"@type":"BreadcrumbList","@id":"https:\/\/diariodelsurdigital.com.ar\/?p=3873#breadcrumb","itemListElement":[{"@type":"ListItem","position":1,"name":"Portada","item":"https:\/\/diariodelsurdigital.com.ar\/"},{"@type":"ListItem","position":2,"name":"Trabajadores de CAFESG se encuentran en estado permanente de asamblea"}]},{"@type":"WebSite","@id":"https:\/\/diariodelsurdigital.com.ar\/#website","url":"https:\/\/diariodelsurdigital.com.ar\/","name":"Diario del Sur","description":"Digital","potentialAction":[{"@type":"SearchAction","target":{"@type":"EntryPoint","urlTemplate":"https:\/\/diariodelsurdigital.com.ar\/?s={search_term_string}"},"query-input":{"@type":"PropertyValueSpecification","valueRequired":true,"valueName":"search_term_string"}}],"inLanguage":"es"},{"@type":"Person","@id":"https:\/\/diariodelsurdigital.com.ar\/#\/schema\/person\/6136a32571657f7dba980b88b04c5465","name":"Diario del Sur Digital","image":{"@type":"ImageObject","inLanguage":"es","@id":"https:\/\/secure.gravatar.com\/avatar\/4c29ceac98541dd42460b2474aaa5dd37594d6ce6cb3cf2c101d09b48ee287ba?s=96&d=mm&r=g","url":"https:\/\/secure.gravatar.com\/avatar\/4c29ceac98541dd42460b2474aaa5dd37594d6ce6cb3cf2c101d09b48ee287ba?s=96&d=mm&r=g","contentUrl":"https:\/\/secure.gravatar.com\/avatar\/4c29ceac98541dd42460b2474aaa5dd37594d6ce6cb3cf2c101d09b48ee287ba?s=96&d=mm&r=g","caption":"Diario del Sur Digital"},"url":"https:\/\/diariodelsurdigital.com.ar\/?author=2"}]}},"_links":{"self":[{"href":"https:\/\/diariodelsurdigital.com.ar\/index.php?rest_route=\/wp\/v2\/posts\/3873","targetHints":{"allow":["GET"]}}],"collection":[{"href":"https:\/\/diariodelsurdigital.com.ar\/index.php?rest_route=\/wp\/v2\/posts"}],"about":[{"href":"https:\/\/diariodelsurdigital.com.ar\/index.php?rest_route=\/wp\/v2\/types\/post"}],"author":[{"embeddable":true,"href":"https:\/\/diariodelsurdigital.com.ar\/index.php?rest_route=\/wp\/v2\/users\/2"}],"replies":[{"embeddable":true,"href":"https:\/\/diariodelsurdigital.com.ar\/index.php?rest_route=%2Fwp%2Fv2%2Fcomments&post=3873"}],"version-history":[{"count":1,"href":"https:\/\/diariodelsurdigital.com.ar\/index.php?rest_route=\/wp\/v2\/posts\/3873\/revisions"}],"predecessor-version":[{"id":3875,"href":"https:\/\/diariodelsurdigital.com.ar\/index.php?rest_route=\/wp\/v2\/posts\/3873\/revisions\/3875"}],"wp:featuredmedia":[{"embeddable":true,"href":"https:\/\/diariodelsurdigital.com.ar\/index.php?rest_route=\/wp\/v2\/media\/3874"}],"wp:attachment":[{"href":"https:\/\/diariodelsurdigital.com.ar\/index.php?rest_route=%2Fwp%2Fv2%2Fmedia&parent=3873"}],"wp:term":[{"taxonomy":"category","embeddable":true,"href":"https:\/\/diariodelsurdigital.com.ar\/index.php?rest_route=%2Fwp%2Fv2%2Fcategories&post=3873"},{"taxonomy":"post_tag","embeddable":true,"href":"https:\/\/diariodelsurdigital.com.ar\/index.php?rest_route=%2Fwp%2Fv2%2Ftags&post=3873"}],"curies":[{"name":"wp","href":"https:\/\/api.w.org\/{rel}","templated":true}]}}